{"id":69032,"date":"2016-10-08T18:14:53","date_gmt":"2016-10-08T16:14:53","guid":{"rendered":"https:\/\/dev.president-ksgov.net\/thaci-in-vienna-without-the-balkans-europe-is-not-complete\/"},"modified":"2023-03-07T09:49:54","modified_gmt":"2023-03-07T09:49:54","slug":"thaci-in-vienna-without-the-balkans-europe-is-not-complete","status":"publish","type":"post","link":"https:\/\/president-ksgov.net\/en\/thaci-in-vienna-without-the-balkans-europe-is-not-complete\/","title":{"rendered":"Tha\u00e7i in Vienna: Without the Balkans, Europe is not complete"},"content":{"rendered":"<p>Vienna, October 08, 2016 &#8211; The President of the Republic of Kosovo, Hashim Tha\u00e7i has participated in the Pan-European Movement Congress, where, together with the President of Albania, Bujar Nishani and the President of Macedonia, Gjorge Ivanov they have spoken on a panel about the European perspective of the Western Balkans.<\/p>\n<p>In front of many state representatives, diplomats and representatives of the public life of Austria, President Tha\u00e7i said that these discussions are a source of inspiration of our efforts, dreams and dedication to be fully part of the European future.<br \/>\n\u00a0<br \/>\n&#8220;Not just geographically, but sharing the values that define our continent. Looking back, we see that EU enlargement has been one of the most successful policies ever of the EU. It has transformed societies and countries and made them free, democratic, prosperous and at peace&#8221;, he added.<br \/>\n\u00a0<br \/>\nAccording to Tha\u00e7i, these are the elements that promote our dedication to achieve and to make deep reforms in all aspects of governance.<br \/>\n\u00a0<br \/>\nHe added that this is the reason why we sometimes push the processes that are perceived as difficult or that don&#8217;t necessarily enjoy popular support, but that are in the best interest of the citizens, and contribute to moving forward on the paths towars EU integration.<br \/>\n\u00a0<br \/>\n&#8220;The road to achieve this goal is European integration. Likewise, the EU and the continent of Europe is not complete, and could not realize its potential, in terms of security but also in welfare and values, if the Western Balkans is left out&#8221;, he highlighted.<br \/>\n\u00a0<br \/>\nIn the Pan-European Movement Congress, President Tha\u00e7i said that EU membership enjoys more than 95% of the people of Kosovo and, as long as the promise of a European future remains real, positive change is possible.<br \/>\n\u00a0<br \/>\n&#8220;Such changes will be manifested in the development of each country towards economic prosperity, rule of law and stable institutions, but also in terms of regional cooperation and overcoming past differences&#8221;, he has added.<br \/>\n\u00a0<br \/>\nIn front of many diplomats, government representatives, participants in this congress, Tha\u00e7i emphasized that it is important for the EU to remain focused on this part of the continent and to ensure that enlargement remains on the table.<br \/>\n\u00a0<br \/>\nHe has added that Kosovo so far has been able to make great headway on EU integration. According to Tha\u00e7i, Kosovo&#8217;s Stabilisation and Association Agreement with the EU entered into force earlier this year, making it the first contractual relationship between our country and the EU.<br \/>\n\u00a0<br \/>\n&#8220;Still, we must recognise that without a full normalisation of relations between Kosovo and Serbia, neither country will be able to join the Union. This is why we are so committed to the dialogue for normalization of relations with Serbia&#8221;, he stressed.<br \/>\n\u00a0<br \/>\nPresident Tha\u00e7i also spoke about the consistency of the EU, saying that Kosovo is still arguing for visa liberalization for its citizens, many years after its neighbors have received these privileges.<br \/>\n\u00a0<br \/>\n&#8220;As result of this unfair treatment, kosovars continue to remain the only isolated people in the Balkans&#8221;, he added.<br \/>\n\u00a0<br \/>\nAt the end President Tha\u00e7i has said that the EU should recognize that wherever it leaves a void, there will be someone else willing to fill it. According to him, more EU engagement leaves less space for less democratic foreign powers and threats of radicalization.<br \/>\n\u00a0<br \/>\n&#8220;Instead, it promises more prosperity, more stability, more reforms and more peace&#8221;, he added.<\/p>\n","protected":false},"excerpt":{"rendered":"<p>Vienna, October 08, 2016 &#8211; The President of the Republic of Kosovo, Hashim Tha\u00e7i has participated in the Pan-European Movement Congress, where, together with the President of Albania, Bujar Nishani and the President of Macedonia, Gjorge Ivanov they have spoken on a panel about the European perspective of the Western Balkans.<\/p>\n","protected":false},"author":1,"featured_media":32875,"comment_status":"open","ping_status":"closed","sticky":false,"template":"","format":"standard","meta":{"_eb_attr":"","footnotes":""},"categories":[113,111],"tags":[],"class_list":["post-69032","post","type-post","status-publish","format-standard","has-post-thumbnail","hentry","category-international-visits","category-news"],"yoast_head":"<!-- This site is optimized with the Yoast SEO plugin v23.5 - https:\/\/yoast.com\/wordpress\/plugins\/seo\/ -->\n<title>Tha\u00e7i in Vienna: Without the Balkans, Europe is not complete - President of the Republic of Kosovo - DR. VJOSA OSMANI - SADRIU<\/title>\n<meta name=\"description\" content=\"Tha\u00e7i in Vienna: Without the Balkans, Europe is not complete - President of the Republic of Kosovo - DR. VJOSA OSMANI - SADRIU -\" \/>\n<meta name=\"robots\" content=\"index, follow, max-snippet:-1, max-image-preview:large, max-video-preview:-1\" \/>\n<link rel=\"canonical\" href=\"https:\/\/president-ksgov.net\/en\/thaci-in-vienna-without-the-balkans-europe-is-not-complete\/\" \/>\n<meta property=\"og:locale\" content=\"en_US\" \/>\n<meta property=\"og:type\" content=\"article\" \/>\n<meta property=\"og:title\" content=\"Tha\u00e7i in Vienna: Without the Balkans, Europe is not complete - President of the Republic of Kosovo - DR. VJOSA OSMANI - SADRIU\" \/>\n<meta property=\"og:description\" content=\"Tha\u00e7i in Vienna: Without the Balkans, Europe is not complete - President of the Republic of Kosovo - DR. VJOSA OSMANI - SADRIU -\" \/>\n<meta property=\"og:url\" content=\"https:\/\/president-ksgov.net\/en\/thaci-in-vienna-without-the-balkans-europe-is-not-complete\/\" \/>\n<meta property=\"og:site_name\" content=\"President of the Republic of Kosovo - DR. VJOSA OSMANI - SADRIU\" \/>\n<meta property=\"article:published_time\" content=\"2016-10-08T16:14:53+00:00\" \/>\n<meta property=\"article:modified_time\" content=\"2023-03-07T09:49:54+00:00\" \/>\n<meta property=\"og:image\" content=\"https:\/\/president-ksgov.net\/wp-content\/uploads\/08_10_2016_5808723_v_01.jpg\" \/>\n\t<meta property=\"og:image:width\" content=\"2400\" \/>\n\t<meta property=\"og:image:height\" content=\"1600\" \/>\n\t<meta property=\"og:image:type\" content=\"image\/jpeg\" \/>\n<meta name=\"author\" content=\"admin\" \/>\n<meta name=\"twitter:card\" content=\"summary_large_image\" \/>\n<meta name=\"twitter:label1\" content=\"Written by\" \/>\n\t<meta name=\"twitter:data1\" content=\"admin\" \/>\n\t<meta name=\"twitter:label2\" content=\"Est. reading time\" \/>\n\t<meta name=\"twitter:data2\" content=\"3 minutes\" \/>\n<script type=\"application\/ld+json\" class=\"yoast-schema-graph\">{\"@context\":\"https:\/\/schema.org\",\"@graph\":[{\"@type\":\"WebPage\",\"@id\":\"https:\/\/president-ksgov.net\/en\/thaci-in-vienna-without-the-balkans-europe-is-not-complete\/\",\"url\":\"https:\/\/president-ksgov.net\/en\/thaci-in-vienna-without-the-balkans-europe-is-not-complete\/\",\"name\":\"Tha\u00e7i in Vienna: Without the Balkans, Europe is not complete - President of the Republic of Kosovo - DR. VJOSA OSMANI - SADRIU\",\"isPartOf\":{\"@id\":\"https:\/\/president-ksgov.net\/#website\"},\"primaryImageOfPage\":{\"@id\":\"https:\/\/president-ksgov.net\/en\/thaci-in-vienna-without-the-balkans-europe-is-not-complete\/#primaryimage\"},\"image\":{\"@id\":\"https:\/\/president-ksgov.net\/en\/thaci-in-vienna-without-the-balkans-europe-is-not-complete\/#primaryimage\"},\"thumbnailUrl\":\"https:\/\/president-ksgov.net\/wp-content\/uploads\/08_10_2016_5808723_v_01.jpg\",\"datePublished\":\"2016-10-08T16:14:53+00:00\",\"dateModified\":\"2023-03-07T09:49:54+00:00\",\"author\":{\"@id\":\"https:\/\/president-ksgov.net\/#\/schema\/person\/bb4337a5fb147cb2046d80548172cbee\"},\"description\":\"Tha\u00e7i in Vienna: Without the Balkans, Europe is not complete - President of the Republic of Kosovo - DR. VJOSA OSMANI - SADRIU -\",\"breadcrumb\":{\"@id\":\"https:\/\/president-ksgov.net\/en\/thaci-in-vienna-without-the-balkans-europe-is-not-complete\/#breadcrumb\"},\"inLanguage\":\"en-US\",\"potentialAction\":[{\"@type\":\"ReadAction\",\"target\":[\"https:\/\/president-ksgov.net\/en\/thaci-in-vienna-without-the-balkans-europe-is-not-complete\/\"]}]},{\"@type\":\"ImageObject\",\"inLanguage\":\"en-US\",\"@id\":\"https:\/\/president-ksgov.net\/en\/thaci-in-vienna-without-the-balkans-europe-is-not-complete\/#primaryimage\",\"url\":\"https:\/\/president-ksgov.net\/wp-content\/uploads\/08_10_2016_5808723_v_01.jpg\",\"contentUrl\":\"https:\/\/president-ksgov.net\/wp-content\/uploads\/08_10_2016_5808723_v_01.jpg\",\"width\":2400,\"height\":1600},{\"@type\":\"BreadcrumbList\",\"@id\":\"https:\/\/president-ksgov.net\/en\/thaci-in-vienna-without-the-balkans-europe-is-not-complete\/#breadcrumb\",\"itemListElement\":[{\"@type\":\"ListItem\",\"position\":1,\"name\":\"Home\",\"item\":\"https:\/\/president-ksgov.net\/en\/\"},{\"@type\":\"ListItem\",\"position\":2,\"name\":\"Tha\u00e7i in Vienna: Without the Balkans, Europe is not complete\"}]},{\"@type\":\"WebSite\",\"@id\":\"https:\/\/president-ksgov.net\/#website\",\"url\":\"https:\/\/president-ksgov.net\/\",\"name\":\"Presidente e Republik\u00ebs s\u00eb Kosov\u00ebs\",\"description\":\"Presidente e Republik\u00ebs s\u00eb Kosov\u00ebs\",\"alternateName\":\"DR. VJOSA OSMANI - SADRIU\",\"potentialAction\":[{\"@type\":\"SearchAction\",\"target\":{\"@type\":\"EntryPoint\",\"urlTemplate\":\"https:\/\/president-ksgov.net\/?s={search_term_string}\"},\"query-input\":{\"@type\":\"PropertyValueSpecification\",\"valueRequired\":true,\"valueName\":\"search_term_string\"}}],\"inLanguage\":\"en-US\"},{\"@type\":\"Person\",\"@id\":\"https:\/\/president-ksgov.net\/#\/schema\/person\/bb4337a5fb147cb2046d80548172cbee\",\"name\":\"admin\",\"image\":{\"@type\":\"ImageObject\",\"inLanguage\":\"en-US\",\"@id\":\"https:\/\/president-ksgov.net\/#\/schema\/person\/image\/\",\"url\":\"https:\/\/secure.gravatar.com\/avatar\/36156ca0fa3b8d9d25174f146e16beea0cf28f37adf1b9e19b6c9c279a7c9dd3?s=96&d=mm&r=g\",\"contentUrl\":\"https:\/\/secure.gravatar.com\/avatar\/36156ca0fa3b8d9d25174f146e16beea0cf28f37adf1b9e19b6c9c279a7c9dd3?s=96&d=mm&r=g\",\"caption\":\"admin\"},\"sameAs\":[\"https:\/\/president-ksgov.net\"]}]}<\/script>\n<!-- \/ Yoast SEO plugin. -->","yoast_head_json":{"title":"Tha\u00e7i in Vienna: Without the Balkans, Europe is not complete - President of the Republic of Kosovo - DR. VJOSA OSMANI - SADRIU","description":"Tha\u00e7i in Vienna: Without the Balkans, Europe is not complete - President of the Republic of Kosovo - DR. VJOSA OSMANI - SADRIU -","robots":{"index":"index","follow":"follow","max-snippet":"max-snippet:-1","max-image-preview":"max-image-preview:large","max-video-preview":"max-video-preview:-1"},"canonical":"https:\/\/president-ksgov.net\/en\/thaci-in-vienna-without-the-balkans-europe-is-not-complete\/","og_locale":"en_US","og_type":"article","og_title":"Tha\u00e7i in Vienna: Without the Balkans, Europe is not complete - President of the Republic of Kosovo - DR. VJOSA OSMANI - SADRIU","og_description":"Tha\u00e7i in Vienna: Without the Balkans, Europe is not complete - President of the Republic of Kosovo - DR. VJOSA OSMANI - SADRIU -","og_url":"https:\/\/president-ksgov.net\/en\/thaci-in-vienna-without-the-balkans-europe-is-not-complete\/","og_site_name":"President of the Republic of Kosovo - DR. VJOSA OSMANI - SADRIU","article_published_time":"2016-10-08T16:14:53+00:00","article_modified_time":"2023-03-07T09:49:54+00:00","og_image":[{"width":2400,"height":1600,"url":"https:\/\/president-ksgov.net\/wp-content\/uploads\/08_10_2016_5808723_v_01.jpg","type":"image\/jpeg"}],"author":"admin","twitter_card":"summary_large_image","twitter_misc":{"Written by":"admin","Est. reading time":"3 minutes"},"schema":{"@context":"https:\/\/schema.org","@graph":[{"@type":"WebPage","@id":"https:\/\/president-ksgov.net\/en\/thaci-in-vienna-without-the-balkans-europe-is-not-complete\/","url":"https:\/\/president-ksgov.net\/en\/thaci-in-vienna-without-the-balkans-europe-is-not-complete\/","name":"Tha\u00e7i in Vienna: Without the Balkans, Europe is not complete - President of the Republic of Kosovo - DR. VJOSA OSMANI - SADRIU","isPartOf":{"@id":"https:\/\/president-ksgov.net\/#website"},"primaryImageOfPage":{"@id":"https:\/\/president-ksgov.net\/en\/thaci-in-vienna-without-the-balkans-europe-is-not-complete\/#primaryimage"},"image":{"@id":"https:\/\/president-ksgov.net\/en\/thaci-in-vienna-without-the-balkans-europe-is-not-complete\/#primaryimage"},"thumbnailUrl":"https:\/\/president-ksgov.net\/wp-content\/uploads\/08_10_2016_5808723_v_01.jpg","datePublished":"2016-10-08T16:14:53+00:00","dateModified":"2023-03-07T09:49:54+00:00","author":{"@id":"https:\/\/president-ksgov.net\/#\/schema\/person\/bb4337a5fb147cb2046d80548172cbee"},"description":"Tha\u00e7i in Vienna: Without the Balkans, Europe is not complete - President of the Republic of Kosovo - DR. VJOSA OSMANI - SADRIU -","breadcrumb":{"@id":"https:\/\/president-ksgov.net\/en\/thaci-in-vienna-without-the-balkans-europe-is-not-complete\/#breadcrumb"},"inLanguage":"en-US","potentialAction":[{"@type":"ReadAction","target":["https:\/\/president-ksgov.net\/en\/thaci-in-vienna-without-the-balkans-europe-is-not-complete\/"]}]},{"@type":"ImageObject","inLanguage":"en-US","@id":"https:\/\/president-ksgov.net\/en\/thaci-in-vienna-without-the-balkans-europe-is-not-complete\/#primaryimage","url":"https:\/\/president-ksgov.net\/wp-content\/uploads\/08_10_2016_5808723_v_01.jpg","contentUrl":"https:\/\/president-ksgov.net\/wp-content\/uploads\/08_10_2016_5808723_v_01.jpg","width":2400,"height":1600},{"@type":"BreadcrumbList","@id":"https:\/\/president-ksgov.net\/en\/thaci-in-vienna-without-the-balkans-europe-is-not-complete\/#breadcrumb","itemListElement":[{"@type":"ListItem","position":1,"name":"Home","item":"https:\/\/president-ksgov.net\/en\/"},{"@type":"ListItem","position":2,"name":"Tha\u00e7i in Vienna: Without the Balkans, Europe is not complete"}]},{"@type":"WebSite","@id":"https:\/\/president-ksgov.net\/#website","url":"https:\/\/president-ksgov.net\/","name":"Presidente e Republik\u00ebs s\u00eb Kosov\u00ebs","description":"Presidente e Republik\u00ebs s\u00eb Kosov\u00ebs","alternateName":"DR. VJOSA OSMANI - SADRIU","potentialAction":[{"@type":"SearchAction","target":{"@type":"EntryPoint","urlTemplate":"https:\/\/president-ksgov.net\/?s={search_term_string}"},"query-input":{"@type":"PropertyValueSpecification","valueRequired":true,"valueName":"search_term_string"}}],"inLanguage":"en-US"},{"@type":"Person","@id":"https:\/\/president-ksgov.net\/#\/schema\/person\/bb4337a5fb147cb2046d80548172cbee","name":"admin","image":{"@type":"ImageObject","inLanguage":"en-US","@id":"https:\/\/president-ksgov.net\/#\/schema\/person\/image\/","url":"https:\/\/secure.gravatar.com\/avatar\/36156ca0fa3b8d9d25174f146e16beea0cf28f37adf1b9e19b6c9c279a7c9dd3?s=96&d=mm&r=g","contentUrl":"https:\/\/secure.gravatar.com\/avatar\/36156ca0fa3b8d9d25174f146e16beea0cf28f37adf1b9e19b6c9c279a7c9dd3?s=96&d=mm&r=g","caption":"admin"},"sameAs":["https:\/\/president-ksgov.net"]}]}},"_links":{"self":[{"href":"https:\/\/president-ksgov.net\/en\/wp-json\/wp\/v2\/posts\/69032","targetHints":{"allow":["GET"]}}],"collection":[{"href":"https:\/\/president-ksgov.net\/en\/wp-json\/wp\/v2\/posts"}],"about":[{"href":"https:\/\/president-ksgov.net\/en\/wp-json\/wp\/v2\/types\/post"}],"author":[{"embeddable":true,"href":"https:\/\/president-ksgov.net\/en\/wp-json\/wp\/v2\/users\/1"}],"replies":[{"embeddable":true,"href":"https:\/\/president-ksgov.net\/en\/wp-json\/wp\/v2\/comments?post=69032"}],"version-history":[{"count":0,"href":"https:\/\/president-ksgov.net\/en\/wp-json\/wp\/v2\/posts\/69032\/revisions"}],"wp:featuredmedia":[{"embeddable":true,"href":"https:\/\/president-ksgov.net\/en\/wp-json\/wp\/v2\/media\/32875"}],"wp:attachment":[{"href":"https:\/\/president-ksgov.net\/en\/wp-json\/wp\/v2\/media?parent=69032"}],"wp:term":[{"taxonomy":"category","embeddable":true,"href":"https:\/\/president-ksgov.net\/en\/wp-json\/wp\/v2\/categories?post=69032"},{"taxonomy":"post_tag","embeddable":true,"href":"https:\/\/president-ksgov.net\/en\/wp-json\/wp\/v2\/tags?post=69032"}],"curies":[{"name":"wp","href":"https:\/\/api.w.org\/{rel}","templated":true}]}}