{"id":69011,"date":"2016-11-02T17:12:53","date_gmt":"2016-11-02T17:12:53","guid":{"rendered":"https:\/\/dev.president-ksgov.net\/president-thaci-received-a-delegation-of-the-national-council-of-albanians-from-the-presevo-valley\/"},"modified":"2023-03-07T09:49:11","modified_gmt":"2023-03-07T09:49:11","slug":"president-thaci-received-a-delegation-of-the-national-council-of-albanians-from-the-presevo-valley","status":"publish","type":"post","link":"https:\/\/president-ksgov.net\/en\/president-thaci-received-a-delegation-of-the-national-council-of-albanians-from-the-presevo-valley\/","title":{"rendered":"President Tha\u00e7i received a delegation of the National Council of Albanians from the Presevo Valley"},"content":{"rendered":"<p>Wednesday, November 02, 2016 &#8211; The President of the Republic of Kosovo, Hashim Tha\u00e7i, received today a delegation of the Presevo Valley led by the President of the National Council of Albanians, Jonuz Musliu.<\/p>\n<p>President Tha\u00e7i and President Musliu discussed about the situation of the Albanians in Presevo, Bujanovac and Medveda and about the latest political developments in the region.<\/p>\n<p>President Thaci stressed that with the consolidation of the international position of Kosovo, the opportunities to support the Albanians in the Presevo Valley will increase.<\/p>\n<p>&#8220;The respecting of the rights of minorities is one of the main criteria for membership in the European Union and no candidate country, including Serbia, can advance in the integration processes without fulfilling the highest standards of respecting the minorities&#8221;, said President Tha\u00e7i.<\/p>\n<p>The President of the National Council of Albanians in the Presevo Valley, Jonuz Musliu, who was accompanied by the Mayor of the Municipal Assembly of Presevo, Ardita Sinani, and the Mayor of Bujanovac, Shaip Kamberi, talking about the level of cooperation between the authorities of Kosovo and the Albanians in the Presevo Valley, stressed that there are numerous opportunities to deepen this cooperation.<\/p>\n<p>President Tha\u00e7i and President Musliu also discussed about the particular importance of increasing cooperation in the fields of education, culture and trade exchanges with these three Albanian municipalities, in order to improve the welfare of the Albanians in the Presevo Valley.<\/p>\n","protected":false},"excerpt":{"rendered":"<p>Wednesday, November 02, 2016 &#8211; The President of the Republic of Kosovo, Hashim Tha\u00e7i, received today a delegation of the Presevo Valley led by the President of the National Council of Albanians, Jonuz Musliu.<\/p>\n","protected":false},"author":1,"featured_media":32632,"comment_status":"open","ping_status":"closed","sticky":false,"template":"","format":"standard","meta":{"_eb_attr":"","footnotes":""},"categories":[111],"tags":[],"class_list":["post-69011","post","type-post","status-publish","format-standard","has-post-thumbnail","hentry","category-news"],"yoast_head":"<!-- This site is optimized with the Yoast SEO plugin v23.5 - https:\/\/yoast.com\/wordpress\/plugins\/seo\/ -->\n<title>President Tha\u00e7i received a delegation of the National Council of Albanians from the Presevo Valley - President of the Republic of Kosovo - DR. VJOSA OSMANI - SADRIU<\/title>\n<meta name=\"description\" content=\"President Tha\u00e7i received a delegation of the National Council of Albanians from the Presevo Valley - President of the Republic of Kosovo - DR. VJOSA OSMANI - SADRIU -\" \/>\n<meta name=\"robots\" content=\"index, follow, max-snippet:-1, max-image-preview:large, max-video-preview:-1\" \/>\n<link rel=\"canonical\" href=\"https:\/\/president-ksgov.net\/en\/president-thaci-received-a-delegation-of-the-national-council-of-albanians-from-the-presevo-valley\/\" \/>\n<meta property=\"og:locale\" content=\"en_US\" \/>\n<meta property=\"og:type\" content=\"article\" \/>\n<meta property=\"og:title\" content=\"President Tha\u00e7i received a delegation of the National Council of Albanians from the Presevo Valley - President of the Republic of Kosovo - DR. VJOSA OSMANI - SADRIU\" \/>\n<meta property=\"og:description\" content=\"President Tha\u00e7i received a delegation of the National Council of Albanians from the Presevo Valley - President of the Republic of Kosovo - DR. VJOSA OSMANI - SADRIU -\" \/>\n<meta property=\"og:url\" content=\"https:\/\/president-ksgov.net\/en\/president-thaci-received-a-delegation-of-the-national-council-of-albanians-from-the-presevo-valley\/\" \/>\n<meta property=\"og:site_name\" content=\"President of the Republic of Kosovo - DR. VJOSA OSMANI - SADRIU\" \/>\n<meta property=\"article:published_time\" content=\"2016-11-02T17:12:53+00:00\" \/>\n<meta property=\"article:modified_time\" content=\"2023-03-07T09:49:11+00:00\" \/>\n<meta property=\"og:image\" content=\"https:\/\/president-ksgov.net\/wp-content\/uploads\/02_11_2016_81607_DSC_9377-scaled.jpg\" \/>\n\t<meta property=\"og:image:width\" content=\"2560\" \/>\n\t<meta property=\"og:image:height\" content=\"1564\" \/>\n\t<meta property=\"og:image:type\" content=\"image\/jpeg\" \/>\n<meta name=\"author\" content=\"admin\" \/>\n<meta name=\"twitter:card\" content=\"summary_large_image\" \/>\n<meta name=\"twitter:label1\" content=\"Written by\" \/>\n\t<meta name=\"twitter:data1\" content=\"admin\" \/>\n\t<meta name=\"twitter:label2\" content=\"Est. reading time\" \/>\n\t<meta name=\"twitter:data2\" content=\"1 minute\" \/>\n<script type=\"application\/ld+json\" class=\"yoast-schema-graph\">{\"@context\":\"https:\/\/schema.org\",\"@graph\":[{\"@type\":\"WebPage\",\"@id\":\"https:\/\/president-ksgov.net\/en\/president-thaci-received-a-delegation-of-the-national-council-of-albanians-from-the-presevo-valley\/\",\"url\":\"https:\/\/president-ksgov.net\/en\/president-thaci-received-a-delegation-of-the-national-council-of-albanians-from-the-presevo-valley\/\",\"name\":\"President Tha\u00e7i received a delegation of the National Council of Albanians from the Presevo Valley - President of the Republic of Kosovo - DR. VJOSA OSMANI - SADRIU\",\"isPartOf\":{\"@id\":\"https:\/\/president-ksgov.net\/#website\"},\"primaryImageOfPage\":{\"@id\":\"https:\/\/president-ksgov.net\/en\/president-thaci-received-a-delegation-of-the-national-council-of-albanians-from-the-presevo-valley\/#primaryimage\"},\"image\":{\"@id\":\"https:\/\/president-ksgov.net\/en\/president-thaci-received-a-delegation-of-the-national-council-of-albanians-from-the-presevo-valley\/#primaryimage\"},\"thumbnailUrl\":\"https:\/\/president-ksgov.net\/wp-content\/uploads\/02_11_2016_81607_DSC_9377-scaled.jpg\",\"datePublished\":\"2016-11-02T17:12:53+00:00\",\"dateModified\":\"2023-03-07T09:49:11+00:00\",\"author\":{\"@id\":\"https:\/\/president-ksgov.net\/#\/schema\/person\/bb4337a5fb147cb2046d80548172cbee\"},\"description\":\"President Tha\u00e7i received a delegation of the National Council of Albanians from the Presevo Valley - President of the Republic of Kosovo - DR. VJOSA OSMANI - SADRIU -\",\"breadcrumb\":{\"@id\":\"https:\/\/president-ksgov.net\/en\/president-thaci-received-a-delegation-of-the-national-council-of-albanians-from-the-presevo-valley\/#breadcrumb\"},\"inLanguage\":\"en-US\",\"potentialAction\":[{\"@type\":\"ReadAction\",\"target\":[\"https:\/\/president-ksgov.net\/en\/president-thaci-received-a-delegation-of-the-national-council-of-albanians-from-the-presevo-valley\/\"]}]},{\"@type\":\"ImageObject\",\"inLanguage\":\"en-US\",\"@id\":\"https:\/\/president-ksgov.net\/en\/president-thaci-received-a-delegation-of-the-national-council-of-albanians-from-the-presevo-valley\/#primaryimage\",\"url\":\"https:\/\/president-ksgov.net\/wp-content\/uploads\/02_11_2016_81607_DSC_9377-scaled.jpg\",\"contentUrl\":\"https:\/\/president-ksgov.net\/wp-content\/uploads\/02_11_2016_81607_DSC_9377-scaled.jpg\",\"width\":2560,\"height\":1564},{\"@type\":\"BreadcrumbList\",\"@id\":\"https:\/\/president-ksgov.net\/en\/president-thaci-received-a-delegation-of-the-national-council-of-albanians-from-the-presevo-valley\/#breadcrumb\",\"itemListElement\":[{\"@type\":\"ListItem\",\"position\":1,\"name\":\"Home\",\"item\":\"https:\/\/president-ksgov.net\/en\/\"},{\"@type\":\"ListItem\",\"position\":2,\"name\":\"President Tha\u00e7i received a delegation of the National Council of Albanians from the Presevo Valley\"}]},{\"@type\":\"WebSite\",\"@id\":\"https:\/\/president-ksgov.net\/#website\",\"url\":\"https:\/\/president-ksgov.net\/\",\"name\":\"Presidente e Republik\u00ebs s\u00eb Kosov\u00ebs\",\"description\":\"Presidente e Republik\u00ebs s\u00eb Kosov\u00ebs\",\"alternateName\":\"DR. VJOSA OSMANI - SADRIU\",\"potentialAction\":[{\"@type\":\"SearchAction\",\"target\":{\"@type\":\"EntryPoint\",\"urlTemplate\":\"https:\/\/president-ksgov.net\/?s={search_term_string}\"},\"query-input\":{\"@type\":\"PropertyValueSpecification\",\"valueRequired\":true,\"valueName\":\"search_term_string\"}}],\"inLanguage\":\"en-US\"},{\"@type\":\"Person\",\"@id\":\"https:\/\/president-ksgov.net\/#\/schema\/person\/bb4337a5fb147cb2046d80548172cbee\",\"name\":\"admin\",\"image\":{\"@type\":\"ImageObject\",\"inLanguage\":\"en-US\",\"@id\":\"https:\/\/president-ksgov.net\/#\/schema\/person\/image\/\",\"url\":\"https:\/\/secure.gravatar.com\/avatar\/36156ca0fa3b8d9d25174f146e16beea0cf28f37adf1b9e19b6c9c279a7c9dd3?s=96&d=mm&r=g\",\"contentUrl\":\"https:\/\/secure.gravatar.com\/avatar\/36156ca0fa3b8d9d25174f146e16beea0cf28f37adf1b9e19b6c9c279a7c9dd3?s=96&d=mm&r=g\",\"caption\":\"admin\"},\"sameAs\":[\"https:\/\/president-ksgov.net\"]}]}<\/script>\n<!-- \/ Yoast SEO plugin. -->","yoast_head_json":{"title":"President Tha\u00e7i received a delegation of the National Council of Albanians from the Presevo Valley - President of the Republic of Kosovo - DR. VJOSA OSMANI - SADRIU","description":"President Tha\u00e7i received a delegation of the National Council of Albanians from the Presevo Valley - President of the Republic of Kosovo - DR. VJOSA OSMANI - SADRIU -","robots":{"index":"index","follow":"follow","max-snippet":"max-snippet:-1","max-image-preview":"max-image-preview:large","max-video-preview":"max-video-preview:-1"},"canonical":"https:\/\/president-ksgov.net\/en\/president-thaci-received-a-delegation-of-the-national-council-of-albanians-from-the-presevo-valley\/","og_locale":"en_US","og_type":"article","og_title":"President Tha\u00e7i received a delegation of the National Council of Albanians from the Presevo Valley - President of the Republic of Kosovo - DR. VJOSA OSMANI - SADRIU","og_description":"President Tha\u00e7i received a delegation of the National Council of Albanians from the Presevo Valley - President of the Republic of Kosovo - DR. VJOSA OSMANI - SADRIU -","og_url":"https:\/\/president-ksgov.net\/en\/president-thaci-received-a-delegation-of-the-national-council-of-albanians-from-the-presevo-valley\/","og_site_name":"President of the Republic of Kosovo - DR. VJOSA OSMANI - SADRIU","article_published_time":"2016-11-02T17:12:53+00:00","article_modified_time":"2023-03-07T09:49:11+00:00","og_image":[{"width":2560,"height":1564,"url":"https:\/\/president-ksgov.net\/wp-content\/uploads\/02_11_2016_81607_DSC_9377-scaled.jpg","type":"image\/jpeg"}],"author":"admin","twitter_card":"summary_large_image","twitter_misc":{"Written by":"admin","Est. reading time":"1 minute"},"schema":{"@context":"https:\/\/schema.org","@graph":[{"@type":"WebPage","@id":"https:\/\/president-ksgov.net\/en\/president-thaci-received-a-delegation-of-the-national-council-of-albanians-from-the-presevo-valley\/","url":"https:\/\/president-ksgov.net\/en\/president-thaci-received-a-delegation-of-the-national-council-of-albanians-from-the-presevo-valley\/","name":"President Tha\u00e7i received a delegation of the National Council of Albanians from the Presevo Valley - President of the Republic of Kosovo - DR. VJOSA OSMANI - SADRIU","isPartOf":{"@id":"https:\/\/president-ksgov.net\/#website"},"primaryImageOfPage":{"@id":"https:\/\/president-ksgov.net\/en\/president-thaci-received-a-delegation-of-the-national-council-of-albanians-from-the-presevo-valley\/#primaryimage"},"image":{"@id":"https:\/\/president-ksgov.net\/en\/president-thaci-received-a-delegation-of-the-national-council-of-albanians-from-the-presevo-valley\/#primaryimage"},"thumbnailUrl":"https:\/\/president-ksgov.net\/wp-content\/uploads\/02_11_2016_81607_DSC_9377-scaled.jpg","datePublished":"2016-11-02T17:12:53+00:00","dateModified":"2023-03-07T09:49:11+00:00","author":{"@id":"https:\/\/president-ksgov.net\/#\/schema\/person\/bb4337a5fb147cb2046d80548172cbee"},"description":"President Tha\u00e7i received a delegation of the National Council of Albanians from the Presevo Valley - President of the Republic of Kosovo - DR. VJOSA OSMANI - SADRIU -","breadcrumb":{"@id":"https:\/\/president-ksgov.net\/en\/president-thaci-received-a-delegation-of-the-national-council-of-albanians-from-the-presevo-valley\/#breadcrumb"},"inLanguage":"en-US","potentialAction":[{"@type":"ReadAction","target":["https:\/\/president-ksgov.net\/en\/president-thaci-received-a-delegation-of-the-national-council-of-albanians-from-the-presevo-valley\/"]}]},{"@type":"ImageObject","inLanguage":"en-US","@id":"https:\/\/president-ksgov.net\/en\/president-thaci-received-a-delegation-of-the-national-council-of-albanians-from-the-presevo-valley\/#primaryimage","url":"https:\/\/president-ksgov.net\/wp-content\/uploads\/02_11_2016_81607_DSC_9377-scaled.jpg","contentUrl":"https:\/\/president-ksgov.net\/wp-content\/uploads\/02_11_2016_81607_DSC_9377-scaled.jpg","width":2560,"height":1564},{"@type":"BreadcrumbList","@id":"https:\/\/president-ksgov.net\/en\/president-thaci-received-a-delegation-of-the-national-council-of-albanians-from-the-presevo-valley\/#breadcrumb","itemListElement":[{"@type":"ListItem","position":1,"name":"Home","item":"https:\/\/president-ksgov.net\/en\/"},{"@type":"ListItem","position":2,"name":"President Tha\u00e7i received a delegation of the National Council of Albanians from the Presevo Valley"}]},{"@type":"WebSite","@id":"https:\/\/president-ksgov.net\/#website","url":"https:\/\/president-ksgov.net\/","name":"Presidente e Republik\u00ebs s\u00eb Kosov\u00ebs","description":"Presidente e Republik\u00ebs s\u00eb Kosov\u00ebs","alternateName":"DR. VJOSA OSMANI - SADRIU","potentialAction":[{"@type":"SearchAction","target":{"@type":"EntryPoint","urlTemplate":"https:\/\/president-ksgov.net\/?s={search_term_string}"},"query-input":{"@type":"PropertyValueSpecification","valueRequired":true,"valueName":"search_term_string"}}],"inLanguage":"en-US"},{"@type":"Person","@id":"https:\/\/president-ksgov.net\/#\/schema\/person\/bb4337a5fb147cb2046d80548172cbee","name":"admin","image":{"@type":"ImageObject","inLanguage":"en-US","@id":"https:\/\/president-ksgov.net\/#\/schema\/person\/image\/","url":"https:\/\/secure.gravatar.com\/avatar\/36156ca0fa3b8d9d25174f146e16beea0cf28f37adf1b9e19b6c9c279a7c9dd3?s=96&d=mm&r=g","contentUrl":"https:\/\/secure.gravatar.com\/avatar\/36156ca0fa3b8d9d25174f146e16beea0cf28f37adf1b9e19b6c9c279a7c9dd3?s=96&d=mm&r=g","caption":"admin"},"sameAs":["https:\/\/president-ksgov.net"]}]}},"_links":{"self":[{"href":"https:\/\/president-ksgov.net\/en\/wp-json\/wp\/v2\/posts\/69011","targetHints":{"allow":["GET"]}}],"collection":[{"href":"https:\/\/president-ksgov.net\/en\/wp-json\/wp\/v2\/posts"}],"about":[{"href":"https:\/\/president-ksgov.net\/en\/wp-json\/wp\/v2\/types\/post"}],"author":[{"embeddable":true,"href":"https:\/\/president-ksgov.net\/en\/wp-json\/wp\/v2\/users\/1"}],"replies":[{"embeddable":true,"href":"https:\/\/president-ksgov.net\/en\/wp-json\/wp\/v2\/comments?post=69011"}],"version-history":[{"count":0,"href":"https:\/\/president-ksgov.net\/en\/wp-json\/wp\/v2\/posts\/69011\/revisions"}],"wp:featuredmedia":[{"embeddable":true,"href":"https:\/\/president-ksgov.net\/en\/wp-json\/wp\/v2\/media\/32632"}],"wp:attachment":[{"href":"https:\/\/president-ksgov.net\/en\/wp-json\/wp\/v2\/media?parent=69011"}],"wp:term":[{"taxonomy":"category","embeddable":true,"href":"https:\/\/president-ksgov.net\/en\/wp-json\/wp\/v2\/categories?post=69011"},{"taxonomy":"post_tag","embeddable":true,"href":"https:\/\/president-ksgov.net\/en\/wp-json\/wp\/v2\/tags?post=69011"}],"curies":[{"name":"wp","href":"https:\/\/api.w.org\/{rel}","templated":true}]}}