{"id":69001,"date":"2016-11-10T16:40:31","date_gmt":"2016-11-10T16:40:31","guid":{"rendered":"https:\/\/dev.president-ksgov.net\/president-thaci-received-mep-ms-ulrike-lunacek-eu-must-not-be-late-with-kosovo-and-the-region\/"},"modified":"2023-03-07T09:48:34","modified_gmt":"2023-03-07T09:48:34","slug":"president-thaci-received-mep-ms-ulrike-lunacek-eu-must-not-be-late-with-kosovo-and-the-region","status":"publish","type":"post","link":"https:\/\/president-ksgov.net\/en\/president-thaci-received-mep-ms-ulrike-lunacek-eu-must-not-be-late-with-kosovo-and-the-region\/","title":{"rendered":"President Tha\u00e7i received MEP Ms. Ulrike Lunacek: EU must not be late with Kosovo and the region!"},"content":{"rendered":"<p>Thursday November 10th, &#8211; President of the Republic, Mr. Hashim Tha\u00e7i, received today at a meeting Ms. Ulrike Lunacek, MEP.<\/p>\n<p>Mr. President and MEP Lunacek discussed Kosovo&#8217;s integration processes.<\/p>\n<p>&#8220;European Union remains Kosovo&#8217;s sole destination. We remain dedicated to the overall reforms in strengthening of democracy, rule of law and economic development. But EU must also not be late with Kosovo and the region&#8221; said President Tha\u00e7i.<\/p>\n<p>President Tha\u00e7i and MEP Lunacek also discussed the importance of partnership building and mutual cooperation between Kosovo and European Union.\u00a0<\/p>\n","protected":false},"excerpt":{"rendered":"<p>Thursday November 10th, &#8211; President of the Republic, Mr. Hashim Tha\u00e7i, received today at a meeting Ms. Ulrike Lunacek, MEP.<\/p>\n","protected":false},"author":1,"featured_media":32541,"comment_status":"open","ping_status":"closed","sticky":false,"template":"","format":"standard","meta":{"_eb_attr":"","footnotes":""},"categories":[111],"tags":[],"class_list":["post-69001","post","type-post","status-publish","format-standard","has-post-thumbnail","hentry","category-news"],"yoast_head":"<!-- This site is optimized with the Yoast SEO plugin v23.5 - https:\/\/yoast.com\/wordpress\/plugins\/seo\/ -->\n<title>President Tha\u00e7i received MEP Ms. Ulrike Lunacek: EU must not be late with Kosovo and the region! - President of the Republic of Kosovo - DR. VJOSA OSMANI - SADRIU<\/title>\n<meta name=\"description\" content=\"President Tha\u00e7i received MEP Ms. Ulrike Lunacek: EU must not be late with Kosovo and the region! - President of the Republic of Kosovo - DR. VJOSA OSMANI - SADRIU -\" \/>\n<meta name=\"robots\" content=\"index, follow, max-snippet:-1, max-image-preview:large, max-video-preview:-1\" \/>\n<link rel=\"canonical\" href=\"https:\/\/president-ksgov.net\/en\/president-thaci-received-mep-ms-ulrike-lunacek-eu-must-not-be-late-with-kosovo-and-the-region\/\" \/>\n<meta property=\"og:locale\" content=\"en_US\" \/>\n<meta property=\"og:type\" content=\"article\" \/>\n<meta property=\"og:title\" content=\"President Tha\u00e7i received MEP Ms. Ulrike Lunacek: EU must not be late with Kosovo and the region! - President of the Republic of Kosovo - DR. VJOSA OSMANI - SADRIU\" \/>\n<meta property=\"og:description\" content=\"President Tha\u00e7i received MEP Ms. Ulrike Lunacek: EU must not be late with Kosovo and the region! - President of the Republic of Kosovo - DR. VJOSA OSMANI - SADRIU -\" \/>\n<meta property=\"og:url\" content=\"https:\/\/president-ksgov.net\/en\/president-thaci-received-mep-ms-ulrike-lunacek-eu-must-not-be-late-with-kosovo-and-the-region\/\" \/>\n<meta property=\"og:site_name\" content=\"President of the Republic of Kosovo - DR. VJOSA OSMANI - SADRIU\" \/>\n<meta property=\"article:published_time\" content=\"2016-11-10T16:40:31+00:00\" \/>\n<meta property=\"article:modified_time\" content=\"2023-03-07T09:48:34+00:00\" \/>\n<meta property=\"og:image\" content=\"https:\/\/president-ksgov.net\/wp-content\/uploads\/10_11_2016_8447787_DSC_9934-scaled.jpg\" \/>\n\t<meta property=\"og:image:width\" content=\"2560\" \/>\n\t<meta property=\"og:image:height\" content=\"1705\" \/>\n\t<meta property=\"og:image:type\" content=\"image\/jpeg\" \/>\n<meta name=\"author\" content=\"admin\" \/>\n<meta name=\"twitter:card\" content=\"summary_large_image\" \/>\n<meta name=\"twitter:label1\" content=\"Written by\" \/>\n\t<meta name=\"twitter:data1\" content=\"admin\" \/>\n<script type=\"application\/ld+json\" class=\"yoast-schema-graph\">{\"@context\":\"https:\/\/schema.org\",\"@graph\":[{\"@type\":\"WebPage\",\"@id\":\"https:\/\/president-ksgov.net\/en\/president-thaci-received-mep-ms-ulrike-lunacek-eu-must-not-be-late-with-kosovo-and-the-region\/\",\"url\":\"https:\/\/president-ksgov.net\/en\/president-thaci-received-mep-ms-ulrike-lunacek-eu-must-not-be-late-with-kosovo-and-the-region\/\",\"name\":\"President Tha\u00e7i received MEP Ms. Ulrike Lunacek: EU must not be late with Kosovo and the region! - President of the Republic of Kosovo - DR. VJOSA OSMANI - SADRIU\",\"isPartOf\":{\"@id\":\"https:\/\/president-ksgov.net\/#website\"},\"primaryImageOfPage\":{\"@id\":\"https:\/\/president-ksgov.net\/en\/president-thaci-received-mep-ms-ulrike-lunacek-eu-must-not-be-late-with-kosovo-and-the-region\/#primaryimage\"},\"image\":{\"@id\":\"https:\/\/president-ksgov.net\/en\/president-thaci-received-mep-ms-ulrike-lunacek-eu-must-not-be-late-with-kosovo-and-the-region\/#primaryimage\"},\"thumbnailUrl\":\"https:\/\/president-ksgov.net\/wp-content\/uploads\/10_11_2016_8447787_DSC_9934-scaled.jpg\",\"datePublished\":\"2016-11-10T16:40:31+00:00\",\"dateModified\":\"2023-03-07T09:48:34+00:00\",\"author\":{\"@id\":\"https:\/\/president-ksgov.net\/#\/schema\/person\/bb4337a5fb147cb2046d80548172cbee\"},\"description\":\"President Tha\u00e7i received MEP Ms. Ulrike Lunacek: EU must not be late with Kosovo and the region! - President of the Republic of Kosovo - DR. VJOSA OSMANI - SADRIU -\",\"breadcrumb\":{\"@id\":\"https:\/\/president-ksgov.net\/en\/president-thaci-received-mep-ms-ulrike-lunacek-eu-must-not-be-late-with-kosovo-and-the-region\/#breadcrumb\"},\"inLanguage\":\"en-US\",\"potentialAction\":[{\"@type\":\"ReadAction\",\"target\":[\"https:\/\/president-ksgov.net\/en\/president-thaci-received-mep-ms-ulrike-lunacek-eu-must-not-be-late-with-kosovo-and-the-region\/\"]}]},{\"@type\":\"ImageObject\",\"inLanguage\":\"en-US\",\"@id\":\"https:\/\/president-ksgov.net\/en\/president-thaci-received-mep-ms-ulrike-lunacek-eu-must-not-be-late-with-kosovo-and-the-region\/#primaryimage\",\"url\":\"https:\/\/president-ksgov.net\/wp-content\/uploads\/10_11_2016_8447787_DSC_9934-scaled.jpg\",\"contentUrl\":\"https:\/\/president-ksgov.net\/wp-content\/uploads\/10_11_2016_8447787_DSC_9934-scaled.jpg\",\"width\":2560,\"height\":1705},{\"@type\":\"BreadcrumbList\",\"@id\":\"https:\/\/president-ksgov.net\/en\/president-thaci-received-mep-ms-ulrike-lunacek-eu-must-not-be-late-with-kosovo-and-the-region\/#breadcrumb\",\"itemListElement\":[{\"@type\":\"ListItem\",\"position\":1,\"name\":\"Home\",\"item\":\"https:\/\/president-ksgov.net\/en\/\"},{\"@type\":\"ListItem\",\"position\":2,\"name\":\"President Tha\u00e7i received MEP Ms. Ulrike Lunacek: EU must not be late with Kosovo and the region!\"}]},{\"@type\":\"WebSite\",\"@id\":\"https:\/\/president-ksgov.net\/#website\",\"url\":\"https:\/\/president-ksgov.net\/\",\"name\":\"Presidente e Republik\u00ebs s\u00eb Kosov\u00ebs\",\"description\":\"Presidente e Republik\u00ebs s\u00eb Kosov\u00ebs\",\"alternateName\":\"DR. VJOSA OSMANI - SADRIU\",\"potentialAction\":[{\"@type\":\"SearchAction\",\"target\":{\"@type\":\"EntryPoint\",\"urlTemplate\":\"https:\/\/president-ksgov.net\/?s={search_term_string}\"},\"query-input\":{\"@type\":\"PropertyValueSpecification\",\"valueRequired\":true,\"valueName\":\"search_term_string\"}}],\"inLanguage\":\"en-US\"},{\"@type\":\"Person\",\"@id\":\"https:\/\/president-ksgov.net\/#\/schema\/person\/bb4337a5fb147cb2046d80548172cbee\",\"name\":\"admin\",\"image\":{\"@type\":\"ImageObject\",\"inLanguage\":\"en-US\",\"@id\":\"https:\/\/president-ksgov.net\/#\/schema\/person\/image\/\",\"url\":\"https:\/\/secure.gravatar.com\/avatar\/36156ca0fa3b8d9d25174f146e16beea0cf28f37adf1b9e19b6c9c279a7c9dd3?s=96&d=mm&r=g\",\"contentUrl\":\"https:\/\/secure.gravatar.com\/avatar\/36156ca0fa3b8d9d25174f146e16beea0cf28f37adf1b9e19b6c9c279a7c9dd3?s=96&d=mm&r=g\",\"caption\":\"admin\"},\"sameAs\":[\"https:\/\/president-ksgov.net\"]}]}<\/script>\n<!-- \/ Yoast SEO plugin. -->","yoast_head_json":{"title":"President Tha\u00e7i received MEP Ms. Ulrike Lunacek: EU must not be late with Kosovo and the region! - President of the Republic of Kosovo - DR. VJOSA OSMANI - SADRIU","description":"President Tha\u00e7i received MEP Ms. Ulrike Lunacek: EU must not be late with Kosovo and the region! - President of the Republic of Kosovo - DR. VJOSA OSMANI - SADRIU -","robots":{"index":"index","follow":"follow","max-snippet":"max-snippet:-1","max-image-preview":"max-image-preview:large","max-video-preview":"max-video-preview:-1"},"canonical":"https:\/\/president-ksgov.net\/en\/president-thaci-received-mep-ms-ulrike-lunacek-eu-must-not-be-late-with-kosovo-and-the-region\/","og_locale":"en_US","og_type":"article","og_title":"President Tha\u00e7i received MEP Ms. Ulrike Lunacek: EU must not be late with Kosovo and the region! - President of the Republic of Kosovo - DR. VJOSA OSMANI - SADRIU","og_description":"President Tha\u00e7i received MEP Ms. Ulrike Lunacek: EU must not be late with Kosovo and the region! - President of the Republic of Kosovo - DR. VJOSA OSMANI - SADRIU -","og_url":"https:\/\/president-ksgov.net\/en\/president-thaci-received-mep-ms-ulrike-lunacek-eu-must-not-be-late-with-kosovo-and-the-region\/","og_site_name":"President of the Republic of Kosovo - DR. VJOSA OSMANI - SADRIU","article_published_time":"2016-11-10T16:40:31+00:00","article_modified_time":"2023-03-07T09:48:34+00:00","og_image":[{"width":2560,"height":1705,"url":"https:\/\/president-ksgov.net\/wp-content\/uploads\/10_11_2016_8447787_DSC_9934-scaled.jpg","type":"image\/jpeg"}],"author":"admin","twitter_card":"summary_large_image","twitter_misc":{"Written by":"admin"},"schema":{"@context":"https:\/\/schema.org","@graph":[{"@type":"WebPage","@id":"https:\/\/president-ksgov.net\/en\/president-thaci-received-mep-ms-ulrike-lunacek-eu-must-not-be-late-with-kosovo-and-the-region\/","url":"https:\/\/president-ksgov.net\/en\/president-thaci-received-mep-ms-ulrike-lunacek-eu-must-not-be-late-with-kosovo-and-the-region\/","name":"President Tha\u00e7i received MEP Ms. Ulrike Lunacek: EU must not be late with Kosovo and the region! - President of the Republic of Kosovo - DR. VJOSA OSMANI - SADRIU","isPartOf":{"@id":"https:\/\/president-ksgov.net\/#website"},"primaryImageOfPage":{"@id":"https:\/\/president-ksgov.net\/en\/president-thaci-received-mep-ms-ulrike-lunacek-eu-must-not-be-late-with-kosovo-and-the-region\/#primaryimage"},"image":{"@id":"https:\/\/president-ksgov.net\/en\/president-thaci-received-mep-ms-ulrike-lunacek-eu-must-not-be-late-with-kosovo-and-the-region\/#primaryimage"},"thumbnailUrl":"https:\/\/president-ksgov.net\/wp-content\/uploads\/10_11_2016_8447787_DSC_9934-scaled.jpg","datePublished":"2016-11-10T16:40:31+00:00","dateModified":"2023-03-07T09:48:34+00:00","author":{"@id":"https:\/\/president-ksgov.net\/#\/schema\/person\/bb4337a5fb147cb2046d80548172cbee"},"description":"President Tha\u00e7i received MEP Ms. Ulrike Lunacek: EU must not be late with Kosovo and the region! - President of the Republic of Kosovo - DR. VJOSA OSMANI - SADRIU -","breadcrumb":{"@id":"https:\/\/president-ksgov.net\/en\/president-thaci-received-mep-ms-ulrike-lunacek-eu-must-not-be-late-with-kosovo-and-the-region\/#breadcrumb"},"inLanguage":"en-US","potentialAction":[{"@type":"ReadAction","target":["https:\/\/president-ksgov.net\/en\/president-thaci-received-mep-ms-ulrike-lunacek-eu-must-not-be-late-with-kosovo-and-the-region\/"]}]},{"@type":"ImageObject","inLanguage":"en-US","@id":"https:\/\/president-ksgov.net\/en\/president-thaci-received-mep-ms-ulrike-lunacek-eu-must-not-be-late-with-kosovo-and-the-region\/#primaryimage","url":"https:\/\/president-ksgov.net\/wp-content\/uploads\/10_11_2016_8447787_DSC_9934-scaled.jpg","contentUrl":"https:\/\/president-ksgov.net\/wp-content\/uploads\/10_11_2016_8447787_DSC_9934-scaled.jpg","width":2560,"height":1705},{"@type":"BreadcrumbList","@id":"https:\/\/president-ksgov.net\/en\/president-thaci-received-mep-ms-ulrike-lunacek-eu-must-not-be-late-with-kosovo-and-the-region\/#breadcrumb","itemListElement":[{"@type":"ListItem","position":1,"name":"Home","item":"https:\/\/president-ksgov.net\/en\/"},{"@type":"ListItem","position":2,"name":"President Tha\u00e7i received MEP Ms. Ulrike Lunacek: EU must not be late with Kosovo and the region!"}]},{"@type":"WebSite","@id":"https:\/\/president-ksgov.net\/#website","url":"https:\/\/president-ksgov.net\/","name":"Presidente e Republik\u00ebs s\u00eb Kosov\u00ebs","description":"Presidente e Republik\u00ebs s\u00eb Kosov\u00ebs","alternateName":"DR. VJOSA OSMANI - SADRIU","potentialAction":[{"@type":"SearchAction","target":{"@type":"EntryPoint","urlTemplate":"https:\/\/president-ksgov.net\/?s={search_term_string}"},"query-input":{"@type":"PropertyValueSpecification","valueRequired":true,"valueName":"search_term_string"}}],"inLanguage":"en-US"},{"@type":"Person","@id":"https:\/\/president-ksgov.net\/#\/schema\/person\/bb4337a5fb147cb2046d80548172cbee","name":"admin","image":{"@type":"ImageObject","inLanguage":"en-US","@id":"https:\/\/president-ksgov.net\/#\/schema\/person\/image\/","url":"https:\/\/secure.gravatar.com\/avatar\/36156ca0fa3b8d9d25174f146e16beea0cf28f37adf1b9e19b6c9c279a7c9dd3?s=96&d=mm&r=g","contentUrl":"https:\/\/secure.gravatar.com\/avatar\/36156ca0fa3b8d9d25174f146e16beea0cf28f37adf1b9e19b6c9c279a7c9dd3?s=96&d=mm&r=g","caption":"admin"},"sameAs":["https:\/\/president-ksgov.net"]}]}},"_links":{"self":[{"href":"https:\/\/president-ksgov.net\/en\/wp-json\/wp\/v2\/posts\/69001","targetHints":{"allow":["GET"]}}],"collection":[{"href":"https:\/\/president-ksgov.net\/en\/wp-json\/wp\/v2\/posts"}],"about":[{"href":"https:\/\/president-ksgov.net\/en\/wp-json\/wp\/v2\/types\/post"}],"author":[{"embeddable":true,"href":"https:\/\/president-ksgov.net\/en\/wp-json\/wp\/v2\/users\/1"}],"replies":[{"embeddable":true,"href":"https:\/\/president-ksgov.net\/en\/wp-json\/wp\/v2\/comments?post=69001"}],"version-history":[{"count":0,"href":"https:\/\/president-ksgov.net\/en\/wp-json\/wp\/v2\/posts\/69001\/revisions"}],"wp:featuredmedia":[{"embeddable":true,"href":"https:\/\/president-ksgov.net\/en\/wp-json\/wp\/v2\/media\/32541"}],"wp:attachment":[{"href":"https:\/\/president-ksgov.net\/en\/wp-json\/wp\/v2\/media?parent=69001"}],"wp:term":[{"taxonomy":"category","embeddable":true,"href":"https:\/\/president-ksgov.net\/en\/wp-json\/wp\/v2\/categories?post=69001"},{"taxonomy":"post_tag","embeddable":true,"href":"https:\/\/president-ksgov.net\/en\/wp-json\/wp\/v2\/tags?post=69001"}],"curies":[{"name":"wp","href":"https:\/\/api.w.org\/{rel}","templated":true}]}}