{"id":68990,"date":"2016-11-14T16:29:32","date_gmt":"2016-11-14T16:29:32","guid":{"rendered":"https:\/\/dev.president-ksgov.net\/the-president-decorated-general-reinhardt-with-the-military-medal-for-service-in-kosovo\/"},"modified":"2023-03-07T09:48:34","modified_gmt":"2023-03-07T09:48:34","slug":"the-president-decorated-general-reinhardt-with-the-military-medal-for-service-in-kosovo","status":"publish","type":"post","link":"https:\/\/president-ksgov.net\/en\/the-president-decorated-general-reinhardt-with-the-military-medal-for-service-in-kosovo\/","title":{"rendered":"The President decorated General Reinhardt with the Military Medal for Service in Kosovo"},"content":{"rendered":"<p>Prishtina, November 14 &#8211; The President of the country, Hashim Tha\u00e7i, has decorated today former KFOR Commander, Klaus Reinhardt, with the Military Medal for Service in Kosovo.<\/p>\n<p>President Tha\u00e7i has said that General Reinhardt is a man of peace, security and stability in postwar Kosovo.<br \/>\n\u00a0<br \/>\n&#8220;General Reinhardt is the General of peace, stability and joint commencement of the building of the new institutions in Kosovo&#8221;, said President Tha\u00e7i.<br \/>\n\u00a0<br \/>\nOn the other hand, the former KFOR commander, Klaus Reinhardt, said he was very proud and excited about the granting of this medal to him, which he said he has never expected.<br \/>\n\u00a0<br \/>\n&#8220;I was here 17 years ago. At that time there was nothing, not a single school, no hospital, chaos. Now, after 17 years, I see the radical changes. I am very proud to have helped somehow to this. I am very proud to have worked with you. You have done a great job in the promotion of Kosovo&#8221;, said General Reinhardt.<br \/>\n\u00a0<br \/>\nAccording to General Reinhardt, Kosovo has been a totally different place and it had to be reorganized.<br \/>\n\u00a0<br \/>\n&#8220;At that time, we have built a government with the current President of Kosovo. If today we see where your country stands, a very big progress ahead has been made. You have achieved that from a part of Serbia to build a functioning state. It functions, because you have a President, who, along with the others, have worked and have never surrendered to push things forward&#8221;, said General Reinhardt.<br \/>\n\u00a0<br \/>\nPresident Tha\u00e7i has thanked General Reinhardt for his utmost and historical commitment for peace in the country, for the construction of a multiethnic society and the integration of everyone in the institutions of the country.<\/p>\n","protected":false},"excerpt":{"rendered":"<p>Prishtina, November 14 &#8211; The President of the country, Hashim Tha\u00e7i, has decorated today former KFOR Commander, Klaus Reinhardt, with the Military Medal for Service in Kosovo.<\/p>\n","protected":false},"author":1,"featured_media":32464,"comment_status":"open","ping_status":"closed","sticky":false,"template":"","format":"standard","meta":{"_eb_attr":"","footnotes":""},"categories":[111],"tags":[],"class_list":["post-68990","post","type-post","status-publish","format-standard","has-post-thumbnail","hentry","category-news"],"yoast_head":"<!-- This site is optimized with the Yoast SEO plugin v23.5 - https:\/\/yoast.com\/wordpress\/plugins\/seo\/ -->\n<title>The President decorated General Reinhardt with the Military Medal for Service in Kosovo - President of the Republic of Kosovo - DR. VJOSA OSMANI - SADRIU<\/title>\n<meta name=\"description\" content=\"The President decorated General Reinhardt with the Military Medal for Service in Kosovo - President of the Republic of Kosovo - DR. VJOSA OSMANI - SADRIU -\" \/>\n<meta name=\"robots\" content=\"index, follow, max-snippet:-1, max-image-preview:large, max-video-preview:-1\" \/>\n<link rel=\"canonical\" href=\"https:\/\/president-ksgov.net\/presidenti-dekoroi-gjeneralin-reinhardt-me-medaljen-ushtarake-per-sherbim-ne-kosove\/\" \/>\n<meta property=\"og:locale\" content=\"en_US\" \/>\n<meta property=\"og:type\" content=\"article\" \/>\n<meta property=\"og:title\" content=\"The President decorated General Reinhardt with the Military Medal for Service in Kosovo - President of the Republic of Kosovo - DR. VJOSA OSMANI - SADRIU\" \/>\n<meta property=\"og:description\" content=\"The President decorated General Reinhardt with the Military Medal for Service in Kosovo - President of the Republic of Kosovo - DR. VJOSA OSMANI - SADRIU -\" \/>\n<meta property=\"og:url\" content=\"https:\/\/president-ksgov.net\/presidenti-dekoroi-gjeneralin-reinhardt-me-medaljen-ushtarake-per-sherbim-ne-kosove\/\" \/>\n<meta property=\"og:site_name\" content=\"President of the Republic of Kosovo - DR. VJOSA OSMANI - SADRIU\" \/>\n<meta property=\"article:published_time\" content=\"2016-11-14T16:29:32+00:00\" \/>\n<meta property=\"article:modified_time\" content=\"2023-03-07T09:48:34+00:00\" \/>\n<meta property=\"og:image\" content=\"https:\/\/president-ksgov.net\/wp-content\/uploads\/14_11_2016_4910616_DSC_0311-scaled.jpg\" \/>\n\t<meta property=\"og:image:width\" content=\"2560\" \/>\n\t<meta property=\"og:image:height\" content=\"1705\" \/>\n\t<meta property=\"og:image:type\" content=\"image\/jpeg\" \/>\n<meta name=\"author\" content=\"admin\" \/>\n<meta name=\"twitter:card\" content=\"summary_large_image\" \/>\n<meta name=\"twitter:label1\" content=\"Written by\" \/>\n\t<meta name=\"twitter:data1\" content=\"admin\" \/>\n\t<meta name=\"twitter:label2\" content=\"Est. reading time\" \/>\n\t<meta name=\"twitter:data2\" content=\"1 minute\" \/>\n<script type=\"application\/ld+json\" class=\"yoast-schema-graph\">{\"@context\":\"https:\/\/schema.org\",\"@graph\":[{\"@type\":\"WebPage\",\"@id\":\"https:\/\/president-ksgov.net\/presidenti-dekoroi-gjeneralin-reinhardt-me-medaljen-ushtarake-per-sherbim-ne-kosove\/\",\"url\":\"https:\/\/president-ksgov.net\/presidenti-dekoroi-gjeneralin-reinhardt-me-medaljen-ushtarake-per-sherbim-ne-kosove\/\",\"name\":\"The President decorated General Reinhardt with the Military Medal for Service in Kosovo - President of the Republic of Kosovo - DR. VJOSA OSMANI - SADRIU\",\"isPartOf\":{\"@id\":\"https:\/\/president-ksgov.net\/#website\"},\"primaryImageOfPage\":{\"@id\":\"https:\/\/president-ksgov.net\/presidenti-dekoroi-gjeneralin-reinhardt-me-medaljen-ushtarake-per-sherbim-ne-kosove\/#primaryimage\"},\"image\":{\"@id\":\"https:\/\/president-ksgov.net\/presidenti-dekoroi-gjeneralin-reinhardt-me-medaljen-ushtarake-per-sherbim-ne-kosove\/#primaryimage\"},\"thumbnailUrl\":\"https:\/\/president-ksgov.net\/wp-content\/uploads\/14_11_2016_4910616_DSC_0311-scaled.jpg\",\"datePublished\":\"2016-11-14T16:29:32+00:00\",\"dateModified\":\"2023-03-07T09:48:34+00:00\",\"author\":{\"@id\":\"https:\/\/president-ksgov.net\/#\/schema\/person\/bb4337a5fb147cb2046d80548172cbee\"},\"description\":\"The President decorated General Reinhardt with the Military Medal for Service in Kosovo - President of the Republic of Kosovo - DR. VJOSA OSMANI - SADRIU -\",\"breadcrumb\":{\"@id\":\"https:\/\/president-ksgov.net\/presidenti-dekoroi-gjeneralin-reinhardt-me-medaljen-ushtarake-per-sherbim-ne-kosove\/#breadcrumb\"},\"inLanguage\":\"en-US\",\"potentialAction\":[{\"@type\":\"ReadAction\",\"target\":[\"https:\/\/president-ksgov.net\/presidenti-dekoroi-gjeneralin-reinhardt-me-medaljen-ushtarake-per-sherbim-ne-kosove\/\"]}]},{\"@type\":\"ImageObject\",\"inLanguage\":\"en-US\",\"@id\":\"https:\/\/president-ksgov.net\/presidenti-dekoroi-gjeneralin-reinhardt-me-medaljen-ushtarake-per-sherbim-ne-kosove\/#primaryimage\",\"url\":\"https:\/\/president-ksgov.net\/wp-content\/uploads\/14_11_2016_4910616_DSC_0311-scaled.jpg\",\"contentUrl\":\"https:\/\/president-ksgov.net\/wp-content\/uploads\/14_11_2016_4910616_DSC_0311-scaled.jpg\",\"width\":2560,\"height\":1705},{\"@type\":\"BreadcrumbList\",\"@id\":\"https:\/\/president-ksgov.net\/presidenti-dekoroi-gjeneralin-reinhardt-me-medaljen-ushtarake-per-sherbim-ne-kosove\/#breadcrumb\",\"itemListElement\":[{\"@type\":\"ListItem\",\"position\":1,\"name\":\"Home\",\"item\":\"https:\/\/president-ksgov.net\/en\/\"},{\"@type\":\"ListItem\",\"position\":2,\"name\":\"The President decorated General Reinhardt with the Military Medal for Service in Kosovo\"}]},{\"@type\":\"WebSite\",\"@id\":\"https:\/\/president-ksgov.net\/#website\",\"url\":\"https:\/\/president-ksgov.net\/\",\"name\":\"Presidente e Republik\u00ebs s\u00eb Kosov\u00ebs\",\"description\":\"Presidente e Republik\u00ebs s\u00eb Kosov\u00ebs\",\"alternateName\":\"DR. VJOSA OSMANI - SADRIU\",\"potentialAction\":[{\"@type\":\"SearchAction\",\"target\":{\"@type\":\"EntryPoint\",\"urlTemplate\":\"https:\/\/president-ksgov.net\/?s={search_term_string}\"},\"query-input\":{\"@type\":\"PropertyValueSpecification\",\"valueRequired\":true,\"valueName\":\"search_term_string\"}}],\"inLanguage\":\"en-US\"},{\"@type\":\"Person\",\"@id\":\"https:\/\/president-ksgov.net\/#\/schema\/person\/bb4337a5fb147cb2046d80548172cbee\",\"name\":\"admin\",\"image\":{\"@type\":\"ImageObject\",\"inLanguage\":\"en-US\",\"@id\":\"https:\/\/president-ksgov.net\/#\/schema\/person\/image\/\",\"url\":\"https:\/\/secure.gravatar.com\/avatar\/36156ca0fa3b8d9d25174f146e16beea0cf28f37adf1b9e19b6c9c279a7c9dd3?s=96&d=mm&r=g\",\"contentUrl\":\"https:\/\/secure.gravatar.com\/avatar\/36156ca0fa3b8d9d25174f146e16beea0cf28f37adf1b9e19b6c9c279a7c9dd3?s=96&d=mm&r=g\",\"caption\":\"admin\"},\"sameAs\":[\"https:\/\/president-ksgov.net\"]}]}<\/script>\n<!-- \/ Yoast SEO plugin. -->","yoast_head_json":{"title":"The President decorated General Reinhardt with the Military Medal for Service in Kosovo - President of the Republic of Kosovo - DR. VJOSA OSMANI - SADRIU","description":"The President decorated General Reinhardt with the Military Medal for Service in Kosovo - President of the Republic of Kosovo - DR. VJOSA OSMANI - SADRIU -","robots":{"index":"index","follow":"follow","max-snippet":"max-snippet:-1","max-image-preview":"max-image-preview:large","max-video-preview":"max-video-preview:-1"},"canonical":"https:\/\/president-ksgov.net\/presidenti-dekoroi-gjeneralin-reinhardt-me-medaljen-ushtarake-per-sherbim-ne-kosove\/","og_locale":"en_US","og_type":"article","og_title":"The President decorated General Reinhardt with the Military Medal for Service in Kosovo - President of the Republic of Kosovo - DR. VJOSA OSMANI - SADRIU","og_description":"The President decorated General Reinhardt with the Military Medal for Service in Kosovo - President of the Republic of Kosovo - DR. VJOSA OSMANI - SADRIU -","og_url":"https:\/\/president-ksgov.net\/presidenti-dekoroi-gjeneralin-reinhardt-me-medaljen-ushtarake-per-sherbim-ne-kosove\/","og_site_name":"President of the Republic of Kosovo - DR. VJOSA OSMANI - SADRIU","article_published_time":"2016-11-14T16:29:32+00:00","article_modified_time":"2023-03-07T09:48:34+00:00","og_image":[{"width":2560,"height":1705,"url":"https:\/\/president-ksgov.net\/wp-content\/uploads\/14_11_2016_4910616_DSC_0311-scaled.jpg","type":"image\/jpeg"}],"author":"admin","twitter_card":"summary_large_image","twitter_misc":{"Written by":"admin","Est. reading time":"1 minute"},"schema":{"@context":"https:\/\/schema.org","@graph":[{"@type":"WebPage","@id":"https:\/\/president-ksgov.net\/presidenti-dekoroi-gjeneralin-reinhardt-me-medaljen-ushtarake-per-sherbim-ne-kosove\/","url":"https:\/\/president-ksgov.net\/presidenti-dekoroi-gjeneralin-reinhardt-me-medaljen-ushtarake-per-sherbim-ne-kosove\/","name":"The President decorated General Reinhardt with the Military Medal for Service in Kosovo - President of the Republic of Kosovo - DR. VJOSA OSMANI - SADRIU","isPartOf":{"@id":"https:\/\/president-ksgov.net\/#website"},"primaryImageOfPage":{"@id":"https:\/\/president-ksgov.net\/presidenti-dekoroi-gjeneralin-reinhardt-me-medaljen-ushtarake-per-sherbim-ne-kosove\/#primaryimage"},"image":{"@id":"https:\/\/president-ksgov.net\/presidenti-dekoroi-gjeneralin-reinhardt-me-medaljen-ushtarake-per-sherbim-ne-kosove\/#primaryimage"},"thumbnailUrl":"https:\/\/president-ksgov.net\/wp-content\/uploads\/14_11_2016_4910616_DSC_0311-scaled.jpg","datePublished":"2016-11-14T16:29:32+00:00","dateModified":"2023-03-07T09:48:34+00:00","author":{"@id":"https:\/\/president-ksgov.net\/#\/schema\/person\/bb4337a5fb147cb2046d80548172cbee"},"description":"The President decorated General Reinhardt with the Military Medal for Service in Kosovo - President of the Republic of Kosovo - DR. VJOSA OSMANI - SADRIU -","breadcrumb":{"@id":"https:\/\/president-ksgov.net\/presidenti-dekoroi-gjeneralin-reinhardt-me-medaljen-ushtarake-per-sherbim-ne-kosove\/#breadcrumb"},"inLanguage":"en-US","potentialAction":[{"@type":"ReadAction","target":["https:\/\/president-ksgov.net\/presidenti-dekoroi-gjeneralin-reinhardt-me-medaljen-ushtarake-per-sherbim-ne-kosove\/"]}]},{"@type":"ImageObject","inLanguage":"en-US","@id":"https:\/\/president-ksgov.net\/presidenti-dekoroi-gjeneralin-reinhardt-me-medaljen-ushtarake-per-sherbim-ne-kosove\/#primaryimage","url":"https:\/\/president-ksgov.net\/wp-content\/uploads\/14_11_2016_4910616_DSC_0311-scaled.jpg","contentUrl":"https:\/\/president-ksgov.net\/wp-content\/uploads\/14_11_2016_4910616_DSC_0311-scaled.jpg","width":2560,"height":1705},{"@type":"BreadcrumbList","@id":"https:\/\/president-ksgov.net\/presidenti-dekoroi-gjeneralin-reinhardt-me-medaljen-ushtarake-per-sherbim-ne-kosove\/#breadcrumb","itemListElement":[{"@type":"ListItem","position":1,"name":"Home","item":"https:\/\/president-ksgov.net\/en\/"},{"@type":"ListItem","position":2,"name":"The President decorated General Reinhardt with the Military Medal for Service in Kosovo"}]},{"@type":"WebSite","@id":"https:\/\/president-ksgov.net\/#website","url":"https:\/\/president-ksgov.net\/","name":"Presidente e Republik\u00ebs s\u00eb Kosov\u00ebs","description":"Presidente e Republik\u00ebs s\u00eb Kosov\u00ebs","alternateName":"DR. VJOSA OSMANI - SADRIU","potentialAction":[{"@type":"SearchAction","target":{"@type":"EntryPoint","urlTemplate":"https:\/\/president-ksgov.net\/?s={search_term_string}"},"query-input":{"@type":"PropertyValueSpecification","valueRequired":true,"valueName":"search_term_string"}}],"inLanguage":"en-US"},{"@type":"Person","@id":"https:\/\/president-ksgov.net\/#\/schema\/person\/bb4337a5fb147cb2046d80548172cbee","name":"admin","image":{"@type":"ImageObject","inLanguage":"en-US","@id":"https:\/\/president-ksgov.net\/#\/schema\/person\/image\/","url":"https:\/\/secure.gravatar.com\/avatar\/36156ca0fa3b8d9d25174f146e16beea0cf28f37adf1b9e19b6c9c279a7c9dd3?s=96&d=mm&r=g","contentUrl":"https:\/\/secure.gravatar.com\/avatar\/36156ca0fa3b8d9d25174f146e16beea0cf28f37adf1b9e19b6c9c279a7c9dd3?s=96&d=mm&r=g","caption":"admin"},"sameAs":["https:\/\/president-ksgov.net"]}]}},"_links":{"self":[{"href":"https:\/\/president-ksgov.net\/en\/wp-json\/wp\/v2\/posts\/68990","targetHints":{"allow":["GET"]}}],"collection":[{"href":"https:\/\/president-ksgov.net\/en\/wp-json\/wp\/v2\/posts"}],"about":[{"href":"https:\/\/president-ksgov.net\/en\/wp-json\/wp\/v2\/types\/post"}],"author":[{"embeddable":true,"href":"https:\/\/president-ksgov.net\/en\/wp-json\/wp\/v2\/users\/1"}],"replies":[{"embeddable":true,"href":"https:\/\/president-ksgov.net\/en\/wp-json\/wp\/v2\/comments?post=68990"}],"version-history":[{"count":0,"href":"https:\/\/president-ksgov.net\/en\/wp-json\/wp\/v2\/posts\/68990\/revisions"}],"wp:featuredmedia":[{"embeddable":true,"href":"https:\/\/president-ksgov.net\/en\/wp-json\/wp\/v2\/media\/32464"}],"wp:attachment":[{"href":"https:\/\/president-ksgov.net\/en\/wp-json\/wp\/v2\/media?parent=68990"}],"wp:term":[{"taxonomy":"category","embeddable":true,"href":"https:\/\/president-ksgov.net\/en\/wp-json\/wp\/v2\/categories?post=68990"},{"taxonomy":"post_tag","embeddable":true,"href":"https:\/\/president-ksgov.net\/en\/wp-json\/wp\/v2\/tags?post=68990"}],"curies":[{"name":"wp","href":"https:\/\/api.w.org\/{rel}","templated":true}]}}