{"id":68989,"date":"2016-11-15T11:49:23","date_gmt":"2016-11-15T11:49:23","guid":{"rendered":"https:\/\/dev.president-ksgov.net\/the-president-an-empowerment-of-trade-exchanges-between-kosovo-and-albania-is-needed\/"},"modified":"2023-03-07T09:47:58","modified_gmt":"2023-03-07T09:47:58","slug":"the-president-an-empowerment-of-trade-exchanges-between-kosovo-and-albania-is-needed","status":"publish","type":"post","link":"https:\/\/president-ksgov.net\/en\/the-president-an-empowerment-of-trade-exchanges-between-kosovo-and-albania-is-needed\/","title":{"rendered":"The President: An empowerment of trade exchanges between Kosovo and Albania is needed"},"content":{"rendered":"<p>Prishtina, November 15 &#8211; The President of the Republic of Kosovo, Hashim Tha\u00e7i, received today the Mayor of the Municipality of Saranda, Florjana Koka, together with the Ambassador of Albania, Qemal Minxhozi, and a group of representatives of various businesses from Albania.<\/p>\n<p>The President thanked Mayor Koka for the cordial and traditional hospitality to the tourists from Kosovo. Tha\u00e7i said that the strategic cooperation between the two countries must be more dynamic in other fields as well.<\/p>\n<p>&#8220;Albania is our natural strategic partner. I want to see more businesses from Albania in Kosovo and vice versa. We need a new dynamic in trade exchanges&#8221;, said the President.<\/p>\n<p>He has encouraged all business representatives to invest in Kosovo in various sectors, thus contributing to economic development, both in Albania and in Kosovo.<\/p>\n<p>On the other hand, the Mayor of Saranda, Florjana Koka, expressed gratitude to the citizens of Kosovo who again this year have spent their holidays on the Albanian coast. <\/p>\n<p>&#8220;We want to strengthen the economic exchanges with Kosovo, therefore we have brought business representatives from Saranda, who have brought their own products with them&#8221;, she said.<\/p>\n<p>Mayor Koka said that it is also important that from this visit to encourage businesses from Kosovo to invest in Albania. <\/p>\n<p>At the end, the Mayor of Saranda has gifted President Tha\u00e7i an olive tree. &#8220;This is a noble plant and a plant of peace. You represent the same features&#8221;, she said, handing the President the gifted olive plant.<\/p>\n","protected":false},"excerpt":{"rendered":"<p>Prishtina, November 15 &#8211; The President of the Republic of Kosovo, Hashim Tha\u00e7i, received today the Mayor of the Municipality of Saranda, Florjana Koka, together with the Ambassador of Albania, Qemal Minxhozi, and a group of representatives of various businesses from Albania.<\/p>\n","protected":false},"author":1,"featured_media":32451,"comment_status":"open","ping_status":"closed","sticky":false,"template":"","format":"standard","meta":{"_eb_attr":"","footnotes":""},"categories":[111],"tags":[],"class_list":["post-68989","post","type-post","status-publish","format-standard","has-post-thumbnail","hentry","category-news"],"yoast_head":"<!-- This site is optimized with the Yoast SEO plugin v23.5 - https:\/\/yoast.com\/wordpress\/plugins\/seo\/ -->\n<title>The President: An empowerment of trade exchanges between Kosovo and Albania is needed - President of the Republic of Kosovo - DR. VJOSA OSMANI - SADRIU<\/title>\n<meta name=\"description\" content=\"The President: An empowerment of trade exchanges between Kosovo and Albania is needed - President of the Republic of Kosovo - DR. VJOSA OSMANI - SADRIU -\" \/>\n<meta name=\"robots\" content=\"index, follow, max-snippet:-1, max-image-preview:large, max-video-preview:-1\" \/>\n<link rel=\"canonical\" href=\"https:\/\/president-ksgov.net\/presidenti-duhet-nje-fuqizim-i-shkembimeve-tregtare-mes-kosoves-dhe-shqiperise\/\" \/>\n<meta property=\"og:locale\" content=\"en_US\" \/>\n<meta property=\"og:type\" content=\"article\" \/>\n<meta property=\"og:title\" content=\"The President: An empowerment of trade exchanges between Kosovo and Albania is needed - President of the Republic of Kosovo - DR. VJOSA OSMANI - SADRIU\" \/>\n<meta property=\"og:description\" content=\"The President: An empowerment of trade exchanges between Kosovo and Albania is needed - President of the Republic of Kosovo - DR. VJOSA OSMANI - SADRIU -\" \/>\n<meta property=\"og:url\" content=\"https:\/\/president-ksgov.net\/presidenti-duhet-nje-fuqizim-i-shkembimeve-tregtare-mes-kosoves-dhe-shqiperise\/\" \/>\n<meta property=\"og:site_name\" content=\"President of the Republic of Kosovo - DR. VJOSA OSMANI - SADRIU\" \/>\n<meta property=\"article:published_time\" content=\"2016-11-15T11:49:23+00:00\" \/>\n<meta property=\"article:modified_time\" content=\"2023-03-07T09:47:58+00:00\" \/>\n<meta property=\"og:image\" content=\"https:\/\/president-ksgov.net\/wp-content\/uploads\/15_11_2016_1135730_DSC_0417-scaled.jpg\" \/>\n\t<meta property=\"og:image:width\" content=\"2560\" \/>\n\t<meta property=\"og:image:height\" content=\"1705\" \/>\n\t<meta property=\"og:image:type\" content=\"image\/jpeg\" \/>\n<meta name=\"author\" content=\"admin\" \/>\n<meta name=\"twitter:card\" content=\"summary_large_image\" \/>\n<meta name=\"twitter:label1\" content=\"Written by\" \/>\n\t<meta name=\"twitter:data1\" content=\"admin\" \/>\n\t<meta name=\"twitter:label2\" content=\"Est. reading time\" \/>\n\t<meta name=\"twitter:data2\" content=\"1 minute\" \/>\n<script type=\"application\/ld+json\" class=\"yoast-schema-graph\">{\"@context\":\"https:\/\/schema.org\",\"@graph\":[{\"@type\":\"WebPage\",\"@id\":\"https:\/\/president-ksgov.net\/presidenti-duhet-nje-fuqizim-i-shkembimeve-tregtare-mes-kosoves-dhe-shqiperise\/\",\"url\":\"https:\/\/president-ksgov.net\/presidenti-duhet-nje-fuqizim-i-shkembimeve-tregtare-mes-kosoves-dhe-shqiperise\/\",\"name\":\"The President: An empowerment of trade exchanges between Kosovo and Albania is needed - President of the Republic of Kosovo - DR. VJOSA OSMANI - SADRIU\",\"isPartOf\":{\"@id\":\"https:\/\/president-ksgov.net\/#website\"},\"primaryImageOfPage\":{\"@id\":\"https:\/\/president-ksgov.net\/presidenti-duhet-nje-fuqizim-i-shkembimeve-tregtare-mes-kosoves-dhe-shqiperise\/#primaryimage\"},\"image\":{\"@id\":\"https:\/\/president-ksgov.net\/presidenti-duhet-nje-fuqizim-i-shkembimeve-tregtare-mes-kosoves-dhe-shqiperise\/#primaryimage\"},\"thumbnailUrl\":\"https:\/\/president-ksgov.net\/wp-content\/uploads\/15_11_2016_1135730_DSC_0417-scaled.jpg\",\"datePublished\":\"2016-11-15T11:49:23+00:00\",\"dateModified\":\"2023-03-07T09:47:58+00:00\",\"author\":{\"@id\":\"https:\/\/president-ksgov.net\/#\/schema\/person\/bb4337a5fb147cb2046d80548172cbee\"},\"description\":\"The President: An empowerment of trade exchanges between Kosovo and Albania is needed - President of the Republic of Kosovo - DR. VJOSA OSMANI - SADRIU -\",\"breadcrumb\":{\"@id\":\"https:\/\/president-ksgov.net\/presidenti-duhet-nje-fuqizim-i-shkembimeve-tregtare-mes-kosoves-dhe-shqiperise\/#breadcrumb\"},\"inLanguage\":\"en-US\",\"potentialAction\":[{\"@type\":\"ReadAction\",\"target\":[\"https:\/\/president-ksgov.net\/presidenti-duhet-nje-fuqizim-i-shkembimeve-tregtare-mes-kosoves-dhe-shqiperise\/\"]}]},{\"@type\":\"ImageObject\",\"inLanguage\":\"en-US\",\"@id\":\"https:\/\/president-ksgov.net\/presidenti-duhet-nje-fuqizim-i-shkembimeve-tregtare-mes-kosoves-dhe-shqiperise\/#primaryimage\",\"url\":\"https:\/\/president-ksgov.net\/wp-content\/uploads\/15_11_2016_1135730_DSC_0417-scaled.jpg\",\"contentUrl\":\"https:\/\/president-ksgov.net\/wp-content\/uploads\/15_11_2016_1135730_DSC_0417-scaled.jpg\",\"width\":2560,\"height\":1705},{\"@type\":\"BreadcrumbList\",\"@id\":\"https:\/\/president-ksgov.net\/presidenti-duhet-nje-fuqizim-i-shkembimeve-tregtare-mes-kosoves-dhe-shqiperise\/#breadcrumb\",\"itemListElement\":[{\"@type\":\"ListItem\",\"position\":1,\"name\":\"Home\",\"item\":\"https:\/\/president-ksgov.net\/en\/\"},{\"@type\":\"ListItem\",\"position\":2,\"name\":\"The President: An empowerment of trade exchanges between Kosovo and Albania is needed\"}]},{\"@type\":\"WebSite\",\"@id\":\"https:\/\/president-ksgov.net\/#website\",\"url\":\"https:\/\/president-ksgov.net\/\",\"name\":\"Presidente e Republik\u00ebs s\u00eb Kosov\u00ebs\",\"description\":\"Presidente e Republik\u00ebs s\u00eb Kosov\u00ebs\",\"alternateName\":\"DR. VJOSA OSMANI - SADRIU\",\"potentialAction\":[{\"@type\":\"SearchAction\",\"target\":{\"@type\":\"EntryPoint\",\"urlTemplate\":\"https:\/\/president-ksgov.net\/?s={search_term_string}\"},\"query-input\":{\"@type\":\"PropertyValueSpecification\",\"valueRequired\":true,\"valueName\":\"search_term_string\"}}],\"inLanguage\":\"en-US\"},{\"@type\":\"Person\",\"@id\":\"https:\/\/president-ksgov.net\/#\/schema\/person\/bb4337a5fb147cb2046d80548172cbee\",\"name\":\"admin\",\"image\":{\"@type\":\"ImageObject\",\"inLanguage\":\"en-US\",\"@id\":\"https:\/\/president-ksgov.net\/#\/schema\/person\/image\/\",\"url\":\"https:\/\/secure.gravatar.com\/avatar\/36156ca0fa3b8d9d25174f146e16beea0cf28f37adf1b9e19b6c9c279a7c9dd3?s=96&d=mm&r=g\",\"contentUrl\":\"https:\/\/secure.gravatar.com\/avatar\/36156ca0fa3b8d9d25174f146e16beea0cf28f37adf1b9e19b6c9c279a7c9dd3?s=96&d=mm&r=g\",\"caption\":\"admin\"},\"sameAs\":[\"https:\/\/president-ksgov.net\"]}]}<\/script>\n<!-- \/ Yoast SEO plugin. -->","yoast_head_json":{"title":"The President: An empowerment of trade exchanges between Kosovo and Albania is needed - President of the Republic of Kosovo - DR. VJOSA OSMANI - SADRIU","description":"The President: An empowerment of trade exchanges between Kosovo and Albania is needed - President of the Republic of Kosovo - DR. VJOSA OSMANI - SADRIU -","robots":{"index":"index","follow":"follow","max-snippet":"max-snippet:-1","max-image-preview":"max-image-preview:large","max-video-preview":"max-video-preview:-1"},"canonical":"https:\/\/president-ksgov.net\/presidenti-duhet-nje-fuqizim-i-shkembimeve-tregtare-mes-kosoves-dhe-shqiperise\/","og_locale":"en_US","og_type":"article","og_title":"The President: An empowerment of trade exchanges between Kosovo and Albania is needed - President of the Republic of Kosovo - DR. VJOSA OSMANI - SADRIU","og_description":"The President: An empowerment of trade exchanges between Kosovo and Albania is needed - President of the Republic of Kosovo - DR. VJOSA OSMANI - SADRIU -","og_url":"https:\/\/president-ksgov.net\/presidenti-duhet-nje-fuqizim-i-shkembimeve-tregtare-mes-kosoves-dhe-shqiperise\/","og_site_name":"President of the Republic of Kosovo - DR. VJOSA OSMANI - SADRIU","article_published_time":"2016-11-15T11:49:23+00:00","article_modified_time":"2023-03-07T09:47:58+00:00","og_image":[{"width":2560,"height":1705,"url":"https:\/\/president-ksgov.net\/wp-content\/uploads\/15_11_2016_1135730_DSC_0417-scaled.jpg","type":"image\/jpeg"}],"author":"admin","twitter_card":"summary_large_image","twitter_misc":{"Written by":"admin","Est. reading time":"1 minute"},"schema":{"@context":"https:\/\/schema.org","@graph":[{"@type":"WebPage","@id":"https:\/\/president-ksgov.net\/presidenti-duhet-nje-fuqizim-i-shkembimeve-tregtare-mes-kosoves-dhe-shqiperise\/","url":"https:\/\/president-ksgov.net\/presidenti-duhet-nje-fuqizim-i-shkembimeve-tregtare-mes-kosoves-dhe-shqiperise\/","name":"The President: An empowerment of trade exchanges between Kosovo and Albania is needed - President of the Republic of Kosovo - DR. VJOSA OSMANI - SADRIU","isPartOf":{"@id":"https:\/\/president-ksgov.net\/#website"},"primaryImageOfPage":{"@id":"https:\/\/president-ksgov.net\/presidenti-duhet-nje-fuqizim-i-shkembimeve-tregtare-mes-kosoves-dhe-shqiperise\/#primaryimage"},"image":{"@id":"https:\/\/president-ksgov.net\/presidenti-duhet-nje-fuqizim-i-shkembimeve-tregtare-mes-kosoves-dhe-shqiperise\/#primaryimage"},"thumbnailUrl":"https:\/\/president-ksgov.net\/wp-content\/uploads\/15_11_2016_1135730_DSC_0417-scaled.jpg","datePublished":"2016-11-15T11:49:23+00:00","dateModified":"2023-03-07T09:47:58+00:00","author":{"@id":"https:\/\/president-ksgov.net\/#\/schema\/person\/bb4337a5fb147cb2046d80548172cbee"},"description":"The President: An empowerment of trade exchanges between Kosovo and Albania is needed - President of the Republic of Kosovo - DR. VJOSA OSMANI - SADRIU -","breadcrumb":{"@id":"https:\/\/president-ksgov.net\/presidenti-duhet-nje-fuqizim-i-shkembimeve-tregtare-mes-kosoves-dhe-shqiperise\/#breadcrumb"},"inLanguage":"en-US","potentialAction":[{"@type":"ReadAction","target":["https:\/\/president-ksgov.net\/presidenti-duhet-nje-fuqizim-i-shkembimeve-tregtare-mes-kosoves-dhe-shqiperise\/"]}]},{"@type":"ImageObject","inLanguage":"en-US","@id":"https:\/\/president-ksgov.net\/presidenti-duhet-nje-fuqizim-i-shkembimeve-tregtare-mes-kosoves-dhe-shqiperise\/#primaryimage","url":"https:\/\/president-ksgov.net\/wp-content\/uploads\/15_11_2016_1135730_DSC_0417-scaled.jpg","contentUrl":"https:\/\/president-ksgov.net\/wp-content\/uploads\/15_11_2016_1135730_DSC_0417-scaled.jpg","width":2560,"height":1705},{"@type":"BreadcrumbList","@id":"https:\/\/president-ksgov.net\/presidenti-duhet-nje-fuqizim-i-shkembimeve-tregtare-mes-kosoves-dhe-shqiperise\/#breadcrumb","itemListElement":[{"@type":"ListItem","position":1,"name":"Home","item":"https:\/\/president-ksgov.net\/en\/"},{"@type":"ListItem","position":2,"name":"The President: An empowerment of trade exchanges between Kosovo and Albania is needed"}]},{"@type":"WebSite","@id":"https:\/\/president-ksgov.net\/#website","url":"https:\/\/president-ksgov.net\/","name":"Presidente e Republik\u00ebs s\u00eb Kosov\u00ebs","description":"Presidente e Republik\u00ebs s\u00eb Kosov\u00ebs","alternateName":"DR. VJOSA OSMANI - SADRIU","potentialAction":[{"@type":"SearchAction","target":{"@type":"EntryPoint","urlTemplate":"https:\/\/president-ksgov.net\/?s={search_term_string}"},"query-input":{"@type":"PropertyValueSpecification","valueRequired":true,"valueName":"search_term_string"}}],"inLanguage":"en-US"},{"@type":"Person","@id":"https:\/\/president-ksgov.net\/#\/schema\/person\/bb4337a5fb147cb2046d80548172cbee","name":"admin","image":{"@type":"ImageObject","inLanguage":"en-US","@id":"https:\/\/president-ksgov.net\/#\/schema\/person\/image\/","url":"https:\/\/secure.gravatar.com\/avatar\/36156ca0fa3b8d9d25174f146e16beea0cf28f37adf1b9e19b6c9c279a7c9dd3?s=96&d=mm&r=g","contentUrl":"https:\/\/secure.gravatar.com\/avatar\/36156ca0fa3b8d9d25174f146e16beea0cf28f37adf1b9e19b6c9c279a7c9dd3?s=96&d=mm&r=g","caption":"admin"},"sameAs":["https:\/\/president-ksgov.net"]}]}},"_links":{"self":[{"href":"https:\/\/president-ksgov.net\/en\/wp-json\/wp\/v2\/posts\/68989","targetHints":{"allow":["GET"]}}],"collection":[{"href":"https:\/\/president-ksgov.net\/en\/wp-json\/wp\/v2\/posts"}],"about":[{"href":"https:\/\/president-ksgov.net\/en\/wp-json\/wp\/v2\/types\/post"}],"author":[{"embeddable":true,"href":"https:\/\/president-ksgov.net\/en\/wp-json\/wp\/v2\/users\/1"}],"replies":[{"embeddable":true,"href":"https:\/\/president-ksgov.net\/en\/wp-json\/wp\/v2\/comments?post=68989"}],"version-history":[{"count":0,"href":"https:\/\/president-ksgov.net\/en\/wp-json\/wp\/v2\/posts\/68989\/revisions"}],"wp:featuredmedia":[{"embeddable":true,"href":"https:\/\/president-ksgov.net\/en\/wp-json\/wp\/v2\/media\/32451"}],"wp:attachment":[{"href":"https:\/\/president-ksgov.net\/en\/wp-json\/wp\/v2\/media?parent=68989"}],"wp:term":[{"taxonomy":"category","embeddable":true,"href":"https:\/\/president-ksgov.net\/en\/wp-json\/wp\/v2\/categories?post=68989"},{"taxonomy":"post_tag","embeddable":true,"href":"https:\/\/president-ksgov.net\/en\/wp-json\/wp\/v2\/tags?post=68989"}],"curies":[{"name":"wp","href":"https:\/\/api.w.org\/{rel}","templated":true}]}}