{"id":68985,"date":"2016-11-18T21:13:54","date_gmt":"2016-11-18T20:13:54","guid":{"rendered":"https:\/\/dev.president-ksgov.net\/the-president-the-diaspora-supported-the-liberation-the-independence-and-the-well-being-of-the-albanians\/"},"modified":"2023-03-07T09:47:58","modified_gmt":"2023-03-07T09:47:58","slug":"the-president-the-diaspora-supported-the-liberation-the-independence-and-the-well-being-of-the-albanians","status":"publish","type":"post","link":"https:\/\/president-ksgov.net\/en\/the-president-the-diaspora-supported-the-liberation-the-independence-and-the-well-being-of-the-albanians\/","title":{"rendered":"The President: The diaspora supported the liberation, the independence and the well-being of the Albanians"},"content":{"rendered":"<p>Tirana, November 18 &#8211; The President of the Republic of Kosovo, Hashim Tha\u00e7i, upon the invitation of the Prime Minister of Albania, Edi Rama, has participated today at the Diaspora Summit, which was organized at the Palace of Brigades in Tirana.<\/p>\n<p>In front of many representatives of the diaspora, President Tha\u00e7i said that since the Renaissance, the Albanian diaspora has been one of the main pillars of our nation&#8217;s efforts for freedom, independence and state-building.<\/p>\n<p>&#8220;The one century efforts of the Albanian people for the freedom of Kosovo were always supported by the diaspora, be it through political lobbying at worldwide decision-making centers, and also with financial, logistical and human support that culminated in the support of the fair war of the Kosovo Liberation Army&#8221;, he added.<\/p>\n<p>At this summit, the President has remembered Jusuf Gervalla and Kadri Zeka, Enver Hadri, Agim Ramadani and hundreds of martyrs who have fallen in the efforts for liberation. <\/p>\n<p>Further he has noted that nowadays, the role of the diaspora has changed. According to him, from supporter of the struggle for freedom and democracy, the diaspora has turned into a source of socio-economic stability.<\/p>\n<p>&#8220;We must all work that the Albanian diaspora, with the major potential it has, to be transformed into a partner of socio-economic, educational, professional cultural and sportive development of our country&#8221;, he said. <\/p>\n<p>The President has emphasized that our boys and girls, our women and men in the diaspora today are successful in all areas of life, ranging from art, culture, music, sports and up to the academic and professional life, politics and business.\u00a0 <\/p>\n<p>&#8220;And being honest and hardworking people, they are the best ambassadors of their nation and homeland. Today, the Albanian diaspora has more need than ever for a reorganization, whereas our countries need to create the best possible infrastructure and to be a permanent partner of our compatriots&#8221;, he added.<\/p>\n<p>The President has said that as two countries we are obliged to contribute to the preservation of the national identity of our diaspora and to extend them the warm hand of our countries. <\/p>\n<p>According to him, there is a need for the diaspora to be even more involved in the institutional life of the country.<\/p>\n<p>&#8220;Therefore, in this spirit, in the context of the work on the electoral reform, we will also address the possibility of amending the Constitution of Kosovo to define a number of reserved seats for the diaspora&#8221;, notified the President.<\/p>\n<p>Tha\u00e7i has said that under the excellent collaboration model of organizing meetings between the two governments, the next summit of the diaspora will be organized in Prishtina.<\/p>\n","protected":false},"excerpt":{"rendered":"<p>Tirana, November 18 &#8211; The President of the Republic of Kosovo, Hashim Tha\u00e7i, upon the invitation of the Prime Minister of Albania, Edi Rama, has participated today at the Diaspora Summit, which was organized at the Palace of Brigades in Tirana.<\/p>\n","protected":false},"author":1,"featured_media":32396,"comment_status":"open","ping_status":"closed","sticky":false,"template":"","format":"standard","meta":{"_eb_attr":"","footnotes":""},"categories":[113,111],"tags":[],"class_list":["post-68985","post","type-post","status-publish","format-standard","has-post-thumbnail","hentry","category-international-visits","category-news"],"yoast_head":"<!-- This site is optimized with the Yoast SEO plugin v23.5 - https:\/\/yoast.com\/wordpress\/plugins\/seo\/ -->\n<title>The President: The diaspora supported the liberation, the independence and the well-being of the Albanians - President of the Republic of Kosovo - DR. VJOSA OSMANI - SADRIU<\/title>\n<meta name=\"description\" content=\"The President: The diaspora supported the liberation, the independence and the well-being of the Albanians - President of the Republic of Kosovo - DR. VJOSA OSMANI - SADRIU -\" \/>\n<meta name=\"robots\" content=\"index, follow, max-snippet:-1, max-image-preview:large, max-video-preview:-1\" \/>\n<link rel=\"canonical\" href=\"https:\/\/president-ksgov.net\/en\/the-president-the-diaspora-supported-the-liberation-the-independence-and-the-well-being-of-the-albanians\/\" \/>\n<meta property=\"og:locale\" content=\"en_US\" \/>\n<meta property=\"og:type\" content=\"article\" \/>\n<meta property=\"og:title\" content=\"The President: The diaspora supported the liberation, the independence and the well-being of the Albanians - President of the Republic of Kosovo - DR. VJOSA OSMANI - SADRIU\" \/>\n<meta property=\"og:description\" content=\"The President: The diaspora supported the liberation, the independence and the well-being of the Albanians - President of the Republic of Kosovo - DR. VJOSA OSMANI - SADRIU -\" \/>\n<meta property=\"og:url\" content=\"https:\/\/president-ksgov.net\/en\/the-president-the-diaspora-supported-the-liberation-the-independence-and-the-well-being-of-the-albanians\/\" \/>\n<meta property=\"og:site_name\" content=\"President of the Republic of Kosovo - DR. VJOSA OSMANI - SADRIU\" \/>\n<meta property=\"article:published_time\" content=\"2016-11-18T20:13:54+00:00\" \/>\n<meta property=\"article:modified_time\" content=\"2023-03-07T09:47:58+00:00\" \/>\n<meta property=\"og:image\" content=\"https:\/\/president-ksgov.net\/wp-content\/uploads\/18_11_2016_8872101_17.jpg\" \/>\n\t<meta property=\"og:image:width\" content=\"1024\" \/>\n\t<meta property=\"og:image:height\" content=\"683\" \/>\n\t<meta property=\"og:image:type\" content=\"image\/jpeg\" \/>\n<meta name=\"author\" content=\"admin\" \/>\n<meta name=\"twitter:card\" content=\"summary_large_image\" \/>\n<meta name=\"twitter:label1\" content=\"Written by\" \/>\n\t<meta name=\"twitter:data1\" content=\"admin\" \/>\n\t<meta name=\"twitter:label2\" content=\"Est. reading time\" \/>\n\t<meta name=\"twitter:data2\" content=\"2 minutes\" \/>\n<script type=\"application\/ld+json\" class=\"yoast-schema-graph\">{\"@context\":\"https:\/\/schema.org\",\"@graph\":[{\"@type\":\"WebPage\",\"@id\":\"https:\/\/president-ksgov.net\/en\/the-president-the-diaspora-supported-the-liberation-the-independence-and-the-well-being-of-the-albanians\/\",\"url\":\"https:\/\/president-ksgov.net\/en\/the-president-the-diaspora-supported-the-liberation-the-independence-and-the-well-being-of-the-albanians\/\",\"name\":\"The President: The diaspora supported the liberation, the independence and the well-being of the Albanians - President of the Republic of Kosovo - DR. VJOSA OSMANI - SADRIU\",\"isPartOf\":{\"@id\":\"https:\/\/president-ksgov.net\/#website\"},\"primaryImageOfPage\":{\"@id\":\"https:\/\/president-ksgov.net\/en\/the-president-the-diaspora-supported-the-liberation-the-independence-and-the-well-being-of-the-albanians\/#primaryimage\"},\"image\":{\"@id\":\"https:\/\/president-ksgov.net\/en\/the-president-the-diaspora-supported-the-liberation-the-independence-and-the-well-being-of-the-albanians\/#primaryimage\"},\"thumbnailUrl\":\"https:\/\/president-ksgov.net\/wp-content\/uploads\/18_11_2016_8872101_17.jpg\",\"datePublished\":\"2016-11-18T20:13:54+00:00\",\"dateModified\":\"2023-03-07T09:47:58+00:00\",\"author\":{\"@id\":\"https:\/\/president-ksgov.net\/#\/schema\/person\/bb4337a5fb147cb2046d80548172cbee\"},\"description\":\"The President: The diaspora supported the liberation, the independence and the well-being of the Albanians - President of the Republic of Kosovo - DR. VJOSA OSMANI - SADRIU -\",\"breadcrumb\":{\"@id\":\"https:\/\/president-ksgov.net\/en\/the-president-the-diaspora-supported-the-liberation-the-independence-and-the-well-being-of-the-albanians\/#breadcrumb\"},\"inLanguage\":\"en-US\",\"potentialAction\":[{\"@type\":\"ReadAction\",\"target\":[\"https:\/\/president-ksgov.net\/en\/the-president-the-diaspora-supported-the-liberation-the-independence-and-the-well-being-of-the-albanians\/\"]}]},{\"@type\":\"ImageObject\",\"inLanguage\":\"en-US\",\"@id\":\"https:\/\/president-ksgov.net\/en\/the-president-the-diaspora-supported-the-liberation-the-independence-and-the-well-being-of-the-albanians\/#primaryimage\",\"url\":\"https:\/\/president-ksgov.net\/wp-content\/uploads\/18_11_2016_8872101_17.jpg\",\"contentUrl\":\"https:\/\/president-ksgov.net\/wp-content\/uploads\/18_11_2016_8872101_17.jpg\",\"width\":1024,\"height\":683},{\"@type\":\"BreadcrumbList\",\"@id\":\"https:\/\/president-ksgov.net\/en\/the-president-the-diaspora-supported-the-liberation-the-independence-and-the-well-being-of-the-albanians\/#breadcrumb\",\"itemListElement\":[{\"@type\":\"ListItem\",\"position\":1,\"name\":\"Home\",\"item\":\"https:\/\/president-ksgov.net\/en\/\"},{\"@type\":\"ListItem\",\"position\":2,\"name\":\"The President: The diaspora supported the liberation, the independence and the well-being of the Albanians\"}]},{\"@type\":\"WebSite\",\"@id\":\"https:\/\/president-ksgov.net\/#website\",\"url\":\"https:\/\/president-ksgov.net\/\",\"name\":\"Presidente e Republik\u00ebs s\u00eb Kosov\u00ebs\",\"description\":\"Presidente e Republik\u00ebs s\u00eb Kosov\u00ebs\",\"alternateName\":\"DR. VJOSA OSMANI - SADRIU\",\"potentialAction\":[{\"@type\":\"SearchAction\",\"target\":{\"@type\":\"EntryPoint\",\"urlTemplate\":\"https:\/\/president-ksgov.net\/?s={search_term_string}\"},\"query-input\":{\"@type\":\"PropertyValueSpecification\",\"valueRequired\":true,\"valueName\":\"search_term_string\"}}],\"inLanguage\":\"en-US\"},{\"@type\":\"Person\",\"@id\":\"https:\/\/president-ksgov.net\/#\/schema\/person\/bb4337a5fb147cb2046d80548172cbee\",\"name\":\"admin\",\"image\":{\"@type\":\"ImageObject\",\"inLanguage\":\"en-US\",\"@id\":\"https:\/\/president-ksgov.net\/#\/schema\/person\/image\/\",\"url\":\"https:\/\/secure.gravatar.com\/avatar\/36156ca0fa3b8d9d25174f146e16beea0cf28f37adf1b9e19b6c9c279a7c9dd3?s=96&d=mm&r=g\",\"contentUrl\":\"https:\/\/secure.gravatar.com\/avatar\/36156ca0fa3b8d9d25174f146e16beea0cf28f37adf1b9e19b6c9c279a7c9dd3?s=96&d=mm&r=g\",\"caption\":\"admin\"},\"sameAs\":[\"https:\/\/president-ksgov.net\"]}]}<\/script>\n<!-- \/ Yoast SEO plugin. -->","yoast_head_json":{"title":"The President: The diaspora supported the liberation, the independence and the well-being of the Albanians - President of the Republic of Kosovo - DR. VJOSA OSMANI - SADRIU","description":"The President: The diaspora supported the liberation, the independence and the well-being of the Albanians - President of the Republic of Kosovo - DR. VJOSA OSMANI - SADRIU -","robots":{"index":"index","follow":"follow","max-snippet":"max-snippet:-1","max-image-preview":"max-image-preview:large","max-video-preview":"max-video-preview:-1"},"canonical":"https:\/\/president-ksgov.net\/en\/the-president-the-diaspora-supported-the-liberation-the-independence-and-the-well-being-of-the-albanians\/","og_locale":"en_US","og_type":"article","og_title":"The President: The diaspora supported the liberation, the independence and the well-being of the Albanians - President of the Republic of Kosovo - DR. VJOSA OSMANI - SADRIU","og_description":"The President: The diaspora supported the liberation, the independence and the well-being of the Albanians - President of the Republic of Kosovo - DR. VJOSA OSMANI - SADRIU -","og_url":"https:\/\/president-ksgov.net\/en\/the-president-the-diaspora-supported-the-liberation-the-independence-and-the-well-being-of-the-albanians\/","og_site_name":"President of the Republic of Kosovo - DR. VJOSA OSMANI - SADRIU","article_published_time":"2016-11-18T20:13:54+00:00","article_modified_time":"2023-03-07T09:47:58+00:00","og_image":[{"width":1024,"height":683,"url":"https:\/\/president-ksgov.net\/wp-content\/uploads\/18_11_2016_8872101_17.jpg","type":"image\/jpeg"}],"author":"admin","twitter_card":"summary_large_image","twitter_misc":{"Written by":"admin","Est. reading time":"2 minutes"},"schema":{"@context":"https:\/\/schema.org","@graph":[{"@type":"WebPage","@id":"https:\/\/president-ksgov.net\/en\/the-president-the-diaspora-supported-the-liberation-the-independence-and-the-well-being-of-the-albanians\/","url":"https:\/\/president-ksgov.net\/en\/the-president-the-diaspora-supported-the-liberation-the-independence-and-the-well-being-of-the-albanians\/","name":"The President: The diaspora supported the liberation, the independence and the well-being of the Albanians - President of the Republic of Kosovo - DR. VJOSA OSMANI - SADRIU","isPartOf":{"@id":"https:\/\/president-ksgov.net\/#website"},"primaryImageOfPage":{"@id":"https:\/\/president-ksgov.net\/en\/the-president-the-diaspora-supported-the-liberation-the-independence-and-the-well-being-of-the-albanians\/#primaryimage"},"image":{"@id":"https:\/\/president-ksgov.net\/en\/the-president-the-diaspora-supported-the-liberation-the-independence-and-the-well-being-of-the-albanians\/#primaryimage"},"thumbnailUrl":"https:\/\/president-ksgov.net\/wp-content\/uploads\/18_11_2016_8872101_17.jpg","datePublished":"2016-11-18T20:13:54+00:00","dateModified":"2023-03-07T09:47:58+00:00","author":{"@id":"https:\/\/president-ksgov.net\/#\/schema\/person\/bb4337a5fb147cb2046d80548172cbee"},"description":"The President: The diaspora supported the liberation, the independence and the well-being of the Albanians - President of the Republic of Kosovo - DR. VJOSA OSMANI - SADRIU -","breadcrumb":{"@id":"https:\/\/president-ksgov.net\/en\/the-president-the-diaspora-supported-the-liberation-the-independence-and-the-well-being-of-the-albanians\/#breadcrumb"},"inLanguage":"en-US","potentialAction":[{"@type":"ReadAction","target":["https:\/\/president-ksgov.net\/en\/the-president-the-diaspora-supported-the-liberation-the-independence-and-the-well-being-of-the-albanians\/"]}]},{"@type":"ImageObject","inLanguage":"en-US","@id":"https:\/\/president-ksgov.net\/en\/the-president-the-diaspora-supported-the-liberation-the-independence-and-the-well-being-of-the-albanians\/#primaryimage","url":"https:\/\/president-ksgov.net\/wp-content\/uploads\/18_11_2016_8872101_17.jpg","contentUrl":"https:\/\/president-ksgov.net\/wp-content\/uploads\/18_11_2016_8872101_17.jpg","width":1024,"height":683},{"@type":"BreadcrumbList","@id":"https:\/\/president-ksgov.net\/en\/the-president-the-diaspora-supported-the-liberation-the-independence-and-the-well-being-of-the-albanians\/#breadcrumb","itemListElement":[{"@type":"ListItem","position":1,"name":"Home","item":"https:\/\/president-ksgov.net\/en\/"},{"@type":"ListItem","position":2,"name":"The President: The diaspora supported the liberation, the independence and the well-being of the Albanians"}]},{"@type":"WebSite","@id":"https:\/\/president-ksgov.net\/#website","url":"https:\/\/president-ksgov.net\/","name":"Presidente e Republik\u00ebs s\u00eb Kosov\u00ebs","description":"Presidente e Republik\u00ebs s\u00eb Kosov\u00ebs","alternateName":"DR. VJOSA OSMANI - SADRIU","potentialAction":[{"@type":"SearchAction","target":{"@type":"EntryPoint","urlTemplate":"https:\/\/president-ksgov.net\/?s={search_term_string}"},"query-input":{"@type":"PropertyValueSpecification","valueRequired":true,"valueName":"search_term_string"}}],"inLanguage":"en-US"},{"@type":"Person","@id":"https:\/\/president-ksgov.net\/#\/schema\/person\/bb4337a5fb147cb2046d80548172cbee","name":"admin","image":{"@type":"ImageObject","inLanguage":"en-US","@id":"https:\/\/president-ksgov.net\/#\/schema\/person\/image\/","url":"https:\/\/secure.gravatar.com\/avatar\/36156ca0fa3b8d9d25174f146e16beea0cf28f37adf1b9e19b6c9c279a7c9dd3?s=96&d=mm&r=g","contentUrl":"https:\/\/secure.gravatar.com\/avatar\/36156ca0fa3b8d9d25174f146e16beea0cf28f37adf1b9e19b6c9c279a7c9dd3?s=96&d=mm&r=g","caption":"admin"},"sameAs":["https:\/\/president-ksgov.net"]}]}},"_links":{"self":[{"href":"https:\/\/president-ksgov.net\/en\/wp-json\/wp\/v2\/posts\/68985","targetHints":{"allow":["GET"]}}],"collection":[{"href":"https:\/\/president-ksgov.net\/en\/wp-json\/wp\/v2\/posts"}],"about":[{"href":"https:\/\/president-ksgov.net\/en\/wp-json\/wp\/v2\/types\/post"}],"author":[{"embeddable":true,"href":"https:\/\/president-ksgov.net\/en\/wp-json\/wp\/v2\/users\/1"}],"replies":[{"embeddable":true,"href":"https:\/\/president-ksgov.net\/en\/wp-json\/wp\/v2\/comments?post=68985"}],"version-history":[{"count":0,"href":"https:\/\/president-ksgov.net\/en\/wp-json\/wp\/v2\/posts\/68985\/revisions"}],"wp:featuredmedia":[{"embeddable":true,"href":"https:\/\/president-ksgov.net\/en\/wp-json\/wp\/v2\/media\/32396"}],"wp:attachment":[{"href":"https:\/\/president-ksgov.net\/en\/wp-json\/wp\/v2\/media?parent=68985"}],"wp:term":[{"taxonomy":"category","embeddable":true,"href":"https:\/\/president-ksgov.net\/en\/wp-json\/wp\/v2\/categories?post=68985"},{"taxonomy":"post_tag","embeddable":true,"href":"https:\/\/president-ksgov.net\/en\/wp-json\/wp\/v2\/tags?post=68985"}],"curies":[{"name":"wp","href":"https:\/\/api.w.org\/{rel}","templated":true}]}}