{"id":68977,"date":"2016-11-25T13:39:39","date_gmt":"2016-11-25T13:39:39","guid":{"rendered":"https:\/\/dev.president-ksgov.net\/president-thaci-expresses-his-wishes-on-the-day-of-the-ksf\/"},"modified":"2023-03-07T09:47:58","modified_gmt":"2023-03-07T09:47:58","slug":"president-thaci-expresses-his-wishes-on-the-day-of-the-ksf","status":"publish","type":"post","link":"https:\/\/president-ksgov.net\/en\/president-thaci-expresses-his-wishes-on-the-day-of-the-ksf\/","title":{"rendered":"President Tha\u00e7i expresses his wishes on the Day of the KSF"},"content":{"rendered":"<p>Prishtina, November 25 &#8211; The President of the Republic of Kosovo, Hashim Tha\u00e7i, on the Day of the Kosovo Security Force (KSF) has congratulated the members of this force and all the citizens of Kosovo.<\/p>\n<p>&#8220;The Kosovo Security Force has grown into a force of the highest international standards, cooperating closely with NATO and the armies of our friend countries, starting from the United States and up to Europe&#8221;, said President Tha\u00e7i.<br \/>\n\u00a0<br \/>\nPresident Tha\u00e7i said that today &#8220;The Kosovo Security Force&#8221; is a professional, multi-ethnic force, with adequate gender representation, the successes of which have exceeded the borders of Kosovo.<br \/>\n\u00a0<br \/>\n&#8220;Its units received the gold medal in the maneuvers in the United Kingdom, its cadets are trained and are distinguished for successes in the most prestigious military academies in the world. The troops of this force help in search-rescue actions in the region and beyond&#8221;, said President Tha\u00e7i, counting the successes of the KSF.<br \/>\n\u00a0<br \/>\n&#8220;They are our pride, our confidence in our secure future, in peace and stability&#8221;, said President Tha\u00e7i about the KSF members.<br \/>\n\u00a0<br \/>\nThe Head of the State also confirmed that the future of the KSF is at its development into the Army of Kosovo.<br \/>\n\u00a0<br \/>\n&#8220;The Kosovo Security Force is now ready to be transformed into the Kosovo Armed Forces. This will be a force of the highest standards of NATO, professional, with wide inclusion of all communities and genders, to be committed to peace and stability in Kosovo, the region and worldwide&#8221;, concluded President Tha\u00e7i.<\/p>\n","protected":false},"excerpt":{"rendered":"<p>Prishtina, November 25 &#8211; The President of the Republic of Kosovo, Hashim Tha\u00e7i, on the Day of the Kosovo Security Force (KSF) has congratulated the members of this force and all the citizens of Kosovo.<\/p>\n","protected":false},"author":1,"featured_media":32310,"comment_status":"open","ping_status":"closed","sticky":false,"template":"","format":"standard","meta":{"_eb_attr":"","footnotes":""},"categories":[111],"tags":[],"class_list":["post-68977","post","type-post","status-publish","format-standard","has-post-thumbnail","hentry","category-news"],"yoast_head":"<!-- This site is optimized with the Yoast SEO plugin v23.5 - https:\/\/yoast.com\/wordpress\/plugins\/seo\/ -->\n<title>President Tha\u00e7i expresses his wishes on the Day of the KSF - President of the Republic of Kosovo - DR. VJOSA OSMANI - SADRIU<\/title>\n<meta name=\"description\" content=\"President Tha\u00e7i expresses his wishes on the Day of the KSF - President of the Republic of Kosovo - DR. VJOSA OSMANI - SADRIU -\" \/>\n<meta name=\"robots\" content=\"index, follow, max-snippet:-1, max-image-preview:large, max-video-preview:-1\" \/>\n<link rel=\"canonical\" href=\"https:\/\/president-ksgov.net\/en\/president-thaci-expresses-his-wishes-on-the-day-of-the-ksf\/\" \/>\n<meta property=\"og:locale\" content=\"en_US\" \/>\n<meta property=\"og:type\" content=\"article\" \/>\n<meta property=\"og:title\" content=\"President Tha\u00e7i expresses his wishes on the Day of the KSF - President of the Republic of Kosovo - DR. VJOSA OSMANI - SADRIU\" \/>\n<meta property=\"og:description\" content=\"President Tha\u00e7i expresses his wishes on the Day of the KSF - President of the Republic of Kosovo - DR. VJOSA OSMANI - SADRIU -\" \/>\n<meta property=\"og:url\" content=\"https:\/\/president-ksgov.net\/en\/president-thaci-expresses-his-wishes-on-the-day-of-the-ksf\/\" \/>\n<meta property=\"og:site_name\" content=\"President of the Republic of Kosovo - DR. VJOSA OSMANI - SADRIU\" \/>\n<meta property=\"article:published_time\" content=\"2016-11-25T13:39:39+00:00\" \/>\n<meta property=\"article:modified_time\" content=\"2023-03-07T09:47:58+00:00\" \/>\n<meta property=\"og:image\" content=\"https:\/\/president-ksgov.net\/wp-content\/uploads\/25_11_2016_7780415_fsk_01.jpg\" \/>\n\t<meta property=\"og:image:width\" content=\"2400\" \/>\n\t<meta property=\"og:image:height\" content=\"1600\" \/>\n\t<meta property=\"og:image:type\" content=\"image\/jpeg\" \/>\n<meta name=\"author\" content=\"admin\" \/>\n<meta name=\"twitter:card\" content=\"summary_large_image\" \/>\n<meta name=\"twitter:label1\" content=\"Written by\" \/>\n\t<meta name=\"twitter:data1\" content=\"admin\" \/>\n\t<meta name=\"twitter:label2\" content=\"Est. reading time\" \/>\n\t<meta name=\"twitter:data2\" content=\"1 minute\" \/>\n<script type=\"application\/ld+json\" class=\"yoast-schema-graph\">{\"@context\":\"https:\/\/schema.org\",\"@graph\":[{\"@type\":\"WebPage\",\"@id\":\"https:\/\/president-ksgov.net\/en\/president-thaci-expresses-his-wishes-on-the-day-of-the-ksf\/\",\"url\":\"https:\/\/president-ksgov.net\/en\/president-thaci-expresses-his-wishes-on-the-day-of-the-ksf\/\",\"name\":\"President Tha\u00e7i expresses his wishes on the Day of the KSF - President of the Republic of Kosovo - DR. VJOSA OSMANI - SADRIU\",\"isPartOf\":{\"@id\":\"https:\/\/president-ksgov.net\/#website\"},\"primaryImageOfPage\":{\"@id\":\"https:\/\/president-ksgov.net\/en\/president-thaci-expresses-his-wishes-on-the-day-of-the-ksf\/#primaryimage\"},\"image\":{\"@id\":\"https:\/\/president-ksgov.net\/en\/president-thaci-expresses-his-wishes-on-the-day-of-the-ksf\/#primaryimage\"},\"thumbnailUrl\":\"https:\/\/president-ksgov.net\/wp-content\/uploads\/25_11_2016_7780415_fsk_01.jpg\",\"datePublished\":\"2016-11-25T13:39:39+00:00\",\"dateModified\":\"2023-03-07T09:47:58+00:00\",\"author\":{\"@id\":\"https:\/\/president-ksgov.net\/#\/schema\/person\/bb4337a5fb147cb2046d80548172cbee\"},\"description\":\"President Tha\u00e7i expresses his wishes on the Day of the KSF - President of the Republic of Kosovo - DR. VJOSA OSMANI - SADRIU -\",\"breadcrumb\":{\"@id\":\"https:\/\/president-ksgov.net\/en\/president-thaci-expresses-his-wishes-on-the-day-of-the-ksf\/#breadcrumb\"},\"inLanguage\":\"en-US\",\"potentialAction\":[{\"@type\":\"ReadAction\",\"target\":[\"https:\/\/president-ksgov.net\/en\/president-thaci-expresses-his-wishes-on-the-day-of-the-ksf\/\"]}]},{\"@type\":\"ImageObject\",\"inLanguage\":\"en-US\",\"@id\":\"https:\/\/president-ksgov.net\/en\/president-thaci-expresses-his-wishes-on-the-day-of-the-ksf\/#primaryimage\",\"url\":\"https:\/\/president-ksgov.net\/wp-content\/uploads\/25_11_2016_7780415_fsk_01.jpg\",\"contentUrl\":\"https:\/\/president-ksgov.net\/wp-content\/uploads\/25_11_2016_7780415_fsk_01.jpg\",\"width\":2400,\"height\":1600},{\"@type\":\"BreadcrumbList\",\"@id\":\"https:\/\/president-ksgov.net\/en\/president-thaci-expresses-his-wishes-on-the-day-of-the-ksf\/#breadcrumb\",\"itemListElement\":[{\"@type\":\"ListItem\",\"position\":1,\"name\":\"Home\",\"item\":\"https:\/\/president-ksgov.net\/en\/\"},{\"@type\":\"ListItem\",\"position\":2,\"name\":\"President Tha\u00e7i expresses his wishes on the Day of the KSF\"}]},{\"@type\":\"WebSite\",\"@id\":\"https:\/\/president-ksgov.net\/#website\",\"url\":\"https:\/\/president-ksgov.net\/\",\"name\":\"Presidente e Republik\u00ebs s\u00eb Kosov\u00ebs\",\"description\":\"Presidente e Republik\u00ebs s\u00eb Kosov\u00ebs\",\"alternateName\":\"DR. VJOSA OSMANI - SADRIU\",\"potentialAction\":[{\"@type\":\"SearchAction\",\"target\":{\"@type\":\"EntryPoint\",\"urlTemplate\":\"https:\/\/president-ksgov.net\/?s={search_term_string}\"},\"query-input\":{\"@type\":\"PropertyValueSpecification\",\"valueRequired\":true,\"valueName\":\"search_term_string\"}}],\"inLanguage\":\"en-US\"},{\"@type\":\"Person\",\"@id\":\"https:\/\/president-ksgov.net\/#\/schema\/person\/bb4337a5fb147cb2046d80548172cbee\",\"name\":\"admin\",\"image\":{\"@type\":\"ImageObject\",\"inLanguage\":\"en-US\",\"@id\":\"https:\/\/president-ksgov.net\/#\/schema\/person\/image\/\",\"url\":\"https:\/\/secure.gravatar.com\/avatar\/36156ca0fa3b8d9d25174f146e16beea0cf28f37adf1b9e19b6c9c279a7c9dd3?s=96&d=mm&r=g\",\"contentUrl\":\"https:\/\/secure.gravatar.com\/avatar\/36156ca0fa3b8d9d25174f146e16beea0cf28f37adf1b9e19b6c9c279a7c9dd3?s=96&d=mm&r=g\",\"caption\":\"admin\"},\"sameAs\":[\"https:\/\/president-ksgov.net\"]}]}<\/script>\n<!-- \/ Yoast SEO plugin. -->","yoast_head_json":{"title":"President Tha\u00e7i expresses his wishes on the Day of the KSF - President of the Republic of Kosovo - DR. VJOSA OSMANI - SADRIU","description":"President Tha\u00e7i expresses his wishes on the Day of the KSF - President of the Republic of Kosovo - DR. VJOSA OSMANI - SADRIU -","robots":{"index":"index","follow":"follow","max-snippet":"max-snippet:-1","max-image-preview":"max-image-preview:large","max-video-preview":"max-video-preview:-1"},"canonical":"https:\/\/president-ksgov.net\/en\/president-thaci-expresses-his-wishes-on-the-day-of-the-ksf\/","og_locale":"en_US","og_type":"article","og_title":"President Tha\u00e7i expresses his wishes on the Day of the KSF - President of the Republic of Kosovo - DR. VJOSA OSMANI - SADRIU","og_description":"President Tha\u00e7i expresses his wishes on the Day of the KSF - President of the Republic of Kosovo - DR. VJOSA OSMANI - SADRIU -","og_url":"https:\/\/president-ksgov.net\/en\/president-thaci-expresses-his-wishes-on-the-day-of-the-ksf\/","og_site_name":"President of the Republic of Kosovo - DR. VJOSA OSMANI - SADRIU","article_published_time":"2016-11-25T13:39:39+00:00","article_modified_time":"2023-03-07T09:47:58+00:00","og_image":[{"width":2400,"height":1600,"url":"https:\/\/president-ksgov.net\/wp-content\/uploads\/25_11_2016_7780415_fsk_01.jpg","type":"image\/jpeg"}],"author":"admin","twitter_card":"summary_large_image","twitter_misc":{"Written by":"admin","Est. reading time":"1 minute"},"schema":{"@context":"https:\/\/schema.org","@graph":[{"@type":"WebPage","@id":"https:\/\/president-ksgov.net\/en\/president-thaci-expresses-his-wishes-on-the-day-of-the-ksf\/","url":"https:\/\/president-ksgov.net\/en\/president-thaci-expresses-his-wishes-on-the-day-of-the-ksf\/","name":"President Tha\u00e7i expresses his wishes on the Day of the KSF - President of the Republic of Kosovo - DR. VJOSA OSMANI - SADRIU","isPartOf":{"@id":"https:\/\/president-ksgov.net\/#website"},"primaryImageOfPage":{"@id":"https:\/\/president-ksgov.net\/en\/president-thaci-expresses-his-wishes-on-the-day-of-the-ksf\/#primaryimage"},"image":{"@id":"https:\/\/president-ksgov.net\/en\/president-thaci-expresses-his-wishes-on-the-day-of-the-ksf\/#primaryimage"},"thumbnailUrl":"https:\/\/president-ksgov.net\/wp-content\/uploads\/25_11_2016_7780415_fsk_01.jpg","datePublished":"2016-11-25T13:39:39+00:00","dateModified":"2023-03-07T09:47:58+00:00","author":{"@id":"https:\/\/president-ksgov.net\/#\/schema\/person\/bb4337a5fb147cb2046d80548172cbee"},"description":"President Tha\u00e7i expresses his wishes on the Day of the KSF - President of the Republic of Kosovo - DR. VJOSA OSMANI - SADRIU -","breadcrumb":{"@id":"https:\/\/president-ksgov.net\/en\/president-thaci-expresses-his-wishes-on-the-day-of-the-ksf\/#breadcrumb"},"inLanguage":"en-US","potentialAction":[{"@type":"ReadAction","target":["https:\/\/president-ksgov.net\/en\/president-thaci-expresses-his-wishes-on-the-day-of-the-ksf\/"]}]},{"@type":"ImageObject","inLanguage":"en-US","@id":"https:\/\/president-ksgov.net\/en\/president-thaci-expresses-his-wishes-on-the-day-of-the-ksf\/#primaryimage","url":"https:\/\/president-ksgov.net\/wp-content\/uploads\/25_11_2016_7780415_fsk_01.jpg","contentUrl":"https:\/\/president-ksgov.net\/wp-content\/uploads\/25_11_2016_7780415_fsk_01.jpg","width":2400,"height":1600},{"@type":"BreadcrumbList","@id":"https:\/\/president-ksgov.net\/en\/president-thaci-expresses-his-wishes-on-the-day-of-the-ksf\/#breadcrumb","itemListElement":[{"@type":"ListItem","position":1,"name":"Home","item":"https:\/\/president-ksgov.net\/en\/"},{"@type":"ListItem","position":2,"name":"President Tha\u00e7i expresses his wishes on the Day of the KSF"}]},{"@type":"WebSite","@id":"https:\/\/president-ksgov.net\/#website","url":"https:\/\/president-ksgov.net\/","name":"Presidente e Republik\u00ebs s\u00eb Kosov\u00ebs","description":"Presidente e Republik\u00ebs s\u00eb Kosov\u00ebs","alternateName":"DR. VJOSA OSMANI - SADRIU","potentialAction":[{"@type":"SearchAction","target":{"@type":"EntryPoint","urlTemplate":"https:\/\/president-ksgov.net\/?s={search_term_string}"},"query-input":{"@type":"PropertyValueSpecification","valueRequired":true,"valueName":"search_term_string"}}],"inLanguage":"en-US"},{"@type":"Person","@id":"https:\/\/president-ksgov.net\/#\/schema\/person\/bb4337a5fb147cb2046d80548172cbee","name":"admin","image":{"@type":"ImageObject","inLanguage":"en-US","@id":"https:\/\/president-ksgov.net\/#\/schema\/person\/image\/","url":"https:\/\/secure.gravatar.com\/avatar\/36156ca0fa3b8d9d25174f146e16beea0cf28f37adf1b9e19b6c9c279a7c9dd3?s=96&d=mm&r=g","contentUrl":"https:\/\/secure.gravatar.com\/avatar\/36156ca0fa3b8d9d25174f146e16beea0cf28f37adf1b9e19b6c9c279a7c9dd3?s=96&d=mm&r=g","caption":"admin"},"sameAs":["https:\/\/president-ksgov.net"]}]}},"_links":{"self":[{"href":"https:\/\/president-ksgov.net\/en\/wp-json\/wp\/v2\/posts\/68977","targetHints":{"allow":["GET"]}}],"collection":[{"href":"https:\/\/president-ksgov.net\/en\/wp-json\/wp\/v2\/posts"}],"about":[{"href":"https:\/\/president-ksgov.net\/en\/wp-json\/wp\/v2\/types\/post"}],"author":[{"embeddable":true,"href":"https:\/\/president-ksgov.net\/en\/wp-json\/wp\/v2\/users\/1"}],"replies":[{"embeddable":true,"href":"https:\/\/president-ksgov.net\/en\/wp-json\/wp\/v2\/comments?post=68977"}],"version-history":[{"count":0,"href":"https:\/\/president-ksgov.net\/en\/wp-json\/wp\/v2\/posts\/68977\/revisions"}],"wp:featuredmedia":[{"embeddable":true,"href":"https:\/\/president-ksgov.net\/en\/wp-json\/wp\/v2\/media\/32310"}],"wp:attachment":[{"href":"https:\/\/president-ksgov.net\/en\/wp-json\/wp\/v2\/media?parent=68977"}],"wp:term":[{"taxonomy":"category","embeddable":true,"href":"https:\/\/president-ksgov.net\/en\/wp-json\/wp\/v2\/categories?post=68977"},{"taxonomy":"post_tag","embeddable":true,"href":"https:\/\/president-ksgov.net\/en\/wp-json\/wp\/v2\/tags?post=68977"}],"curies":[{"name":"wp","href":"https:\/\/api.w.org\/{rel}","templated":true}]}}