{"id":68887,"date":"2016-12-14T15:47:56","date_gmt":"2016-12-14T15:47:56","guid":{"rendered":"https:\/\/dev.president-ksgov.net\/behgjet-pacolli\/"},"modified":"2023-03-07T09:46:50","modified_gmt":"2023-03-07T09:46:50","slug":"behgjet-pacolli","status":"publish","type":"post","link":"https:\/\/president-ksgov.net\/en\/behgjet-pacolli\/","title":{"rendered":"BEHGJET PACOLLI"},"content":{"rendered":"<p>President of the Republic of Kosovo, 22 February &#8211; 30 March 2011<\/p>\n<p>Date, place of birth, family: 30 August 1951, Marec, Pristina. Son to Isa and Nazmije. Married to Masha, Russian-Swiss citizen of Buryat- Tatarian descend. Parent to five children: three daughters and two sons (Arb\u00ebresha, Selena, Hana, Isa and Diar).<\/p>\n<p>Education:\u00a0 Elementary and secondary education, the Normal High School and Gymnasium in Pristina).<\/p>\n<p>1970-1973 Institut f\u00fcr Au\u00dfenhandel, Hamburg Universitat, Foreign Trade Institute, Hamburg University<\/p>\n<p>1982-1983 Master in Marketing and Management \u2013M\u00f6singer Zurich Institute.<\/p>\n<p>Professional profile: 1974-1975 Foreign Language Correspondent with the Directorate of Development, Textile Combine, Gjilan.<\/p>\n<p>1976 Commercial Director in the Peter Zimmern Company, Austria. <\/p>\n<p>Interplastica Project Engeneering Company in Morbio Inf. Switzerland.<\/p>\n<p>1977-1983 Commercial Director <\/p>\n<p>1983-1990 Director General<\/p>\n<p>1990-2009 Founder and President of Mabetex Project Engineering, Lugano, Switzerland.<\/p>\n<p>1992-2009 President of CRS-Credito per lo sviluppo e ristrutturazione, Lugano Switzerland; President of Mabo Construction. President of Swiss Diamond Hotel Management, Bermuda; Co Krueger Hoch\u2013Tiefbau, Berlin; Co Interfin Finance, London; Co Mabetex International (covering 18 world countries); Owner of\u00a0 Siguria Insurance Company, Pristina; Shareholder in the Economic Bank, Pristina; Owner of Saranda Properties; Co Sine Tempore International; Co BK Anstalt Lichtenstein; Co Diamond Travel; 2009 withdraws from his managerial mandate from all his companies, and remains only an owner of shares regulated according to the legislation of the states in which companies operate.<\/p>\n<p>Other functions:\u00a0\u00a0<br \/>\nMain Sponsor of Aleksand\u00ebr Moisiu Foundation; Founder of Per i Bambini Di Sakha Foundation and orphanages\u00a0\u00a0<br \/>\nPromoter and founder of: FORK \u2013 Foundation for the Organization and Reconstruction of Kosovo,\u00a0 Lugano, Pristina;<br \/>\nFounder of Albanian Businessmen\u2019s Union, Lugano;<br \/>\n2004-2007 Founder of SEED, South-East Europe Development Fund, Washington (a fund that has promoted and lobbied for independence of Kosovo);<br \/>\nMember Center for Strategic and International Studies (CSIS), Washington, Permanent Consultant to the Committee led by Henry Kissinger;<br \/>\nFounder of Ibrahim Kodra Youth Foundation, Lugano;<br \/>\nThe New Kosova Alliance Lobbying Organization, Washington, (2005-2007);<br \/>\nBehgjet Pacolli Foundation, Pristina;<br \/>\nFounder and President of the New Kosova Alliance (AKR) political party (2007);<br \/>\nMember of the Assembly of the Republic of Kosovo (2007-2010);<br \/>\nMember of the Assembly of the Republic of Kosovo (2011).<br \/>\n\u00a0\u00a0\u00a0\u00a0\u00a0\u00a0\u00a0\u00a0\u00a0\u00a0\u00a0<br \/>\nHumanitarian activities:<br \/>\n1993 &#8211; Founder and sponsor of a hospital that provides care to abandoned children born with physical problems in Sakha);<br \/>\n1999 \u2013 In cooperation with Ms. Fanfani and Children of Peace Foundation, intervenes in providing mass relief to the displaced from Kosovo in Kuk\u00ebs, Ivangrad and elsewhere;<br \/>\n1999 \u2013 Support to hospitals in Kosovo with medicines and medical equipment;<br \/>\n2000-2004 \u2013 Support for building the KPC infrastructure in Pristina and supply with professional equipment;<br \/>\n2005 \u2013 Support for building the memorial centre in Penuh\u00eb, Podujeva;<br \/>\n2004 \u2013 Release of hostages in Afghanistan (Shqipe Habibi\u2019s case);<br \/>\n2006 \u2013 Release of Gabrielle Torsello, a journalist that had been taken hostage in Afghanistan;<br \/>\n2008-2011 \u2013 Permanent lobbying for the recognition of Kosovo as an independent state (over 20 recognitions);<br \/>\n2007 \u2013 Contribution to the release of 23 Korean hostages in Afghanistan;<\/p>\n<p>Some activities carried out by the Behgjet Pacolli Foundation: planning, sponsoring and financing the entire structure of the American University in Kosovo (AUK);<br \/>\nSponsoring the expansion of the Faculty of Philology in Pristina;<br \/>\nSponsoring cultural and heritage projects in Kosovo;<br \/>\nSponsoring sports in Kosovo;<br \/>\n20 regular scholarships (in Kosovo and abroad);<br \/>\nComplete contribution for the construction of shelters for poor families;<br \/>\nAssistance in sending dozens of patients abroad for medical treatment per year;<br \/>\nSocial assistance to invalids and persons in need (monthly payments);<br \/>\nConstruction of Ibrahim Kodra Museum in Pristina (in progress);<br \/>\nDaily assistance to the people in need;<br \/>\n\u00a0\u00a0\u00a0<br \/>\nAcknowledgments:<br \/>\nKPC Decorations;<br \/>\nAcknowledgments and honorary titles from the Rochester University of Technology;<br \/>\nDecorations from the AUK (American University in Kosovo)<br \/>\nHigh decorations from the State of Peru, the President of Peru;<br \/>\nHighest state decoration from the Russian Federation (architectural appraisals), the second foreign citizen to receive the award after the American ARMAND HAMMER;<br \/>\nHonorary citizen of Astana, Republic of Kazakhstan;<br \/>\nLiberia\u2019s Global Honorary Consul (2002-September 2010);<br \/>\n2009 \u2013 Ambassador of Peace (Universal Peace Federation);<br \/>\n2010 \u2013 Millennium\u2019s Global Knight of Peace; also awarded by Centro Internazionale per la Pace fra i Popoli (International Centre for Peace Among Peoples) to Mikhail Gorbachev, Perez De Cuellar, S.S. Giovanni Paolo II, Luciano Pavarotti, Helmut Kohl, Mother Theresa of Calcutta, Kofi Annan, Bill Gates, etc;<br \/>\nAcknowledgment from the Nelson Mandela Foundation;<br \/>\nAcknowledgment from the Clinton Global Initiative Foundation.<br \/>\n\u00a0\u00a0\u00a0<br \/>\nLanguages:\u00a0\u00a0\u00a0\u00a0\u00a0 <\/p>\n<p>Mother tongue: Albanian<\/p>\n<p>Foreign languages: English, French, German, Italian, Russian, Spanish, Serbo-Croatian.<\/p>\n","protected":false},"excerpt":{"rendered":"<p>President of the Republic of Kosovo, 22 February &#8211; 30 March 2011<\/p>\n","protected":false},"author":1,"featured_media":32040,"comment_status":"open","ping_status":"closed","sticky":false,"template":"","format":"standard","meta":{"_eb_attr":"","footnotes":""},"categories":[1],"tags":[],"class_list":["post-68887","post","type-post","status-publish","format-standard","has-post-thumbnail","hentry","category-uncategorized"],"yoast_head":"<!-- This site is optimized with the Yoast SEO plugin v23.5 - https:\/\/yoast.com\/wordpress\/plugins\/seo\/ -->\n<title>BEHGJET PACOLLI - President of the Republic of Kosovo - DR. VJOSA OSMANI - SADRIU<\/title>\n<meta name=\"description\" content=\"BEHGJET PACOLLI - President of the Republic of Kosovo - DR. VJOSA OSMANI - SADRIU -\" \/>\n<meta name=\"robots\" content=\"index, follow, max-snippet:-1, max-image-preview:large, max-video-preview:-1\" \/>\n<link rel=\"canonical\" href=\"https:\/\/president-ksgov.net\/behgjet-pacolli\/\" \/>\n<meta property=\"og:locale\" content=\"en_US\" \/>\n<meta property=\"og:type\" content=\"article\" \/>\n<meta property=\"og:title\" content=\"BEHGJET PACOLLI - President of the Republic of Kosovo - DR. VJOSA OSMANI - SADRIU\" \/>\n<meta property=\"og:description\" content=\"BEHGJET PACOLLI - President of the Republic of Kosovo - DR. VJOSA OSMANI - SADRIU -\" \/>\n<meta property=\"og:url\" content=\"https:\/\/president-ksgov.net\/behgjet-pacolli\/\" \/>\n<meta property=\"og:site_name\" content=\"President of the Republic of Kosovo - DR. VJOSA OSMANI - SADRIU\" \/>\n<meta property=\"article:published_time\" content=\"2016-12-14T15:47:56+00:00\" \/>\n<meta property=\"article:modified_time\" content=\"2023-03-07T09:46:50+00:00\" \/>\n<meta property=\"og:image\" content=\"https:\/\/president-ksgov.net\/wp-content\/uploads\/14_12_2016_9232641_20293517784d945af876003667484650_MidCol.jpg\" \/>\n\t<meta property=\"og:image:width\" content=\"370\" \/>\n\t<meta property=\"og:image:height\" content=\"253\" \/>\n\t<meta property=\"og:image:type\" content=\"image\/jpeg\" \/>\n<meta name=\"author\" content=\"admin\" \/>\n<meta name=\"twitter:card\" content=\"summary_large_image\" \/>\n<meta name=\"twitter:label1\" content=\"Written by\" \/>\n\t<meta name=\"twitter:data1\" content=\"admin\" \/>\n\t<meta name=\"twitter:label2\" content=\"Est. reading time\" \/>\n\t<meta name=\"twitter:data2\" content=\"4 minutes\" \/>\n<script type=\"application\/ld+json\" class=\"yoast-schema-graph\">{\"@context\":\"https:\/\/schema.org\",\"@graph\":[{\"@type\":\"WebPage\",\"@id\":\"https:\/\/president-ksgov.net\/behgjet-pacolli\/\",\"url\":\"https:\/\/president-ksgov.net\/behgjet-pacolli\/\",\"name\":\"BEHGJET PACOLLI - President of the Republic of Kosovo - DR. VJOSA OSMANI - SADRIU\",\"isPartOf\":{\"@id\":\"https:\/\/president-ksgov.net\/#website\"},\"primaryImageOfPage\":{\"@id\":\"https:\/\/president-ksgov.net\/behgjet-pacolli\/#primaryimage\"},\"image\":{\"@id\":\"https:\/\/president-ksgov.net\/behgjet-pacolli\/#primaryimage\"},\"thumbnailUrl\":\"https:\/\/president-ksgov.net\/wp-content\/uploads\/14_12_2016_9232641_20293517784d945af876003667484650_MidCol.jpg\",\"datePublished\":\"2016-12-14T15:47:56+00:00\",\"dateModified\":\"2023-03-07T09:46:50+00:00\",\"author\":{\"@id\":\"https:\/\/president-ksgov.net\/#\/schema\/person\/bb4337a5fb147cb2046d80548172cbee\"},\"description\":\"BEHGJET PACOLLI - President of the Republic of Kosovo - DR. VJOSA OSMANI - SADRIU -\",\"breadcrumb\":{\"@id\":\"https:\/\/president-ksgov.net\/behgjet-pacolli\/#breadcrumb\"},\"inLanguage\":\"en-US\",\"potentialAction\":[{\"@type\":\"ReadAction\",\"target\":[\"https:\/\/president-ksgov.net\/behgjet-pacolli\/\"]}]},{\"@type\":\"ImageObject\",\"inLanguage\":\"en-US\",\"@id\":\"https:\/\/president-ksgov.net\/behgjet-pacolli\/#primaryimage\",\"url\":\"https:\/\/president-ksgov.net\/wp-content\/uploads\/14_12_2016_9232641_20293517784d945af876003667484650_MidCol.jpg\",\"contentUrl\":\"https:\/\/president-ksgov.net\/wp-content\/uploads\/14_12_2016_9232641_20293517784d945af876003667484650_MidCol.jpg\",\"width\":370,\"height\":253},{\"@type\":\"BreadcrumbList\",\"@id\":\"https:\/\/president-ksgov.net\/behgjet-pacolli\/#breadcrumb\",\"itemListElement\":[{\"@type\":\"ListItem\",\"position\":1,\"name\":\"Home\",\"item\":\"https:\/\/president-ksgov.net\/en\/\"},{\"@type\":\"ListItem\",\"position\":2,\"name\":\"BEHGJET PACOLLI\"}]},{\"@type\":\"WebSite\",\"@id\":\"https:\/\/president-ksgov.net\/#website\",\"url\":\"https:\/\/president-ksgov.net\/\",\"name\":\"Presidente e Republik\u00ebs s\u00eb Kosov\u00ebs\",\"description\":\"Presidente e Republik\u00ebs s\u00eb Kosov\u00ebs\",\"alternateName\":\"DR. VJOSA OSMANI - SADRIU\",\"potentialAction\":[{\"@type\":\"SearchAction\",\"target\":{\"@type\":\"EntryPoint\",\"urlTemplate\":\"https:\/\/president-ksgov.net\/?s={search_term_string}\"},\"query-input\":{\"@type\":\"PropertyValueSpecification\",\"valueRequired\":true,\"valueName\":\"search_term_string\"}}],\"inLanguage\":\"en-US\"},{\"@type\":\"Person\",\"@id\":\"https:\/\/president-ksgov.net\/#\/schema\/person\/bb4337a5fb147cb2046d80548172cbee\",\"name\":\"admin\",\"image\":{\"@type\":\"ImageObject\",\"inLanguage\":\"en-US\",\"@id\":\"https:\/\/president-ksgov.net\/#\/schema\/person\/image\/\",\"url\":\"https:\/\/secure.gravatar.com\/avatar\/36156ca0fa3b8d9d25174f146e16beea0cf28f37adf1b9e19b6c9c279a7c9dd3?s=96&d=mm&r=g\",\"contentUrl\":\"https:\/\/secure.gravatar.com\/avatar\/36156ca0fa3b8d9d25174f146e16beea0cf28f37adf1b9e19b6c9c279a7c9dd3?s=96&d=mm&r=g\",\"caption\":\"admin\"},\"sameAs\":[\"https:\/\/president-ksgov.net\"]}]}<\/script>\n<!-- \/ Yoast SEO plugin. -->","yoast_head_json":{"title":"BEHGJET PACOLLI - President of the Republic of Kosovo - DR. VJOSA OSMANI - SADRIU","description":"BEHGJET PACOLLI - President of the Republic of Kosovo - DR. VJOSA OSMANI - SADRIU -","robots":{"index":"index","follow":"follow","max-snippet":"max-snippet:-1","max-image-preview":"max-image-preview:large","max-video-preview":"max-video-preview:-1"},"canonical":"https:\/\/president-ksgov.net\/behgjet-pacolli\/","og_locale":"en_US","og_type":"article","og_title":"BEHGJET PACOLLI - President of the Republic of Kosovo - DR. VJOSA OSMANI - SADRIU","og_description":"BEHGJET PACOLLI - President of the Republic of Kosovo - DR. VJOSA OSMANI - SADRIU -","og_url":"https:\/\/president-ksgov.net\/behgjet-pacolli\/","og_site_name":"President of the Republic of Kosovo - DR. VJOSA OSMANI - SADRIU","article_published_time":"2016-12-14T15:47:56+00:00","article_modified_time":"2023-03-07T09:46:50+00:00","og_image":[{"width":370,"height":253,"url":"https:\/\/president-ksgov.net\/wp-content\/uploads\/14_12_2016_9232641_20293517784d945af876003667484650_MidCol.jpg","type":"image\/jpeg"}],"author":"admin","twitter_card":"summary_large_image","twitter_misc":{"Written by":"admin","Est. reading time":"4 minutes"},"schema":{"@context":"https:\/\/schema.org","@graph":[{"@type":"WebPage","@id":"https:\/\/president-ksgov.net\/behgjet-pacolli\/","url":"https:\/\/president-ksgov.net\/behgjet-pacolli\/","name":"BEHGJET PACOLLI - President of the Republic of Kosovo - DR. VJOSA OSMANI - SADRIU","isPartOf":{"@id":"https:\/\/president-ksgov.net\/#website"},"primaryImageOfPage":{"@id":"https:\/\/president-ksgov.net\/behgjet-pacolli\/#primaryimage"},"image":{"@id":"https:\/\/president-ksgov.net\/behgjet-pacolli\/#primaryimage"},"thumbnailUrl":"https:\/\/president-ksgov.net\/wp-content\/uploads\/14_12_2016_9232641_20293517784d945af876003667484650_MidCol.jpg","datePublished":"2016-12-14T15:47:56+00:00","dateModified":"2023-03-07T09:46:50+00:00","author":{"@id":"https:\/\/president-ksgov.net\/#\/schema\/person\/bb4337a5fb147cb2046d80548172cbee"},"description":"BEHGJET PACOLLI - President of the Republic of Kosovo - DR. VJOSA OSMANI - SADRIU -","breadcrumb":{"@id":"https:\/\/president-ksgov.net\/behgjet-pacolli\/#breadcrumb"},"inLanguage":"en-US","potentialAction":[{"@type":"ReadAction","target":["https:\/\/president-ksgov.net\/behgjet-pacolli\/"]}]},{"@type":"ImageObject","inLanguage":"en-US","@id":"https:\/\/president-ksgov.net\/behgjet-pacolli\/#primaryimage","url":"https:\/\/president-ksgov.net\/wp-content\/uploads\/14_12_2016_9232641_20293517784d945af876003667484650_MidCol.jpg","contentUrl":"https:\/\/president-ksgov.net\/wp-content\/uploads\/14_12_2016_9232641_20293517784d945af876003667484650_MidCol.jpg","width":370,"height":253},{"@type":"BreadcrumbList","@id":"https:\/\/president-ksgov.net\/behgjet-pacolli\/#breadcrumb","itemListElement":[{"@type":"ListItem","position":1,"name":"Home","item":"https:\/\/president-ksgov.net\/en\/"},{"@type":"ListItem","position":2,"name":"BEHGJET PACOLLI"}]},{"@type":"WebSite","@id":"https:\/\/president-ksgov.net\/#website","url":"https:\/\/president-ksgov.net\/","name":"Presidente e Republik\u00ebs s\u00eb Kosov\u00ebs","description":"Presidente e Republik\u00ebs s\u00eb Kosov\u00ebs","alternateName":"DR. VJOSA OSMANI - SADRIU","potentialAction":[{"@type":"SearchAction","target":{"@type":"EntryPoint","urlTemplate":"https:\/\/president-ksgov.net\/?s={search_term_string}"},"query-input":{"@type":"PropertyValueSpecification","valueRequired":true,"valueName":"search_term_string"}}],"inLanguage":"en-US"},{"@type":"Person","@id":"https:\/\/president-ksgov.net\/#\/schema\/person\/bb4337a5fb147cb2046d80548172cbee","name":"admin","image":{"@type":"ImageObject","inLanguage":"en-US","@id":"https:\/\/president-ksgov.net\/#\/schema\/person\/image\/","url":"https:\/\/secure.gravatar.com\/avatar\/36156ca0fa3b8d9d25174f146e16beea0cf28f37adf1b9e19b6c9c279a7c9dd3?s=96&d=mm&r=g","contentUrl":"https:\/\/secure.gravatar.com\/avatar\/36156ca0fa3b8d9d25174f146e16beea0cf28f37adf1b9e19b6c9c279a7c9dd3?s=96&d=mm&r=g","caption":"admin"},"sameAs":["https:\/\/president-ksgov.net"]}]}},"_links":{"self":[{"href":"https:\/\/president-ksgov.net\/en\/wp-json\/wp\/v2\/posts\/68887","targetHints":{"allow":["GET"]}}],"collection":[{"href":"https:\/\/president-ksgov.net\/en\/wp-json\/wp\/v2\/posts"}],"about":[{"href":"https:\/\/president-ksgov.net\/en\/wp-json\/wp\/v2\/types\/post"}],"author":[{"embeddable":true,"href":"https:\/\/president-ksgov.net\/en\/wp-json\/wp\/v2\/users\/1"}],"replies":[{"embeddable":true,"href":"https:\/\/president-ksgov.net\/en\/wp-json\/wp\/v2\/comments?post=68887"}],"version-history":[{"count":0,"href":"https:\/\/president-ksgov.net\/en\/wp-json\/wp\/v2\/posts\/68887\/revisions"}],"wp:featuredmedia":[{"embeddable":true,"href":"https:\/\/president-ksgov.net\/en\/wp-json\/wp\/v2\/media\/32040"}],"wp:attachment":[{"href":"https:\/\/president-ksgov.net\/en\/wp-json\/wp\/v2\/media?parent=68887"}],"wp:term":[{"taxonomy":"category","embeddable":true,"href":"https:\/\/president-ksgov.net\/en\/wp-json\/wp\/v2\/categories?post=68887"},{"taxonomy":"post_tag","embeddable":true,"href":"https:\/\/president-ksgov.net\/en\/wp-json\/wp\/v2\/tags?post=68887"}],"curies":[{"name":"wp","href":"https:\/\/api.w.org\/{rel}","templated":true}]}}