{"id":68773,"date":"2016-12-15T13:09:52","date_gmt":"2016-12-15T13:09:52","guid":{"rendered":"https:\/\/dev.president-ksgov.net\/president-thaci-we-have-suffered-enough-from-hatred-it-is-time-for-interethnic-reconciliation\/"},"modified":"2023-03-07T09:45:51","modified_gmt":"2023-03-07T09:45:51","slug":"president-thaci-we-have-suffered-enough-from-hatred-it-is-time-for-interethnic-reconciliation","status":"publish","type":"post","link":"https:\/\/president-ksgov.net\/en\/president-thaci-we-have-suffered-enough-from-hatred-it-is-time-for-interethnic-reconciliation\/","title":{"rendered":"President Tha\u00e7i: We have suffered enough from hatred, it is time for interethnic reconciliation"},"content":{"rendered":"<p>Pristina, December 15 &#8211; The President of the Republic of Kosovo, Hashim Tha\u00e7i, has gathered today the Consultative Council for Communities, which has held the general meeting.<\/p>\n<p>At this meeting, President Tha\u00e7i has said that 2016 has been a year of successes for the Consultative Council for Communities, as the year of the accreditation of associations, non-governmental organizations, which will be new members of the Council.<\/p>\n<p>According to him, the Consultative Council for Communities has fulfilled its mission in providing a mechanism for regular exchange between the communities and the state institutions in Kosovo, creating opportunities for communities to comment at an early stage the legislative and political initiatives.<\/p>\n<p>The President has emphasized that the state of Kosovo is built on the most important international documents and principles for the protection of human rights and freedoms. He has added that the Kosovo state institutions work for these principles to be accurately applied and for every citizen of Kosovo, regardless of their affiliation, to feel free and equal to any other citizen. <\/p>\n<p>&#8220;As a society that has suffered discrimination and exclusion, we deeply understand the importance of the principle for everyone to be treated humanely, equal, respecting the fundamental human rights and freedoms.<br \/>\nYour role in the promotion of these principles is enormous&#8221;, said President Tha\u00e7i.<\/p>\n<p>He thanked the members of this Council, for their commitment in the fulfillment of the mission, for the construction of a new Kosovo, a European Kosovo, a multiethnic Kosovo.<\/p>\n<p>&#8220;We must work together to succeed, and this success must be felt by every citizen, family wherever they live in every corner of the Republic of Kosovo, regardless of ethnicity. We will work hard to continue our efforts for the return of all people who wish to return to their homes and properties&#8221;, announced the President.<\/p>\n<p>Speaking about the process of normalization of relations between the Republic of Kosovo and Serbia, the President has appealed to everyone to be part of the process of normalization of these relations and inter-ethnic reconciliation in Kosovo.<\/p>\n<p>&#8220;We have suffered enough from hatred and confrontation, so everyone has to look ahead towards the developmental future. All must focus for ethnic reconciliation to occur in Kosovo, as a precondition for a joint life for the development of Kosovo, for the creation of new jobs, for the improvement of social welfare of every citizen of Kosovo&#8221;, he said.<\/p>\n<p>President Tha\u00e7i has said that this can happen only with the engagement of all. &#8220;I feel good that whenever we have contacts with all communities I see the will to live in the new Kosovo, to live together and to feel good and proud of their country, Kosovo, regardless of ethnic differences&#8221;, he added.<\/p>\n<p>Whereas, the Chairman of the Consultative Council for Communities, Gazmen Salijevi\u0107 thanked the President of the Republic of Kosovo for the support given to this Council.<\/p>\n<p>He said that the Council aims to promote tolerance and interethnic communication and the development of a better future for all citizens of Kosovo. <\/p>\n<p>&#8220;In our mandate, together with all the members of this Council, we promote messages about tolerance, better communication, construction of interethnic trust in Kosovo&#8221;, he added.<\/p>\n<p>The President has thanked them for the work they are doing in the promotion of the rights of the communities in Kosovo, encouraging them to work even harder together to strengthen the state of Kosovo, through the promotion of these values.<\/p>\n","protected":false},"excerpt":{"rendered":"<p>Pristina, December 15 &#8211; The President of the Republic of Kosovo, Hashim Tha\u00e7i, has gathered today the Consultative Council for Communities, which has held the general meeting.<\/p>\n","protected":false},"author":1,"featured_media":31863,"comment_status":"open","ping_status":"closed","sticky":false,"template":"","format":"standard","meta":{"_eb_attr":"","footnotes":""},"categories":[111],"tags":[],"class_list":["post-68773","post","type-post","status-publish","format-standard","has-post-thumbnail","hentry","category-news"],"yoast_head":"<!-- This site is optimized with the Yoast SEO plugin v23.5 - https:\/\/yoast.com\/wordpress\/plugins\/seo\/ -->\n<title>President Tha\u00e7i: We have suffered enough from hatred, it is time for interethnic reconciliation - President of the Republic of Kosovo - DR. VJOSA OSMANI - SADRIU<\/title>\n<meta name=\"description\" content=\"President Tha\u00e7i: We have suffered enough from hatred, it is time for interethnic reconciliation - President of the Republic of Kosovo - DR. VJOSA OSMANI - SADRIU -\" \/>\n<meta name=\"robots\" content=\"index, follow, max-snippet:-1, max-image-preview:large, max-video-preview:-1\" \/>\n<link rel=\"canonical\" href=\"https:\/\/president-ksgov.net\/en\/president-thaci-we-have-suffered-enough-from-hatred-it-is-time-for-interethnic-reconciliation\/\" \/>\n<meta property=\"og:locale\" content=\"en_US\" \/>\n<meta property=\"og:type\" content=\"article\" \/>\n<meta property=\"og:title\" content=\"President Tha\u00e7i: We have suffered enough from hatred, it is time for interethnic reconciliation - President of the Republic of Kosovo - DR. VJOSA OSMANI - SADRIU\" \/>\n<meta property=\"og:description\" content=\"President Tha\u00e7i: We have suffered enough from hatred, it is time for interethnic reconciliation - President of the Republic of Kosovo - DR. VJOSA OSMANI - SADRIU -\" \/>\n<meta property=\"og:url\" content=\"https:\/\/president-ksgov.net\/en\/president-thaci-we-have-suffered-enough-from-hatred-it-is-time-for-interethnic-reconciliation\/\" \/>\n<meta property=\"og:site_name\" content=\"President of the Republic of Kosovo - DR. VJOSA OSMANI - SADRIU\" \/>\n<meta property=\"article:published_time\" content=\"2016-12-15T13:09:52+00:00\" \/>\n<meta property=\"article:modified_time\" content=\"2023-03-07T09:45:51+00:00\" \/>\n<meta property=\"og:image\" content=\"https:\/\/president-ksgov.net\/wp-content\/uploads\/20_03_2018_4033159_mi_01.jpg\" \/>\n\t<meta property=\"og:image:width\" content=\"2400\" \/>\n\t<meta property=\"og:image:height\" content=\"1600\" \/>\n\t<meta property=\"og:image:type\" content=\"image\/jpeg\" \/>\n<meta name=\"author\" content=\"admin\" \/>\n<meta name=\"twitter:card\" content=\"summary_large_image\" \/>\n<meta name=\"twitter:label1\" content=\"Written by\" \/>\n\t<meta name=\"twitter:data1\" content=\"admin\" \/>\n\t<meta name=\"twitter:label2\" content=\"Est. reading time\" \/>\n\t<meta name=\"twitter:data2\" content=\"3 minutes\" \/>\n<script type=\"application\/ld+json\" class=\"yoast-schema-graph\">{\"@context\":\"https:\/\/schema.org\",\"@graph\":[{\"@type\":\"WebPage\",\"@id\":\"https:\/\/president-ksgov.net\/en\/president-thaci-we-have-suffered-enough-from-hatred-it-is-time-for-interethnic-reconciliation\/\",\"url\":\"https:\/\/president-ksgov.net\/en\/president-thaci-we-have-suffered-enough-from-hatred-it-is-time-for-interethnic-reconciliation\/\",\"name\":\"President Tha\u00e7i: We have suffered enough from hatred, it is time for interethnic reconciliation - President of the Republic of Kosovo - DR. VJOSA OSMANI - SADRIU\",\"isPartOf\":{\"@id\":\"https:\/\/president-ksgov.net\/#website\"},\"primaryImageOfPage\":{\"@id\":\"https:\/\/president-ksgov.net\/en\/president-thaci-we-have-suffered-enough-from-hatred-it-is-time-for-interethnic-reconciliation\/#primaryimage\"},\"image\":{\"@id\":\"https:\/\/president-ksgov.net\/en\/president-thaci-we-have-suffered-enough-from-hatred-it-is-time-for-interethnic-reconciliation\/#primaryimage\"},\"thumbnailUrl\":\"https:\/\/president-ksgov.net\/wp-content\/uploads\/20_03_2018_4033159_mi_01.jpg\",\"datePublished\":\"2016-12-15T13:09:52+00:00\",\"dateModified\":\"2023-03-07T09:45:51+00:00\",\"author\":{\"@id\":\"https:\/\/president-ksgov.net\/#\/schema\/person\/bb4337a5fb147cb2046d80548172cbee\"},\"description\":\"President Tha\u00e7i: We have suffered enough from hatred, it is time for interethnic reconciliation - President of the Republic of Kosovo - DR. VJOSA OSMANI - SADRIU -\",\"breadcrumb\":{\"@id\":\"https:\/\/president-ksgov.net\/en\/president-thaci-we-have-suffered-enough-from-hatred-it-is-time-for-interethnic-reconciliation\/#breadcrumb\"},\"inLanguage\":\"en-US\",\"potentialAction\":[{\"@type\":\"ReadAction\",\"target\":[\"https:\/\/president-ksgov.net\/en\/president-thaci-we-have-suffered-enough-from-hatred-it-is-time-for-interethnic-reconciliation\/\"]}]},{\"@type\":\"ImageObject\",\"inLanguage\":\"en-US\",\"@id\":\"https:\/\/president-ksgov.net\/en\/president-thaci-we-have-suffered-enough-from-hatred-it-is-time-for-interethnic-reconciliation\/#primaryimage\",\"url\":\"https:\/\/president-ksgov.net\/wp-content\/uploads\/20_03_2018_4033159_mi_01.jpg\",\"contentUrl\":\"https:\/\/president-ksgov.net\/wp-content\/uploads\/20_03_2018_4033159_mi_01.jpg\",\"width\":2400,\"height\":1600},{\"@type\":\"BreadcrumbList\",\"@id\":\"https:\/\/president-ksgov.net\/en\/president-thaci-we-have-suffered-enough-from-hatred-it-is-time-for-interethnic-reconciliation\/#breadcrumb\",\"itemListElement\":[{\"@type\":\"ListItem\",\"position\":1,\"name\":\"Home\",\"item\":\"https:\/\/president-ksgov.net\/en\/\"},{\"@type\":\"ListItem\",\"position\":2,\"name\":\"President Tha\u00e7i: We have suffered enough from hatred, it is time for interethnic reconciliation\"}]},{\"@type\":\"WebSite\",\"@id\":\"https:\/\/president-ksgov.net\/#website\",\"url\":\"https:\/\/president-ksgov.net\/\",\"name\":\"Presidente e Republik\u00ebs s\u00eb Kosov\u00ebs\",\"description\":\"Presidente e Republik\u00ebs s\u00eb Kosov\u00ebs\",\"alternateName\":\"DR. VJOSA OSMANI - SADRIU\",\"potentialAction\":[{\"@type\":\"SearchAction\",\"target\":{\"@type\":\"EntryPoint\",\"urlTemplate\":\"https:\/\/president-ksgov.net\/?s={search_term_string}\"},\"query-input\":{\"@type\":\"PropertyValueSpecification\",\"valueRequired\":true,\"valueName\":\"search_term_string\"}}],\"inLanguage\":\"en-US\"},{\"@type\":\"Person\",\"@id\":\"https:\/\/president-ksgov.net\/#\/schema\/person\/bb4337a5fb147cb2046d80548172cbee\",\"name\":\"admin\",\"image\":{\"@type\":\"ImageObject\",\"inLanguage\":\"en-US\",\"@id\":\"https:\/\/president-ksgov.net\/#\/schema\/person\/image\/\",\"url\":\"https:\/\/secure.gravatar.com\/avatar\/36156ca0fa3b8d9d25174f146e16beea0cf28f37adf1b9e19b6c9c279a7c9dd3?s=96&d=mm&r=g\",\"contentUrl\":\"https:\/\/secure.gravatar.com\/avatar\/36156ca0fa3b8d9d25174f146e16beea0cf28f37adf1b9e19b6c9c279a7c9dd3?s=96&d=mm&r=g\",\"caption\":\"admin\"},\"sameAs\":[\"https:\/\/president-ksgov.net\"]}]}<\/script>\n<!-- \/ Yoast SEO plugin. -->","yoast_head_json":{"title":"President Tha\u00e7i: We have suffered enough from hatred, it is time for interethnic reconciliation - President of the Republic of Kosovo - DR. VJOSA OSMANI - SADRIU","description":"President Tha\u00e7i: We have suffered enough from hatred, it is time for interethnic reconciliation - President of the Republic of Kosovo - DR. VJOSA OSMANI - SADRIU -","robots":{"index":"index","follow":"follow","max-snippet":"max-snippet:-1","max-image-preview":"max-image-preview:large","max-video-preview":"max-video-preview:-1"},"canonical":"https:\/\/president-ksgov.net\/en\/president-thaci-we-have-suffered-enough-from-hatred-it-is-time-for-interethnic-reconciliation\/","og_locale":"en_US","og_type":"article","og_title":"President Tha\u00e7i: We have suffered enough from hatred, it is time for interethnic reconciliation - President of the Republic of Kosovo - DR. VJOSA OSMANI - SADRIU","og_description":"President Tha\u00e7i: We have suffered enough from hatred, it is time for interethnic reconciliation - President of the Republic of Kosovo - DR. VJOSA OSMANI - SADRIU -","og_url":"https:\/\/president-ksgov.net\/en\/president-thaci-we-have-suffered-enough-from-hatred-it-is-time-for-interethnic-reconciliation\/","og_site_name":"President of the Republic of Kosovo - DR. VJOSA OSMANI - SADRIU","article_published_time":"2016-12-15T13:09:52+00:00","article_modified_time":"2023-03-07T09:45:51+00:00","og_image":[{"width":2400,"height":1600,"url":"https:\/\/president-ksgov.net\/wp-content\/uploads\/20_03_2018_4033159_mi_01.jpg","type":"image\/jpeg"}],"author":"admin","twitter_card":"summary_large_image","twitter_misc":{"Written by":"admin","Est. reading time":"3 minutes"},"schema":{"@context":"https:\/\/schema.org","@graph":[{"@type":"WebPage","@id":"https:\/\/president-ksgov.net\/en\/president-thaci-we-have-suffered-enough-from-hatred-it-is-time-for-interethnic-reconciliation\/","url":"https:\/\/president-ksgov.net\/en\/president-thaci-we-have-suffered-enough-from-hatred-it-is-time-for-interethnic-reconciliation\/","name":"President Tha\u00e7i: We have suffered enough from hatred, it is time for interethnic reconciliation - President of the Republic of Kosovo - DR. VJOSA OSMANI - SADRIU","isPartOf":{"@id":"https:\/\/president-ksgov.net\/#website"},"primaryImageOfPage":{"@id":"https:\/\/president-ksgov.net\/en\/president-thaci-we-have-suffered-enough-from-hatred-it-is-time-for-interethnic-reconciliation\/#primaryimage"},"image":{"@id":"https:\/\/president-ksgov.net\/en\/president-thaci-we-have-suffered-enough-from-hatred-it-is-time-for-interethnic-reconciliation\/#primaryimage"},"thumbnailUrl":"https:\/\/president-ksgov.net\/wp-content\/uploads\/20_03_2018_4033159_mi_01.jpg","datePublished":"2016-12-15T13:09:52+00:00","dateModified":"2023-03-07T09:45:51+00:00","author":{"@id":"https:\/\/president-ksgov.net\/#\/schema\/person\/bb4337a5fb147cb2046d80548172cbee"},"description":"President Tha\u00e7i: We have suffered enough from hatred, it is time for interethnic reconciliation - President of the Republic of Kosovo - DR. VJOSA OSMANI - SADRIU -","breadcrumb":{"@id":"https:\/\/president-ksgov.net\/en\/president-thaci-we-have-suffered-enough-from-hatred-it-is-time-for-interethnic-reconciliation\/#breadcrumb"},"inLanguage":"en-US","potentialAction":[{"@type":"ReadAction","target":["https:\/\/president-ksgov.net\/en\/president-thaci-we-have-suffered-enough-from-hatred-it-is-time-for-interethnic-reconciliation\/"]}]},{"@type":"ImageObject","inLanguage":"en-US","@id":"https:\/\/president-ksgov.net\/en\/president-thaci-we-have-suffered-enough-from-hatred-it-is-time-for-interethnic-reconciliation\/#primaryimage","url":"https:\/\/president-ksgov.net\/wp-content\/uploads\/20_03_2018_4033159_mi_01.jpg","contentUrl":"https:\/\/president-ksgov.net\/wp-content\/uploads\/20_03_2018_4033159_mi_01.jpg","width":2400,"height":1600},{"@type":"BreadcrumbList","@id":"https:\/\/president-ksgov.net\/en\/president-thaci-we-have-suffered-enough-from-hatred-it-is-time-for-interethnic-reconciliation\/#breadcrumb","itemListElement":[{"@type":"ListItem","position":1,"name":"Home","item":"https:\/\/president-ksgov.net\/en\/"},{"@type":"ListItem","position":2,"name":"President Tha\u00e7i: We have suffered enough from hatred, it is time for interethnic reconciliation"}]},{"@type":"WebSite","@id":"https:\/\/president-ksgov.net\/#website","url":"https:\/\/president-ksgov.net\/","name":"Presidente e Republik\u00ebs s\u00eb Kosov\u00ebs","description":"Presidente e Republik\u00ebs s\u00eb Kosov\u00ebs","alternateName":"DR. VJOSA OSMANI - SADRIU","potentialAction":[{"@type":"SearchAction","target":{"@type":"EntryPoint","urlTemplate":"https:\/\/president-ksgov.net\/?s={search_term_string}"},"query-input":{"@type":"PropertyValueSpecification","valueRequired":true,"valueName":"search_term_string"}}],"inLanguage":"en-US"},{"@type":"Person","@id":"https:\/\/president-ksgov.net\/#\/schema\/person\/bb4337a5fb147cb2046d80548172cbee","name":"admin","image":{"@type":"ImageObject","inLanguage":"en-US","@id":"https:\/\/president-ksgov.net\/#\/schema\/person\/image\/","url":"https:\/\/secure.gravatar.com\/avatar\/36156ca0fa3b8d9d25174f146e16beea0cf28f37adf1b9e19b6c9c279a7c9dd3?s=96&d=mm&r=g","contentUrl":"https:\/\/secure.gravatar.com\/avatar\/36156ca0fa3b8d9d25174f146e16beea0cf28f37adf1b9e19b6c9c279a7c9dd3?s=96&d=mm&r=g","caption":"admin"},"sameAs":["https:\/\/president-ksgov.net"]}]}},"_links":{"self":[{"href":"https:\/\/president-ksgov.net\/en\/wp-json\/wp\/v2\/posts\/68773","targetHints":{"allow":["GET"]}}],"collection":[{"href":"https:\/\/president-ksgov.net\/en\/wp-json\/wp\/v2\/posts"}],"about":[{"href":"https:\/\/president-ksgov.net\/en\/wp-json\/wp\/v2\/types\/post"}],"author":[{"embeddable":true,"href":"https:\/\/president-ksgov.net\/en\/wp-json\/wp\/v2\/users\/1"}],"replies":[{"embeddable":true,"href":"https:\/\/president-ksgov.net\/en\/wp-json\/wp\/v2\/comments?post=68773"}],"version-history":[{"count":0,"href":"https:\/\/president-ksgov.net\/en\/wp-json\/wp\/v2\/posts\/68773\/revisions"}],"wp:featuredmedia":[{"embeddable":true,"href":"https:\/\/president-ksgov.net\/en\/wp-json\/wp\/v2\/media\/31863"}],"wp:attachment":[{"href":"https:\/\/president-ksgov.net\/en\/wp-json\/wp\/v2\/media?parent=68773"}],"wp:term":[{"taxonomy":"category","embeddable":true,"href":"https:\/\/president-ksgov.net\/en\/wp-json\/wp\/v2\/categories?post=68773"},{"taxonomy":"post_tag","embeddable":true,"href":"https:\/\/president-ksgov.net\/en\/wp-json\/wp\/v2\/tags?post=68773"}],"curies":[{"name":"wp","href":"https:\/\/api.w.org\/{rel}","templated":true}]}}