{"id":68764,"date":"2016-12-22T19:41:04","date_gmt":"2016-12-22T19:41:04","guid":{"rendered":"https:\/\/dev.president-ksgov.net\/president-thaci-the-balkan-must-be-a-strategic-interest-for-the-eu-not-a-technical-process\/"},"modified":"2023-03-07T09:45:04","modified_gmt":"2023-03-07T09:45:04","slug":"president-thaci-the-balkan-must-be-a-strategic-interest-for-the-eu-not-a-technical-process","status":"publish","type":"post","link":"https:\/\/president-ksgov.net\/en\/president-thaci-the-balkan-must-be-a-strategic-interest-for-the-eu-not-a-technical-process\/","title":{"rendered":"President Tha\u00e7i: The Balkan must be a strategic interest for the EU, not a technical process"},"content":{"rendered":"<p>Thursday, December 22, 2016 &#8211; The President of the Republic of Kosovo, Hashim Tha\u00e7i, met today with the new Minister for Foreign Affairs and International Cooperation of Italy, Angelino Alfano.<\/p>\n<p>President Tha\u00e7i thanked Minister Alfano for his first official visit in Kosovo and for the continued support of the Italian government.<\/p>\n<p>President Tha\u00e7i stressed that Kosovo has achieved great successes in the internal and external consolidation of its statehood, mentioning the entry into force of the SAA as the best confirmation of these successes. <\/p>\n<p>&#8220;Now we are working for our future in NATO and the EU&#8221;, said President Tha\u00e7i.<\/p>\n<p>The Italian Foreign Minister, Angelino Alfano, referring to the process of the European integration of Kosovo, stressed that peace can only be achieved through European values.<br \/>\n\u00a0<br \/>\n&#8220;You are developing an approximation process with the European Union during its most difficult moments&#8221;, said Italian Foreign Minister, Angelino Alfano.<\/p>\n<p>President Tha\u00e7i stressed that Brussels should see the Balkan states as a strategic interest and not as technical integration processes.<\/p>\n<p>&#8220;We share European values and we are European, but Brussels is being late for us, as is the case with the visa liberalization for our citizens&#8221;, said President Tha\u00e7i.<\/p>\n<p>According to him, You can request everything from the European Union, but you can not ask for speed, especially now when it is most needed, because anti-europeanism, extremism and radicalism are growing with much bigger steps.<\/p>\n<p>&#8220;We have political and popular consensus against every extremism and radicalism, but also for embracing Euro-Atlantic values&#8221;, said President Tha\u00e7i.<br \/>\n\u00a0<\/p>\n","protected":false},"excerpt":{"rendered":"<p>Thursday, December 22, 2016 &#8211; The President of the Republic of Kosovo, Hashim Tha\u00e7i, met today with the new Minister for Foreign Affairs and International Cooperation of Italy, Angelino Alfano.<\/p>\n","protected":false},"author":1,"featured_media":31749,"comment_status":"open","ping_status":"closed","sticky":false,"template":"","format":"standard","meta":{"_eb_attr":"","footnotes":""},"categories":[111],"tags":[],"class_list":["post-68764","post","type-post","status-publish","format-standard","has-post-thumbnail","hentry","category-news"],"yoast_head":"<!-- This site is optimized with the Yoast SEO plugin v23.5 - https:\/\/yoast.com\/wordpress\/plugins\/seo\/ -->\n<title>President Tha\u00e7i: The Balkan must be a strategic interest for the EU, not a technical process - President of the Republic of Kosovo - DR. VJOSA OSMANI - SADRIU<\/title>\n<meta name=\"description\" content=\"President Tha\u00e7i: The Balkan must be a strategic interest for the EU, not a technical process - President of the Republic of Kosovo - DR. VJOSA OSMANI - SADRIU -\" \/>\n<meta name=\"robots\" content=\"index, follow, max-snippet:-1, max-image-preview:large, max-video-preview:-1\" \/>\n<link rel=\"canonical\" href=\"https:\/\/president-ksgov.net\/en\/president-thaci-the-balkan-must-be-a-strategic-interest-for-the-eu-not-a-technical-process\/\" \/>\n<meta property=\"og:locale\" content=\"en_US\" \/>\n<meta property=\"og:type\" content=\"article\" \/>\n<meta property=\"og:title\" content=\"President Tha\u00e7i: The Balkan must be a strategic interest for the EU, not a technical process - President of the Republic of Kosovo - DR. VJOSA OSMANI - SADRIU\" \/>\n<meta property=\"og:description\" content=\"President Tha\u00e7i: The Balkan must be a strategic interest for the EU, not a technical process - President of the Republic of Kosovo - DR. VJOSA OSMANI - SADRIU -\" \/>\n<meta property=\"og:url\" content=\"https:\/\/president-ksgov.net\/en\/president-thaci-the-balkan-must-be-a-strategic-interest-for-the-eu-not-a-technical-process\/\" \/>\n<meta property=\"og:site_name\" content=\"President of the Republic of Kosovo - DR. VJOSA OSMANI - SADRIU\" \/>\n<meta property=\"article:published_time\" content=\"2016-12-22T19:41:04+00:00\" \/>\n<meta property=\"article:modified_time\" content=\"2023-03-07T09:45:04+00:00\" \/>\n<meta property=\"og:image\" content=\"https:\/\/president-ksgov.net\/wp-content\/uploads\/22_12_2016_8512765_DSC_5839.jpg\" \/>\n\t<meta property=\"og:image:width\" content=\"2412\" \/>\n\t<meta property=\"og:image:height\" content=\"1775\" \/>\n\t<meta property=\"og:image:type\" content=\"image\/jpeg\" \/>\n<meta name=\"author\" content=\"admin\" \/>\n<meta name=\"twitter:card\" content=\"summary_large_image\" \/>\n<meta name=\"twitter:label1\" content=\"Written by\" \/>\n\t<meta name=\"twitter:data1\" content=\"admin\" \/>\n\t<meta name=\"twitter:label2\" content=\"Est. reading time\" \/>\n\t<meta name=\"twitter:data2\" content=\"1 minute\" \/>\n<script type=\"application\/ld+json\" class=\"yoast-schema-graph\">{\"@context\":\"https:\/\/schema.org\",\"@graph\":[{\"@type\":\"WebPage\",\"@id\":\"https:\/\/president-ksgov.net\/en\/president-thaci-the-balkan-must-be-a-strategic-interest-for-the-eu-not-a-technical-process\/\",\"url\":\"https:\/\/president-ksgov.net\/en\/president-thaci-the-balkan-must-be-a-strategic-interest-for-the-eu-not-a-technical-process\/\",\"name\":\"President Tha\u00e7i: The Balkan must be a strategic interest for the EU, not a technical process - President of the Republic of Kosovo - DR. VJOSA OSMANI - SADRIU\",\"isPartOf\":{\"@id\":\"https:\/\/president-ksgov.net\/#website\"},\"primaryImageOfPage\":{\"@id\":\"https:\/\/president-ksgov.net\/en\/president-thaci-the-balkan-must-be-a-strategic-interest-for-the-eu-not-a-technical-process\/#primaryimage\"},\"image\":{\"@id\":\"https:\/\/president-ksgov.net\/en\/president-thaci-the-balkan-must-be-a-strategic-interest-for-the-eu-not-a-technical-process\/#primaryimage\"},\"thumbnailUrl\":\"https:\/\/president-ksgov.net\/wp-content\/uploads\/22_12_2016_8512765_DSC_5839.jpg\",\"datePublished\":\"2016-12-22T19:41:04+00:00\",\"dateModified\":\"2023-03-07T09:45:04+00:00\",\"author\":{\"@id\":\"https:\/\/president-ksgov.net\/#\/schema\/person\/bb4337a5fb147cb2046d80548172cbee\"},\"description\":\"President Tha\u00e7i: The Balkan must be a strategic interest for the EU, not a technical process - President of the Republic of Kosovo - DR. VJOSA OSMANI - SADRIU -\",\"breadcrumb\":{\"@id\":\"https:\/\/president-ksgov.net\/en\/president-thaci-the-balkan-must-be-a-strategic-interest-for-the-eu-not-a-technical-process\/#breadcrumb\"},\"inLanguage\":\"en-US\",\"potentialAction\":[{\"@type\":\"ReadAction\",\"target\":[\"https:\/\/president-ksgov.net\/en\/president-thaci-the-balkan-must-be-a-strategic-interest-for-the-eu-not-a-technical-process\/\"]}]},{\"@type\":\"ImageObject\",\"inLanguage\":\"en-US\",\"@id\":\"https:\/\/president-ksgov.net\/en\/president-thaci-the-balkan-must-be-a-strategic-interest-for-the-eu-not-a-technical-process\/#primaryimage\",\"url\":\"https:\/\/president-ksgov.net\/wp-content\/uploads\/22_12_2016_8512765_DSC_5839.jpg\",\"contentUrl\":\"https:\/\/president-ksgov.net\/wp-content\/uploads\/22_12_2016_8512765_DSC_5839.jpg\",\"width\":2412,\"height\":1775},{\"@type\":\"BreadcrumbList\",\"@id\":\"https:\/\/president-ksgov.net\/en\/president-thaci-the-balkan-must-be-a-strategic-interest-for-the-eu-not-a-technical-process\/#breadcrumb\",\"itemListElement\":[{\"@type\":\"ListItem\",\"position\":1,\"name\":\"Home\",\"item\":\"https:\/\/president-ksgov.net\/en\/\"},{\"@type\":\"ListItem\",\"position\":2,\"name\":\"President Tha\u00e7i: The Balkan must be a strategic interest for the EU, not a technical process\"}]},{\"@type\":\"WebSite\",\"@id\":\"https:\/\/president-ksgov.net\/#website\",\"url\":\"https:\/\/president-ksgov.net\/\",\"name\":\"Presidente e Republik\u00ebs s\u00eb Kosov\u00ebs\",\"description\":\"Presidente e Republik\u00ebs s\u00eb Kosov\u00ebs\",\"alternateName\":\"DR. VJOSA OSMANI - SADRIU\",\"potentialAction\":[{\"@type\":\"SearchAction\",\"target\":{\"@type\":\"EntryPoint\",\"urlTemplate\":\"https:\/\/president-ksgov.net\/?s={search_term_string}\"},\"query-input\":{\"@type\":\"PropertyValueSpecification\",\"valueRequired\":true,\"valueName\":\"search_term_string\"}}],\"inLanguage\":\"en-US\"},{\"@type\":\"Person\",\"@id\":\"https:\/\/president-ksgov.net\/#\/schema\/person\/bb4337a5fb147cb2046d80548172cbee\",\"name\":\"admin\",\"image\":{\"@type\":\"ImageObject\",\"inLanguage\":\"en-US\",\"@id\":\"https:\/\/president-ksgov.net\/#\/schema\/person\/image\/\",\"url\":\"https:\/\/secure.gravatar.com\/avatar\/36156ca0fa3b8d9d25174f146e16beea0cf28f37adf1b9e19b6c9c279a7c9dd3?s=96&d=mm&r=g\",\"contentUrl\":\"https:\/\/secure.gravatar.com\/avatar\/36156ca0fa3b8d9d25174f146e16beea0cf28f37adf1b9e19b6c9c279a7c9dd3?s=96&d=mm&r=g\",\"caption\":\"admin\"},\"sameAs\":[\"https:\/\/president-ksgov.net\"]}]}<\/script>\n<!-- \/ Yoast SEO plugin. -->","yoast_head_json":{"title":"President Tha\u00e7i: The Balkan must be a strategic interest for the EU, not a technical process - President of the Republic of Kosovo - DR. VJOSA OSMANI - SADRIU","description":"President Tha\u00e7i: The Balkan must be a strategic interest for the EU, not a technical process - President of the Republic of Kosovo - DR. VJOSA OSMANI - SADRIU -","robots":{"index":"index","follow":"follow","max-snippet":"max-snippet:-1","max-image-preview":"max-image-preview:large","max-video-preview":"max-video-preview:-1"},"canonical":"https:\/\/president-ksgov.net\/en\/president-thaci-the-balkan-must-be-a-strategic-interest-for-the-eu-not-a-technical-process\/","og_locale":"en_US","og_type":"article","og_title":"President Tha\u00e7i: The Balkan must be a strategic interest for the EU, not a technical process - President of the Republic of Kosovo - DR. VJOSA OSMANI - SADRIU","og_description":"President Tha\u00e7i: The Balkan must be a strategic interest for the EU, not a technical process - President of the Republic of Kosovo - DR. VJOSA OSMANI - SADRIU -","og_url":"https:\/\/president-ksgov.net\/en\/president-thaci-the-balkan-must-be-a-strategic-interest-for-the-eu-not-a-technical-process\/","og_site_name":"President of the Republic of Kosovo - DR. VJOSA OSMANI - SADRIU","article_published_time":"2016-12-22T19:41:04+00:00","article_modified_time":"2023-03-07T09:45:04+00:00","og_image":[{"width":2412,"height":1775,"url":"https:\/\/president-ksgov.net\/wp-content\/uploads\/22_12_2016_8512765_DSC_5839.jpg","type":"image\/jpeg"}],"author":"admin","twitter_card":"summary_large_image","twitter_misc":{"Written by":"admin","Est. reading time":"1 minute"},"schema":{"@context":"https:\/\/schema.org","@graph":[{"@type":"WebPage","@id":"https:\/\/president-ksgov.net\/en\/president-thaci-the-balkan-must-be-a-strategic-interest-for-the-eu-not-a-technical-process\/","url":"https:\/\/president-ksgov.net\/en\/president-thaci-the-balkan-must-be-a-strategic-interest-for-the-eu-not-a-technical-process\/","name":"President Tha\u00e7i: The Balkan must be a strategic interest for the EU, not a technical process - President of the Republic of Kosovo - DR. VJOSA OSMANI - SADRIU","isPartOf":{"@id":"https:\/\/president-ksgov.net\/#website"},"primaryImageOfPage":{"@id":"https:\/\/president-ksgov.net\/en\/president-thaci-the-balkan-must-be-a-strategic-interest-for-the-eu-not-a-technical-process\/#primaryimage"},"image":{"@id":"https:\/\/president-ksgov.net\/en\/president-thaci-the-balkan-must-be-a-strategic-interest-for-the-eu-not-a-technical-process\/#primaryimage"},"thumbnailUrl":"https:\/\/president-ksgov.net\/wp-content\/uploads\/22_12_2016_8512765_DSC_5839.jpg","datePublished":"2016-12-22T19:41:04+00:00","dateModified":"2023-03-07T09:45:04+00:00","author":{"@id":"https:\/\/president-ksgov.net\/#\/schema\/person\/bb4337a5fb147cb2046d80548172cbee"},"description":"President Tha\u00e7i: The Balkan must be a strategic interest for the EU, not a technical process - President of the Republic of Kosovo - DR. VJOSA OSMANI - SADRIU -","breadcrumb":{"@id":"https:\/\/president-ksgov.net\/en\/president-thaci-the-balkan-must-be-a-strategic-interest-for-the-eu-not-a-technical-process\/#breadcrumb"},"inLanguage":"en-US","potentialAction":[{"@type":"ReadAction","target":["https:\/\/president-ksgov.net\/en\/president-thaci-the-balkan-must-be-a-strategic-interest-for-the-eu-not-a-technical-process\/"]}]},{"@type":"ImageObject","inLanguage":"en-US","@id":"https:\/\/president-ksgov.net\/en\/president-thaci-the-balkan-must-be-a-strategic-interest-for-the-eu-not-a-technical-process\/#primaryimage","url":"https:\/\/president-ksgov.net\/wp-content\/uploads\/22_12_2016_8512765_DSC_5839.jpg","contentUrl":"https:\/\/president-ksgov.net\/wp-content\/uploads\/22_12_2016_8512765_DSC_5839.jpg","width":2412,"height":1775},{"@type":"BreadcrumbList","@id":"https:\/\/president-ksgov.net\/en\/president-thaci-the-balkan-must-be-a-strategic-interest-for-the-eu-not-a-technical-process\/#breadcrumb","itemListElement":[{"@type":"ListItem","position":1,"name":"Home","item":"https:\/\/president-ksgov.net\/en\/"},{"@type":"ListItem","position":2,"name":"President Tha\u00e7i: The Balkan must be a strategic interest for the EU, not a technical process"}]},{"@type":"WebSite","@id":"https:\/\/president-ksgov.net\/#website","url":"https:\/\/president-ksgov.net\/","name":"Presidente e Republik\u00ebs s\u00eb Kosov\u00ebs","description":"Presidente e Republik\u00ebs s\u00eb Kosov\u00ebs","alternateName":"DR. VJOSA OSMANI - SADRIU","potentialAction":[{"@type":"SearchAction","target":{"@type":"EntryPoint","urlTemplate":"https:\/\/president-ksgov.net\/?s={search_term_string}"},"query-input":{"@type":"PropertyValueSpecification","valueRequired":true,"valueName":"search_term_string"}}],"inLanguage":"en-US"},{"@type":"Person","@id":"https:\/\/president-ksgov.net\/#\/schema\/person\/bb4337a5fb147cb2046d80548172cbee","name":"admin","image":{"@type":"ImageObject","inLanguage":"en-US","@id":"https:\/\/president-ksgov.net\/#\/schema\/person\/image\/","url":"https:\/\/secure.gravatar.com\/avatar\/36156ca0fa3b8d9d25174f146e16beea0cf28f37adf1b9e19b6c9c279a7c9dd3?s=96&d=mm&r=g","contentUrl":"https:\/\/secure.gravatar.com\/avatar\/36156ca0fa3b8d9d25174f146e16beea0cf28f37adf1b9e19b6c9c279a7c9dd3?s=96&d=mm&r=g","caption":"admin"},"sameAs":["https:\/\/president-ksgov.net"]}]}},"_links":{"self":[{"href":"https:\/\/president-ksgov.net\/en\/wp-json\/wp\/v2\/posts\/68764","targetHints":{"allow":["GET"]}}],"collection":[{"href":"https:\/\/president-ksgov.net\/en\/wp-json\/wp\/v2\/posts"}],"about":[{"href":"https:\/\/president-ksgov.net\/en\/wp-json\/wp\/v2\/types\/post"}],"author":[{"embeddable":true,"href":"https:\/\/president-ksgov.net\/en\/wp-json\/wp\/v2\/users\/1"}],"replies":[{"embeddable":true,"href":"https:\/\/president-ksgov.net\/en\/wp-json\/wp\/v2\/comments?post=68764"}],"version-history":[{"count":0,"href":"https:\/\/president-ksgov.net\/en\/wp-json\/wp\/v2\/posts\/68764\/revisions"}],"wp:featuredmedia":[{"embeddable":true,"href":"https:\/\/president-ksgov.net\/en\/wp-json\/wp\/v2\/media\/31749"}],"wp:attachment":[{"href":"https:\/\/president-ksgov.net\/en\/wp-json\/wp\/v2\/media?parent=68764"}],"wp:term":[{"taxonomy":"category","embeddable":true,"href":"https:\/\/president-ksgov.net\/en\/wp-json\/wp\/v2\/categories?post=68764"},{"taxonomy":"post_tag","embeddable":true,"href":"https:\/\/president-ksgov.net\/en\/wp-json\/wp\/v2\/tags?post=68764"}],"curies":[{"name":"wp","href":"https:\/\/api.w.org\/{rel}","templated":true}]}}