{"id":68750,"date":"2017-01-05T15:51:30","date_gmt":"2017-01-05T15:51:30","guid":{"rendered":"https:\/\/dev.president-ksgov.net\/president-thaci-gathers-the-leaders-of-the-albanians-of-macedonia-the-need-for-inter-albanian-is-discussed-coordination\/"},"modified":"2023-03-07T09:45:04","modified_gmt":"2023-03-07T09:45:04","slug":"president-thaci-gathers-the-leaders-of-the-albanians-of-macedonia-the-need-for-inter-albanian-is-discussed-coordination","status":"publish","type":"post","link":"https:\/\/president-ksgov.net\/en\/president-thaci-gathers-the-leaders-of-the-albanians-of-macedonia-the-need-for-inter-albanian-is-discussed-coordination\/","title":{"rendered":"President Tha\u00e7i gathers the leaders of the Albanians of Macedonia, the need for inter-Albanian is discussed coordination"},"content":{"rendered":"<p>Prishtina, January 05, 2017 &#8211; The President of the Republic of Kosovo, Hashim Tha\u00e7i, met today in Prishtina with the leaders of the Albanian political parties in Macedonia, whom he congratulated for the holding of free and democratic elections.<\/p>\n<p>At the meetings of President Tha\u00e7i with the President of the DUI, Ali Ahmeti, the President of the Movement BESA, Bilall Kasami and of the Aliance for Albanians, Ziadin Sela, the need for a proper coordination of the Albanian political factor which aims to respect the free and democratic will of the Albanian voters expressed at the early parliamentary elections in the Republic of Macedonia on December 11, 2016, was discussed.<\/p>\n<p>President Tha\u00e7i has congratulated them about the behavior of the Albanian political parties before and after the electoral result, which should reflect the moment to reaffirm the program and strategic determinations of the Albanians that are in the interest of the European future of Macedonia. <\/p>\n<p>In the meeting with the representatives of the parliamentary political parties in Macedonia their willingness to commit themselves maximally to the best possible representation of the Albanian interests and the long term prosperity and stability of Macedonia has been expressed.\u00a0<br \/>\n\u00a0<\/p>\n","protected":false},"excerpt":{"rendered":"<p>Prishtina, January 05, 2017 &#8211; The President of the Republic of Kosovo, Hashim Tha\u00e7i, met today in Prishtina with the leaders of the Albanian political parties in Macedonia, whom he congratulated for the holding of free and democratic elections.<\/p>\n","protected":false},"author":1,"featured_media":31564,"comment_status":"open","ping_status":"closed","sticky":false,"template":"","format":"standard","meta":{"_eb_attr":"","footnotes":""},"categories":[111],"tags":[],"class_list":["post-68750","post","type-post","status-publish","format-standard","has-post-thumbnail","hentry","category-news"],"yoast_head":"<!-- This site is optimized with the Yoast SEO plugin v23.5 - https:\/\/yoast.com\/wordpress\/plugins\/seo\/ -->\n<title>President Tha\u00e7i gathers the leaders of the Albanians of Macedonia, the need for inter-Albanian is discussed coordination - President of the Republic of Kosovo - DR. VJOSA OSMANI - SADRIU<\/title>\n<meta name=\"description\" content=\"President Tha\u00e7i gathers the leaders of the Albanians of Macedonia, the need for inter-Albanian is discussed coordination - President of the Republic of Kosovo - DR. VJOSA OSMANI - SADRIU -\" \/>\n<meta name=\"robots\" content=\"index, follow, max-snippet:-1, max-image-preview:large, max-video-preview:-1\" \/>\n<link rel=\"canonical\" href=\"https:\/\/president-ksgov.net\/en\/president-thaci-gathers-the-leaders-of-the-albanians-of-macedonia-the-need-for-inter-albanian-is-discussed-coordination\/\" \/>\n<meta property=\"og:locale\" content=\"en_US\" \/>\n<meta property=\"og:type\" content=\"article\" \/>\n<meta property=\"og:title\" content=\"President Tha\u00e7i gathers the leaders of the Albanians of Macedonia, the need for inter-Albanian is discussed coordination - President of the Republic of Kosovo - DR. VJOSA OSMANI - SADRIU\" \/>\n<meta property=\"og:description\" content=\"President Tha\u00e7i gathers the leaders of the Albanians of Macedonia, the need for inter-Albanian is discussed coordination - President of the Republic of Kosovo - DR. VJOSA OSMANI - SADRIU -\" \/>\n<meta property=\"og:url\" content=\"https:\/\/president-ksgov.net\/en\/president-thaci-gathers-the-leaders-of-the-albanians-of-macedonia-the-need-for-inter-albanian-is-discussed-coordination\/\" \/>\n<meta property=\"og:site_name\" content=\"President of the Republic of Kosovo - DR. VJOSA OSMANI - SADRIU\" \/>\n<meta property=\"article:published_time\" content=\"2017-01-05T15:51:30+00:00\" \/>\n<meta property=\"article:modified_time\" content=\"2023-03-07T09:45:04+00:00\" \/>\n<meta property=\"og:image\" content=\"https:\/\/president-ksgov.net\/wp-content\/uploads\/05_01_2017_5599476_DSC_6312_copy.jpg\" \/>\n\t<meta property=\"og:image:width\" content=\"2000\" \/>\n\t<meta property=\"og:image:height\" content=\"1588\" \/>\n\t<meta property=\"og:image:type\" content=\"image\/jpeg\" \/>\n<meta name=\"author\" content=\"admin\" \/>\n<meta name=\"twitter:card\" content=\"summary_large_image\" \/>\n<meta name=\"twitter:label1\" content=\"Written by\" \/>\n\t<meta name=\"twitter:data1\" content=\"admin\" \/>\n\t<meta name=\"twitter:label2\" content=\"Est. reading time\" \/>\n\t<meta name=\"twitter:data2\" content=\"1 minute\" \/>\n<script type=\"application\/ld+json\" class=\"yoast-schema-graph\">{\"@context\":\"https:\/\/schema.org\",\"@graph\":[{\"@type\":\"WebPage\",\"@id\":\"https:\/\/president-ksgov.net\/en\/president-thaci-gathers-the-leaders-of-the-albanians-of-macedonia-the-need-for-inter-albanian-is-discussed-coordination\/\",\"url\":\"https:\/\/president-ksgov.net\/en\/president-thaci-gathers-the-leaders-of-the-albanians-of-macedonia-the-need-for-inter-albanian-is-discussed-coordination\/\",\"name\":\"President Tha\u00e7i gathers the leaders of the Albanians of Macedonia, the need for inter-Albanian is discussed coordination - President of the Republic of Kosovo - DR. VJOSA OSMANI - SADRIU\",\"isPartOf\":{\"@id\":\"https:\/\/president-ksgov.net\/#website\"},\"primaryImageOfPage\":{\"@id\":\"https:\/\/president-ksgov.net\/en\/president-thaci-gathers-the-leaders-of-the-albanians-of-macedonia-the-need-for-inter-albanian-is-discussed-coordination\/#primaryimage\"},\"image\":{\"@id\":\"https:\/\/president-ksgov.net\/en\/president-thaci-gathers-the-leaders-of-the-albanians-of-macedonia-the-need-for-inter-albanian-is-discussed-coordination\/#primaryimage\"},\"thumbnailUrl\":\"https:\/\/president-ksgov.net\/wp-content\/uploads\/05_01_2017_5599476_DSC_6312_copy.jpg\",\"datePublished\":\"2017-01-05T15:51:30+00:00\",\"dateModified\":\"2023-03-07T09:45:04+00:00\",\"author\":{\"@id\":\"https:\/\/president-ksgov.net\/#\/schema\/person\/bb4337a5fb147cb2046d80548172cbee\"},\"description\":\"President Tha\u00e7i gathers the leaders of the Albanians of Macedonia, the need for inter-Albanian is discussed coordination - President of the Republic of Kosovo - DR. VJOSA OSMANI - SADRIU -\",\"breadcrumb\":{\"@id\":\"https:\/\/president-ksgov.net\/en\/president-thaci-gathers-the-leaders-of-the-albanians-of-macedonia-the-need-for-inter-albanian-is-discussed-coordination\/#breadcrumb\"},\"inLanguage\":\"en-US\",\"potentialAction\":[{\"@type\":\"ReadAction\",\"target\":[\"https:\/\/president-ksgov.net\/en\/president-thaci-gathers-the-leaders-of-the-albanians-of-macedonia-the-need-for-inter-albanian-is-discussed-coordination\/\"]}]},{\"@type\":\"ImageObject\",\"inLanguage\":\"en-US\",\"@id\":\"https:\/\/president-ksgov.net\/en\/president-thaci-gathers-the-leaders-of-the-albanians-of-macedonia-the-need-for-inter-albanian-is-discussed-coordination\/#primaryimage\",\"url\":\"https:\/\/president-ksgov.net\/wp-content\/uploads\/05_01_2017_5599476_DSC_6312_copy.jpg\",\"contentUrl\":\"https:\/\/president-ksgov.net\/wp-content\/uploads\/05_01_2017_5599476_DSC_6312_copy.jpg\",\"width\":2000,\"height\":1588},{\"@type\":\"BreadcrumbList\",\"@id\":\"https:\/\/president-ksgov.net\/en\/president-thaci-gathers-the-leaders-of-the-albanians-of-macedonia-the-need-for-inter-albanian-is-discussed-coordination\/#breadcrumb\",\"itemListElement\":[{\"@type\":\"ListItem\",\"position\":1,\"name\":\"Home\",\"item\":\"https:\/\/president-ksgov.net\/en\/\"},{\"@type\":\"ListItem\",\"position\":2,\"name\":\"President Tha\u00e7i gathers the leaders of the Albanians of Macedonia, the need for inter-Albanian is discussed coordination\"}]},{\"@type\":\"WebSite\",\"@id\":\"https:\/\/president-ksgov.net\/#website\",\"url\":\"https:\/\/president-ksgov.net\/\",\"name\":\"Presidente e Republik\u00ebs s\u00eb Kosov\u00ebs\",\"description\":\"Presidente e Republik\u00ebs s\u00eb Kosov\u00ebs\",\"alternateName\":\"DR. VJOSA OSMANI - SADRIU\",\"potentialAction\":[{\"@type\":\"SearchAction\",\"target\":{\"@type\":\"EntryPoint\",\"urlTemplate\":\"https:\/\/president-ksgov.net\/?s={search_term_string}\"},\"query-input\":{\"@type\":\"PropertyValueSpecification\",\"valueRequired\":true,\"valueName\":\"search_term_string\"}}],\"inLanguage\":\"en-US\"},{\"@type\":\"Person\",\"@id\":\"https:\/\/president-ksgov.net\/#\/schema\/person\/bb4337a5fb147cb2046d80548172cbee\",\"name\":\"admin\",\"image\":{\"@type\":\"ImageObject\",\"inLanguage\":\"en-US\",\"@id\":\"https:\/\/president-ksgov.net\/#\/schema\/person\/image\/\",\"url\":\"https:\/\/secure.gravatar.com\/avatar\/36156ca0fa3b8d9d25174f146e16beea0cf28f37adf1b9e19b6c9c279a7c9dd3?s=96&d=mm&r=g\",\"contentUrl\":\"https:\/\/secure.gravatar.com\/avatar\/36156ca0fa3b8d9d25174f146e16beea0cf28f37adf1b9e19b6c9c279a7c9dd3?s=96&d=mm&r=g\",\"caption\":\"admin\"},\"sameAs\":[\"https:\/\/president-ksgov.net\"]}]}<\/script>\n<!-- \/ Yoast SEO plugin. -->","yoast_head_json":{"title":"President Tha\u00e7i gathers the leaders of the Albanians of Macedonia, the need for inter-Albanian is discussed coordination - President of the Republic of Kosovo - DR. VJOSA OSMANI - SADRIU","description":"President Tha\u00e7i gathers the leaders of the Albanians of Macedonia, the need for inter-Albanian is discussed coordination - President of the Republic of Kosovo - DR. VJOSA OSMANI - SADRIU -","robots":{"index":"index","follow":"follow","max-snippet":"max-snippet:-1","max-image-preview":"max-image-preview:large","max-video-preview":"max-video-preview:-1"},"canonical":"https:\/\/president-ksgov.net\/en\/president-thaci-gathers-the-leaders-of-the-albanians-of-macedonia-the-need-for-inter-albanian-is-discussed-coordination\/","og_locale":"en_US","og_type":"article","og_title":"President Tha\u00e7i gathers the leaders of the Albanians of Macedonia, the need for inter-Albanian is discussed coordination - President of the Republic of Kosovo - DR. VJOSA OSMANI - SADRIU","og_description":"President Tha\u00e7i gathers the leaders of the Albanians of Macedonia, the need for inter-Albanian is discussed coordination - President of the Republic of Kosovo - DR. VJOSA OSMANI - SADRIU -","og_url":"https:\/\/president-ksgov.net\/en\/president-thaci-gathers-the-leaders-of-the-albanians-of-macedonia-the-need-for-inter-albanian-is-discussed-coordination\/","og_site_name":"President of the Republic of Kosovo - DR. VJOSA OSMANI - SADRIU","article_published_time":"2017-01-05T15:51:30+00:00","article_modified_time":"2023-03-07T09:45:04+00:00","og_image":[{"width":2000,"height":1588,"url":"https:\/\/president-ksgov.net\/wp-content\/uploads\/05_01_2017_5599476_DSC_6312_copy.jpg","type":"image\/jpeg"}],"author":"admin","twitter_card":"summary_large_image","twitter_misc":{"Written by":"admin","Est. reading time":"1 minute"},"schema":{"@context":"https:\/\/schema.org","@graph":[{"@type":"WebPage","@id":"https:\/\/president-ksgov.net\/en\/president-thaci-gathers-the-leaders-of-the-albanians-of-macedonia-the-need-for-inter-albanian-is-discussed-coordination\/","url":"https:\/\/president-ksgov.net\/en\/president-thaci-gathers-the-leaders-of-the-albanians-of-macedonia-the-need-for-inter-albanian-is-discussed-coordination\/","name":"President Tha\u00e7i gathers the leaders of the Albanians of Macedonia, the need for inter-Albanian is discussed coordination - President of the Republic of Kosovo - DR. VJOSA OSMANI - SADRIU","isPartOf":{"@id":"https:\/\/president-ksgov.net\/#website"},"primaryImageOfPage":{"@id":"https:\/\/president-ksgov.net\/en\/president-thaci-gathers-the-leaders-of-the-albanians-of-macedonia-the-need-for-inter-albanian-is-discussed-coordination\/#primaryimage"},"image":{"@id":"https:\/\/president-ksgov.net\/en\/president-thaci-gathers-the-leaders-of-the-albanians-of-macedonia-the-need-for-inter-albanian-is-discussed-coordination\/#primaryimage"},"thumbnailUrl":"https:\/\/president-ksgov.net\/wp-content\/uploads\/05_01_2017_5599476_DSC_6312_copy.jpg","datePublished":"2017-01-05T15:51:30+00:00","dateModified":"2023-03-07T09:45:04+00:00","author":{"@id":"https:\/\/president-ksgov.net\/#\/schema\/person\/bb4337a5fb147cb2046d80548172cbee"},"description":"President Tha\u00e7i gathers the leaders of the Albanians of Macedonia, the need for inter-Albanian is discussed coordination - President of the Republic of Kosovo - DR. VJOSA OSMANI - SADRIU -","breadcrumb":{"@id":"https:\/\/president-ksgov.net\/en\/president-thaci-gathers-the-leaders-of-the-albanians-of-macedonia-the-need-for-inter-albanian-is-discussed-coordination\/#breadcrumb"},"inLanguage":"en-US","potentialAction":[{"@type":"ReadAction","target":["https:\/\/president-ksgov.net\/en\/president-thaci-gathers-the-leaders-of-the-albanians-of-macedonia-the-need-for-inter-albanian-is-discussed-coordination\/"]}]},{"@type":"ImageObject","inLanguage":"en-US","@id":"https:\/\/president-ksgov.net\/en\/president-thaci-gathers-the-leaders-of-the-albanians-of-macedonia-the-need-for-inter-albanian-is-discussed-coordination\/#primaryimage","url":"https:\/\/president-ksgov.net\/wp-content\/uploads\/05_01_2017_5599476_DSC_6312_copy.jpg","contentUrl":"https:\/\/president-ksgov.net\/wp-content\/uploads\/05_01_2017_5599476_DSC_6312_copy.jpg","width":2000,"height":1588},{"@type":"BreadcrumbList","@id":"https:\/\/president-ksgov.net\/en\/president-thaci-gathers-the-leaders-of-the-albanians-of-macedonia-the-need-for-inter-albanian-is-discussed-coordination\/#breadcrumb","itemListElement":[{"@type":"ListItem","position":1,"name":"Home","item":"https:\/\/president-ksgov.net\/en\/"},{"@type":"ListItem","position":2,"name":"President Tha\u00e7i gathers the leaders of the Albanians of Macedonia, the need for inter-Albanian is discussed coordination"}]},{"@type":"WebSite","@id":"https:\/\/president-ksgov.net\/#website","url":"https:\/\/president-ksgov.net\/","name":"Presidente e Republik\u00ebs s\u00eb Kosov\u00ebs","description":"Presidente e Republik\u00ebs s\u00eb Kosov\u00ebs","alternateName":"DR. VJOSA OSMANI - SADRIU","potentialAction":[{"@type":"SearchAction","target":{"@type":"EntryPoint","urlTemplate":"https:\/\/president-ksgov.net\/?s={search_term_string}"},"query-input":{"@type":"PropertyValueSpecification","valueRequired":true,"valueName":"search_term_string"}}],"inLanguage":"en-US"},{"@type":"Person","@id":"https:\/\/president-ksgov.net\/#\/schema\/person\/bb4337a5fb147cb2046d80548172cbee","name":"admin","image":{"@type":"ImageObject","inLanguage":"en-US","@id":"https:\/\/president-ksgov.net\/#\/schema\/person\/image\/","url":"https:\/\/secure.gravatar.com\/avatar\/36156ca0fa3b8d9d25174f146e16beea0cf28f37adf1b9e19b6c9c279a7c9dd3?s=96&d=mm&r=g","contentUrl":"https:\/\/secure.gravatar.com\/avatar\/36156ca0fa3b8d9d25174f146e16beea0cf28f37adf1b9e19b6c9c279a7c9dd3?s=96&d=mm&r=g","caption":"admin"},"sameAs":["https:\/\/president-ksgov.net"]}]}},"_links":{"self":[{"href":"https:\/\/president-ksgov.net\/en\/wp-json\/wp\/v2\/posts\/68750","targetHints":{"allow":["GET"]}}],"collection":[{"href":"https:\/\/president-ksgov.net\/en\/wp-json\/wp\/v2\/posts"}],"about":[{"href":"https:\/\/president-ksgov.net\/en\/wp-json\/wp\/v2\/types\/post"}],"author":[{"embeddable":true,"href":"https:\/\/president-ksgov.net\/en\/wp-json\/wp\/v2\/users\/1"}],"replies":[{"embeddable":true,"href":"https:\/\/president-ksgov.net\/en\/wp-json\/wp\/v2\/comments?post=68750"}],"version-history":[{"count":0,"href":"https:\/\/president-ksgov.net\/en\/wp-json\/wp\/v2\/posts\/68750\/revisions"}],"wp:featuredmedia":[{"embeddable":true,"href":"https:\/\/president-ksgov.net\/en\/wp-json\/wp\/v2\/media\/31564"}],"wp:attachment":[{"href":"https:\/\/president-ksgov.net\/en\/wp-json\/wp\/v2\/media?parent=68750"}],"wp:term":[{"taxonomy":"category","embeddable":true,"href":"https:\/\/president-ksgov.net\/en\/wp-json\/wp\/v2\/categories?post=68750"},{"taxonomy":"post_tag","embeddable":true,"href":"https:\/\/president-ksgov.net\/en\/wp-json\/wp\/v2\/tags?post=68750"}],"curies":[{"name":"wp","href":"https:\/\/api.w.org\/{rel}","templated":true}]}}