{"id":68732,"date":"2017-01-26T12:26:33","date_gmt":"2017-01-26T12:26:33","guid":{"rendered":"https:\/\/dev.president-ksgov.net\/president-thaci-supports-the-participation-of-the-athletes-at-the-competitions-of-the-international-special-olympics\/"},"modified":"2023-03-07T09:44:28","modified_gmt":"2023-03-07T09:44:28","slug":"president-thaci-supports-the-participation-of-the-athletes-at-the-competitions-of-the-international-special-olympics","status":"publish","type":"post","link":"https:\/\/president-ksgov.net\/en\/president-thaci-supports-the-participation-of-the-athletes-at-the-competitions-of-the-international-special-olympics\/","title":{"rendered":"President Tha\u00e7i supports the participation of the athletes at the competitions of the International Special Olympics"},"content":{"rendered":"<p>Prishtina, January 26 &#8211; The President of the Republic of Kosovo, Hashim Tha\u00e7i, has received today the Vice President of the International Special Olympics for people with special needs, David Evangelista, together with representatives of this Olympiad in Kosovo.<\/p>\n<p>Even though Kosovo is a small country, President Tha\u00e7i said that we have distinguished athletes, who have had good representation in various international competitions. <\/p>\n<p>&#8220;For the first time we have participated in the Olympic Games in Rio and we returned with a gold medal. I believe that two of our athletes, Medina and Kushtrim, who will be competing in this year&#8217;s Special Olympics in Austria, will return with medals&#8221;, said President Tha\u00e7i.<\/p>\n<p>To the Special Olympics of Kosovo (SOK), which operates as a non-governmental organization, President Tha\u00e7i promised that he will be commited to have greater institutional support. <\/p>\n<p>The Vice President of the International Special Olympics stressed that this sports organization is also recognized by the International Olympic Committee and was created in order to transform the lives of people with special needs, integrating them into modern societies.<\/p>\n<p>&#8220;We offer a sports program that takes place throughout the year, including the individual training and competing of athletes, in all sports categories&#8221;, he said. <\/p>\n<p>Vice President Evangelista stressed that the International Special Olympics has about 4.6 million athletes competing in 26 kinds of summer and winter Olympic sports.<\/p>\n<p>From the Special Olympics of Kosovo (SOK), in this year&#8217;s international competitions which take place in Austria, in the skiing sport discipline will participate Medina Surdulli and Kushtrim Veseli. <\/p>\n<p>In Kosovo this organization has about 200 athletes from many cities in Kosovo, who compete domestically and internationally.<br \/>\n\u00a0<\/p>\n","protected":false},"excerpt":{"rendered":"<p>Prishtina, January 26 &#8211; The President of the Republic of Kosovo, Hashim Tha\u00e7i, has received today the Vice President of the International Special Olympics for people with special needs, David Evangelista, together with representatives of this Olympiad in Kosovo.<\/p>\n","protected":false},"author":1,"featured_media":31396,"comment_status":"open","ping_status":"closed","sticky":false,"template":"","format":"standard","meta":{"_eb_attr":"","footnotes":""},"categories":[111],"tags":[],"class_list":["post-68732","post","type-post","status-publish","format-standard","has-post-thumbnail","hentry","category-news"],"yoast_head":"<!-- This site is optimized with the Yoast SEO plugin v23.5 - https:\/\/yoast.com\/wordpress\/plugins\/seo\/ -->\n<title>President Tha\u00e7i supports the participation of the athletes at the competitions of the International Special Olympics - President of the Republic of Kosovo - DR. VJOSA OSMANI - SADRIU<\/title>\n<meta name=\"description\" content=\"President Tha\u00e7i supports the participation of the athletes at the competitions of the International Special Olympics - President of the Republic of Kosovo - DR. VJOSA OSMANI - SADRIU -\" \/>\n<meta name=\"robots\" content=\"index, follow, max-snippet:-1, max-image-preview:large, max-video-preview:-1\" \/>\n<link rel=\"canonical\" href=\"https:\/\/president-ksgov.net\/presidenti-thaci-mbeshtet-pjesemarrjen-e-sportisteve-ne-garat-e-olimpiades-speciale-nderkombetare\/\" \/>\n<meta property=\"og:locale\" content=\"en_US\" \/>\n<meta property=\"og:type\" content=\"article\" \/>\n<meta property=\"og:title\" content=\"President Tha\u00e7i supports the participation of the athletes at the competitions of the International Special Olympics - President of the Republic of Kosovo - DR. VJOSA OSMANI - SADRIU\" \/>\n<meta property=\"og:description\" content=\"President Tha\u00e7i supports the participation of the athletes at the competitions of the International Special Olympics - President of the Republic of Kosovo - DR. VJOSA OSMANI - SADRIU -\" \/>\n<meta property=\"og:url\" content=\"https:\/\/president-ksgov.net\/presidenti-thaci-mbeshtet-pjesemarrjen-e-sportisteve-ne-garat-e-olimpiades-speciale-nderkombetare\/\" \/>\n<meta property=\"og:site_name\" content=\"President of the Republic of Kosovo - DR. VJOSA OSMANI - SADRIU\" \/>\n<meta property=\"article:published_time\" content=\"2017-01-26T12:26:33+00:00\" \/>\n<meta property=\"article:modified_time\" content=\"2023-03-07T09:44:28+00:00\" \/>\n<meta property=\"og:image\" content=\"https:\/\/president-ksgov.net\/wp-content\/uploads\/26_01_2017_6655501_1-scaled.jpg\" \/>\n\t<meta property=\"og:image:width\" content=\"2560\" \/>\n\t<meta property=\"og:image:height\" content=\"1550\" \/>\n\t<meta property=\"og:image:type\" content=\"image\/jpeg\" \/>\n<meta name=\"author\" content=\"admin\" \/>\n<meta name=\"twitter:card\" content=\"summary_large_image\" \/>\n<meta name=\"twitter:label1\" content=\"Written by\" \/>\n\t<meta name=\"twitter:data1\" content=\"admin\" \/>\n\t<meta name=\"twitter:label2\" content=\"Est. reading time\" \/>\n\t<meta name=\"twitter:data2\" content=\"1 minute\" \/>\n<script type=\"application\/ld+json\" class=\"yoast-schema-graph\">{\"@context\":\"https:\/\/schema.org\",\"@graph\":[{\"@type\":\"WebPage\",\"@id\":\"https:\/\/president-ksgov.net\/presidenti-thaci-mbeshtet-pjesemarrjen-e-sportisteve-ne-garat-e-olimpiades-speciale-nderkombetare\/\",\"url\":\"https:\/\/president-ksgov.net\/presidenti-thaci-mbeshtet-pjesemarrjen-e-sportisteve-ne-garat-e-olimpiades-speciale-nderkombetare\/\",\"name\":\"President Tha\u00e7i supports the participation of the athletes at the competitions of the International Special Olympics - President of the Republic of Kosovo - DR. VJOSA OSMANI - SADRIU\",\"isPartOf\":{\"@id\":\"https:\/\/president-ksgov.net\/#website\"},\"primaryImageOfPage\":{\"@id\":\"https:\/\/president-ksgov.net\/presidenti-thaci-mbeshtet-pjesemarrjen-e-sportisteve-ne-garat-e-olimpiades-speciale-nderkombetare\/#primaryimage\"},\"image\":{\"@id\":\"https:\/\/president-ksgov.net\/presidenti-thaci-mbeshtet-pjesemarrjen-e-sportisteve-ne-garat-e-olimpiades-speciale-nderkombetare\/#primaryimage\"},\"thumbnailUrl\":\"https:\/\/president-ksgov.net\/wp-content\/uploads\/26_01_2017_6655501_1-scaled.jpg\",\"datePublished\":\"2017-01-26T12:26:33+00:00\",\"dateModified\":\"2023-03-07T09:44:28+00:00\",\"author\":{\"@id\":\"https:\/\/president-ksgov.net\/#\/schema\/person\/bb4337a5fb147cb2046d80548172cbee\"},\"description\":\"President Tha\u00e7i supports the participation of the athletes at the competitions of the International Special Olympics - President of the Republic of Kosovo - DR. VJOSA OSMANI - SADRIU -\",\"breadcrumb\":{\"@id\":\"https:\/\/president-ksgov.net\/presidenti-thaci-mbeshtet-pjesemarrjen-e-sportisteve-ne-garat-e-olimpiades-speciale-nderkombetare\/#breadcrumb\"},\"inLanguage\":\"en-US\",\"potentialAction\":[{\"@type\":\"ReadAction\",\"target\":[\"https:\/\/president-ksgov.net\/presidenti-thaci-mbeshtet-pjesemarrjen-e-sportisteve-ne-garat-e-olimpiades-speciale-nderkombetare\/\"]}]},{\"@type\":\"ImageObject\",\"inLanguage\":\"en-US\",\"@id\":\"https:\/\/president-ksgov.net\/presidenti-thaci-mbeshtet-pjesemarrjen-e-sportisteve-ne-garat-e-olimpiades-speciale-nderkombetare\/#primaryimage\",\"url\":\"https:\/\/president-ksgov.net\/wp-content\/uploads\/26_01_2017_6655501_1-scaled.jpg\",\"contentUrl\":\"https:\/\/president-ksgov.net\/wp-content\/uploads\/26_01_2017_6655501_1-scaled.jpg\",\"width\":2560,\"height\":1550},{\"@type\":\"BreadcrumbList\",\"@id\":\"https:\/\/president-ksgov.net\/presidenti-thaci-mbeshtet-pjesemarrjen-e-sportisteve-ne-garat-e-olimpiades-speciale-nderkombetare\/#breadcrumb\",\"itemListElement\":[{\"@type\":\"ListItem\",\"position\":1,\"name\":\"Home\",\"item\":\"https:\/\/president-ksgov.net\/en\/\"},{\"@type\":\"ListItem\",\"position\":2,\"name\":\"President Tha\u00e7i supports the participation of the athletes at the competitions of the International Special Olympics\"}]},{\"@type\":\"WebSite\",\"@id\":\"https:\/\/president-ksgov.net\/#website\",\"url\":\"https:\/\/president-ksgov.net\/\",\"name\":\"Presidente e Republik\u00ebs s\u00eb Kosov\u00ebs\",\"description\":\"Presidente e Republik\u00ebs s\u00eb Kosov\u00ebs\",\"alternateName\":\"DR. VJOSA OSMANI - SADRIU\",\"potentialAction\":[{\"@type\":\"SearchAction\",\"target\":{\"@type\":\"EntryPoint\",\"urlTemplate\":\"https:\/\/president-ksgov.net\/?s={search_term_string}\"},\"query-input\":{\"@type\":\"PropertyValueSpecification\",\"valueRequired\":true,\"valueName\":\"search_term_string\"}}],\"inLanguage\":\"en-US\"},{\"@type\":\"Person\",\"@id\":\"https:\/\/president-ksgov.net\/#\/schema\/person\/bb4337a5fb147cb2046d80548172cbee\",\"name\":\"admin\",\"image\":{\"@type\":\"ImageObject\",\"inLanguage\":\"en-US\",\"@id\":\"https:\/\/president-ksgov.net\/#\/schema\/person\/image\/\",\"url\":\"https:\/\/secure.gravatar.com\/avatar\/36156ca0fa3b8d9d25174f146e16beea0cf28f37adf1b9e19b6c9c279a7c9dd3?s=96&d=mm&r=g\",\"contentUrl\":\"https:\/\/secure.gravatar.com\/avatar\/36156ca0fa3b8d9d25174f146e16beea0cf28f37adf1b9e19b6c9c279a7c9dd3?s=96&d=mm&r=g\",\"caption\":\"admin\"},\"sameAs\":[\"https:\/\/president-ksgov.net\"]}]}<\/script>\n<!-- \/ Yoast SEO plugin. -->","yoast_head_json":{"title":"President Tha\u00e7i supports the participation of the athletes at the competitions of the International Special Olympics - President of the Republic of Kosovo - DR. VJOSA OSMANI - SADRIU","description":"President Tha\u00e7i supports the participation of the athletes at the competitions of the International Special Olympics - President of the Republic of Kosovo - DR. VJOSA OSMANI - SADRIU -","robots":{"index":"index","follow":"follow","max-snippet":"max-snippet:-1","max-image-preview":"max-image-preview:large","max-video-preview":"max-video-preview:-1"},"canonical":"https:\/\/president-ksgov.net\/presidenti-thaci-mbeshtet-pjesemarrjen-e-sportisteve-ne-garat-e-olimpiades-speciale-nderkombetare\/","og_locale":"en_US","og_type":"article","og_title":"President Tha\u00e7i supports the participation of the athletes at the competitions of the International Special Olympics - President of the Republic of Kosovo - DR. VJOSA OSMANI - SADRIU","og_description":"President Tha\u00e7i supports the participation of the athletes at the competitions of the International Special Olympics - President of the Republic of Kosovo - DR. VJOSA OSMANI - SADRIU -","og_url":"https:\/\/president-ksgov.net\/presidenti-thaci-mbeshtet-pjesemarrjen-e-sportisteve-ne-garat-e-olimpiades-speciale-nderkombetare\/","og_site_name":"President of the Republic of Kosovo - DR. VJOSA OSMANI - SADRIU","article_published_time":"2017-01-26T12:26:33+00:00","article_modified_time":"2023-03-07T09:44:28+00:00","og_image":[{"width":2560,"height":1550,"url":"https:\/\/president-ksgov.net\/wp-content\/uploads\/26_01_2017_6655501_1-scaled.jpg","type":"image\/jpeg"}],"author":"admin","twitter_card":"summary_large_image","twitter_misc":{"Written by":"admin","Est. reading time":"1 minute"},"schema":{"@context":"https:\/\/schema.org","@graph":[{"@type":"WebPage","@id":"https:\/\/president-ksgov.net\/presidenti-thaci-mbeshtet-pjesemarrjen-e-sportisteve-ne-garat-e-olimpiades-speciale-nderkombetare\/","url":"https:\/\/president-ksgov.net\/presidenti-thaci-mbeshtet-pjesemarrjen-e-sportisteve-ne-garat-e-olimpiades-speciale-nderkombetare\/","name":"President Tha\u00e7i supports the participation of the athletes at the competitions of the International Special Olympics - President of the Republic of Kosovo - DR. VJOSA OSMANI - SADRIU","isPartOf":{"@id":"https:\/\/president-ksgov.net\/#website"},"primaryImageOfPage":{"@id":"https:\/\/president-ksgov.net\/presidenti-thaci-mbeshtet-pjesemarrjen-e-sportisteve-ne-garat-e-olimpiades-speciale-nderkombetare\/#primaryimage"},"image":{"@id":"https:\/\/president-ksgov.net\/presidenti-thaci-mbeshtet-pjesemarrjen-e-sportisteve-ne-garat-e-olimpiades-speciale-nderkombetare\/#primaryimage"},"thumbnailUrl":"https:\/\/president-ksgov.net\/wp-content\/uploads\/26_01_2017_6655501_1-scaled.jpg","datePublished":"2017-01-26T12:26:33+00:00","dateModified":"2023-03-07T09:44:28+00:00","author":{"@id":"https:\/\/president-ksgov.net\/#\/schema\/person\/bb4337a5fb147cb2046d80548172cbee"},"description":"President Tha\u00e7i supports the participation of the athletes at the competitions of the International Special Olympics - President of the Republic of Kosovo - DR. VJOSA OSMANI - SADRIU -","breadcrumb":{"@id":"https:\/\/president-ksgov.net\/presidenti-thaci-mbeshtet-pjesemarrjen-e-sportisteve-ne-garat-e-olimpiades-speciale-nderkombetare\/#breadcrumb"},"inLanguage":"en-US","potentialAction":[{"@type":"ReadAction","target":["https:\/\/president-ksgov.net\/presidenti-thaci-mbeshtet-pjesemarrjen-e-sportisteve-ne-garat-e-olimpiades-speciale-nderkombetare\/"]}]},{"@type":"ImageObject","inLanguage":"en-US","@id":"https:\/\/president-ksgov.net\/presidenti-thaci-mbeshtet-pjesemarrjen-e-sportisteve-ne-garat-e-olimpiades-speciale-nderkombetare\/#primaryimage","url":"https:\/\/president-ksgov.net\/wp-content\/uploads\/26_01_2017_6655501_1-scaled.jpg","contentUrl":"https:\/\/president-ksgov.net\/wp-content\/uploads\/26_01_2017_6655501_1-scaled.jpg","width":2560,"height":1550},{"@type":"BreadcrumbList","@id":"https:\/\/president-ksgov.net\/presidenti-thaci-mbeshtet-pjesemarrjen-e-sportisteve-ne-garat-e-olimpiades-speciale-nderkombetare\/#breadcrumb","itemListElement":[{"@type":"ListItem","position":1,"name":"Home","item":"https:\/\/president-ksgov.net\/en\/"},{"@type":"ListItem","position":2,"name":"President Tha\u00e7i supports the participation of the athletes at the competitions of the International Special Olympics"}]},{"@type":"WebSite","@id":"https:\/\/president-ksgov.net\/#website","url":"https:\/\/president-ksgov.net\/","name":"Presidente e Republik\u00ebs s\u00eb Kosov\u00ebs","description":"Presidente e Republik\u00ebs s\u00eb Kosov\u00ebs","alternateName":"DR. VJOSA OSMANI - SADRIU","potentialAction":[{"@type":"SearchAction","target":{"@type":"EntryPoint","urlTemplate":"https:\/\/president-ksgov.net\/?s={search_term_string}"},"query-input":{"@type":"PropertyValueSpecification","valueRequired":true,"valueName":"search_term_string"}}],"inLanguage":"en-US"},{"@type":"Person","@id":"https:\/\/president-ksgov.net\/#\/schema\/person\/bb4337a5fb147cb2046d80548172cbee","name":"admin","image":{"@type":"ImageObject","inLanguage":"en-US","@id":"https:\/\/president-ksgov.net\/#\/schema\/person\/image\/","url":"https:\/\/secure.gravatar.com\/avatar\/36156ca0fa3b8d9d25174f146e16beea0cf28f37adf1b9e19b6c9c279a7c9dd3?s=96&d=mm&r=g","contentUrl":"https:\/\/secure.gravatar.com\/avatar\/36156ca0fa3b8d9d25174f146e16beea0cf28f37adf1b9e19b6c9c279a7c9dd3?s=96&d=mm&r=g","caption":"admin"},"sameAs":["https:\/\/president-ksgov.net"]}]}},"_links":{"self":[{"href":"https:\/\/president-ksgov.net\/en\/wp-json\/wp\/v2\/posts\/68732","targetHints":{"allow":["GET"]}}],"collection":[{"href":"https:\/\/president-ksgov.net\/en\/wp-json\/wp\/v2\/posts"}],"about":[{"href":"https:\/\/president-ksgov.net\/en\/wp-json\/wp\/v2\/types\/post"}],"author":[{"embeddable":true,"href":"https:\/\/president-ksgov.net\/en\/wp-json\/wp\/v2\/users\/1"}],"replies":[{"embeddable":true,"href":"https:\/\/president-ksgov.net\/en\/wp-json\/wp\/v2\/comments?post=68732"}],"version-history":[{"count":0,"href":"https:\/\/president-ksgov.net\/en\/wp-json\/wp\/v2\/posts\/68732\/revisions"}],"wp:featuredmedia":[{"embeddable":true,"href":"https:\/\/president-ksgov.net\/en\/wp-json\/wp\/v2\/media\/31396"}],"wp:attachment":[{"href":"https:\/\/president-ksgov.net\/en\/wp-json\/wp\/v2\/media?parent=68732"}],"wp:term":[{"taxonomy":"category","embeddable":true,"href":"https:\/\/president-ksgov.net\/en\/wp-json\/wp\/v2\/categories?post=68732"},{"taxonomy":"post_tag","embeddable":true,"href":"https:\/\/president-ksgov.net\/en\/wp-json\/wp\/v2\/tags?post=68732"}],"curies":[{"name":"wp","href":"https:\/\/api.w.org\/{rel}","templated":true}]}}