{"id":68724,"date":"2017-02-07T11:15:33","date_gmt":"2017-02-07T11:15:33","guid":{"rendered":"https:\/\/dev.president-ksgov.net\/president-thaci-hands-over-the-flag-of-kosovo-to-the-alpinists-in-order-to-raise-it-on-the-top-of-the-everest\/"},"modified":"2023-03-07T09:43:49","modified_gmt":"2023-03-07T09:43:49","slug":"president-thaci-hands-over-the-flag-of-kosovo-to-the-alpinists-in-order-to-raise-it-on-the-top-of-the-everest","status":"publish","type":"post","link":"https:\/\/president-ksgov.net\/en\/president-thaci-hands-over-the-flag-of-kosovo-to-the-alpinists-in-order-to-raise-it-on-the-top-of-the-everest\/","title":{"rendered":"President Tha\u00e7i hands over the flag of Kosovo to the alpinists in order to raise it on the top of the Everest"},"content":{"rendered":"<p>Prishtina, February 07 &#8211; The President of the Republic of Kosovo, Hashim Tha\u00e7i, received today a group of Kosovar alpinists, who in the coming months will climb on the top of the Everest.<\/p>\n<p>President Tha\u00e7i stressed that through the successes in many sports disciplines, the Kosovars are strengthening the national identity and are promoting Kosovo in the world.<br \/>\n\u00a0<br \/>\n&#8220;I am aware about the risks this expedition presents and will support you in every step&#8221;, added President Tha\u00e7i.<br \/>\n\u00a0<br \/>\nOn the other hand, the leader of the group of alpinists, Nazmi Hasanramaj ,said that this expedition is dedicated to the state of Kosovo and its message is peace and the promotion of the citizenship.<br \/>\n\u00a0<br \/>\n&#8220;The final goal is to raise the Kosovo flag you gave us today on the Everest&#8221;, he added.<br \/>\n\u00a0<br \/>\nThe group consisting of Nazmi Hasanramaj, Q\u00ebndrim Sopi, Arineta Mula and Haki Hasanramaj are continuing preparations for climbing the highest mountain ranges in the world, which are over 8800 meters high.<br \/>\n\u00a0<br \/>\n&#8220;For three years we are preparing ourselves. We are continuing the psychological preparations intensively, whereas professionally and spiritually we are prepared for all the challenges, risks and potential sacrifices that may await us there&#8221;, said Hasanramaj.<br \/>\n\u00a0<br \/>\nPresident Tha\u00e7i highly praised the courage of the alpinists for this initiative and sacrifice filled journey.<br \/>\n&#8220;The conquest of the Everest peaks and raising the flag of Kosovo by you, will be an extraordinary news for our Republic&#8221;, said President Tha\u00e7i.<br \/>\n\u00a0<\/p>\n","protected":false},"excerpt":{"rendered":"<p>Prishtina, February 07 &#8211; The President of the Republic of Kosovo, Hashim Tha\u00e7i, received today a group of Kosovar alpinists, who in the coming months will climb on the top of the Everest.<\/p>\n","protected":false},"author":1,"featured_media":31319,"comment_status":"open","ping_status":"closed","sticky":false,"template":"","format":"standard","meta":{"_eb_attr":"","footnotes":""},"categories":[111],"tags":[],"class_list":["post-68724","post","type-post","status-publish","format-standard","has-post-thumbnail","hentry","category-news"],"yoast_head":"<!-- This site is optimized with the Yoast SEO plugin v23.5 - https:\/\/yoast.com\/wordpress\/plugins\/seo\/ -->\n<title>President Tha\u00e7i hands over the flag of Kosovo to the alpinists in order to raise it on the top of the Everest - President of the Republic of Kosovo - DR. VJOSA OSMANI - SADRIU<\/title>\n<meta name=\"description\" content=\"President Tha\u00e7i hands over the flag of Kosovo to the alpinists in order to raise it on the top of the Everest - President of the Republic of Kosovo - DR. VJOSA OSMANI - SADRIU -\" \/>\n<meta name=\"robots\" content=\"index, follow, max-snippet:-1, max-image-preview:large, max-video-preview:-1\" \/>\n<link rel=\"canonical\" href=\"https:\/\/president-ksgov.net\/presidenti-thaci-ua-dorezon-alpinisteve-flamurin-e-kosoves-per-ta-ngritur-ne-majen-e-everestit\/\" \/>\n<meta property=\"og:locale\" content=\"en_US\" \/>\n<meta property=\"og:type\" content=\"article\" \/>\n<meta property=\"og:title\" content=\"President Tha\u00e7i hands over the flag of Kosovo to the alpinists in order to raise it on the top of the Everest - President of the Republic of Kosovo - DR. VJOSA OSMANI - SADRIU\" \/>\n<meta property=\"og:description\" content=\"President Tha\u00e7i hands over the flag of Kosovo to the alpinists in order to raise it on the top of the Everest - President of the Republic of Kosovo - DR. VJOSA OSMANI - SADRIU -\" \/>\n<meta property=\"og:url\" content=\"https:\/\/president-ksgov.net\/presidenti-thaci-ua-dorezon-alpinisteve-flamurin-e-kosoves-per-ta-ngritur-ne-majen-e-everestit\/\" \/>\n<meta property=\"og:site_name\" content=\"President of the Republic of Kosovo - DR. VJOSA OSMANI - SADRIU\" \/>\n<meta property=\"article:published_time\" content=\"2017-02-07T11:15:33+00:00\" \/>\n<meta property=\"article:modified_time\" content=\"2023-03-07T09:43:49+00:00\" \/>\n<meta property=\"og:image\" content=\"https:\/\/president-ksgov.net\/wp-content\/uploads\/07_02_2017_5241517_01.jpg\" \/>\n\t<meta property=\"og:image:width\" content=\"2400\" \/>\n\t<meta property=\"og:image:height\" content=\"1600\" \/>\n\t<meta property=\"og:image:type\" content=\"image\/jpeg\" \/>\n<meta name=\"author\" content=\"admin\" \/>\n<meta name=\"twitter:card\" content=\"summary_large_image\" \/>\n<meta name=\"twitter:label1\" content=\"Written by\" \/>\n\t<meta name=\"twitter:data1\" content=\"admin\" \/>\n\t<meta name=\"twitter:label2\" content=\"Est. reading time\" \/>\n\t<meta name=\"twitter:data2\" content=\"1 minute\" \/>\n<script type=\"application\/ld+json\" class=\"yoast-schema-graph\">{\"@context\":\"https:\/\/schema.org\",\"@graph\":[{\"@type\":\"WebPage\",\"@id\":\"https:\/\/president-ksgov.net\/presidenti-thaci-ua-dorezon-alpinisteve-flamurin-e-kosoves-per-ta-ngritur-ne-majen-e-everestit\/\",\"url\":\"https:\/\/president-ksgov.net\/presidenti-thaci-ua-dorezon-alpinisteve-flamurin-e-kosoves-per-ta-ngritur-ne-majen-e-everestit\/\",\"name\":\"President Tha\u00e7i hands over the flag of Kosovo to the alpinists in order to raise it on the top of the Everest - President of the Republic of Kosovo - DR. VJOSA OSMANI - SADRIU\",\"isPartOf\":{\"@id\":\"https:\/\/president-ksgov.net\/#website\"},\"primaryImageOfPage\":{\"@id\":\"https:\/\/president-ksgov.net\/presidenti-thaci-ua-dorezon-alpinisteve-flamurin-e-kosoves-per-ta-ngritur-ne-majen-e-everestit\/#primaryimage\"},\"image\":{\"@id\":\"https:\/\/president-ksgov.net\/presidenti-thaci-ua-dorezon-alpinisteve-flamurin-e-kosoves-per-ta-ngritur-ne-majen-e-everestit\/#primaryimage\"},\"thumbnailUrl\":\"https:\/\/president-ksgov.net\/wp-content\/uploads\/07_02_2017_5241517_01.jpg\",\"datePublished\":\"2017-02-07T11:15:33+00:00\",\"dateModified\":\"2023-03-07T09:43:49+00:00\",\"author\":{\"@id\":\"https:\/\/president-ksgov.net\/#\/schema\/person\/bb4337a5fb147cb2046d80548172cbee\"},\"description\":\"President Tha\u00e7i hands over the flag of Kosovo to the alpinists in order to raise it on the top of the Everest - President of the Republic of Kosovo - DR. VJOSA OSMANI - SADRIU -\",\"breadcrumb\":{\"@id\":\"https:\/\/president-ksgov.net\/presidenti-thaci-ua-dorezon-alpinisteve-flamurin-e-kosoves-per-ta-ngritur-ne-majen-e-everestit\/#breadcrumb\"},\"inLanguage\":\"en-US\",\"potentialAction\":[{\"@type\":\"ReadAction\",\"target\":[\"https:\/\/president-ksgov.net\/presidenti-thaci-ua-dorezon-alpinisteve-flamurin-e-kosoves-per-ta-ngritur-ne-majen-e-everestit\/\"]}]},{\"@type\":\"ImageObject\",\"inLanguage\":\"en-US\",\"@id\":\"https:\/\/president-ksgov.net\/presidenti-thaci-ua-dorezon-alpinisteve-flamurin-e-kosoves-per-ta-ngritur-ne-majen-e-everestit\/#primaryimage\",\"url\":\"https:\/\/president-ksgov.net\/wp-content\/uploads\/07_02_2017_5241517_01.jpg\",\"contentUrl\":\"https:\/\/president-ksgov.net\/wp-content\/uploads\/07_02_2017_5241517_01.jpg\",\"width\":2400,\"height\":1600},{\"@type\":\"BreadcrumbList\",\"@id\":\"https:\/\/president-ksgov.net\/presidenti-thaci-ua-dorezon-alpinisteve-flamurin-e-kosoves-per-ta-ngritur-ne-majen-e-everestit\/#breadcrumb\",\"itemListElement\":[{\"@type\":\"ListItem\",\"position\":1,\"name\":\"Home\",\"item\":\"https:\/\/president-ksgov.net\/en\/\"},{\"@type\":\"ListItem\",\"position\":2,\"name\":\"President Tha\u00e7i hands over the flag of Kosovo to the alpinists in order to raise it on the top of the Everest\"}]},{\"@type\":\"WebSite\",\"@id\":\"https:\/\/president-ksgov.net\/#website\",\"url\":\"https:\/\/president-ksgov.net\/\",\"name\":\"Presidente e Republik\u00ebs s\u00eb Kosov\u00ebs\",\"description\":\"Presidente e Republik\u00ebs s\u00eb Kosov\u00ebs\",\"alternateName\":\"DR. VJOSA OSMANI - SADRIU\",\"potentialAction\":[{\"@type\":\"SearchAction\",\"target\":{\"@type\":\"EntryPoint\",\"urlTemplate\":\"https:\/\/president-ksgov.net\/?s={search_term_string}\"},\"query-input\":{\"@type\":\"PropertyValueSpecification\",\"valueRequired\":true,\"valueName\":\"search_term_string\"}}],\"inLanguage\":\"en-US\"},{\"@type\":\"Person\",\"@id\":\"https:\/\/president-ksgov.net\/#\/schema\/person\/bb4337a5fb147cb2046d80548172cbee\",\"name\":\"admin\",\"image\":{\"@type\":\"ImageObject\",\"inLanguage\":\"en-US\",\"@id\":\"https:\/\/president-ksgov.net\/#\/schema\/person\/image\/\",\"url\":\"https:\/\/secure.gravatar.com\/avatar\/36156ca0fa3b8d9d25174f146e16beea0cf28f37adf1b9e19b6c9c279a7c9dd3?s=96&d=mm&r=g\",\"contentUrl\":\"https:\/\/secure.gravatar.com\/avatar\/36156ca0fa3b8d9d25174f146e16beea0cf28f37adf1b9e19b6c9c279a7c9dd3?s=96&d=mm&r=g\",\"caption\":\"admin\"},\"sameAs\":[\"https:\/\/president-ksgov.net\"]}]}<\/script>\n<!-- \/ Yoast SEO plugin. -->","yoast_head_json":{"title":"President Tha\u00e7i hands over the flag of Kosovo to the alpinists in order to raise it on the top of the Everest - President of the Republic of Kosovo - DR. VJOSA OSMANI - SADRIU","description":"President Tha\u00e7i hands over the flag of Kosovo to the alpinists in order to raise it on the top of the Everest - President of the Republic of Kosovo - DR. VJOSA OSMANI - SADRIU -","robots":{"index":"index","follow":"follow","max-snippet":"max-snippet:-1","max-image-preview":"max-image-preview:large","max-video-preview":"max-video-preview:-1"},"canonical":"https:\/\/president-ksgov.net\/presidenti-thaci-ua-dorezon-alpinisteve-flamurin-e-kosoves-per-ta-ngritur-ne-majen-e-everestit\/","og_locale":"en_US","og_type":"article","og_title":"President Tha\u00e7i hands over the flag of Kosovo to the alpinists in order to raise it on the top of the Everest - President of the Republic of Kosovo - DR. VJOSA OSMANI - SADRIU","og_description":"President Tha\u00e7i hands over the flag of Kosovo to the alpinists in order to raise it on the top of the Everest - President of the Republic of Kosovo - DR. VJOSA OSMANI - SADRIU -","og_url":"https:\/\/president-ksgov.net\/presidenti-thaci-ua-dorezon-alpinisteve-flamurin-e-kosoves-per-ta-ngritur-ne-majen-e-everestit\/","og_site_name":"President of the Republic of Kosovo - DR. VJOSA OSMANI - SADRIU","article_published_time":"2017-02-07T11:15:33+00:00","article_modified_time":"2023-03-07T09:43:49+00:00","og_image":[{"width":2400,"height":1600,"url":"https:\/\/president-ksgov.net\/wp-content\/uploads\/07_02_2017_5241517_01.jpg","type":"image\/jpeg"}],"author":"admin","twitter_card":"summary_large_image","twitter_misc":{"Written by":"admin","Est. reading time":"1 minute"},"schema":{"@context":"https:\/\/schema.org","@graph":[{"@type":"WebPage","@id":"https:\/\/president-ksgov.net\/presidenti-thaci-ua-dorezon-alpinisteve-flamurin-e-kosoves-per-ta-ngritur-ne-majen-e-everestit\/","url":"https:\/\/president-ksgov.net\/presidenti-thaci-ua-dorezon-alpinisteve-flamurin-e-kosoves-per-ta-ngritur-ne-majen-e-everestit\/","name":"President Tha\u00e7i hands over the flag of Kosovo to the alpinists in order to raise it on the top of the Everest - President of the Republic of Kosovo - DR. VJOSA OSMANI - SADRIU","isPartOf":{"@id":"https:\/\/president-ksgov.net\/#website"},"primaryImageOfPage":{"@id":"https:\/\/president-ksgov.net\/presidenti-thaci-ua-dorezon-alpinisteve-flamurin-e-kosoves-per-ta-ngritur-ne-majen-e-everestit\/#primaryimage"},"image":{"@id":"https:\/\/president-ksgov.net\/presidenti-thaci-ua-dorezon-alpinisteve-flamurin-e-kosoves-per-ta-ngritur-ne-majen-e-everestit\/#primaryimage"},"thumbnailUrl":"https:\/\/president-ksgov.net\/wp-content\/uploads\/07_02_2017_5241517_01.jpg","datePublished":"2017-02-07T11:15:33+00:00","dateModified":"2023-03-07T09:43:49+00:00","author":{"@id":"https:\/\/president-ksgov.net\/#\/schema\/person\/bb4337a5fb147cb2046d80548172cbee"},"description":"President Tha\u00e7i hands over the flag of Kosovo to the alpinists in order to raise it on the top of the Everest - President of the Republic of Kosovo - DR. VJOSA OSMANI - SADRIU -","breadcrumb":{"@id":"https:\/\/president-ksgov.net\/presidenti-thaci-ua-dorezon-alpinisteve-flamurin-e-kosoves-per-ta-ngritur-ne-majen-e-everestit\/#breadcrumb"},"inLanguage":"en-US","potentialAction":[{"@type":"ReadAction","target":["https:\/\/president-ksgov.net\/presidenti-thaci-ua-dorezon-alpinisteve-flamurin-e-kosoves-per-ta-ngritur-ne-majen-e-everestit\/"]}]},{"@type":"ImageObject","inLanguage":"en-US","@id":"https:\/\/president-ksgov.net\/presidenti-thaci-ua-dorezon-alpinisteve-flamurin-e-kosoves-per-ta-ngritur-ne-majen-e-everestit\/#primaryimage","url":"https:\/\/president-ksgov.net\/wp-content\/uploads\/07_02_2017_5241517_01.jpg","contentUrl":"https:\/\/president-ksgov.net\/wp-content\/uploads\/07_02_2017_5241517_01.jpg","width":2400,"height":1600},{"@type":"BreadcrumbList","@id":"https:\/\/president-ksgov.net\/presidenti-thaci-ua-dorezon-alpinisteve-flamurin-e-kosoves-per-ta-ngritur-ne-majen-e-everestit\/#breadcrumb","itemListElement":[{"@type":"ListItem","position":1,"name":"Home","item":"https:\/\/president-ksgov.net\/en\/"},{"@type":"ListItem","position":2,"name":"President Tha\u00e7i hands over the flag of Kosovo to the alpinists in order to raise it on the top of the Everest"}]},{"@type":"WebSite","@id":"https:\/\/president-ksgov.net\/#website","url":"https:\/\/president-ksgov.net\/","name":"Presidente e Republik\u00ebs s\u00eb Kosov\u00ebs","description":"Presidente e Republik\u00ebs s\u00eb Kosov\u00ebs","alternateName":"DR. VJOSA OSMANI - SADRIU","potentialAction":[{"@type":"SearchAction","target":{"@type":"EntryPoint","urlTemplate":"https:\/\/president-ksgov.net\/?s={search_term_string}"},"query-input":{"@type":"PropertyValueSpecification","valueRequired":true,"valueName":"search_term_string"}}],"inLanguage":"en-US"},{"@type":"Person","@id":"https:\/\/president-ksgov.net\/#\/schema\/person\/bb4337a5fb147cb2046d80548172cbee","name":"admin","image":{"@type":"ImageObject","inLanguage":"en-US","@id":"https:\/\/president-ksgov.net\/#\/schema\/person\/image\/","url":"https:\/\/secure.gravatar.com\/avatar\/36156ca0fa3b8d9d25174f146e16beea0cf28f37adf1b9e19b6c9c279a7c9dd3?s=96&d=mm&r=g","contentUrl":"https:\/\/secure.gravatar.com\/avatar\/36156ca0fa3b8d9d25174f146e16beea0cf28f37adf1b9e19b6c9c279a7c9dd3?s=96&d=mm&r=g","caption":"admin"},"sameAs":["https:\/\/president-ksgov.net"]}]}},"_links":{"self":[{"href":"https:\/\/president-ksgov.net\/en\/wp-json\/wp\/v2\/posts\/68724","targetHints":{"allow":["GET"]}}],"collection":[{"href":"https:\/\/president-ksgov.net\/en\/wp-json\/wp\/v2\/posts"}],"about":[{"href":"https:\/\/president-ksgov.net\/en\/wp-json\/wp\/v2\/types\/post"}],"author":[{"embeddable":true,"href":"https:\/\/president-ksgov.net\/en\/wp-json\/wp\/v2\/users\/1"}],"replies":[{"embeddable":true,"href":"https:\/\/president-ksgov.net\/en\/wp-json\/wp\/v2\/comments?post=68724"}],"version-history":[{"count":0,"href":"https:\/\/president-ksgov.net\/en\/wp-json\/wp\/v2\/posts\/68724\/revisions"}],"wp:featuredmedia":[{"embeddable":true,"href":"https:\/\/president-ksgov.net\/en\/wp-json\/wp\/v2\/media\/31319"}],"wp:attachment":[{"href":"https:\/\/president-ksgov.net\/en\/wp-json\/wp\/v2\/media?parent=68724"}],"wp:term":[{"taxonomy":"category","embeddable":true,"href":"https:\/\/president-ksgov.net\/en\/wp-json\/wp\/v2\/categories?post=68724"},{"taxonomy":"post_tag","embeddable":true,"href":"https:\/\/president-ksgov.net\/en\/wp-json\/wp\/v2\/tags?post=68724"}],"curies":[{"name":"wp","href":"https:\/\/api.w.org\/{rel}","templated":true}]}}