{"id":68714,"date":"2017-02-14T11:20:23","date_gmt":"2017-02-14T11:20:23","guid":{"rendered":"https:\/\/dev.president-ksgov.net\/president-thaci-journalists-must-protect-their-profession-against-abuses-of-the-freedom-of-expression\/"},"modified":"2023-03-07T09:43:49","modified_gmt":"2023-03-07T09:43:49","slug":"president-thaci-journalists-must-protect-their-profession-against-abuses-of-the-freedom-of-expression","status":"publish","type":"post","link":"https:\/\/president-ksgov.net\/en\/president-thaci-journalists-must-protect-their-profession-against-abuses-of-the-freedom-of-expression\/","title":{"rendered":"President Tha\u00e7i: Journalists must protect their profession against abuses of the freedom of expression"},"content":{"rendered":"<p>Prishtina, February 14, 2017 &#8211; The President of Kosovo, Hashim Tha\u00e7i, today participated in the regional conference on safety of journalists, attended by journalists&#039; associations of the countries of the region, together with directors and chief editors of major media in the Western Balkans.<\/p>\n<p>President Thaci stressed that journalism in Kosovo may not be the oldest as far as the tradition, but is among the most courageous in the region.<br \/>\n\u00a0<br \/>\n\u201cJournalists in Kosovo were among the first to have been committed to pluralism, democracy, equality, human rights and freedom of expression. However, since the end of war, great efforts have been made in Kosovo to install a professional and reliable journalism and a journalism that is always in the service of the public&#8221;, said President Tha\u00e7i.<br \/>\n\u00a0<br \/>\nThe head of state stressed that there were two important circumstances that have resulted in bold journalism.<br \/>\n\u00a0<br \/>\n\u201cFirst, in Kosovo, a free, genuine journalism has started at the time of repression and apartheid. Among the first to have faced repression and the attempt to stop the voice demanding justice and equality were precisely the journalists &#8220;said President Thaci, who added that in these circumstances was forged the courage to confront the power, whatever may be its type.<br \/>\n\u00a0<br \/>\nPresident Tha\u00e7i stated that values were cultivated such as impartiality and professionalism and the zeal to investigate and search for the accurate information, as well as the courage to publish all information.<br \/>\n\u00a0<br \/>\n\u201cThis came at a price since journalists were always targeted by those who have sought to install their policies by violence and repression&#8221; he said.<br \/>\n\u00a0<br \/>\nSecond, added President Thaci, the country has enjoyed strong international support in the establishing of a professional journalism of the highest standars.<br \/>\n\u00a0<br \/>\n\u201cThere was support for the establishment of organizations that protect journalists, journalists&#039; rights, but also of organizations that defend the very journalists profesion and support for the drafting of legislation that protects the work of journalists and the journalists themselves, &#8221; stated President Tha\u00e7i.<br \/>\n\u00a0<br \/>\nThe president added that in their work, journalists in Kosovo are protected by law and not only they can not be punished for doing their work of a journalist, but moreover, in Kosovo, the journalists are not obliged to reveal their sources even in court.<br \/>\n\u201cThis does not necessarily mean that journalists have it easy in their work. In Kosovo, journalists, journalism in general, face pressures in their work. Articles on corruption, extremism, radicalism, for equal rights for all communities, whether ethnic communities, or other communities such as LGBTI, the vulnerable groups such as women and children, put journalists under threat and direct danger&#8221;, said President Tha\u00e7i.<br \/>\n\u00a0<br \/>\nRegarding the challenges faced by journalists today, Mr. Tha\u00e7i said that Kosovo not only with the achievements but also the challenges it is facing it in step with the world.<br \/>\n\u00a0<br \/>\n\u201cThe main challenge for journalists and journalism as a profession does not come from outside but from within the profession. Today, thanks to the opportunities offered by the Internet, reporting and dissemination of news has become easier than ever before. This on the other hand, has made it easy to enter the profession of journalism even for those who\u00a0 do not see journalism as a goal, but only a means of realizing their other ambitions. This erodes from within, the integrity, professionalism and credibility of the profession of a journalist, &#8221; added President Tha\u00e7i.<br \/>\n\u00a0<br \/>\nThe head of state stated that in Kosovo, the challenge today is not the freedom of expression of journalists, but the abuse and misuse of the freedom of expression by those who do not have journalism as their profession.<br \/>\n\u00a0<br \/>\n\u201cEven in this regard, the main role in protecting their profession falls on journalists themselves. Organized around institutions established by media representatives that monitor the maintaining of professional standards, journalists themselves are the most adequate to protect their profession against abuses &#8220;, he said.<br \/>\n\u00a0<br \/>\nPresident Tha\u00e7i expressed his belief that in this conference organized by the OSCE, participants will find answers to the challenge of today&#039;s journalism, not only here in Kosovo, but also in the region and the world.<br \/>\n\u00a0<\/p>\n","protected":false},"excerpt":{"rendered":"<p>Prishtina, February 14, 2017 &#8211; The President of Kosovo, Hashim Tha\u00e7i, today participated in the regional conference on safety of journalists, attended by journalists&#039; associations of the countries of the region, together with directors and chief editors of major media in the Western Balkans.<\/p>\n","protected":false},"author":1,"featured_media":31228,"comment_status":"open","ping_status":"closed","sticky":false,"template":"","format":"standard","meta":{"_eb_attr":"","footnotes":""},"categories":[111],"tags":[],"class_list":["post-68714","post","type-post","status-publish","format-standard","has-post-thumbnail","hentry","category-news"],"yoast_head":"<!-- This site is optimized with the Yoast SEO plugin v23.5 - https:\/\/yoast.com\/wordpress\/plugins\/seo\/ -->\n<title>President Tha\u00e7i: Journalists must protect their profession against abuses of the freedom of expression - President of the Republic of Kosovo - DR. VJOSA OSMANI - SADRIU<\/title>\n<meta name=\"description\" content=\"President Tha\u00e7i: Journalists must protect their profession against abuses of the freedom of expression - President of the Republic of Kosovo - DR. VJOSA OSMANI - SADRIU -\" \/>\n<meta name=\"robots\" content=\"index, follow, max-snippet:-1, max-image-preview:large, max-video-preview:-1\" \/>\n<link rel=\"canonical\" href=\"https:\/\/president-ksgov.net\/en\/president-thaci-journalists-must-protect-their-profession-against-abuses-of-the-freedom-of-expression\/\" \/>\n<meta property=\"og:locale\" content=\"en_US\" \/>\n<meta property=\"og:type\" content=\"article\" \/>\n<meta property=\"og:title\" content=\"President Tha\u00e7i: Journalists must protect their profession against abuses of the freedom of expression - President of the Republic of Kosovo - DR. VJOSA OSMANI - SADRIU\" \/>\n<meta property=\"og:description\" content=\"President Tha\u00e7i: Journalists must protect their profession against abuses of the freedom of expression - President of the Republic of Kosovo - DR. VJOSA OSMANI - SADRIU -\" \/>\n<meta property=\"og:url\" content=\"https:\/\/president-ksgov.net\/en\/president-thaci-journalists-must-protect-their-profession-against-abuses-of-the-freedom-of-expression\/\" \/>\n<meta property=\"og:site_name\" content=\"President of the Republic of Kosovo - DR. VJOSA OSMANI - SADRIU\" \/>\n<meta property=\"article:published_time\" content=\"2017-02-14T11:20:23+00:00\" \/>\n<meta property=\"article:modified_time\" content=\"2023-03-07T09:43:49+00:00\" \/>\n<meta property=\"og:image\" content=\"https:\/\/president-ksgov.net\/wp-content\/uploads\/14_02_2017_8295967_G_01.jpg\" \/>\n\t<meta property=\"og:image:width\" content=\"2400\" \/>\n\t<meta property=\"og:image:height\" content=\"1600\" \/>\n\t<meta property=\"og:image:type\" content=\"image\/jpeg\" \/>\n<meta name=\"author\" content=\"admin\" \/>\n<meta name=\"twitter:card\" content=\"summary_large_image\" \/>\n<meta name=\"twitter:label1\" content=\"Written by\" \/>\n\t<meta name=\"twitter:data1\" content=\"admin\" \/>\n\t<meta name=\"twitter:label2\" content=\"Est. reading time\" \/>\n\t<meta name=\"twitter:data2\" content=\"3 minutes\" \/>\n<script type=\"application\/ld+json\" class=\"yoast-schema-graph\">{\"@context\":\"https:\/\/schema.org\",\"@graph\":[{\"@type\":\"WebPage\",\"@id\":\"https:\/\/president-ksgov.net\/en\/president-thaci-journalists-must-protect-their-profession-against-abuses-of-the-freedom-of-expression\/\",\"url\":\"https:\/\/president-ksgov.net\/en\/president-thaci-journalists-must-protect-their-profession-against-abuses-of-the-freedom-of-expression\/\",\"name\":\"President Tha\u00e7i: Journalists must protect their profession against abuses of the freedom of expression - President of the Republic of Kosovo - DR. VJOSA OSMANI - SADRIU\",\"isPartOf\":{\"@id\":\"https:\/\/president-ksgov.net\/#website\"},\"primaryImageOfPage\":{\"@id\":\"https:\/\/president-ksgov.net\/en\/president-thaci-journalists-must-protect-their-profession-against-abuses-of-the-freedom-of-expression\/#primaryimage\"},\"image\":{\"@id\":\"https:\/\/president-ksgov.net\/en\/president-thaci-journalists-must-protect-their-profession-against-abuses-of-the-freedom-of-expression\/#primaryimage\"},\"thumbnailUrl\":\"https:\/\/president-ksgov.net\/wp-content\/uploads\/14_02_2017_8295967_G_01.jpg\",\"datePublished\":\"2017-02-14T11:20:23+00:00\",\"dateModified\":\"2023-03-07T09:43:49+00:00\",\"author\":{\"@id\":\"https:\/\/president-ksgov.net\/#\/schema\/person\/bb4337a5fb147cb2046d80548172cbee\"},\"description\":\"President Tha\u00e7i: Journalists must protect their profession against abuses of the freedom of expression - President of the Republic of Kosovo - DR. VJOSA OSMANI - SADRIU -\",\"breadcrumb\":{\"@id\":\"https:\/\/president-ksgov.net\/en\/president-thaci-journalists-must-protect-their-profession-against-abuses-of-the-freedom-of-expression\/#breadcrumb\"},\"inLanguage\":\"en-US\",\"potentialAction\":[{\"@type\":\"ReadAction\",\"target\":[\"https:\/\/president-ksgov.net\/en\/president-thaci-journalists-must-protect-their-profession-against-abuses-of-the-freedom-of-expression\/\"]}]},{\"@type\":\"ImageObject\",\"inLanguage\":\"en-US\",\"@id\":\"https:\/\/president-ksgov.net\/en\/president-thaci-journalists-must-protect-their-profession-against-abuses-of-the-freedom-of-expression\/#primaryimage\",\"url\":\"https:\/\/president-ksgov.net\/wp-content\/uploads\/14_02_2017_8295967_G_01.jpg\",\"contentUrl\":\"https:\/\/president-ksgov.net\/wp-content\/uploads\/14_02_2017_8295967_G_01.jpg\",\"width\":2400,\"height\":1600},{\"@type\":\"BreadcrumbList\",\"@id\":\"https:\/\/president-ksgov.net\/en\/president-thaci-journalists-must-protect-their-profession-against-abuses-of-the-freedom-of-expression\/#breadcrumb\",\"itemListElement\":[{\"@type\":\"ListItem\",\"position\":1,\"name\":\"Home\",\"item\":\"https:\/\/president-ksgov.net\/en\/\"},{\"@type\":\"ListItem\",\"position\":2,\"name\":\"President Tha\u00e7i: Journalists must protect their profession against abuses of the freedom of expression\"}]},{\"@type\":\"WebSite\",\"@id\":\"https:\/\/president-ksgov.net\/#website\",\"url\":\"https:\/\/president-ksgov.net\/\",\"name\":\"Presidente e Republik\u00ebs s\u00eb Kosov\u00ebs\",\"description\":\"Presidente e Republik\u00ebs s\u00eb Kosov\u00ebs\",\"alternateName\":\"DR. VJOSA OSMANI - SADRIU\",\"potentialAction\":[{\"@type\":\"SearchAction\",\"target\":{\"@type\":\"EntryPoint\",\"urlTemplate\":\"https:\/\/president-ksgov.net\/?s={search_term_string}\"},\"query-input\":{\"@type\":\"PropertyValueSpecification\",\"valueRequired\":true,\"valueName\":\"search_term_string\"}}],\"inLanguage\":\"en-US\"},{\"@type\":\"Person\",\"@id\":\"https:\/\/president-ksgov.net\/#\/schema\/person\/bb4337a5fb147cb2046d80548172cbee\",\"name\":\"admin\",\"image\":{\"@type\":\"ImageObject\",\"inLanguage\":\"en-US\",\"@id\":\"https:\/\/president-ksgov.net\/#\/schema\/person\/image\/\",\"url\":\"https:\/\/secure.gravatar.com\/avatar\/36156ca0fa3b8d9d25174f146e16beea0cf28f37adf1b9e19b6c9c279a7c9dd3?s=96&d=mm&r=g\",\"contentUrl\":\"https:\/\/secure.gravatar.com\/avatar\/36156ca0fa3b8d9d25174f146e16beea0cf28f37adf1b9e19b6c9c279a7c9dd3?s=96&d=mm&r=g\",\"caption\":\"admin\"},\"sameAs\":[\"https:\/\/president-ksgov.net\"]}]}<\/script>\n<!-- \/ Yoast SEO plugin. -->","yoast_head_json":{"title":"President Tha\u00e7i: Journalists must protect their profession against abuses of the freedom of expression - President of the Republic of Kosovo - DR. VJOSA OSMANI - SADRIU","description":"President Tha\u00e7i: Journalists must protect their profession against abuses of the freedom of expression - President of the Republic of Kosovo - DR. VJOSA OSMANI - SADRIU -","robots":{"index":"index","follow":"follow","max-snippet":"max-snippet:-1","max-image-preview":"max-image-preview:large","max-video-preview":"max-video-preview:-1"},"canonical":"https:\/\/president-ksgov.net\/en\/president-thaci-journalists-must-protect-their-profession-against-abuses-of-the-freedom-of-expression\/","og_locale":"en_US","og_type":"article","og_title":"President Tha\u00e7i: Journalists must protect their profession against abuses of the freedom of expression - President of the Republic of Kosovo - DR. VJOSA OSMANI - SADRIU","og_description":"President Tha\u00e7i: Journalists must protect their profession against abuses of the freedom of expression - President of the Republic of Kosovo - DR. VJOSA OSMANI - SADRIU -","og_url":"https:\/\/president-ksgov.net\/en\/president-thaci-journalists-must-protect-their-profession-against-abuses-of-the-freedom-of-expression\/","og_site_name":"President of the Republic of Kosovo - DR. VJOSA OSMANI - SADRIU","article_published_time":"2017-02-14T11:20:23+00:00","article_modified_time":"2023-03-07T09:43:49+00:00","og_image":[{"width":2400,"height":1600,"url":"https:\/\/president-ksgov.net\/wp-content\/uploads\/14_02_2017_8295967_G_01.jpg","type":"image\/jpeg"}],"author":"admin","twitter_card":"summary_large_image","twitter_misc":{"Written by":"admin","Est. reading time":"3 minutes"},"schema":{"@context":"https:\/\/schema.org","@graph":[{"@type":"WebPage","@id":"https:\/\/president-ksgov.net\/en\/president-thaci-journalists-must-protect-their-profession-against-abuses-of-the-freedom-of-expression\/","url":"https:\/\/president-ksgov.net\/en\/president-thaci-journalists-must-protect-their-profession-against-abuses-of-the-freedom-of-expression\/","name":"President Tha\u00e7i: Journalists must protect their profession against abuses of the freedom of expression - President of the Republic of Kosovo - DR. VJOSA OSMANI - SADRIU","isPartOf":{"@id":"https:\/\/president-ksgov.net\/#website"},"primaryImageOfPage":{"@id":"https:\/\/president-ksgov.net\/en\/president-thaci-journalists-must-protect-their-profession-against-abuses-of-the-freedom-of-expression\/#primaryimage"},"image":{"@id":"https:\/\/president-ksgov.net\/en\/president-thaci-journalists-must-protect-their-profession-against-abuses-of-the-freedom-of-expression\/#primaryimage"},"thumbnailUrl":"https:\/\/president-ksgov.net\/wp-content\/uploads\/14_02_2017_8295967_G_01.jpg","datePublished":"2017-02-14T11:20:23+00:00","dateModified":"2023-03-07T09:43:49+00:00","author":{"@id":"https:\/\/president-ksgov.net\/#\/schema\/person\/bb4337a5fb147cb2046d80548172cbee"},"description":"President Tha\u00e7i: Journalists must protect their profession against abuses of the freedom of expression - President of the Republic of Kosovo - DR. VJOSA OSMANI - SADRIU -","breadcrumb":{"@id":"https:\/\/president-ksgov.net\/en\/president-thaci-journalists-must-protect-their-profession-against-abuses-of-the-freedom-of-expression\/#breadcrumb"},"inLanguage":"en-US","potentialAction":[{"@type":"ReadAction","target":["https:\/\/president-ksgov.net\/en\/president-thaci-journalists-must-protect-their-profession-against-abuses-of-the-freedom-of-expression\/"]}]},{"@type":"ImageObject","inLanguage":"en-US","@id":"https:\/\/president-ksgov.net\/en\/president-thaci-journalists-must-protect-their-profession-against-abuses-of-the-freedom-of-expression\/#primaryimage","url":"https:\/\/president-ksgov.net\/wp-content\/uploads\/14_02_2017_8295967_G_01.jpg","contentUrl":"https:\/\/president-ksgov.net\/wp-content\/uploads\/14_02_2017_8295967_G_01.jpg","width":2400,"height":1600},{"@type":"BreadcrumbList","@id":"https:\/\/president-ksgov.net\/en\/president-thaci-journalists-must-protect-their-profession-against-abuses-of-the-freedom-of-expression\/#breadcrumb","itemListElement":[{"@type":"ListItem","position":1,"name":"Home","item":"https:\/\/president-ksgov.net\/en\/"},{"@type":"ListItem","position":2,"name":"President Tha\u00e7i: Journalists must protect their profession against abuses of the freedom of expression"}]},{"@type":"WebSite","@id":"https:\/\/president-ksgov.net\/#website","url":"https:\/\/president-ksgov.net\/","name":"Presidente e Republik\u00ebs s\u00eb Kosov\u00ebs","description":"Presidente e Republik\u00ebs s\u00eb Kosov\u00ebs","alternateName":"DR. VJOSA OSMANI - SADRIU","potentialAction":[{"@type":"SearchAction","target":{"@type":"EntryPoint","urlTemplate":"https:\/\/president-ksgov.net\/?s={search_term_string}"},"query-input":{"@type":"PropertyValueSpecification","valueRequired":true,"valueName":"search_term_string"}}],"inLanguage":"en-US"},{"@type":"Person","@id":"https:\/\/president-ksgov.net\/#\/schema\/person\/bb4337a5fb147cb2046d80548172cbee","name":"admin","image":{"@type":"ImageObject","inLanguage":"en-US","@id":"https:\/\/president-ksgov.net\/#\/schema\/person\/image\/","url":"https:\/\/secure.gravatar.com\/avatar\/36156ca0fa3b8d9d25174f146e16beea0cf28f37adf1b9e19b6c9c279a7c9dd3?s=96&d=mm&r=g","contentUrl":"https:\/\/secure.gravatar.com\/avatar\/36156ca0fa3b8d9d25174f146e16beea0cf28f37adf1b9e19b6c9c279a7c9dd3?s=96&d=mm&r=g","caption":"admin"},"sameAs":["https:\/\/president-ksgov.net"]}]}},"_links":{"self":[{"href":"https:\/\/president-ksgov.net\/en\/wp-json\/wp\/v2\/posts\/68714","targetHints":{"allow":["GET"]}}],"collection":[{"href":"https:\/\/president-ksgov.net\/en\/wp-json\/wp\/v2\/posts"}],"about":[{"href":"https:\/\/president-ksgov.net\/en\/wp-json\/wp\/v2\/types\/post"}],"author":[{"embeddable":true,"href":"https:\/\/president-ksgov.net\/en\/wp-json\/wp\/v2\/users\/1"}],"replies":[{"embeddable":true,"href":"https:\/\/president-ksgov.net\/en\/wp-json\/wp\/v2\/comments?post=68714"}],"version-history":[{"count":0,"href":"https:\/\/president-ksgov.net\/en\/wp-json\/wp\/v2\/posts\/68714\/revisions"}],"wp:featuredmedia":[{"embeddable":true,"href":"https:\/\/president-ksgov.net\/en\/wp-json\/wp\/v2\/media\/31228"}],"wp:attachment":[{"href":"https:\/\/president-ksgov.net\/en\/wp-json\/wp\/v2\/media?parent=68714"}],"wp:term":[{"taxonomy":"category","embeddable":true,"href":"https:\/\/president-ksgov.net\/en\/wp-json\/wp\/v2\/categories?post=68714"},{"taxonomy":"post_tag","embeddable":true,"href":"https:\/\/president-ksgov.net\/en\/wp-json\/wp\/v2\/tags?post=68714"}],"curies":[{"name":"wp","href":"https:\/\/api.w.org\/{rel}","templated":true}]}}