{"id":68710,"date":"2017-02-15T10:48:20","date_gmt":"2017-02-15T10:48:20","guid":{"rendered":"https:\/\/dev.president-ksgov.net\/president-thaci-hosted-a-delegation-of-the-kosovo-ashkali-on-the-14th-anniversary-of-their-flag-day\/"},"modified":"2023-03-07T09:43:49","modified_gmt":"2023-03-07T09:43:49","slug":"president-thaci-hosted-a-delegation-of-the-kosovo-ashkali-on-the-14th-anniversary-of-their-flag-day","status":"publish","type":"post","link":"https:\/\/president-ksgov.net\/en\/president-thaci-hosted-a-delegation-of-the-kosovo-ashkali-on-the-14th-anniversary-of-their-flag-day\/","title":{"rendered":"President Tha\u00e7i hosted a delegation of the Kosovo Ashkali on the 14th anniversary of their Flag Day"},"content":{"rendered":"<p>Prishtina, 15 February 2017 &#8211; President of the Republic of Kosovo, Hashim Tha\u00e7i, today hosted a delegation of Kosovo Ashkali, headed by MP Danush Ademi.<\/p>\n<p>President Tha\u00e7i congratulated the delegation on their Flag Day expressing consideration for the Ashkali community, which has always been part of Kosovo society and solidarity with the fate of the Kosovo citizens.<\/p>\n<p>\u201cI congratulate all members of the Ashkali community for their flag day, which is the symbol of your community\u201d, said president Tha\u00e7i.<\/p>\n<p>Speaking about the history of the Ashkali community, MP Ademi informed President Tha\u00e7i for the current position of this community and the meaning of the flag, which today marks the 14th anniversary of the declaration as the symbol of Ashkali community.<\/p>\n<p>President Tha\u00e7i stressed that it is very important the fact that members of the Ashkali community are now present in all institutions of the Republic of Kosovo, the Parliament, the Government and other institutions.<br \/>\n\u00a0<\/p>\n","protected":false},"excerpt":{"rendered":"<p>Prishtina, 15 February 2017 &#8211; President of the Republic of Kosovo, Hashim Tha\u00e7i, today hosted a delegation of Kosovo Ashkali, headed by MP Danush Ademi.<\/p>\n","protected":false},"author":1,"featured_media":31191,"comment_status":"open","ping_status":"closed","sticky":false,"template":"","format":"standard","meta":{"_eb_attr":"","footnotes":""},"categories":[111],"tags":[],"class_list":["post-68710","post","type-post","status-publish","format-standard","has-post-thumbnail","hentry","category-news"],"yoast_head":"<!-- This site is optimized with the Yoast SEO plugin v23.5 - https:\/\/yoast.com\/wordpress\/plugins\/seo\/ -->\n<title>President Tha\u00e7i hosted a delegation of the Kosovo Ashkali on the 14th anniversary of their Flag Day - President of the Republic of Kosovo - DR. VJOSA OSMANI - SADRIU<\/title>\n<meta name=\"description\" content=\"President Tha\u00e7i hosted a delegation of the Kosovo Ashkali on the 14th anniversary of their Flag Day - President of the Republic of Kosovo - DR. VJOSA OSMANI - SADRIU -\" \/>\n<meta name=\"robots\" content=\"index, follow, max-snippet:-1, max-image-preview:large, max-video-preview:-1\" \/>\n<link rel=\"canonical\" href=\"https:\/\/president-ksgov.net\/en\/president-thaci-hosted-a-delegation-of-the-kosovo-ashkali-on-the-14th-anniversary-of-their-flag-day\/\" \/>\n<meta property=\"og:locale\" content=\"en_US\" \/>\n<meta property=\"og:type\" content=\"article\" \/>\n<meta property=\"og:title\" content=\"President Tha\u00e7i hosted a delegation of the Kosovo Ashkali on the 14th anniversary of their Flag Day - President of the Republic of Kosovo - DR. VJOSA OSMANI - SADRIU\" \/>\n<meta property=\"og:description\" content=\"President Tha\u00e7i hosted a delegation of the Kosovo Ashkali on the 14th anniversary of their Flag Day - President of the Republic of Kosovo - DR. VJOSA OSMANI - SADRIU -\" \/>\n<meta property=\"og:url\" content=\"https:\/\/president-ksgov.net\/en\/president-thaci-hosted-a-delegation-of-the-kosovo-ashkali-on-the-14th-anniversary-of-their-flag-day\/\" \/>\n<meta property=\"og:site_name\" content=\"President of the Republic of Kosovo - DR. VJOSA OSMANI - SADRIU\" \/>\n<meta property=\"article:published_time\" content=\"2017-02-15T10:48:20+00:00\" \/>\n<meta property=\"article:modified_time\" content=\"2023-03-07T09:43:49+00:00\" \/>\n<meta property=\"og:image\" content=\"https:\/\/president-ksgov.net\/wp-content\/uploads\/15_02_2017_6170831_DSC_8853_copy.jpg\" \/>\n\t<meta property=\"og:image:width\" content=\"2000\" \/>\n\t<meta property=\"og:image:height\" content=\"1508\" \/>\n\t<meta property=\"og:image:type\" content=\"image\/jpeg\" \/>\n<meta name=\"author\" content=\"admin\" \/>\n<meta name=\"twitter:card\" content=\"summary_large_image\" \/>\n<meta name=\"twitter:label1\" content=\"Written by\" \/>\n\t<meta name=\"twitter:data1\" content=\"admin\" \/>\n\t<meta name=\"twitter:label2\" content=\"Est. reading time\" \/>\n\t<meta name=\"twitter:data2\" content=\"1 minute\" \/>\n<script type=\"application\/ld+json\" class=\"yoast-schema-graph\">{\"@context\":\"https:\/\/schema.org\",\"@graph\":[{\"@type\":\"WebPage\",\"@id\":\"https:\/\/president-ksgov.net\/en\/president-thaci-hosted-a-delegation-of-the-kosovo-ashkali-on-the-14th-anniversary-of-their-flag-day\/\",\"url\":\"https:\/\/president-ksgov.net\/en\/president-thaci-hosted-a-delegation-of-the-kosovo-ashkali-on-the-14th-anniversary-of-their-flag-day\/\",\"name\":\"President Tha\u00e7i hosted a delegation of the Kosovo Ashkali on the 14th anniversary of their Flag Day - President of the Republic of Kosovo - DR. VJOSA OSMANI - SADRIU\",\"isPartOf\":{\"@id\":\"https:\/\/president-ksgov.net\/#website\"},\"primaryImageOfPage\":{\"@id\":\"https:\/\/president-ksgov.net\/en\/president-thaci-hosted-a-delegation-of-the-kosovo-ashkali-on-the-14th-anniversary-of-their-flag-day\/#primaryimage\"},\"image\":{\"@id\":\"https:\/\/president-ksgov.net\/en\/president-thaci-hosted-a-delegation-of-the-kosovo-ashkali-on-the-14th-anniversary-of-their-flag-day\/#primaryimage\"},\"thumbnailUrl\":\"https:\/\/president-ksgov.net\/wp-content\/uploads\/15_02_2017_6170831_DSC_8853_copy.jpg\",\"datePublished\":\"2017-02-15T10:48:20+00:00\",\"dateModified\":\"2023-03-07T09:43:49+00:00\",\"author\":{\"@id\":\"https:\/\/president-ksgov.net\/#\/schema\/person\/bb4337a5fb147cb2046d80548172cbee\"},\"description\":\"President Tha\u00e7i hosted a delegation of the Kosovo Ashkali on the 14th anniversary of their Flag Day - President of the Republic of Kosovo - DR. VJOSA OSMANI - SADRIU -\",\"breadcrumb\":{\"@id\":\"https:\/\/president-ksgov.net\/en\/president-thaci-hosted-a-delegation-of-the-kosovo-ashkali-on-the-14th-anniversary-of-their-flag-day\/#breadcrumb\"},\"inLanguage\":\"en-US\",\"potentialAction\":[{\"@type\":\"ReadAction\",\"target\":[\"https:\/\/president-ksgov.net\/en\/president-thaci-hosted-a-delegation-of-the-kosovo-ashkali-on-the-14th-anniversary-of-their-flag-day\/\"]}]},{\"@type\":\"ImageObject\",\"inLanguage\":\"en-US\",\"@id\":\"https:\/\/president-ksgov.net\/en\/president-thaci-hosted-a-delegation-of-the-kosovo-ashkali-on-the-14th-anniversary-of-their-flag-day\/#primaryimage\",\"url\":\"https:\/\/president-ksgov.net\/wp-content\/uploads\/15_02_2017_6170831_DSC_8853_copy.jpg\",\"contentUrl\":\"https:\/\/president-ksgov.net\/wp-content\/uploads\/15_02_2017_6170831_DSC_8853_copy.jpg\",\"width\":2000,\"height\":1508},{\"@type\":\"BreadcrumbList\",\"@id\":\"https:\/\/president-ksgov.net\/en\/president-thaci-hosted-a-delegation-of-the-kosovo-ashkali-on-the-14th-anniversary-of-their-flag-day\/#breadcrumb\",\"itemListElement\":[{\"@type\":\"ListItem\",\"position\":1,\"name\":\"Home\",\"item\":\"https:\/\/president-ksgov.net\/en\/\"},{\"@type\":\"ListItem\",\"position\":2,\"name\":\"President Tha\u00e7i hosted a delegation of the Kosovo Ashkali on the 14th anniversary of their Flag Day\"}]},{\"@type\":\"WebSite\",\"@id\":\"https:\/\/president-ksgov.net\/#website\",\"url\":\"https:\/\/president-ksgov.net\/\",\"name\":\"Presidente e Republik\u00ebs s\u00eb Kosov\u00ebs\",\"description\":\"Presidente e Republik\u00ebs s\u00eb Kosov\u00ebs\",\"alternateName\":\"DR. VJOSA OSMANI - SADRIU\",\"potentialAction\":[{\"@type\":\"SearchAction\",\"target\":{\"@type\":\"EntryPoint\",\"urlTemplate\":\"https:\/\/president-ksgov.net\/?s={search_term_string}\"},\"query-input\":{\"@type\":\"PropertyValueSpecification\",\"valueRequired\":true,\"valueName\":\"search_term_string\"}}],\"inLanguage\":\"en-US\"},{\"@type\":\"Person\",\"@id\":\"https:\/\/president-ksgov.net\/#\/schema\/person\/bb4337a5fb147cb2046d80548172cbee\",\"name\":\"admin\",\"image\":{\"@type\":\"ImageObject\",\"inLanguage\":\"en-US\",\"@id\":\"https:\/\/president-ksgov.net\/#\/schema\/person\/image\/\",\"url\":\"https:\/\/secure.gravatar.com\/avatar\/36156ca0fa3b8d9d25174f146e16beea0cf28f37adf1b9e19b6c9c279a7c9dd3?s=96&d=mm&r=g\",\"contentUrl\":\"https:\/\/secure.gravatar.com\/avatar\/36156ca0fa3b8d9d25174f146e16beea0cf28f37adf1b9e19b6c9c279a7c9dd3?s=96&d=mm&r=g\",\"caption\":\"admin\"},\"sameAs\":[\"https:\/\/president-ksgov.net\"]}]}<\/script>\n<!-- \/ Yoast SEO plugin. -->","yoast_head_json":{"title":"President Tha\u00e7i hosted a delegation of the Kosovo Ashkali on the 14th anniversary of their Flag Day - President of the Republic of Kosovo - DR. VJOSA OSMANI - SADRIU","description":"President Tha\u00e7i hosted a delegation of the Kosovo Ashkali on the 14th anniversary of their Flag Day - President of the Republic of Kosovo - DR. VJOSA OSMANI - SADRIU -","robots":{"index":"index","follow":"follow","max-snippet":"max-snippet:-1","max-image-preview":"max-image-preview:large","max-video-preview":"max-video-preview:-1"},"canonical":"https:\/\/president-ksgov.net\/en\/president-thaci-hosted-a-delegation-of-the-kosovo-ashkali-on-the-14th-anniversary-of-their-flag-day\/","og_locale":"en_US","og_type":"article","og_title":"President Tha\u00e7i hosted a delegation of the Kosovo Ashkali on the 14th anniversary of their Flag Day - President of the Republic of Kosovo - DR. VJOSA OSMANI - SADRIU","og_description":"President Tha\u00e7i hosted a delegation of the Kosovo Ashkali on the 14th anniversary of their Flag Day - President of the Republic of Kosovo - DR. VJOSA OSMANI - SADRIU -","og_url":"https:\/\/president-ksgov.net\/en\/president-thaci-hosted-a-delegation-of-the-kosovo-ashkali-on-the-14th-anniversary-of-their-flag-day\/","og_site_name":"President of the Republic of Kosovo - DR. VJOSA OSMANI - SADRIU","article_published_time":"2017-02-15T10:48:20+00:00","article_modified_time":"2023-03-07T09:43:49+00:00","og_image":[{"width":2000,"height":1508,"url":"https:\/\/president-ksgov.net\/wp-content\/uploads\/15_02_2017_6170831_DSC_8853_copy.jpg","type":"image\/jpeg"}],"author":"admin","twitter_card":"summary_large_image","twitter_misc":{"Written by":"admin","Est. reading time":"1 minute"},"schema":{"@context":"https:\/\/schema.org","@graph":[{"@type":"WebPage","@id":"https:\/\/president-ksgov.net\/en\/president-thaci-hosted-a-delegation-of-the-kosovo-ashkali-on-the-14th-anniversary-of-their-flag-day\/","url":"https:\/\/president-ksgov.net\/en\/president-thaci-hosted-a-delegation-of-the-kosovo-ashkali-on-the-14th-anniversary-of-their-flag-day\/","name":"President Tha\u00e7i hosted a delegation of the Kosovo Ashkali on the 14th anniversary of their Flag Day - President of the Republic of Kosovo - DR. VJOSA OSMANI - SADRIU","isPartOf":{"@id":"https:\/\/president-ksgov.net\/#website"},"primaryImageOfPage":{"@id":"https:\/\/president-ksgov.net\/en\/president-thaci-hosted-a-delegation-of-the-kosovo-ashkali-on-the-14th-anniversary-of-their-flag-day\/#primaryimage"},"image":{"@id":"https:\/\/president-ksgov.net\/en\/president-thaci-hosted-a-delegation-of-the-kosovo-ashkali-on-the-14th-anniversary-of-their-flag-day\/#primaryimage"},"thumbnailUrl":"https:\/\/president-ksgov.net\/wp-content\/uploads\/15_02_2017_6170831_DSC_8853_copy.jpg","datePublished":"2017-02-15T10:48:20+00:00","dateModified":"2023-03-07T09:43:49+00:00","author":{"@id":"https:\/\/president-ksgov.net\/#\/schema\/person\/bb4337a5fb147cb2046d80548172cbee"},"description":"President Tha\u00e7i hosted a delegation of the Kosovo Ashkali on the 14th anniversary of their Flag Day - President of the Republic of Kosovo - DR. VJOSA OSMANI - SADRIU -","breadcrumb":{"@id":"https:\/\/president-ksgov.net\/en\/president-thaci-hosted-a-delegation-of-the-kosovo-ashkali-on-the-14th-anniversary-of-their-flag-day\/#breadcrumb"},"inLanguage":"en-US","potentialAction":[{"@type":"ReadAction","target":["https:\/\/president-ksgov.net\/en\/president-thaci-hosted-a-delegation-of-the-kosovo-ashkali-on-the-14th-anniversary-of-their-flag-day\/"]}]},{"@type":"ImageObject","inLanguage":"en-US","@id":"https:\/\/president-ksgov.net\/en\/president-thaci-hosted-a-delegation-of-the-kosovo-ashkali-on-the-14th-anniversary-of-their-flag-day\/#primaryimage","url":"https:\/\/president-ksgov.net\/wp-content\/uploads\/15_02_2017_6170831_DSC_8853_copy.jpg","contentUrl":"https:\/\/president-ksgov.net\/wp-content\/uploads\/15_02_2017_6170831_DSC_8853_copy.jpg","width":2000,"height":1508},{"@type":"BreadcrumbList","@id":"https:\/\/president-ksgov.net\/en\/president-thaci-hosted-a-delegation-of-the-kosovo-ashkali-on-the-14th-anniversary-of-their-flag-day\/#breadcrumb","itemListElement":[{"@type":"ListItem","position":1,"name":"Home","item":"https:\/\/president-ksgov.net\/en\/"},{"@type":"ListItem","position":2,"name":"President Tha\u00e7i hosted a delegation of the Kosovo Ashkali on the 14th anniversary of their Flag Day"}]},{"@type":"WebSite","@id":"https:\/\/president-ksgov.net\/#website","url":"https:\/\/president-ksgov.net\/","name":"Presidente e Republik\u00ebs s\u00eb Kosov\u00ebs","description":"Presidente e Republik\u00ebs s\u00eb Kosov\u00ebs","alternateName":"DR. VJOSA OSMANI - SADRIU","potentialAction":[{"@type":"SearchAction","target":{"@type":"EntryPoint","urlTemplate":"https:\/\/president-ksgov.net\/?s={search_term_string}"},"query-input":{"@type":"PropertyValueSpecification","valueRequired":true,"valueName":"search_term_string"}}],"inLanguage":"en-US"},{"@type":"Person","@id":"https:\/\/president-ksgov.net\/#\/schema\/person\/bb4337a5fb147cb2046d80548172cbee","name":"admin","image":{"@type":"ImageObject","inLanguage":"en-US","@id":"https:\/\/president-ksgov.net\/#\/schema\/person\/image\/","url":"https:\/\/secure.gravatar.com\/avatar\/36156ca0fa3b8d9d25174f146e16beea0cf28f37adf1b9e19b6c9c279a7c9dd3?s=96&d=mm&r=g","contentUrl":"https:\/\/secure.gravatar.com\/avatar\/36156ca0fa3b8d9d25174f146e16beea0cf28f37adf1b9e19b6c9c279a7c9dd3?s=96&d=mm&r=g","caption":"admin"},"sameAs":["https:\/\/president-ksgov.net"]}]}},"_links":{"self":[{"href":"https:\/\/president-ksgov.net\/en\/wp-json\/wp\/v2\/posts\/68710","targetHints":{"allow":["GET"]}}],"collection":[{"href":"https:\/\/president-ksgov.net\/en\/wp-json\/wp\/v2\/posts"}],"about":[{"href":"https:\/\/president-ksgov.net\/en\/wp-json\/wp\/v2\/types\/post"}],"author":[{"embeddable":true,"href":"https:\/\/president-ksgov.net\/en\/wp-json\/wp\/v2\/users\/1"}],"replies":[{"embeddable":true,"href":"https:\/\/president-ksgov.net\/en\/wp-json\/wp\/v2\/comments?post=68710"}],"version-history":[{"count":0,"href":"https:\/\/president-ksgov.net\/en\/wp-json\/wp\/v2\/posts\/68710\/revisions"}],"wp:featuredmedia":[{"embeddable":true,"href":"https:\/\/president-ksgov.net\/en\/wp-json\/wp\/v2\/media\/31191"}],"wp:attachment":[{"href":"https:\/\/president-ksgov.net\/en\/wp-json\/wp\/v2\/media?parent=68710"}],"wp:term":[{"taxonomy":"category","embeddable":true,"href":"https:\/\/president-ksgov.net\/en\/wp-json\/wp\/v2\/categories?post=68710"},{"taxonomy":"post_tag","embeddable":true,"href":"https:\/\/president-ksgov.net\/en\/wp-json\/wp\/v2\/tags?post=68710"}],"curies":[{"name":"wp","href":"https:\/\/api.w.org\/{rel}","templated":true}]}}