{"id":68705,"date":"2017-02-17T08:30:56","date_gmt":"2017-02-17T08:30:56","guid":{"rendered":"https:\/\/dev.president-ksgov.net\/the-president-of-switzerland-congratulates-president-thaci-on-independence-day\/"},"modified":"2023-03-07T09:43:18","modified_gmt":"2023-03-07T09:43:18","slug":"the-president-of-switzerland-congratulates-president-thaci-on-independence-day","status":"publish","type":"post","link":"https:\/\/president-ksgov.net\/en\/the-president-of-switzerland-congratulates-president-thaci-on-independence-day\/","title":{"rendered":"The President of Switzerland congratulates President Tha\u00e7i on Independence Day"},"content":{"rendered":"<p>Prishtina, February 17, 2017 \u2013 The President of the Swiss Confederation, Doris Leuthard, has sent a letter of congratulations to the President of the Republic of Kosovo, Hashim Tha\u00e7i, on the occasion of the Independence Day of the country.<\/p>\n<p>In her congratulatory message, the President of Switzerland has expressed her conviction that the mutual trust and the friendship that our two countries enjoy will deepen even more.<\/p>\n<p>\u201cThe celebration of the Independence Day of the Republic of Kosovo is a most welcome opportunity for me to extend to Your Excellency on behalf of the Swiss Federal Council our sincere congratulations and our best wishes for the prosperity of your country as well as for your personal health and wellbeing. I am convinced that the mutual trust and friendship enjoyed by our two countries will deepen in the coming year. Please accept, Excellency, the assurances of my highest consideration\u201d, has written in her congratulatory letter Doris Leuthard, President of the Swiss Confederation.<\/p>\n","protected":false},"excerpt":{"rendered":"<p>Prishtina, February 17, 2017 \u2013 The President of the Swiss Confederation, Doris Leuthard, has sent a letter of congratulations to the President of the Republic of Kosovo, Hashim Tha\u00e7i, on the occasion of the Independence Day of the country.<\/p>\n","protected":false},"author":1,"featured_media":31159,"comment_status":"open","ping_status":"closed","sticky":false,"template":"","format":"standard","meta":{"_eb_attr":"","footnotes":""},"categories":[111],"tags":[],"class_list":["post-68705","post","type-post","status-publish","format-standard","has-post-thumbnail","hentry","category-news"],"yoast_head":"<!-- This site is optimized with the Yoast SEO plugin v23.5 - https:\/\/yoast.com\/wordpress\/plugins\/seo\/ -->\n<title>The President of Switzerland congratulates President Tha\u00e7i on Independence Day - President of the Republic of Kosovo - DR. VJOSA OSMANI - SADRIU<\/title>\n<meta name=\"description\" content=\"The President of Switzerland congratulates President Tha\u00e7i on Independence Day - President of the Republic of Kosovo - DR. VJOSA OSMANI - SADRIU -\" \/>\n<meta name=\"robots\" content=\"index, follow, max-snippet:-1, max-image-preview:large, max-video-preview:-1\" \/>\n<link rel=\"canonical\" href=\"https:\/\/president-ksgov.net\/en\/the-president-of-switzerland-congratulates-president-thaci-on-independence-day\/\" \/>\n<meta property=\"og:locale\" content=\"en_US\" \/>\n<meta property=\"og:type\" content=\"article\" \/>\n<meta property=\"og:title\" content=\"The President of Switzerland congratulates President Tha\u00e7i on Independence Day - President of the Republic of Kosovo - DR. VJOSA OSMANI - SADRIU\" \/>\n<meta property=\"og:description\" content=\"The President of Switzerland congratulates President Tha\u00e7i on Independence Day - President of the Republic of Kosovo - DR. VJOSA OSMANI - SADRIU -\" \/>\n<meta property=\"og:url\" content=\"https:\/\/president-ksgov.net\/en\/the-president-of-switzerland-congratulates-president-thaci-on-independence-day\/\" \/>\n<meta property=\"og:site_name\" content=\"President of the Republic of Kosovo - DR. VJOSA OSMANI - SADRIU\" \/>\n<meta property=\"article:published_time\" content=\"2017-02-17T08:30:56+00:00\" \/>\n<meta property=\"article:modified_time\" content=\"2023-03-07T09:43:18+00:00\" \/>\n<meta property=\"og:image\" content=\"https:\/\/president-ksgov.net\/wp-content\/uploads\/20_02_2017_9624046_17_02_2017_4916027_viber_image.jpg\" \/>\n\t<meta property=\"og:image:width\" content=\"640\" \/>\n\t<meta property=\"og:image:height\" content=\"426\" \/>\n\t<meta property=\"og:image:type\" content=\"image\/jpeg\" \/>\n<meta name=\"author\" content=\"admin\" \/>\n<meta name=\"twitter:card\" content=\"summary_large_image\" \/>\n<meta name=\"twitter:label1\" content=\"Written by\" \/>\n\t<meta name=\"twitter:data1\" content=\"admin\" \/>\n\t<meta name=\"twitter:label2\" content=\"Est. reading time\" \/>\n\t<meta name=\"twitter:data2\" content=\"1 minute\" \/>\n<script type=\"application\/ld+json\" class=\"yoast-schema-graph\">{\"@context\":\"https:\/\/schema.org\",\"@graph\":[{\"@type\":\"WebPage\",\"@id\":\"https:\/\/president-ksgov.net\/en\/the-president-of-switzerland-congratulates-president-thaci-on-independence-day\/\",\"url\":\"https:\/\/president-ksgov.net\/en\/the-president-of-switzerland-congratulates-president-thaci-on-independence-day\/\",\"name\":\"The President of Switzerland congratulates President Tha\u00e7i on Independence Day - President of the Republic of Kosovo - DR. VJOSA OSMANI - SADRIU\",\"isPartOf\":{\"@id\":\"https:\/\/president-ksgov.net\/#website\"},\"primaryImageOfPage\":{\"@id\":\"https:\/\/president-ksgov.net\/en\/the-president-of-switzerland-congratulates-president-thaci-on-independence-day\/#primaryimage\"},\"image\":{\"@id\":\"https:\/\/president-ksgov.net\/en\/the-president-of-switzerland-congratulates-president-thaci-on-independence-day\/#primaryimage\"},\"thumbnailUrl\":\"https:\/\/president-ksgov.net\/wp-content\/uploads\/20_02_2017_9624046_17_02_2017_4916027_viber_image.jpg\",\"datePublished\":\"2017-02-17T08:30:56+00:00\",\"dateModified\":\"2023-03-07T09:43:18+00:00\",\"author\":{\"@id\":\"https:\/\/president-ksgov.net\/#\/schema\/person\/bb4337a5fb147cb2046d80548172cbee\"},\"description\":\"The President of Switzerland congratulates President Tha\u00e7i on Independence Day - President of the Republic of Kosovo - DR. VJOSA OSMANI - SADRIU -\",\"breadcrumb\":{\"@id\":\"https:\/\/president-ksgov.net\/en\/the-president-of-switzerland-congratulates-president-thaci-on-independence-day\/#breadcrumb\"},\"inLanguage\":\"en-US\",\"potentialAction\":[{\"@type\":\"ReadAction\",\"target\":[\"https:\/\/president-ksgov.net\/en\/the-president-of-switzerland-congratulates-president-thaci-on-independence-day\/\"]}]},{\"@type\":\"ImageObject\",\"inLanguage\":\"en-US\",\"@id\":\"https:\/\/president-ksgov.net\/en\/the-president-of-switzerland-congratulates-president-thaci-on-independence-day\/#primaryimage\",\"url\":\"https:\/\/president-ksgov.net\/wp-content\/uploads\/20_02_2017_9624046_17_02_2017_4916027_viber_image.jpg\",\"contentUrl\":\"https:\/\/president-ksgov.net\/wp-content\/uploads\/20_02_2017_9624046_17_02_2017_4916027_viber_image.jpg\",\"width\":640,\"height\":426},{\"@type\":\"BreadcrumbList\",\"@id\":\"https:\/\/president-ksgov.net\/en\/the-president-of-switzerland-congratulates-president-thaci-on-independence-day\/#breadcrumb\",\"itemListElement\":[{\"@type\":\"ListItem\",\"position\":1,\"name\":\"Home\",\"item\":\"https:\/\/president-ksgov.net\/en\/\"},{\"@type\":\"ListItem\",\"position\":2,\"name\":\"The President of Switzerland congratulates President Tha\u00e7i on Independence Day\"}]},{\"@type\":\"WebSite\",\"@id\":\"https:\/\/president-ksgov.net\/#website\",\"url\":\"https:\/\/president-ksgov.net\/\",\"name\":\"Presidente e Republik\u00ebs s\u00eb Kosov\u00ebs\",\"description\":\"Presidente e Republik\u00ebs s\u00eb Kosov\u00ebs\",\"alternateName\":\"DR. VJOSA OSMANI - SADRIU\",\"potentialAction\":[{\"@type\":\"SearchAction\",\"target\":{\"@type\":\"EntryPoint\",\"urlTemplate\":\"https:\/\/president-ksgov.net\/?s={search_term_string}\"},\"query-input\":{\"@type\":\"PropertyValueSpecification\",\"valueRequired\":true,\"valueName\":\"search_term_string\"}}],\"inLanguage\":\"en-US\"},{\"@type\":\"Person\",\"@id\":\"https:\/\/president-ksgov.net\/#\/schema\/person\/bb4337a5fb147cb2046d80548172cbee\",\"name\":\"admin\",\"image\":{\"@type\":\"ImageObject\",\"inLanguage\":\"en-US\",\"@id\":\"https:\/\/president-ksgov.net\/#\/schema\/person\/image\/\",\"url\":\"https:\/\/secure.gravatar.com\/avatar\/36156ca0fa3b8d9d25174f146e16beea0cf28f37adf1b9e19b6c9c279a7c9dd3?s=96&d=mm&r=g\",\"contentUrl\":\"https:\/\/secure.gravatar.com\/avatar\/36156ca0fa3b8d9d25174f146e16beea0cf28f37adf1b9e19b6c9c279a7c9dd3?s=96&d=mm&r=g\",\"caption\":\"admin\"},\"sameAs\":[\"https:\/\/president-ksgov.net\"]}]}<\/script>\n<!-- \/ Yoast SEO plugin. -->","yoast_head_json":{"title":"The President of Switzerland congratulates President Tha\u00e7i on Independence Day - President of the Republic of Kosovo - DR. VJOSA OSMANI - SADRIU","description":"The President of Switzerland congratulates President Tha\u00e7i on Independence Day - President of the Republic of Kosovo - DR. VJOSA OSMANI - SADRIU -","robots":{"index":"index","follow":"follow","max-snippet":"max-snippet:-1","max-image-preview":"max-image-preview:large","max-video-preview":"max-video-preview:-1"},"canonical":"https:\/\/president-ksgov.net\/en\/the-president-of-switzerland-congratulates-president-thaci-on-independence-day\/","og_locale":"en_US","og_type":"article","og_title":"The President of Switzerland congratulates President Tha\u00e7i on Independence Day - President of the Republic of Kosovo - DR. VJOSA OSMANI - SADRIU","og_description":"The President of Switzerland congratulates President Tha\u00e7i on Independence Day - President of the Republic of Kosovo - DR. VJOSA OSMANI - SADRIU -","og_url":"https:\/\/president-ksgov.net\/en\/the-president-of-switzerland-congratulates-president-thaci-on-independence-day\/","og_site_name":"President of the Republic of Kosovo - DR. VJOSA OSMANI - SADRIU","article_published_time":"2017-02-17T08:30:56+00:00","article_modified_time":"2023-03-07T09:43:18+00:00","og_image":[{"width":640,"height":426,"url":"https:\/\/president-ksgov.net\/wp-content\/uploads\/20_02_2017_9624046_17_02_2017_4916027_viber_image.jpg","type":"image\/jpeg"}],"author":"admin","twitter_card":"summary_large_image","twitter_misc":{"Written by":"admin","Est. reading time":"1 minute"},"schema":{"@context":"https:\/\/schema.org","@graph":[{"@type":"WebPage","@id":"https:\/\/president-ksgov.net\/en\/the-president-of-switzerland-congratulates-president-thaci-on-independence-day\/","url":"https:\/\/president-ksgov.net\/en\/the-president-of-switzerland-congratulates-president-thaci-on-independence-day\/","name":"The President of Switzerland congratulates President Tha\u00e7i on Independence Day - President of the Republic of Kosovo - DR. VJOSA OSMANI - SADRIU","isPartOf":{"@id":"https:\/\/president-ksgov.net\/#website"},"primaryImageOfPage":{"@id":"https:\/\/president-ksgov.net\/en\/the-president-of-switzerland-congratulates-president-thaci-on-independence-day\/#primaryimage"},"image":{"@id":"https:\/\/president-ksgov.net\/en\/the-president-of-switzerland-congratulates-president-thaci-on-independence-day\/#primaryimage"},"thumbnailUrl":"https:\/\/president-ksgov.net\/wp-content\/uploads\/20_02_2017_9624046_17_02_2017_4916027_viber_image.jpg","datePublished":"2017-02-17T08:30:56+00:00","dateModified":"2023-03-07T09:43:18+00:00","author":{"@id":"https:\/\/president-ksgov.net\/#\/schema\/person\/bb4337a5fb147cb2046d80548172cbee"},"description":"The President of Switzerland congratulates President Tha\u00e7i on Independence Day - President of the Republic of Kosovo - DR. VJOSA OSMANI - SADRIU -","breadcrumb":{"@id":"https:\/\/president-ksgov.net\/en\/the-president-of-switzerland-congratulates-president-thaci-on-independence-day\/#breadcrumb"},"inLanguage":"en-US","potentialAction":[{"@type":"ReadAction","target":["https:\/\/president-ksgov.net\/en\/the-president-of-switzerland-congratulates-president-thaci-on-independence-day\/"]}]},{"@type":"ImageObject","inLanguage":"en-US","@id":"https:\/\/president-ksgov.net\/en\/the-president-of-switzerland-congratulates-president-thaci-on-independence-day\/#primaryimage","url":"https:\/\/president-ksgov.net\/wp-content\/uploads\/20_02_2017_9624046_17_02_2017_4916027_viber_image.jpg","contentUrl":"https:\/\/president-ksgov.net\/wp-content\/uploads\/20_02_2017_9624046_17_02_2017_4916027_viber_image.jpg","width":640,"height":426},{"@type":"BreadcrumbList","@id":"https:\/\/president-ksgov.net\/en\/the-president-of-switzerland-congratulates-president-thaci-on-independence-day\/#breadcrumb","itemListElement":[{"@type":"ListItem","position":1,"name":"Home","item":"https:\/\/president-ksgov.net\/en\/"},{"@type":"ListItem","position":2,"name":"The President of Switzerland congratulates President Tha\u00e7i on Independence Day"}]},{"@type":"WebSite","@id":"https:\/\/president-ksgov.net\/#website","url":"https:\/\/president-ksgov.net\/","name":"Presidente e Republik\u00ebs s\u00eb Kosov\u00ebs","description":"Presidente e Republik\u00ebs s\u00eb Kosov\u00ebs","alternateName":"DR. VJOSA OSMANI - SADRIU","potentialAction":[{"@type":"SearchAction","target":{"@type":"EntryPoint","urlTemplate":"https:\/\/president-ksgov.net\/?s={search_term_string}"},"query-input":{"@type":"PropertyValueSpecification","valueRequired":true,"valueName":"search_term_string"}}],"inLanguage":"en-US"},{"@type":"Person","@id":"https:\/\/president-ksgov.net\/#\/schema\/person\/bb4337a5fb147cb2046d80548172cbee","name":"admin","image":{"@type":"ImageObject","inLanguage":"en-US","@id":"https:\/\/president-ksgov.net\/#\/schema\/person\/image\/","url":"https:\/\/secure.gravatar.com\/avatar\/36156ca0fa3b8d9d25174f146e16beea0cf28f37adf1b9e19b6c9c279a7c9dd3?s=96&d=mm&r=g","contentUrl":"https:\/\/secure.gravatar.com\/avatar\/36156ca0fa3b8d9d25174f146e16beea0cf28f37adf1b9e19b6c9c279a7c9dd3?s=96&d=mm&r=g","caption":"admin"},"sameAs":["https:\/\/president-ksgov.net"]}]}},"_links":{"self":[{"href":"https:\/\/president-ksgov.net\/en\/wp-json\/wp\/v2\/posts\/68705","targetHints":{"allow":["GET"]}}],"collection":[{"href":"https:\/\/president-ksgov.net\/en\/wp-json\/wp\/v2\/posts"}],"about":[{"href":"https:\/\/president-ksgov.net\/en\/wp-json\/wp\/v2\/types\/post"}],"author":[{"embeddable":true,"href":"https:\/\/president-ksgov.net\/en\/wp-json\/wp\/v2\/users\/1"}],"replies":[{"embeddable":true,"href":"https:\/\/president-ksgov.net\/en\/wp-json\/wp\/v2\/comments?post=68705"}],"version-history":[{"count":0,"href":"https:\/\/president-ksgov.net\/en\/wp-json\/wp\/v2\/posts\/68705\/revisions"}],"wp:featuredmedia":[{"embeddable":true,"href":"https:\/\/president-ksgov.net\/en\/wp-json\/wp\/v2\/media\/31159"}],"wp:attachment":[{"href":"https:\/\/president-ksgov.net\/en\/wp-json\/wp\/v2\/media?parent=68705"}],"wp:term":[{"taxonomy":"category","embeddable":true,"href":"https:\/\/president-ksgov.net\/en\/wp-json\/wp\/v2\/categories?post=68705"},{"taxonomy":"post_tag","embeddable":true,"href":"https:\/\/president-ksgov.net\/en\/wp-json\/wp\/v2\/tags?post=68705"}],"curies":[{"name":"wp","href":"https:\/\/api.w.org\/{rel}","templated":true}]}}