{"id":68685,"date":"2017-03-08T16:43:40","date_gmt":"2017-03-08T16:43:40","guid":{"rendered":"https:\/\/dev.president-ksgov.net\/president-thaci-met-with-the-head-of-eulex-alexandra-papadopoulou\/"},"modified":"2023-03-07T09:42:50","modified_gmt":"2023-03-07T09:42:50","slug":"president-thaci-met-with-the-head-of-eulex-alexandra-papadopoulou","status":"publish","type":"post","link":"https:\/\/president-ksgov.net\/en\/president-thaci-met-with-the-head-of-eulex-alexandra-papadopoulou\/","title":{"rendered":"President Tha\u00e7i met with the head of EULEX, Alexandra Papadopoulou"},"content":{"rendered":"<p>Prishtina, March 8, 2017 \u2013 President of the Republic of Kosovo, Hashim Tha\u00e7i, met today with the Head of the  European Union  Rule of Law Mission in Kosovo (EULEX), Alexandra Papadopoulou.<\/p>\n<p>The head of state stated that the he appreciates the good cooperation with EULEX.<\/p>\n<p>The head of EULEX, Papadopoulou said she is satisfied with cooperation with the Office of the President and highlighted the further increase of local capacities for the\u00a0 transfer of responsibilities to local institutions.<\/p>\n<p>President Tha\u00e7i said that international support is important for capacity building and the building of legal infrastructure in order to strengthen the rule of law and justice in Kosovo.<br \/>\n\u00a0<\/p>\n","protected":false},"excerpt":{"rendered":"<p>Prishtina, March 8, 2017 \u2013 President of the Republic of Kosovo, Hashim Tha\u00e7i, met today with the Head of the  European Union  Rule of Law Mission in Kosovo (EULEX), Alexandra Papadopoulou.<\/p>\n","protected":false},"author":1,"featured_media":30998,"comment_status":"open","ping_status":"closed","sticky":false,"template":"","format":"standard","meta":{"_eb_attr":"","footnotes":""},"categories":[111],"tags":[],"class_list":["post-68685","post","type-post","status-publish","format-standard","has-post-thumbnail","hentry","category-news"],"yoast_head":"<!-- This site is optimized with the Yoast SEO plugin v23.5 - https:\/\/yoast.com\/wordpress\/plugins\/seo\/ -->\n<title>President Tha\u00e7i met with the head of EULEX, Alexandra Papadopoulou - President of the Republic of Kosovo - DR. VJOSA OSMANI - SADRIU<\/title>\n<meta name=\"description\" content=\"President Tha\u00e7i met with the head of EULEX, Alexandra Papadopoulou - President of the Republic of Kosovo - DR. VJOSA OSMANI - SADRIU -\" \/>\n<meta name=\"robots\" content=\"index, follow, max-snippet:-1, max-image-preview:large, max-video-preview:-1\" \/>\n<link rel=\"canonical\" href=\"https:\/\/president-ksgov.net\/en\/president-thaci-met-with-the-head-of-eulex-alexandra-papadopoulou\/\" \/>\n<meta property=\"og:locale\" content=\"en_US\" \/>\n<meta property=\"og:type\" content=\"article\" \/>\n<meta property=\"og:title\" content=\"President Tha\u00e7i met with the head of EULEX, Alexandra Papadopoulou - President of the Republic of Kosovo - DR. VJOSA OSMANI - SADRIU\" \/>\n<meta property=\"og:description\" content=\"President Tha\u00e7i met with the head of EULEX, Alexandra Papadopoulou - President of the Republic of Kosovo - DR. VJOSA OSMANI - SADRIU -\" \/>\n<meta property=\"og:url\" content=\"https:\/\/president-ksgov.net\/en\/president-thaci-met-with-the-head-of-eulex-alexandra-papadopoulou\/\" \/>\n<meta property=\"og:site_name\" content=\"President of the Republic of Kosovo - DR. VJOSA OSMANI - SADRIU\" \/>\n<meta property=\"article:published_time\" content=\"2017-03-08T16:43:40+00:00\" \/>\n<meta property=\"article:modified_time\" content=\"2023-03-07T09:42:50+00:00\" \/>\n<meta property=\"og:image\" content=\"https:\/\/president-ksgov.net\/wp-content\/uploads\/08_03_2017_5381642_Alexandra_Papadopoulou_1.jpg\" \/>\n\t<meta property=\"og:image:width\" content=\"2000\" \/>\n\t<meta property=\"og:image:height\" content=\"1271\" \/>\n\t<meta property=\"og:image:type\" content=\"image\/jpeg\" \/>\n<meta name=\"author\" content=\"admin\" \/>\n<meta name=\"twitter:card\" content=\"summary_large_image\" \/>\n<meta name=\"twitter:label1\" content=\"Written by\" \/>\n\t<meta name=\"twitter:data1\" content=\"admin\" \/>\n\t<meta name=\"twitter:label2\" content=\"Est. reading time\" \/>\n\t<meta name=\"twitter:data2\" content=\"1 minute\" \/>\n<script type=\"application\/ld+json\" class=\"yoast-schema-graph\">{\"@context\":\"https:\/\/schema.org\",\"@graph\":[{\"@type\":\"WebPage\",\"@id\":\"https:\/\/president-ksgov.net\/en\/president-thaci-met-with-the-head-of-eulex-alexandra-papadopoulou\/\",\"url\":\"https:\/\/president-ksgov.net\/en\/president-thaci-met-with-the-head-of-eulex-alexandra-papadopoulou\/\",\"name\":\"President Tha\u00e7i met with the head of EULEX, Alexandra Papadopoulou - President of the Republic of Kosovo - DR. VJOSA OSMANI - SADRIU\",\"isPartOf\":{\"@id\":\"https:\/\/president-ksgov.net\/#website\"},\"primaryImageOfPage\":{\"@id\":\"https:\/\/president-ksgov.net\/en\/president-thaci-met-with-the-head-of-eulex-alexandra-papadopoulou\/#primaryimage\"},\"image\":{\"@id\":\"https:\/\/president-ksgov.net\/en\/president-thaci-met-with-the-head-of-eulex-alexandra-papadopoulou\/#primaryimage\"},\"thumbnailUrl\":\"https:\/\/president-ksgov.net\/wp-content\/uploads\/08_03_2017_5381642_Alexandra_Papadopoulou_1.jpg\",\"datePublished\":\"2017-03-08T16:43:40+00:00\",\"dateModified\":\"2023-03-07T09:42:50+00:00\",\"author\":{\"@id\":\"https:\/\/president-ksgov.net\/#\/schema\/person\/bb4337a5fb147cb2046d80548172cbee\"},\"description\":\"President Tha\u00e7i met with the head of EULEX, Alexandra Papadopoulou - President of the Republic of Kosovo - DR. VJOSA OSMANI - SADRIU -\",\"breadcrumb\":{\"@id\":\"https:\/\/president-ksgov.net\/en\/president-thaci-met-with-the-head-of-eulex-alexandra-papadopoulou\/#breadcrumb\"},\"inLanguage\":\"en-US\",\"potentialAction\":[{\"@type\":\"ReadAction\",\"target\":[\"https:\/\/president-ksgov.net\/en\/president-thaci-met-with-the-head-of-eulex-alexandra-papadopoulou\/\"]}]},{\"@type\":\"ImageObject\",\"inLanguage\":\"en-US\",\"@id\":\"https:\/\/president-ksgov.net\/en\/president-thaci-met-with-the-head-of-eulex-alexandra-papadopoulou\/#primaryimage\",\"url\":\"https:\/\/president-ksgov.net\/wp-content\/uploads\/08_03_2017_5381642_Alexandra_Papadopoulou_1.jpg\",\"contentUrl\":\"https:\/\/president-ksgov.net\/wp-content\/uploads\/08_03_2017_5381642_Alexandra_Papadopoulou_1.jpg\",\"width\":2000,\"height\":1271},{\"@type\":\"BreadcrumbList\",\"@id\":\"https:\/\/president-ksgov.net\/en\/president-thaci-met-with-the-head-of-eulex-alexandra-papadopoulou\/#breadcrumb\",\"itemListElement\":[{\"@type\":\"ListItem\",\"position\":1,\"name\":\"Home\",\"item\":\"https:\/\/president-ksgov.net\/en\/\"},{\"@type\":\"ListItem\",\"position\":2,\"name\":\"President Tha\u00e7i met with the head of EULEX, Alexandra Papadopoulou\"}]},{\"@type\":\"WebSite\",\"@id\":\"https:\/\/president-ksgov.net\/#website\",\"url\":\"https:\/\/president-ksgov.net\/\",\"name\":\"Presidente e Republik\u00ebs s\u00eb Kosov\u00ebs\",\"description\":\"Presidente e Republik\u00ebs s\u00eb Kosov\u00ebs\",\"alternateName\":\"DR. VJOSA OSMANI - SADRIU\",\"potentialAction\":[{\"@type\":\"SearchAction\",\"target\":{\"@type\":\"EntryPoint\",\"urlTemplate\":\"https:\/\/president-ksgov.net\/?s={search_term_string}\"},\"query-input\":{\"@type\":\"PropertyValueSpecification\",\"valueRequired\":true,\"valueName\":\"search_term_string\"}}],\"inLanguage\":\"en-US\"},{\"@type\":\"Person\",\"@id\":\"https:\/\/president-ksgov.net\/#\/schema\/person\/bb4337a5fb147cb2046d80548172cbee\",\"name\":\"admin\",\"image\":{\"@type\":\"ImageObject\",\"inLanguage\":\"en-US\",\"@id\":\"https:\/\/president-ksgov.net\/#\/schema\/person\/image\/\",\"url\":\"https:\/\/secure.gravatar.com\/avatar\/36156ca0fa3b8d9d25174f146e16beea0cf28f37adf1b9e19b6c9c279a7c9dd3?s=96&d=mm&r=g\",\"contentUrl\":\"https:\/\/secure.gravatar.com\/avatar\/36156ca0fa3b8d9d25174f146e16beea0cf28f37adf1b9e19b6c9c279a7c9dd3?s=96&d=mm&r=g\",\"caption\":\"admin\"},\"sameAs\":[\"https:\/\/president-ksgov.net\"]}]}<\/script>\n<!-- \/ Yoast SEO plugin. -->","yoast_head_json":{"title":"President Tha\u00e7i met with the head of EULEX, Alexandra Papadopoulou - President of the Republic of Kosovo - DR. VJOSA OSMANI - SADRIU","description":"President Tha\u00e7i met with the head of EULEX, Alexandra Papadopoulou - President of the Republic of Kosovo - DR. VJOSA OSMANI - SADRIU -","robots":{"index":"index","follow":"follow","max-snippet":"max-snippet:-1","max-image-preview":"max-image-preview:large","max-video-preview":"max-video-preview:-1"},"canonical":"https:\/\/president-ksgov.net\/en\/president-thaci-met-with-the-head-of-eulex-alexandra-papadopoulou\/","og_locale":"en_US","og_type":"article","og_title":"President Tha\u00e7i met with the head of EULEX, Alexandra Papadopoulou - President of the Republic of Kosovo - DR. VJOSA OSMANI - SADRIU","og_description":"President Tha\u00e7i met with the head of EULEX, Alexandra Papadopoulou - President of the Republic of Kosovo - DR. VJOSA OSMANI - SADRIU -","og_url":"https:\/\/president-ksgov.net\/en\/president-thaci-met-with-the-head-of-eulex-alexandra-papadopoulou\/","og_site_name":"President of the Republic of Kosovo - DR. VJOSA OSMANI - SADRIU","article_published_time":"2017-03-08T16:43:40+00:00","article_modified_time":"2023-03-07T09:42:50+00:00","og_image":[{"width":2000,"height":1271,"url":"https:\/\/president-ksgov.net\/wp-content\/uploads\/08_03_2017_5381642_Alexandra_Papadopoulou_1.jpg","type":"image\/jpeg"}],"author":"admin","twitter_card":"summary_large_image","twitter_misc":{"Written by":"admin","Est. reading time":"1 minute"},"schema":{"@context":"https:\/\/schema.org","@graph":[{"@type":"WebPage","@id":"https:\/\/president-ksgov.net\/en\/president-thaci-met-with-the-head-of-eulex-alexandra-papadopoulou\/","url":"https:\/\/president-ksgov.net\/en\/president-thaci-met-with-the-head-of-eulex-alexandra-papadopoulou\/","name":"President Tha\u00e7i met with the head of EULEX, Alexandra Papadopoulou - President of the Republic of Kosovo - DR. VJOSA OSMANI - SADRIU","isPartOf":{"@id":"https:\/\/president-ksgov.net\/#website"},"primaryImageOfPage":{"@id":"https:\/\/president-ksgov.net\/en\/president-thaci-met-with-the-head-of-eulex-alexandra-papadopoulou\/#primaryimage"},"image":{"@id":"https:\/\/president-ksgov.net\/en\/president-thaci-met-with-the-head-of-eulex-alexandra-papadopoulou\/#primaryimage"},"thumbnailUrl":"https:\/\/president-ksgov.net\/wp-content\/uploads\/08_03_2017_5381642_Alexandra_Papadopoulou_1.jpg","datePublished":"2017-03-08T16:43:40+00:00","dateModified":"2023-03-07T09:42:50+00:00","author":{"@id":"https:\/\/president-ksgov.net\/#\/schema\/person\/bb4337a5fb147cb2046d80548172cbee"},"description":"President Tha\u00e7i met with the head of EULEX, Alexandra Papadopoulou - President of the Republic of Kosovo - DR. VJOSA OSMANI - SADRIU -","breadcrumb":{"@id":"https:\/\/president-ksgov.net\/en\/president-thaci-met-with-the-head-of-eulex-alexandra-papadopoulou\/#breadcrumb"},"inLanguage":"en-US","potentialAction":[{"@type":"ReadAction","target":["https:\/\/president-ksgov.net\/en\/president-thaci-met-with-the-head-of-eulex-alexandra-papadopoulou\/"]}]},{"@type":"ImageObject","inLanguage":"en-US","@id":"https:\/\/president-ksgov.net\/en\/president-thaci-met-with-the-head-of-eulex-alexandra-papadopoulou\/#primaryimage","url":"https:\/\/president-ksgov.net\/wp-content\/uploads\/08_03_2017_5381642_Alexandra_Papadopoulou_1.jpg","contentUrl":"https:\/\/president-ksgov.net\/wp-content\/uploads\/08_03_2017_5381642_Alexandra_Papadopoulou_1.jpg","width":2000,"height":1271},{"@type":"BreadcrumbList","@id":"https:\/\/president-ksgov.net\/en\/president-thaci-met-with-the-head-of-eulex-alexandra-papadopoulou\/#breadcrumb","itemListElement":[{"@type":"ListItem","position":1,"name":"Home","item":"https:\/\/president-ksgov.net\/en\/"},{"@type":"ListItem","position":2,"name":"President Tha\u00e7i met with the head of EULEX, Alexandra Papadopoulou"}]},{"@type":"WebSite","@id":"https:\/\/president-ksgov.net\/#website","url":"https:\/\/president-ksgov.net\/","name":"Presidente e Republik\u00ebs s\u00eb Kosov\u00ebs","description":"Presidente e Republik\u00ebs s\u00eb Kosov\u00ebs","alternateName":"DR. VJOSA OSMANI - SADRIU","potentialAction":[{"@type":"SearchAction","target":{"@type":"EntryPoint","urlTemplate":"https:\/\/president-ksgov.net\/?s={search_term_string}"},"query-input":{"@type":"PropertyValueSpecification","valueRequired":true,"valueName":"search_term_string"}}],"inLanguage":"en-US"},{"@type":"Person","@id":"https:\/\/president-ksgov.net\/#\/schema\/person\/bb4337a5fb147cb2046d80548172cbee","name":"admin","image":{"@type":"ImageObject","inLanguage":"en-US","@id":"https:\/\/president-ksgov.net\/#\/schema\/person\/image\/","url":"https:\/\/secure.gravatar.com\/avatar\/36156ca0fa3b8d9d25174f146e16beea0cf28f37adf1b9e19b6c9c279a7c9dd3?s=96&d=mm&r=g","contentUrl":"https:\/\/secure.gravatar.com\/avatar\/36156ca0fa3b8d9d25174f146e16beea0cf28f37adf1b9e19b6c9c279a7c9dd3?s=96&d=mm&r=g","caption":"admin"},"sameAs":["https:\/\/president-ksgov.net"]}]}},"_links":{"self":[{"href":"https:\/\/president-ksgov.net\/en\/wp-json\/wp\/v2\/posts\/68685","targetHints":{"allow":["GET"]}}],"collection":[{"href":"https:\/\/president-ksgov.net\/en\/wp-json\/wp\/v2\/posts"}],"about":[{"href":"https:\/\/president-ksgov.net\/en\/wp-json\/wp\/v2\/types\/post"}],"author":[{"embeddable":true,"href":"https:\/\/president-ksgov.net\/en\/wp-json\/wp\/v2\/users\/1"}],"replies":[{"embeddable":true,"href":"https:\/\/president-ksgov.net\/en\/wp-json\/wp\/v2\/comments?post=68685"}],"version-history":[{"count":0,"href":"https:\/\/president-ksgov.net\/en\/wp-json\/wp\/v2\/posts\/68685\/revisions"}],"wp:featuredmedia":[{"embeddable":true,"href":"https:\/\/president-ksgov.net\/en\/wp-json\/wp\/v2\/media\/30998"}],"wp:attachment":[{"href":"https:\/\/president-ksgov.net\/en\/wp-json\/wp\/v2\/media?parent=68685"}],"wp:term":[{"taxonomy":"category","embeddable":true,"href":"https:\/\/president-ksgov.net\/en\/wp-json\/wp\/v2\/categories?post=68685"},{"taxonomy":"post_tag","embeddable":true,"href":"https:\/\/president-ksgov.net\/en\/wp-json\/wp\/v2\/tags?post=68685"}],"curies":[{"name":"wp","href":"https:\/\/api.w.org\/{rel}","templated":true}]}}