{"id":68681,"date":"2017-03-10T17:34:58","date_gmt":"2017-03-10T17:34:58","guid":{"rendered":"https:\/\/dev.president-ksgov.net\/president-thaci-meets-with-the-osce-secretary-general-lamberto-zannier\/"},"modified":"2023-03-07T09:42:50","modified_gmt":"2023-03-07T09:42:50","slug":"president-thaci-meets-with-the-osce-secretary-general-lamberto-zannier","status":"publish","type":"post","link":"https:\/\/president-ksgov.net\/en\/president-thaci-meets-with-the-osce-secretary-general-lamberto-zannier\/","title":{"rendered":"President Tha\u00e7i meets with the OSCE Secretary General Lamberto Zannier"},"content":{"rendered":"<p>Prishtina, March 10, 2017 \u2013 The President of the Republic of Kosovo, Hashim Tha\u00e7i, received today the OSCE Secretary General, Ambassador Lamberto Zannier.<\/p>\n<p>President Thaci said that Kosovo is consolidated as a state in the region and is working to expand cooperation with all international organizations.<\/p>\n<p>\u201cWe esteem and highly appreciate the commitment of the OSCE mission in Kosovo&#8221; said president Tha\u00e7i.<\/p>\n<p>On the other hand, the OSCE Secretary General, Ambassador Lamberto Zannier said\u00a0 the OSCE Mission remains committed to support processes that help strengthen peace and stability, democracy and human rights in Kosovo, and in the Western Balkans region.<\/p>\n<p>At the meeting with the OSCE Secretary General, Mr. Tha\u00e7i stressed that Kosovo promotes dialogue and reconciliation, cooperation and development in the region.<\/p>\n","protected":false},"excerpt":{"rendered":"<p>Prishtina, March 10, 2017 \u2013 The President of the Republic of Kosovo, Hashim Tha\u00e7i, received today the OSCE Secretary General, Ambassador Lamberto Zannier.<\/p>\n","protected":false},"author":1,"featured_media":30976,"comment_status":"open","ping_status":"closed","sticky":false,"template":"","format":"standard","meta":{"_eb_attr":"","footnotes":""},"categories":[111],"tags":[],"class_list":["post-68681","post","type-post","status-publish","format-standard","has-post-thumbnail","hentry","category-news"],"yoast_head":"<!-- This site is optimized with the Yoast SEO plugin v23.5 - https:\/\/yoast.com\/wordpress\/plugins\/seo\/ -->\n<title>President Tha\u00e7i meets with the OSCE Secretary General Lamberto Zannier - President of the Republic of Kosovo - DR. VJOSA OSMANI - SADRIU<\/title>\n<meta name=\"description\" content=\"President Tha\u00e7i meets with the OSCE Secretary General Lamberto Zannier - President of the Republic of Kosovo - DR. VJOSA OSMANI - SADRIU -\" \/>\n<meta name=\"robots\" content=\"index, follow, max-snippet:-1, max-image-preview:large, max-video-preview:-1\" \/>\n<link rel=\"canonical\" href=\"https:\/\/president-ksgov.net\/en\/president-thaci-meets-with-the-osce-secretary-general-lamberto-zannier\/\" \/>\n<meta property=\"og:locale\" content=\"en_US\" \/>\n<meta property=\"og:type\" content=\"article\" \/>\n<meta property=\"og:title\" content=\"President Tha\u00e7i meets with the OSCE Secretary General Lamberto Zannier - President of the Republic of Kosovo - DR. VJOSA OSMANI - SADRIU\" \/>\n<meta property=\"og:description\" content=\"President Tha\u00e7i meets with the OSCE Secretary General Lamberto Zannier - President of the Republic of Kosovo - DR. VJOSA OSMANI - SADRIU -\" \/>\n<meta property=\"og:url\" content=\"https:\/\/president-ksgov.net\/en\/president-thaci-meets-with-the-osce-secretary-general-lamberto-zannier\/\" \/>\n<meta property=\"og:site_name\" content=\"President of the Republic of Kosovo - DR. VJOSA OSMANI - SADRIU\" \/>\n<meta property=\"article:published_time\" content=\"2017-03-10T17:34:58+00:00\" \/>\n<meta property=\"article:modified_time\" content=\"2023-03-07T09:42:50+00:00\" \/>\n<meta property=\"og:image\" content=\"https:\/\/president-ksgov.net\/wp-content\/uploads\/10_03_2017_9711122_z_01.jpg\" \/>\n\t<meta property=\"og:image:width\" content=\"2429\" \/>\n\t<meta property=\"og:image:height\" content=\"1600\" \/>\n\t<meta property=\"og:image:type\" content=\"image\/jpeg\" \/>\n<meta name=\"author\" content=\"admin\" \/>\n<meta name=\"twitter:card\" content=\"summary_large_image\" \/>\n<meta name=\"twitter:label1\" content=\"Written by\" \/>\n\t<meta name=\"twitter:data1\" content=\"admin\" \/>\n\t<meta name=\"twitter:label2\" content=\"Est. reading time\" \/>\n\t<meta name=\"twitter:data2\" content=\"1 minute\" \/>\n<script type=\"application\/ld+json\" class=\"yoast-schema-graph\">{\"@context\":\"https:\/\/schema.org\",\"@graph\":[{\"@type\":\"WebPage\",\"@id\":\"https:\/\/president-ksgov.net\/en\/president-thaci-meets-with-the-osce-secretary-general-lamberto-zannier\/\",\"url\":\"https:\/\/president-ksgov.net\/en\/president-thaci-meets-with-the-osce-secretary-general-lamberto-zannier\/\",\"name\":\"President Tha\u00e7i meets with the OSCE Secretary General Lamberto Zannier - President of the Republic of Kosovo - DR. VJOSA OSMANI - SADRIU\",\"isPartOf\":{\"@id\":\"https:\/\/president-ksgov.net\/#website\"},\"primaryImageOfPage\":{\"@id\":\"https:\/\/president-ksgov.net\/en\/president-thaci-meets-with-the-osce-secretary-general-lamberto-zannier\/#primaryimage\"},\"image\":{\"@id\":\"https:\/\/president-ksgov.net\/en\/president-thaci-meets-with-the-osce-secretary-general-lamberto-zannier\/#primaryimage\"},\"thumbnailUrl\":\"https:\/\/president-ksgov.net\/wp-content\/uploads\/10_03_2017_9711122_z_01.jpg\",\"datePublished\":\"2017-03-10T17:34:58+00:00\",\"dateModified\":\"2023-03-07T09:42:50+00:00\",\"author\":{\"@id\":\"https:\/\/president-ksgov.net\/#\/schema\/person\/bb4337a5fb147cb2046d80548172cbee\"},\"description\":\"President Tha\u00e7i meets with the OSCE Secretary General Lamberto Zannier - President of the Republic of Kosovo - DR. VJOSA OSMANI - SADRIU -\",\"breadcrumb\":{\"@id\":\"https:\/\/president-ksgov.net\/en\/president-thaci-meets-with-the-osce-secretary-general-lamberto-zannier\/#breadcrumb\"},\"inLanguage\":\"en-US\",\"potentialAction\":[{\"@type\":\"ReadAction\",\"target\":[\"https:\/\/president-ksgov.net\/en\/president-thaci-meets-with-the-osce-secretary-general-lamberto-zannier\/\"]}]},{\"@type\":\"ImageObject\",\"inLanguage\":\"en-US\",\"@id\":\"https:\/\/president-ksgov.net\/en\/president-thaci-meets-with-the-osce-secretary-general-lamberto-zannier\/#primaryimage\",\"url\":\"https:\/\/president-ksgov.net\/wp-content\/uploads\/10_03_2017_9711122_z_01.jpg\",\"contentUrl\":\"https:\/\/president-ksgov.net\/wp-content\/uploads\/10_03_2017_9711122_z_01.jpg\",\"width\":2429,\"height\":1600},{\"@type\":\"BreadcrumbList\",\"@id\":\"https:\/\/president-ksgov.net\/en\/president-thaci-meets-with-the-osce-secretary-general-lamberto-zannier\/#breadcrumb\",\"itemListElement\":[{\"@type\":\"ListItem\",\"position\":1,\"name\":\"Home\",\"item\":\"https:\/\/president-ksgov.net\/en\/\"},{\"@type\":\"ListItem\",\"position\":2,\"name\":\"President Tha\u00e7i meets with the OSCE Secretary General Lamberto Zannier\"}]},{\"@type\":\"WebSite\",\"@id\":\"https:\/\/president-ksgov.net\/#website\",\"url\":\"https:\/\/president-ksgov.net\/\",\"name\":\"Presidente e Republik\u00ebs s\u00eb Kosov\u00ebs\",\"description\":\"Presidente e Republik\u00ebs s\u00eb Kosov\u00ebs\",\"alternateName\":\"DR. VJOSA OSMANI - SADRIU\",\"potentialAction\":[{\"@type\":\"SearchAction\",\"target\":{\"@type\":\"EntryPoint\",\"urlTemplate\":\"https:\/\/president-ksgov.net\/?s={search_term_string}\"},\"query-input\":{\"@type\":\"PropertyValueSpecification\",\"valueRequired\":true,\"valueName\":\"search_term_string\"}}],\"inLanguage\":\"en-US\"},{\"@type\":\"Person\",\"@id\":\"https:\/\/president-ksgov.net\/#\/schema\/person\/bb4337a5fb147cb2046d80548172cbee\",\"name\":\"admin\",\"image\":{\"@type\":\"ImageObject\",\"inLanguage\":\"en-US\",\"@id\":\"https:\/\/president-ksgov.net\/#\/schema\/person\/image\/\",\"url\":\"https:\/\/secure.gravatar.com\/avatar\/36156ca0fa3b8d9d25174f146e16beea0cf28f37adf1b9e19b6c9c279a7c9dd3?s=96&d=mm&r=g\",\"contentUrl\":\"https:\/\/secure.gravatar.com\/avatar\/36156ca0fa3b8d9d25174f146e16beea0cf28f37adf1b9e19b6c9c279a7c9dd3?s=96&d=mm&r=g\",\"caption\":\"admin\"},\"sameAs\":[\"https:\/\/president-ksgov.net\"]}]}<\/script>\n<!-- \/ Yoast SEO plugin. -->","yoast_head_json":{"title":"President Tha\u00e7i meets with the OSCE Secretary General Lamberto Zannier - President of the Republic of Kosovo - DR. VJOSA OSMANI - SADRIU","description":"President Tha\u00e7i meets with the OSCE Secretary General Lamberto Zannier - President of the Republic of Kosovo - DR. VJOSA OSMANI - SADRIU -","robots":{"index":"index","follow":"follow","max-snippet":"max-snippet:-1","max-image-preview":"max-image-preview:large","max-video-preview":"max-video-preview:-1"},"canonical":"https:\/\/president-ksgov.net\/en\/president-thaci-meets-with-the-osce-secretary-general-lamberto-zannier\/","og_locale":"en_US","og_type":"article","og_title":"President Tha\u00e7i meets with the OSCE Secretary General Lamberto Zannier - President of the Republic of Kosovo - DR. VJOSA OSMANI - SADRIU","og_description":"President Tha\u00e7i meets with the OSCE Secretary General Lamberto Zannier - President of the Republic of Kosovo - DR. VJOSA OSMANI - SADRIU -","og_url":"https:\/\/president-ksgov.net\/en\/president-thaci-meets-with-the-osce-secretary-general-lamberto-zannier\/","og_site_name":"President of the Republic of Kosovo - DR. VJOSA OSMANI - SADRIU","article_published_time":"2017-03-10T17:34:58+00:00","article_modified_time":"2023-03-07T09:42:50+00:00","og_image":[{"width":2429,"height":1600,"url":"https:\/\/president-ksgov.net\/wp-content\/uploads\/10_03_2017_9711122_z_01.jpg","type":"image\/jpeg"}],"author":"admin","twitter_card":"summary_large_image","twitter_misc":{"Written by":"admin","Est. reading time":"1 minute"},"schema":{"@context":"https:\/\/schema.org","@graph":[{"@type":"WebPage","@id":"https:\/\/president-ksgov.net\/en\/president-thaci-meets-with-the-osce-secretary-general-lamberto-zannier\/","url":"https:\/\/president-ksgov.net\/en\/president-thaci-meets-with-the-osce-secretary-general-lamberto-zannier\/","name":"President Tha\u00e7i meets with the OSCE Secretary General Lamberto Zannier - President of the Republic of Kosovo - DR. VJOSA OSMANI - SADRIU","isPartOf":{"@id":"https:\/\/president-ksgov.net\/#website"},"primaryImageOfPage":{"@id":"https:\/\/president-ksgov.net\/en\/president-thaci-meets-with-the-osce-secretary-general-lamberto-zannier\/#primaryimage"},"image":{"@id":"https:\/\/president-ksgov.net\/en\/president-thaci-meets-with-the-osce-secretary-general-lamberto-zannier\/#primaryimage"},"thumbnailUrl":"https:\/\/president-ksgov.net\/wp-content\/uploads\/10_03_2017_9711122_z_01.jpg","datePublished":"2017-03-10T17:34:58+00:00","dateModified":"2023-03-07T09:42:50+00:00","author":{"@id":"https:\/\/president-ksgov.net\/#\/schema\/person\/bb4337a5fb147cb2046d80548172cbee"},"description":"President Tha\u00e7i meets with the OSCE Secretary General Lamberto Zannier - President of the Republic of Kosovo - DR. VJOSA OSMANI - SADRIU -","breadcrumb":{"@id":"https:\/\/president-ksgov.net\/en\/president-thaci-meets-with-the-osce-secretary-general-lamberto-zannier\/#breadcrumb"},"inLanguage":"en-US","potentialAction":[{"@type":"ReadAction","target":["https:\/\/president-ksgov.net\/en\/president-thaci-meets-with-the-osce-secretary-general-lamberto-zannier\/"]}]},{"@type":"ImageObject","inLanguage":"en-US","@id":"https:\/\/president-ksgov.net\/en\/president-thaci-meets-with-the-osce-secretary-general-lamberto-zannier\/#primaryimage","url":"https:\/\/president-ksgov.net\/wp-content\/uploads\/10_03_2017_9711122_z_01.jpg","contentUrl":"https:\/\/president-ksgov.net\/wp-content\/uploads\/10_03_2017_9711122_z_01.jpg","width":2429,"height":1600},{"@type":"BreadcrumbList","@id":"https:\/\/president-ksgov.net\/en\/president-thaci-meets-with-the-osce-secretary-general-lamberto-zannier\/#breadcrumb","itemListElement":[{"@type":"ListItem","position":1,"name":"Home","item":"https:\/\/president-ksgov.net\/en\/"},{"@type":"ListItem","position":2,"name":"President Tha\u00e7i meets with the OSCE Secretary General Lamberto Zannier"}]},{"@type":"WebSite","@id":"https:\/\/president-ksgov.net\/#website","url":"https:\/\/president-ksgov.net\/","name":"Presidente e Republik\u00ebs s\u00eb Kosov\u00ebs","description":"Presidente e Republik\u00ebs s\u00eb Kosov\u00ebs","alternateName":"DR. VJOSA OSMANI - SADRIU","potentialAction":[{"@type":"SearchAction","target":{"@type":"EntryPoint","urlTemplate":"https:\/\/president-ksgov.net\/?s={search_term_string}"},"query-input":{"@type":"PropertyValueSpecification","valueRequired":true,"valueName":"search_term_string"}}],"inLanguage":"en-US"},{"@type":"Person","@id":"https:\/\/president-ksgov.net\/#\/schema\/person\/bb4337a5fb147cb2046d80548172cbee","name":"admin","image":{"@type":"ImageObject","inLanguage":"en-US","@id":"https:\/\/president-ksgov.net\/#\/schema\/person\/image\/","url":"https:\/\/secure.gravatar.com\/avatar\/36156ca0fa3b8d9d25174f146e16beea0cf28f37adf1b9e19b6c9c279a7c9dd3?s=96&d=mm&r=g","contentUrl":"https:\/\/secure.gravatar.com\/avatar\/36156ca0fa3b8d9d25174f146e16beea0cf28f37adf1b9e19b6c9c279a7c9dd3?s=96&d=mm&r=g","caption":"admin"},"sameAs":["https:\/\/president-ksgov.net"]}]}},"_links":{"self":[{"href":"https:\/\/president-ksgov.net\/en\/wp-json\/wp\/v2\/posts\/68681","targetHints":{"allow":["GET"]}}],"collection":[{"href":"https:\/\/president-ksgov.net\/en\/wp-json\/wp\/v2\/posts"}],"about":[{"href":"https:\/\/president-ksgov.net\/en\/wp-json\/wp\/v2\/types\/post"}],"author":[{"embeddable":true,"href":"https:\/\/president-ksgov.net\/en\/wp-json\/wp\/v2\/users\/1"}],"replies":[{"embeddable":true,"href":"https:\/\/president-ksgov.net\/en\/wp-json\/wp\/v2\/comments?post=68681"}],"version-history":[{"count":0,"href":"https:\/\/president-ksgov.net\/en\/wp-json\/wp\/v2\/posts\/68681\/revisions"}],"wp:featuredmedia":[{"embeddable":true,"href":"https:\/\/president-ksgov.net\/en\/wp-json\/wp\/v2\/media\/30976"}],"wp:attachment":[{"href":"https:\/\/president-ksgov.net\/en\/wp-json\/wp\/v2\/media?parent=68681"}],"wp:term":[{"taxonomy":"category","embeddable":true,"href":"https:\/\/president-ksgov.net\/en\/wp-json\/wp\/v2\/categories?post=68681"},{"taxonomy":"post_tag","embeddable":true,"href":"https:\/\/president-ksgov.net\/en\/wp-json\/wp\/v2\/tags?post=68681"}],"curies":[{"name":"wp","href":"https:\/\/api.w.org\/{rel}","templated":true}]}}