{"id":68648,"date":"2017-04-07T19:26:19","date_gmt":"2017-04-07T19:26:19","guid":{"rendered":"https:\/\/dev.president-ksgov.net\/president-thaci-congratulates-the-roma-community-on-the-international-roma-day\/"},"modified":"2023-03-07T09:42:17","modified_gmt":"2023-03-07T09:42:17","slug":"president-thaci-congratulates-the-roma-community-on-the-international-roma-day","status":"publish","type":"post","link":"https:\/\/president-ksgov.net\/en\/president-thaci-congratulates-the-roma-community-on-the-international-roma-day\/","title":{"rendered":"President Tha\u00e7i congratulates the Roma community on the International Roma Day"},"content":{"rendered":"<p>Prishtina, April 7, 2017 &#8211; The President of the country, Hashim Tha\u00e7i, received today a delegation of the Roma community headed by MP Kujtim Pa\u00e7aku, on the occasion of the 8th of April, the International Roma Day.<\/p>\n<p>While congratulating the Roma community for this holiday, President Tha\u00e7i said that the institutions should do more for the welfare of this community.<\/p>\n<p>\u201cKosovo is a country of opportunities for all communities. It is a state of all citizens and the communities are an asset of ours\u201d, said President Tha\u00e7i.<\/p>\n<p>On the other hand, the Roma representative in the Kosovo Assembly, MP Kujtim Pa\u00e7aku, stressed that although the Roma are in a better position than in the past, yet as a community they feel overlooked, especially when it comes to employment.<\/p>\n<p>\u201cThis is a special day for the Roma community, for our identity. The Roma community is ranked fair in Kosovo and is being integrated, but the institutions should not overlook the members of the Roma community, because over 150 Roma have graduated in various fields\u201d, said MP Pa\u00e7aku.<\/p>\n<p>With the delegation of the Roma community, President Tha\u00e7i discussed also about the Roma families displaced from Kosovo.<\/p>\n","protected":false},"excerpt":{"rendered":"<p>Prishtina, April 7, 2017 &#8211; The President of the country, Hashim Tha\u00e7i, received today a delegation of the Roma community headed by MP Kujtim Pa\u00e7aku, on the occasion of the 8th of April, the International Roma Day.<\/p>\n","protected":false},"author":1,"featured_media":30769,"comment_status":"open","ping_status":"closed","sticky":false,"template":"","format":"standard","meta":{"_eb_attr":"","footnotes":""},"categories":[111],"tags":[],"class_list":["post-68648","post","type-post","status-publish","format-standard","has-post-thumbnail","hentry","category-news"],"yoast_head":"<!-- This site is optimized with the Yoast SEO plugin v23.5 - https:\/\/yoast.com\/wordpress\/plugins\/seo\/ -->\n<title>President Tha\u00e7i congratulates the Roma community on the International Roma Day - President of the Republic of Kosovo - DR. VJOSA OSMANI - SADRIU<\/title>\n<meta name=\"description\" content=\"President Tha\u00e7i congratulates the Roma community on the International Roma Day - President of the Republic of Kosovo - DR. VJOSA OSMANI - SADRIU -\" \/>\n<meta name=\"robots\" content=\"index, follow, max-snippet:-1, max-image-preview:large, max-video-preview:-1\" \/>\n<link rel=\"canonical\" href=\"https:\/\/president-ksgov.net\/en\/president-thaci-congratulates-the-roma-community-on-the-international-roma-day\/\" \/>\n<meta property=\"og:locale\" content=\"en_US\" \/>\n<meta property=\"og:type\" content=\"article\" \/>\n<meta property=\"og:title\" content=\"President Tha\u00e7i congratulates the Roma community on the International Roma Day - President of the Republic of Kosovo - DR. VJOSA OSMANI - SADRIU\" \/>\n<meta property=\"og:description\" content=\"President Tha\u00e7i congratulates the Roma community on the International Roma Day - President of the Republic of Kosovo - DR. VJOSA OSMANI - SADRIU -\" \/>\n<meta property=\"og:url\" content=\"https:\/\/president-ksgov.net\/en\/president-thaci-congratulates-the-roma-community-on-the-international-roma-day\/\" \/>\n<meta property=\"og:site_name\" content=\"President of the Republic of Kosovo - DR. VJOSA OSMANI - SADRIU\" \/>\n<meta property=\"article:published_time\" content=\"2017-04-07T19:26:19+00:00\" \/>\n<meta property=\"article:modified_time\" content=\"2023-03-07T09:42:17+00:00\" \/>\n<meta property=\"og:image\" content=\"https:\/\/president-ksgov.net\/wp-content\/uploads\/07_04_2017_4101498_07_04_2017_Takim_me_1.jpg\" \/>\n\t<meta property=\"og:image:width\" content=\"2000\" \/>\n\t<meta property=\"og:image:height\" content=\"1319\" \/>\n\t<meta property=\"og:image:type\" content=\"image\/jpeg\" \/>\n<meta name=\"author\" content=\"admin\" \/>\n<meta name=\"twitter:card\" content=\"summary_large_image\" \/>\n<meta name=\"twitter:label1\" content=\"Written by\" \/>\n\t<meta name=\"twitter:data1\" content=\"admin\" \/>\n\t<meta name=\"twitter:label2\" content=\"Est. reading time\" \/>\n\t<meta name=\"twitter:data2\" content=\"1 minute\" \/>\n<script type=\"application\/ld+json\" class=\"yoast-schema-graph\">{\"@context\":\"https:\/\/schema.org\",\"@graph\":[{\"@type\":\"WebPage\",\"@id\":\"https:\/\/president-ksgov.net\/en\/president-thaci-congratulates-the-roma-community-on-the-international-roma-day\/\",\"url\":\"https:\/\/president-ksgov.net\/en\/president-thaci-congratulates-the-roma-community-on-the-international-roma-day\/\",\"name\":\"President Tha\u00e7i congratulates the Roma community on the International Roma Day - President of the Republic of Kosovo - DR. VJOSA OSMANI - SADRIU\",\"isPartOf\":{\"@id\":\"https:\/\/president-ksgov.net\/#website\"},\"primaryImageOfPage\":{\"@id\":\"https:\/\/president-ksgov.net\/en\/president-thaci-congratulates-the-roma-community-on-the-international-roma-day\/#primaryimage\"},\"image\":{\"@id\":\"https:\/\/president-ksgov.net\/en\/president-thaci-congratulates-the-roma-community-on-the-international-roma-day\/#primaryimage\"},\"thumbnailUrl\":\"https:\/\/president-ksgov.net\/wp-content\/uploads\/07_04_2017_4101498_07_04_2017_Takim_me_1.jpg\",\"datePublished\":\"2017-04-07T19:26:19+00:00\",\"dateModified\":\"2023-03-07T09:42:17+00:00\",\"author\":{\"@id\":\"https:\/\/president-ksgov.net\/#\/schema\/person\/bb4337a5fb147cb2046d80548172cbee\"},\"description\":\"President Tha\u00e7i congratulates the Roma community on the International Roma Day - President of the Republic of Kosovo - DR. VJOSA OSMANI - SADRIU -\",\"breadcrumb\":{\"@id\":\"https:\/\/president-ksgov.net\/en\/president-thaci-congratulates-the-roma-community-on-the-international-roma-day\/#breadcrumb\"},\"inLanguage\":\"en-US\",\"potentialAction\":[{\"@type\":\"ReadAction\",\"target\":[\"https:\/\/president-ksgov.net\/en\/president-thaci-congratulates-the-roma-community-on-the-international-roma-day\/\"]}]},{\"@type\":\"ImageObject\",\"inLanguage\":\"en-US\",\"@id\":\"https:\/\/president-ksgov.net\/en\/president-thaci-congratulates-the-roma-community-on-the-international-roma-day\/#primaryimage\",\"url\":\"https:\/\/president-ksgov.net\/wp-content\/uploads\/07_04_2017_4101498_07_04_2017_Takim_me_1.jpg\",\"contentUrl\":\"https:\/\/president-ksgov.net\/wp-content\/uploads\/07_04_2017_4101498_07_04_2017_Takim_me_1.jpg\",\"width\":2000,\"height\":1319},{\"@type\":\"BreadcrumbList\",\"@id\":\"https:\/\/president-ksgov.net\/en\/president-thaci-congratulates-the-roma-community-on-the-international-roma-day\/#breadcrumb\",\"itemListElement\":[{\"@type\":\"ListItem\",\"position\":1,\"name\":\"Home\",\"item\":\"https:\/\/president-ksgov.net\/en\/\"},{\"@type\":\"ListItem\",\"position\":2,\"name\":\"President Tha\u00e7i congratulates the Roma community on the International Roma Day\"}]},{\"@type\":\"WebSite\",\"@id\":\"https:\/\/president-ksgov.net\/#website\",\"url\":\"https:\/\/president-ksgov.net\/\",\"name\":\"Presidente e Republik\u00ebs s\u00eb Kosov\u00ebs\",\"description\":\"Presidente e Republik\u00ebs s\u00eb Kosov\u00ebs\",\"alternateName\":\"DR. VJOSA OSMANI - SADRIU\",\"potentialAction\":[{\"@type\":\"SearchAction\",\"target\":{\"@type\":\"EntryPoint\",\"urlTemplate\":\"https:\/\/president-ksgov.net\/?s={search_term_string}\"},\"query-input\":{\"@type\":\"PropertyValueSpecification\",\"valueRequired\":true,\"valueName\":\"search_term_string\"}}],\"inLanguage\":\"en-US\"},{\"@type\":\"Person\",\"@id\":\"https:\/\/president-ksgov.net\/#\/schema\/person\/bb4337a5fb147cb2046d80548172cbee\",\"name\":\"admin\",\"image\":{\"@type\":\"ImageObject\",\"inLanguage\":\"en-US\",\"@id\":\"https:\/\/president-ksgov.net\/#\/schema\/person\/image\/\",\"url\":\"https:\/\/secure.gravatar.com\/avatar\/36156ca0fa3b8d9d25174f146e16beea0cf28f37adf1b9e19b6c9c279a7c9dd3?s=96&d=mm&r=g\",\"contentUrl\":\"https:\/\/secure.gravatar.com\/avatar\/36156ca0fa3b8d9d25174f146e16beea0cf28f37adf1b9e19b6c9c279a7c9dd3?s=96&d=mm&r=g\",\"caption\":\"admin\"},\"sameAs\":[\"https:\/\/president-ksgov.net\"]}]}<\/script>\n<!-- \/ Yoast SEO plugin. -->","yoast_head_json":{"title":"President Tha\u00e7i congratulates the Roma community on the International Roma Day - President of the Republic of Kosovo - DR. VJOSA OSMANI - SADRIU","description":"President Tha\u00e7i congratulates the Roma community on the International Roma Day - President of the Republic of Kosovo - DR. VJOSA OSMANI - SADRIU -","robots":{"index":"index","follow":"follow","max-snippet":"max-snippet:-1","max-image-preview":"max-image-preview:large","max-video-preview":"max-video-preview:-1"},"canonical":"https:\/\/president-ksgov.net\/en\/president-thaci-congratulates-the-roma-community-on-the-international-roma-day\/","og_locale":"en_US","og_type":"article","og_title":"President Tha\u00e7i congratulates the Roma community on the International Roma Day - President of the Republic of Kosovo - DR. VJOSA OSMANI - SADRIU","og_description":"President Tha\u00e7i congratulates the Roma community on the International Roma Day - President of the Republic of Kosovo - DR. VJOSA OSMANI - SADRIU -","og_url":"https:\/\/president-ksgov.net\/en\/president-thaci-congratulates-the-roma-community-on-the-international-roma-day\/","og_site_name":"President of the Republic of Kosovo - DR. VJOSA OSMANI - SADRIU","article_published_time":"2017-04-07T19:26:19+00:00","article_modified_time":"2023-03-07T09:42:17+00:00","og_image":[{"width":2000,"height":1319,"url":"https:\/\/president-ksgov.net\/wp-content\/uploads\/07_04_2017_4101498_07_04_2017_Takim_me_1.jpg","type":"image\/jpeg"}],"author":"admin","twitter_card":"summary_large_image","twitter_misc":{"Written by":"admin","Est. reading time":"1 minute"},"schema":{"@context":"https:\/\/schema.org","@graph":[{"@type":"WebPage","@id":"https:\/\/president-ksgov.net\/en\/president-thaci-congratulates-the-roma-community-on-the-international-roma-day\/","url":"https:\/\/president-ksgov.net\/en\/president-thaci-congratulates-the-roma-community-on-the-international-roma-day\/","name":"President Tha\u00e7i congratulates the Roma community on the International Roma Day - President of the Republic of Kosovo - DR. VJOSA OSMANI - SADRIU","isPartOf":{"@id":"https:\/\/president-ksgov.net\/#website"},"primaryImageOfPage":{"@id":"https:\/\/president-ksgov.net\/en\/president-thaci-congratulates-the-roma-community-on-the-international-roma-day\/#primaryimage"},"image":{"@id":"https:\/\/president-ksgov.net\/en\/president-thaci-congratulates-the-roma-community-on-the-international-roma-day\/#primaryimage"},"thumbnailUrl":"https:\/\/president-ksgov.net\/wp-content\/uploads\/07_04_2017_4101498_07_04_2017_Takim_me_1.jpg","datePublished":"2017-04-07T19:26:19+00:00","dateModified":"2023-03-07T09:42:17+00:00","author":{"@id":"https:\/\/president-ksgov.net\/#\/schema\/person\/bb4337a5fb147cb2046d80548172cbee"},"description":"President Tha\u00e7i congratulates the Roma community on the International Roma Day - President of the Republic of Kosovo - DR. VJOSA OSMANI - SADRIU -","breadcrumb":{"@id":"https:\/\/president-ksgov.net\/en\/president-thaci-congratulates-the-roma-community-on-the-international-roma-day\/#breadcrumb"},"inLanguage":"en-US","potentialAction":[{"@type":"ReadAction","target":["https:\/\/president-ksgov.net\/en\/president-thaci-congratulates-the-roma-community-on-the-international-roma-day\/"]}]},{"@type":"ImageObject","inLanguage":"en-US","@id":"https:\/\/president-ksgov.net\/en\/president-thaci-congratulates-the-roma-community-on-the-international-roma-day\/#primaryimage","url":"https:\/\/president-ksgov.net\/wp-content\/uploads\/07_04_2017_4101498_07_04_2017_Takim_me_1.jpg","contentUrl":"https:\/\/president-ksgov.net\/wp-content\/uploads\/07_04_2017_4101498_07_04_2017_Takim_me_1.jpg","width":2000,"height":1319},{"@type":"BreadcrumbList","@id":"https:\/\/president-ksgov.net\/en\/president-thaci-congratulates-the-roma-community-on-the-international-roma-day\/#breadcrumb","itemListElement":[{"@type":"ListItem","position":1,"name":"Home","item":"https:\/\/president-ksgov.net\/en\/"},{"@type":"ListItem","position":2,"name":"President Tha\u00e7i congratulates the Roma community on the International Roma Day"}]},{"@type":"WebSite","@id":"https:\/\/president-ksgov.net\/#website","url":"https:\/\/president-ksgov.net\/","name":"Presidente e Republik\u00ebs s\u00eb Kosov\u00ebs","description":"Presidente e Republik\u00ebs s\u00eb Kosov\u00ebs","alternateName":"DR. VJOSA OSMANI - SADRIU","potentialAction":[{"@type":"SearchAction","target":{"@type":"EntryPoint","urlTemplate":"https:\/\/president-ksgov.net\/?s={search_term_string}"},"query-input":{"@type":"PropertyValueSpecification","valueRequired":true,"valueName":"search_term_string"}}],"inLanguage":"en-US"},{"@type":"Person","@id":"https:\/\/president-ksgov.net\/#\/schema\/person\/bb4337a5fb147cb2046d80548172cbee","name":"admin","image":{"@type":"ImageObject","inLanguage":"en-US","@id":"https:\/\/president-ksgov.net\/#\/schema\/person\/image\/","url":"https:\/\/secure.gravatar.com\/avatar\/36156ca0fa3b8d9d25174f146e16beea0cf28f37adf1b9e19b6c9c279a7c9dd3?s=96&d=mm&r=g","contentUrl":"https:\/\/secure.gravatar.com\/avatar\/36156ca0fa3b8d9d25174f146e16beea0cf28f37adf1b9e19b6c9c279a7c9dd3?s=96&d=mm&r=g","caption":"admin"},"sameAs":["https:\/\/president-ksgov.net"]}]}},"_links":{"self":[{"href":"https:\/\/president-ksgov.net\/en\/wp-json\/wp\/v2\/posts\/68648","targetHints":{"allow":["GET"]}}],"collection":[{"href":"https:\/\/president-ksgov.net\/en\/wp-json\/wp\/v2\/posts"}],"about":[{"href":"https:\/\/president-ksgov.net\/en\/wp-json\/wp\/v2\/types\/post"}],"author":[{"embeddable":true,"href":"https:\/\/president-ksgov.net\/en\/wp-json\/wp\/v2\/users\/1"}],"replies":[{"embeddable":true,"href":"https:\/\/president-ksgov.net\/en\/wp-json\/wp\/v2\/comments?post=68648"}],"version-history":[{"count":0,"href":"https:\/\/president-ksgov.net\/en\/wp-json\/wp\/v2\/posts\/68648\/revisions"}],"wp:featuredmedia":[{"embeddable":true,"href":"https:\/\/president-ksgov.net\/en\/wp-json\/wp\/v2\/media\/30769"}],"wp:attachment":[{"href":"https:\/\/president-ksgov.net\/en\/wp-json\/wp\/v2\/media?parent=68648"}],"wp:term":[{"taxonomy":"category","embeddable":true,"href":"https:\/\/president-ksgov.net\/en\/wp-json\/wp\/v2\/categories?post=68648"},{"taxonomy":"post_tag","embeddable":true,"href":"https:\/\/president-ksgov.net\/en\/wp-json\/wp\/v2\/tags?post=68648"}],"curies":[{"name":"wp","href":"https:\/\/api.w.org\/{rel}","templated":true}]}}