{"id":68638,"date":"2017-04-28T21:42:46","date_gmt":"2017-04-28T21:42:46","guid":{"rendered":"https:\/\/dev.president-ksgov.net\/president-thaci-expresses-his-dissatisfaction-to-director-eichhorst-about-the-eu-delays-towards-kosovo\/"},"modified":"2023-03-07T09:41:44","modified_gmt":"2023-03-07T09:41:44","slug":"president-thaci-expresses-his-dissatisfaction-to-director-eichhorst-about-the-eu-delays-towards-kosovo","status":"publish","type":"post","link":"https:\/\/president-ksgov.net\/en\/president-thaci-expresses-his-dissatisfaction-to-director-eichhorst-about-the-eu-delays-towards-kosovo\/","title":{"rendered":"President Tha\u00e7i expresses his dissatisfaction to Director Eichhorst about the EU delays towards Kosovo"},"content":{"rendered":"<p>Prishtina, April 28, 2017 &#8211; The President of the country, Hashim Tha\u00e7i, received today the Director for Western Europe, the Western Balkans and Turkey in the EU, Angelina Eichhorst.<\/p>\n<p>President Tha\u00e7i and Director Eichhorst discussed about the current political developments in Kosovo and about Kosovo\u2019s commitment towards EU integration.<\/p>\n<p>Once again, President Tha\u00e7i expressed to Director Eichhorst the disappointments about the unfair treatment and the utterly unnecessary EU delays towards Kosovo and its citizens within the framework of the EU integration process.<\/p>\n<p>Despite these obstacles, President Tha\u00e7i stressed that Kosovo will persistently continue the work on the realization of the only alternative &#8211; integration into Euro-Atlantic structures.<br \/>\n\u00a0<\/p>\n","protected":false},"excerpt":{"rendered":"<p>Prishtina, April 28, 2017 &#8211; The President of the country, Hashim Tha\u00e7i, received today the Director for Western Europe, the Western Balkans and Turkey in the EU, Angelina Eichhorst.<\/p>\n","protected":false},"author":1,"featured_media":30660,"comment_status":"open","ping_status":"closed","sticky":false,"template":"","format":"standard","meta":{"_eb_attr":"","footnotes":""},"categories":[111],"tags":[],"class_list":["post-68638","post","type-post","status-publish","format-standard","has-post-thumbnail","hentry","category-news"],"yoast_head":"<!-- This site is optimized with the Yoast SEO plugin v23.5 - https:\/\/yoast.com\/wordpress\/plugins\/seo\/ -->\n<title>President Tha\u00e7i expresses his dissatisfaction to Director Eichhorst about the EU delays towards Kosovo - President of the Republic of Kosovo - DR. VJOSA OSMANI - SADRIU<\/title>\n<meta name=\"description\" content=\"President Tha\u00e7i expresses his dissatisfaction to Director Eichhorst about the EU delays towards Kosovo - President of the Republic of Kosovo - DR. VJOSA OSMANI - SADRIU -\" \/>\n<meta name=\"robots\" content=\"index, follow, max-snippet:-1, max-image-preview:large, max-video-preview:-1\" \/>\n<link rel=\"canonical\" href=\"https:\/\/president-ksgov.net\/en\/president-thaci-expresses-his-dissatisfaction-to-director-eichhorst-about-the-eu-delays-towards-kosovo\/\" \/>\n<meta property=\"og:locale\" content=\"en_US\" \/>\n<meta property=\"og:type\" content=\"article\" \/>\n<meta property=\"og:title\" content=\"President Tha\u00e7i expresses his dissatisfaction to Director Eichhorst about the EU delays towards Kosovo - President of the Republic of Kosovo - DR. VJOSA OSMANI - SADRIU\" \/>\n<meta property=\"og:description\" content=\"President Tha\u00e7i expresses his dissatisfaction to Director Eichhorst about the EU delays towards Kosovo - President of the Republic of Kosovo - DR. VJOSA OSMANI - SADRIU -\" \/>\n<meta property=\"og:url\" content=\"https:\/\/president-ksgov.net\/en\/president-thaci-expresses-his-dissatisfaction-to-director-eichhorst-about-the-eu-delays-towards-kosovo\/\" \/>\n<meta property=\"og:site_name\" content=\"President of the Republic of Kosovo - DR. VJOSA OSMANI - SADRIU\" \/>\n<meta property=\"article:published_time\" content=\"2017-04-28T21:42:46+00:00\" \/>\n<meta property=\"article:modified_time\" content=\"2023-03-07T09:41:44+00:00\" \/>\n<meta property=\"og:image\" content=\"https:\/\/president-ksgov.net\/wp-content\/uploads\/28_04_2017_9107197_fotooo.jpeg\" \/>\n\t<meta property=\"og:image:width\" content=\"1280\" \/>\n\t<meta property=\"og:image:height\" content=\"852\" \/>\n\t<meta property=\"og:image:type\" content=\"image\/jpeg\" \/>\n<meta name=\"author\" content=\"admin\" \/>\n<meta name=\"twitter:card\" content=\"summary_large_image\" \/>\n<meta name=\"twitter:label1\" content=\"Written by\" \/>\n\t<meta name=\"twitter:data1\" content=\"admin\" \/>\n\t<meta name=\"twitter:label2\" content=\"Est. reading time\" \/>\n\t<meta name=\"twitter:data2\" content=\"1 minute\" \/>\n<script type=\"application\/ld+json\" class=\"yoast-schema-graph\">{\"@context\":\"https:\/\/schema.org\",\"@graph\":[{\"@type\":\"WebPage\",\"@id\":\"https:\/\/president-ksgov.net\/en\/president-thaci-expresses-his-dissatisfaction-to-director-eichhorst-about-the-eu-delays-towards-kosovo\/\",\"url\":\"https:\/\/president-ksgov.net\/en\/president-thaci-expresses-his-dissatisfaction-to-director-eichhorst-about-the-eu-delays-towards-kosovo\/\",\"name\":\"President Tha\u00e7i expresses his dissatisfaction to Director Eichhorst about the EU delays towards Kosovo - President of the Republic of Kosovo - DR. VJOSA OSMANI - SADRIU\",\"isPartOf\":{\"@id\":\"https:\/\/president-ksgov.net\/#website\"},\"primaryImageOfPage\":{\"@id\":\"https:\/\/president-ksgov.net\/en\/president-thaci-expresses-his-dissatisfaction-to-director-eichhorst-about-the-eu-delays-towards-kosovo\/#primaryimage\"},\"image\":{\"@id\":\"https:\/\/president-ksgov.net\/en\/president-thaci-expresses-his-dissatisfaction-to-director-eichhorst-about-the-eu-delays-towards-kosovo\/#primaryimage\"},\"thumbnailUrl\":\"https:\/\/president-ksgov.net\/wp-content\/uploads\/28_04_2017_9107197_fotooo.jpeg\",\"datePublished\":\"2017-04-28T21:42:46+00:00\",\"dateModified\":\"2023-03-07T09:41:44+00:00\",\"author\":{\"@id\":\"https:\/\/president-ksgov.net\/#\/schema\/person\/bb4337a5fb147cb2046d80548172cbee\"},\"description\":\"President Tha\u00e7i expresses his dissatisfaction to Director Eichhorst about the EU delays towards Kosovo - President of the Republic of Kosovo - DR. VJOSA OSMANI - SADRIU -\",\"breadcrumb\":{\"@id\":\"https:\/\/president-ksgov.net\/en\/president-thaci-expresses-his-dissatisfaction-to-director-eichhorst-about-the-eu-delays-towards-kosovo\/#breadcrumb\"},\"inLanguage\":\"en-US\",\"potentialAction\":[{\"@type\":\"ReadAction\",\"target\":[\"https:\/\/president-ksgov.net\/en\/president-thaci-expresses-his-dissatisfaction-to-director-eichhorst-about-the-eu-delays-towards-kosovo\/\"]}]},{\"@type\":\"ImageObject\",\"inLanguage\":\"en-US\",\"@id\":\"https:\/\/president-ksgov.net\/en\/president-thaci-expresses-his-dissatisfaction-to-director-eichhorst-about-the-eu-delays-towards-kosovo\/#primaryimage\",\"url\":\"https:\/\/president-ksgov.net\/wp-content\/uploads\/28_04_2017_9107197_fotooo.jpeg\",\"contentUrl\":\"https:\/\/president-ksgov.net\/wp-content\/uploads\/28_04_2017_9107197_fotooo.jpeg\",\"width\":1280,\"height\":852},{\"@type\":\"BreadcrumbList\",\"@id\":\"https:\/\/president-ksgov.net\/en\/president-thaci-expresses-his-dissatisfaction-to-director-eichhorst-about-the-eu-delays-towards-kosovo\/#breadcrumb\",\"itemListElement\":[{\"@type\":\"ListItem\",\"position\":1,\"name\":\"Home\",\"item\":\"https:\/\/president-ksgov.net\/en\/\"},{\"@type\":\"ListItem\",\"position\":2,\"name\":\"President Tha\u00e7i expresses his dissatisfaction to Director Eichhorst about the EU delays towards Kosovo\"}]},{\"@type\":\"WebSite\",\"@id\":\"https:\/\/president-ksgov.net\/#website\",\"url\":\"https:\/\/president-ksgov.net\/\",\"name\":\"Presidente e Republik\u00ebs s\u00eb Kosov\u00ebs\",\"description\":\"Presidente e Republik\u00ebs s\u00eb Kosov\u00ebs\",\"alternateName\":\"DR. VJOSA OSMANI - SADRIU\",\"potentialAction\":[{\"@type\":\"SearchAction\",\"target\":{\"@type\":\"EntryPoint\",\"urlTemplate\":\"https:\/\/president-ksgov.net\/?s={search_term_string}\"},\"query-input\":{\"@type\":\"PropertyValueSpecification\",\"valueRequired\":true,\"valueName\":\"search_term_string\"}}],\"inLanguage\":\"en-US\"},{\"@type\":\"Person\",\"@id\":\"https:\/\/president-ksgov.net\/#\/schema\/person\/bb4337a5fb147cb2046d80548172cbee\",\"name\":\"admin\",\"image\":{\"@type\":\"ImageObject\",\"inLanguage\":\"en-US\",\"@id\":\"https:\/\/president-ksgov.net\/#\/schema\/person\/image\/\",\"url\":\"https:\/\/secure.gravatar.com\/avatar\/36156ca0fa3b8d9d25174f146e16beea0cf28f37adf1b9e19b6c9c279a7c9dd3?s=96&d=mm&r=g\",\"contentUrl\":\"https:\/\/secure.gravatar.com\/avatar\/36156ca0fa3b8d9d25174f146e16beea0cf28f37adf1b9e19b6c9c279a7c9dd3?s=96&d=mm&r=g\",\"caption\":\"admin\"},\"sameAs\":[\"https:\/\/president-ksgov.net\"]}]}<\/script>\n<!-- \/ Yoast SEO plugin. -->","yoast_head_json":{"title":"President Tha\u00e7i expresses his dissatisfaction to Director Eichhorst about the EU delays towards Kosovo - President of the Republic of Kosovo - DR. VJOSA OSMANI - SADRIU","description":"President Tha\u00e7i expresses his dissatisfaction to Director Eichhorst about the EU delays towards Kosovo - President of the Republic of Kosovo - DR. VJOSA OSMANI - SADRIU -","robots":{"index":"index","follow":"follow","max-snippet":"max-snippet:-1","max-image-preview":"max-image-preview:large","max-video-preview":"max-video-preview:-1"},"canonical":"https:\/\/president-ksgov.net\/en\/president-thaci-expresses-his-dissatisfaction-to-director-eichhorst-about-the-eu-delays-towards-kosovo\/","og_locale":"en_US","og_type":"article","og_title":"President Tha\u00e7i expresses his dissatisfaction to Director Eichhorst about the EU delays towards Kosovo - President of the Republic of Kosovo - DR. VJOSA OSMANI - SADRIU","og_description":"President Tha\u00e7i expresses his dissatisfaction to Director Eichhorst about the EU delays towards Kosovo - President of the Republic of Kosovo - DR. VJOSA OSMANI - SADRIU -","og_url":"https:\/\/president-ksgov.net\/en\/president-thaci-expresses-his-dissatisfaction-to-director-eichhorst-about-the-eu-delays-towards-kosovo\/","og_site_name":"President of the Republic of Kosovo - DR. VJOSA OSMANI - SADRIU","article_published_time":"2017-04-28T21:42:46+00:00","article_modified_time":"2023-03-07T09:41:44+00:00","og_image":[{"width":1280,"height":852,"url":"https:\/\/president-ksgov.net\/wp-content\/uploads\/28_04_2017_9107197_fotooo.jpeg","type":"image\/jpeg"}],"author":"admin","twitter_card":"summary_large_image","twitter_misc":{"Written by":"admin","Est. reading time":"1 minute"},"schema":{"@context":"https:\/\/schema.org","@graph":[{"@type":"WebPage","@id":"https:\/\/president-ksgov.net\/en\/president-thaci-expresses-his-dissatisfaction-to-director-eichhorst-about-the-eu-delays-towards-kosovo\/","url":"https:\/\/president-ksgov.net\/en\/president-thaci-expresses-his-dissatisfaction-to-director-eichhorst-about-the-eu-delays-towards-kosovo\/","name":"President Tha\u00e7i expresses his dissatisfaction to Director Eichhorst about the EU delays towards Kosovo - President of the Republic of Kosovo - DR. VJOSA OSMANI - SADRIU","isPartOf":{"@id":"https:\/\/president-ksgov.net\/#website"},"primaryImageOfPage":{"@id":"https:\/\/president-ksgov.net\/en\/president-thaci-expresses-his-dissatisfaction-to-director-eichhorst-about-the-eu-delays-towards-kosovo\/#primaryimage"},"image":{"@id":"https:\/\/president-ksgov.net\/en\/president-thaci-expresses-his-dissatisfaction-to-director-eichhorst-about-the-eu-delays-towards-kosovo\/#primaryimage"},"thumbnailUrl":"https:\/\/president-ksgov.net\/wp-content\/uploads\/28_04_2017_9107197_fotooo.jpeg","datePublished":"2017-04-28T21:42:46+00:00","dateModified":"2023-03-07T09:41:44+00:00","author":{"@id":"https:\/\/president-ksgov.net\/#\/schema\/person\/bb4337a5fb147cb2046d80548172cbee"},"description":"President Tha\u00e7i expresses his dissatisfaction to Director Eichhorst about the EU delays towards Kosovo - President of the Republic of Kosovo - DR. VJOSA OSMANI - SADRIU -","breadcrumb":{"@id":"https:\/\/president-ksgov.net\/en\/president-thaci-expresses-his-dissatisfaction-to-director-eichhorst-about-the-eu-delays-towards-kosovo\/#breadcrumb"},"inLanguage":"en-US","potentialAction":[{"@type":"ReadAction","target":["https:\/\/president-ksgov.net\/en\/president-thaci-expresses-his-dissatisfaction-to-director-eichhorst-about-the-eu-delays-towards-kosovo\/"]}]},{"@type":"ImageObject","inLanguage":"en-US","@id":"https:\/\/president-ksgov.net\/en\/president-thaci-expresses-his-dissatisfaction-to-director-eichhorst-about-the-eu-delays-towards-kosovo\/#primaryimage","url":"https:\/\/president-ksgov.net\/wp-content\/uploads\/28_04_2017_9107197_fotooo.jpeg","contentUrl":"https:\/\/president-ksgov.net\/wp-content\/uploads\/28_04_2017_9107197_fotooo.jpeg","width":1280,"height":852},{"@type":"BreadcrumbList","@id":"https:\/\/president-ksgov.net\/en\/president-thaci-expresses-his-dissatisfaction-to-director-eichhorst-about-the-eu-delays-towards-kosovo\/#breadcrumb","itemListElement":[{"@type":"ListItem","position":1,"name":"Home","item":"https:\/\/president-ksgov.net\/en\/"},{"@type":"ListItem","position":2,"name":"President Tha\u00e7i expresses his dissatisfaction to Director Eichhorst about the EU delays towards Kosovo"}]},{"@type":"WebSite","@id":"https:\/\/president-ksgov.net\/#website","url":"https:\/\/president-ksgov.net\/","name":"Presidente e Republik\u00ebs s\u00eb Kosov\u00ebs","description":"Presidente e Republik\u00ebs s\u00eb Kosov\u00ebs","alternateName":"DR. VJOSA OSMANI - SADRIU","potentialAction":[{"@type":"SearchAction","target":{"@type":"EntryPoint","urlTemplate":"https:\/\/president-ksgov.net\/?s={search_term_string}"},"query-input":{"@type":"PropertyValueSpecification","valueRequired":true,"valueName":"search_term_string"}}],"inLanguage":"en-US"},{"@type":"Person","@id":"https:\/\/president-ksgov.net\/#\/schema\/person\/bb4337a5fb147cb2046d80548172cbee","name":"admin","image":{"@type":"ImageObject","inLanguage":"en-US","@id":"https:\/\/president-ksgov.net\/#\/schema\/person\/image\/","url":"https:\/\/secure.gravatar.com\/avatar\/36156ca0fa3b8d9d25174f146e16beea0cf28f37adf1b9e19b6c9c279a7c9dd3?s=96&d=mm&r=g","contentUrl":"https:\/\/secure.gravatar.com\/avatar\/36156ca0fa3b8d9d25174f146e16beea0cf28f37adf1b9e19b6c9c279a7c9dd3?s=96&d=mm&r=g","caption":"admin"},"sameAs":["https:\/\/president-ksgov.net"]}]}},"_links":{"self":[{"href":"https:\/\/president-ksgov.net\/en\/wp-json\/wp\/v2\/posts\/68638","targetHints":{"allow":["GET"]}}],"collection":[{"href":"https:\/\/president-ksgov.net\/en\/wp-json\/wp\/v2\/posts"}],"about":[{"href":"https:\/\/president-ksgov.net\/en\/wp-json\/wp\/v2\/types\/post"}],"author":[{"embeddable":true,"href":"https:\/\/president-ksgov.net\/en\/wp-json\/wp\/v2\/users\/1"}],"replies":[{"embeddable":true,"href":"https:\/\/president-ksgov.net\/en\/wp-json\/wp\/v2\/comments?post=68638"}],"version-history":[{"count":0,"href":"https:\/\/president-ksgov.net\/en\/wp-json\/wp\/v2\/posts\/68638\/revisions"}],"wp:featuredmedia":[{"embeddable":true,"href":"https:\/\/president-ksgov.net\/en\/wp-json\/wp\/v2\/media\/30660"}],"wp:attachment":[{"href":"https:\/\/president-ksgov.net\/en\/wp-json\/wp\/v2\/media?parent=68638"}],"wp:term":[{"taxonomy":"category","embeddable":true,"href":"https:\/\/president-ksgov.net\/en\/wp-json\/wp\/v2\/categories?post=68638"},{"taxonomy":"post_tag","embeddable":true,"href":"https:\/\/president-ksgov.net\/en\/wp-json\/wp\/v2\/tags?post=68638"}],"curies":[{"name":"wp","href":"https:\/\/api.w.org\/{rel}","templated":true}]}}