{"id":68636,"date":"2017-05-04T12:15:47","date_gmt":"2017-05-04T12:15:47","guid":{"rendered":"https:\/\/dev.president-ksgov.net\/president-thaci-kosovo-is-grateful-for-the-support-of-sweden\/"},"modified":"2023-03-07T09:41:44","modified_gmt":"2023-03-07T09:41:44","slug":"president-thaci-kosovo-is-grateful-for-the-support-of-sweden","status":"publish","type":"post","link":"https:\/\/president-ksgov.net\/en\/president-thaci-kosovo-is-grateful-for-the-support-of-sweden\/","title":{"rendered":"President Tha\u00e7i: Kosovo is grateful for the support of Sweden"},"content":{"rendered":"<p>Prishtina, May 4, 2017 \u2013 The President of Kosovo, Hashim Tha\u00e7i, received today the Minister of Foreign Affairs of Sweden, Margot Wallstr\u00f6m.<\/p>\n<p>President Tha\u00e7i has said that Kosovo has excellent relations with Sweden. \u201cSweden has continuously supported Kosovo and for this we are grateful forever\u201d, said President Tha\u00e7i.<\/p>\n<p>With the chief diplomat of Sweden, President Tha\u00e7i also spoke about the developments in the region, about the dialogue with Serbia and the process of integration into the European Union.<\/p>\n<p>\u201cWe have good relations with the neighboring countries, whereas with Serbia we are engaged in the dialogue process\u201d, stated President Tha\u00e7i and added that \u201cit is time for another quality of dialogue and it should turn into a process for reconciliation, friendship and good neighborly cooperation between Kosovo and Serbia\u201d.<\/p>\n<p>\u201cThe EU must maintain a central role in the dialogue process\u201d, said President Tha\u00e7i.<br \/>\nWhereas, President Tha\u00e7i has said that from the European Union we are seeking a sincere and strategic dialogue that the integration of the region into the EU brings.<\/p>\n<p>\u201cWe understand that the EU is tired of enlargement. But the aspiration of the Western Balkan countries to become part of the EU must not suffer because of this exhaustion. The delay of the EU to approximate the Western Balkans region is a threat to security. The vacuum left by the EU is rushed to be catched up by other nationalist and religious ideologies\u201d, said President Tha\u00e7i<\/p>\n<p>From Minister Wallstr\u00f6m, President Tha\u00e7i has also requested support to convince the five remaining EU states for the recognition of Kosovo.<br \/>\n\u00a0<\/p>\n","protected":false},"excerpt":{"rendered":"<p>Prishtina, May 4, 2017 \u2013 The President of Kosovo, Hashim Tha\u00e7i, received today the Minister of Foreign Affairs of Sweden, Margot Wallstr\u00f6m.<\/p>\n","protected":false},"author":1,"featured_media":30643,"comment_status":"open","ping_status":"closed","sticky":false,"template":"","format":"standard","meta":{"_eb_attr":"","footnotes":""},"categories":[111],"tags":[],"class_list":["post-68636","post","type-post","status-publish","format-standard","has-post-thumbnail","hentry","category-news"],"yoast_head":"<!-- This site is optimized with the Yoast SEO plugin v23.5 - https:\/\/yoast.com\/wordpress\/plugins\/seo\/ -->\n<title>President Tha\u00e7i: Kosovo is grateful for the support of Sweden - President of the Republic of Kosovo - DR. VJOSA OSMANI - SADRIU<\/title>\n<meta name=\"description\" content=\"President Tha\u00e7i: Kosovo is grateful for the support of Sweden - President of the Republic of Kosovo - DR. VJOSA OSMANI - SADRIU -\" \/>\n<meta name=\"robots\" content=\"index, follow, max-snippet:-1, max-image-preview:large, max-video-preview:-1\" \/>\n<link rel=\"canonical\" href=\"https:\/\/president-ksgov.net\/en\/president-thaci-kosovo-is-grateful-for-the-support-of-sweden\/\" \/>\n<meta property=\"og:locale\" content=\"en_US\" \/>\n<meta property=\"og:type\" content=\"article\" \/>\n<meta property=\"og:title\" content=\"President Tha\u00e7i: Kosovo is grateful for the support of Sweden - President of the Republic of Kosovo - DR. VJOSA OSMANI - SADRIU\" \/>\n<meta property=\"og:description\" content=\"President Tha\u00e7i: Kosovo is grateful for the support of Sweden - President of the Republic of Kosovo - DR. VJOSA OSMANI - SADRIU -\" \/>\n<meta property=\"og:url\" content=\"https:\/\/president-ksgov.net\/en\/president-thaci-kosovo-is-grateful-for-the-support-of-sweden\/\" \/>\n<meta property=\"og:site_name\" content=\"President of the Republic of Kosovo - DR. VJOSA OSMANI - SADRIU\" \/>\n<meta property=\"article:published_time\" content=\"2017-05-04T12:15:47+00:00\" \/>\n<meta property=\"article:modified_time\" content=\"2023-03-07T09:41:44+00:00\" \/>\n<meta property=\"og:image\" content=\"https:\/\/president-ksgov.net\/wp-content\/uploads\/04_05_2017_3323098_04_05_2017_takim_Ministren_e_Puneve_te_Jashtme_te_Suedise__Margot_Wallstrom_2.jpg\" \/>\n\t<meta property=\"og:image:width\" content=\"2000\" \/>\n\t<meta property=\"og:image:height\" content=\"1582\" \/>\n\t<meta property=\"og:image:type\" content=\"image\/jpeg\" \/>\n<meta name=\"author\" content=\"admin\" \/>\n<meta name=\"twitter:card\" content=\"summary_large_image\" \/>\n<meta name=\"twitter:label1\" content=\"Written by\" \/>\n\t<meta name=\"twitter:data1\" content=\"admin\" \/>\n\t<meta name=\"twitter:label2\" content=\"Est. reading time\" \/>\n\t<meta name=\"twitter:data2\" content=\"1 minute\" \/>\n<script type=\"application\/ld+json\" class=\"yoast-schema-graph\">{\"@context\":\"https:\/\/schema.org\",\"@graph\":[{\"@type\":\"WebPage\",\"@id\":\"https:\/\/president-ksgov.net\/en\/president-thaci-kosovo-is-grateful-for-the-support-of-sweden\/\",\"url\":\"https:\/\/president-ksgov.net\/en\/president-thaci-kosovo-is-grateful-for-the-support-of-sweden\/\",\"name\":\"President Tha\u00e7i: Kosovo is grateful for the support of Sweden - President of the Republic of Kosovo - DR. VJOSA OSMANI - SADRIU\",\"isPartOf\":{\"@id\":\"https:\/\/president-ksgov.net\/#website\"},\"primaryImageOfPage\":{\"@id\":\"https:\/\/president-ksgov.net\/en\/president-thaci-kosovo-is-grateful-for-the-support-of-sweden\/#primaryimage\"},\"image\":{\"@id\":\"https:\/\/president-ksgov.net\/en\/president-thaci-kosovo-is-grateful-for-the-support-of-sweden\/#primaryimage\"},\"thumbnailUrl\":\"https:\/\/president-ksgov.net\/wp-content\/uploads\/04_05_2017_3323098_04_05_2017_takim_Ministren_e_Puneve_te_Jashtme_te_Suedise__Margot_Wallstrom_2.jpg\",\"datePublished\":\"2017-05-04T12:15:47+00:00\",\"dateModified\":\"2023-03-07T09:41:44+00:00\",\"author\":{\"@id\":\"https:\/\/president-ksgov.net\/#\/schema\/person\/bb4337a5fb147cb2046d80548172cbee\"},\"description\":\"President Tha\u00e7i: Kosovo is grateful for the support of Sweden - President of the Republic of Kosovo - DR. VJOSA OSMANI - SADRIU -\",\"breadcrumb\":{\"@id\":\"https:\/\/president-ksgov.net\/en\/president-thaci-kosovo-is-grateful-for-the-support-of-sweden\/#breadcrumb\"},\"inLanguage\":\"en-US\",\"potentialAction\":[{\"@type\":\"ReadAction\",\"target\":[\"https:\/\/president-ksgov.net\/en\/president-thaci-kosovo-is-grateful-for-the-support-of-sweden\/\"]}]},{\"@type\":\"ImageObject\",\"inLanguage\":\"en-US\",\"@id\":\"https:\/\/president-ksgov.net\/en\/president-thaci-kosovo-is-grateful-for-the-support-of-sweden\/#primaryimage\",\"url\":\"https:\/\/president-ksgov.net\/wp-content\/uploads\/04_05_2017_3323098_04_05_2017_takim_Ministren_e_Puneve_te_Jashtme_te_Suedise__Margot_Wallstrom_2.jpg\",\"contentUrl\":\"https:\/\/president-ksgov.net\/wp-content\/uploads\/04_05_2017_3323098_04_05_2017_takim_Ministren_e_Puneve_te_Jashtme_te_Suedise__Margot_Wallstrom_2.jpg\",\"width\":2000,\"height\":1582},{\"@type\":\"BreadcrumbList\",\"@id\":\"https:\/\/president-ksgov.net\/en\/president-thaci-kosovo-is-grateful-for-the-support-of-sweden\/#breadcrumb\",\"itemListElement\":[{\"@type\":\"ListItem\",\"position\":1,\"name\":\"Home\",\"item\":\"https:\/\/president-ksgov.net\/en\/\"},{\"@type\":\"ListItem\",\"position\":2,\"name\":\"President Tha\u00e7i: Kosovo is grateful for the support of Sweden\"}]},{\"@type\":\"WebSite\",\"@id\":\"https:\/\/president-ksgov.net\/#website\",\"url\":\"https:\/\/president-ksgov.net\/\",\"name\":\"Presidente e Republik\u00ebs s\u00eb Kosov\u00ebs\",\"description\":\"Presidente e Republik\u00ebs s\u00eb Kosov\u00ebs\",\"alternateName\":\"DR. VJOSA OSMANI - SADRIU\",\"potentialAction\":[{\"@type\":\"SearchAction\",\"target\":{\"@type\":\"EntryPoint\",\"urlTemplate\":\"https:\/\/president-ksgov.net\/?s={search_term_string}\"},\"query-input\":{\"@type\":\"PropertyValueSpecification\",\"valueRequired\":true,\"valueName\":\"search_term_string\"}}],\"inLanguage\":\"en-US\"},{\"@type\":\"Person\",\"@id\":\"https:\/\/president-ksgov.net\/#\/schema\/person\/bb4337a5fb147cb2046d80548172cbee\",\"name\":\"admin\",\"image\":{\"@type\":\"ImageObject\",\"inLanguage\":\"en-US\",\"@id\":\"https:\/\/president-ksgov.net\/#\/schema\/person\/image\/\",\"url\":\"https:\/\/secure.gravatar.com\/avatar\/36156ca0fa3b8d9d25174f146e16beea0cf28f37adf1b9e19b6c9c279a7c9dd3?s=96&d=mm&r=g\",\"contentUrl\":\"https:\/\/secure.gravatar.com\/avatar\/36156ca0fa3b8d9d25174f146e16beea0cf28f37adf1b9e19b6c9c279a7c9dd3?s=96&d=mm&r=g\",\"caption\":\"admin\"},\"sameAs\":[\"https:\/\/president-ksgov.net\"]}]}<\/script>\n<!-- \/ Yoast SEO plugin. -->","yoast_head_json":{"title":"President Tha\u00e7i: Kosovo is grateful for the support of Sweden - President of the Republic of Kosovo - DR. VJOSA OSMANI - SADRIU","description":"President Tha\u00e7i: Kosovo is grateful for the support of Sweden - President of the Republic of Kosovo - DR. VJOSA OSMANI - SADRIU -","robots":{"index":"index","follow":"follow","max-snippet":"max-snippet:-1","max-image-preview":"max-image-preview:large","max-video-preview":"max-video-preview:-1"},"canonical":"https:\/\/president-ksgov.net\/en\/president-thaci-kosovo-is-grateful-for-the-support-of-sweden\/","og_locale":"en_US","og_type":"article","og_title":"President Tha\u00e7i: Kosovo is grateful for the support of Sweden - President of the Republic of Kosovo - DR. VJOSA OSMANI - SADRIU","og_description":"President Tha\u00e7i: Kosovo is grateful for the support of Sweden - President of the Republic of Kosovo - DR. VJOSA OSMANI - SADRIU -","og_url":"https:\/\/president-ksgov.net\/en\/president-thaci-kosovo-is-grateful-for-the-support-of-sweden\/","og_site_name":"President of the Republic of Kosovo - DR. VJOSA OSMANI - SADRIU","article_published_time":"2017-05-04T12:15:47+00:00","article_modified_time":"2023-03-07T09:41:44+00:00","og_image":[{"width":2000,"height":1582,"url":"https:\/\/president-ksgov.net\/wp-content\/uploads\/04_05_2017_3323098_04_05_2017_takim_Ministren_e_Puneve_te_Jashtme_te_Suedise__Margot_Wallstrom_2.jpg","type":"image\/jpeg"}],"author":"admin","twitter_card":"summary_large_image","twitter_misc":{"Written by":"admin","Est. reading time":"1 minute"},"schema":{"@context":"https:\/\/schema.org","@graph":[{"@type":"WebPage","@id":"https:\/\/president-ksgov.net\/en\/president-thaci-kosovo-is-grateful-for-the-support-of-sweden\/","url":"https:\/\/president-ksgov.net\/en\/president-thaci-kosovo-is-grateful-for-the-support-of-sweden\/","name":"President Tha\u00e7i: Kosovo is grateful for the support of Sweden - President of the Republic of Kosovo - DR. VJOSA OSMANI - SADRIU","isPartOf":{"@id":"https:\/\/president-ksgov.net\/#website"},"primaryImageOfPage":{"@id":"https:\/\/president-ksgov.net\/en\/president-thaci-kosovo-is-grateful-for-the-support-of-sweden\/#primaryimage"},"image":{"@id":"https:\/\/president-ksgov.net\/en\/president-thaci-kosovo-is-grateful-for-the-support-of-sweden\/#primaryimage"},"thumbnailUrl":"https:\/\/president-ksgov.net\/wp-content\/uploads\/04_05_2017_3323098_04_05_2017_takim_Ministren_e_Puneve_te_Jashtme_te_Suedise__Margot_Wallstrom_2.jpg","datePublished":"2017-05-04T12:15:47+00:00","dateModified":"2023-03-07T09:41:44+00:00","author":{"@id":"https:\/\/president-ksgov.net\/#\/schema\/person\/bb4337a5fb147cb2046d80548172cbee"},"description":"President Tha\u00e7i: Kosovo is grateful for the support of Sweden - President of the Republic of Kosovo - DR. VJOSA OSMANI - SADRIU -","breadcrumb":{"@id":"https:\/\/president-ksgov.net\/en\/president-thaci-kosovo-is-grateful-for-the-support-of-sweden\/#breadcrumb"},"inLanguage":"en-US","potentialAction":[{"@type":"ReadAction","target":["https:\/\/president-ksgov.net\/en\/president-thaci-kosovo-is-grateful-for-the-support-of-sweden\/"]}]},{"@type":"ImageObject","inLanguage":"en-US","@id":"https:\/\/president-ksgov.net\/en\/president-thaci-kosovo-is-grateful-for-the-support-of-sweden\/#primaryimage","url":"https:\/\/president-ksgov.net\/wp-content\/uploads\/04_05_2017_3323098_04_05_2017_takim_Ministren_e_Puneve_te_Jashtme_te_Suedise__Margot_Wallstrom_2.jpg","contentUrl":"https:\/\/president-ksgov.net\/wp-content\/uploads\/04_05_2017_3323098_04_05_2017_takim_Ministren_e_Puneve_te_Jashtme_te_Suedise__Margot_Wallstrom_2.jpg","width":2000,"height":1582},{"@type":"BreadcrumbList","@id":"https:\/\/president-ksgov.net\/en\/president-thaci-kosovo-is-grateful-for-the-support-of-sweden\/#breadcrumb","itemListElement":[{"@type":"ListItem","position":1,"name":"Home","item":"https:\/\/president-ksgov.net\/en\/"},{"@type":"ListItem","position":2,"name":"President Tha\u00e7i: Kosovo is grateful for the support of Sweden"}]},{"@type":"WebSite","@id":"https:\/\/president-ksgov.net\/#website","url":"https:\/\/president-ksgov.net\/","name":"Presidente e Republik\u00ebs s\u00eb Kosov\u00ebs","description":"Presidente e Republik\u00ebs s\u00eb Kosov\u00ebs","alternateName":"DR. VJOSA OSMANI - SADRIU","potentialAction":[{"@type":"SearchAction","target":{"@type":"EntryPoint","urlTemplate":"https:\/\/president-ksgov.net\/?s={search_term_string}"},"query-input":{"@type":"PropertyValueSpecification","valueRequired":true,"valueName":"search_term_string"}}],"inLanguage":"en-US"},{"@type":"Person","@id":"https:\/\/president-ksgov.net\/#\/schema\/person\/bb4337a5fb147cb2046d80548172cbee","name":"admin","image":{"@type":"ImageObject","inLanguage":"en-US","@id":"https:\/\/president-ksgov.net\/#\/schema\/person\/image\/","url":"https:\/\/secure.gravatar.com\/avatar\/36156ca0fa3b8d9d25174f146e16beea0cf28f37adf1b9e19b6c9c279a7c9dd3?s=96&d=mm&r=g","contentUrl":"https:\/\/secure.gravatar.com\/avatar\/36156ca0fa3b8d9d25174f146e16beea0cf28f37adf1b9e19b6c9c279a7c9dd3?s=96&d=mm&r=g","caption":"admin"},"sameAs":["https:\/\/president-ksgov.net"]}]}},"_links":{"self":[{"href":"https:\/\/president-ksgov.net\/en\/wp-json\/wp\/v2\/posts\/68636","targetHints":{"allow":["GET"]}}],"collection":[{"href":"https:\/\/president-ksgov.net\/en\/wp-json\/wp\/v2\/posts"}],"about":[{"href":"https:\/\/president-ksgov.net\/en\/wp-json\/wp\/v2\/types\/post"}],"author":[{"embeddable":true,"href":"https:\/\/president-ksgov.net\/en\/wp-json\/wp\/v2\/users\/1"}],"replies":[{"embeddable":true,"href":"https:\/\/president-ksgov.net\/en\/wp-json\/wp\/v2\/comments?post=68636"}],"version-history":[{"count":0,"href":"https:\/\/president-ksgov.net\/en\/wp-json\/wp\/v2\/posts\/68636\/revisions"}],"wp:featuredmedia":[{"embeddable":true,"href":"https:\/\/president-ksgov.net\/en\/wp-json\/wp\/v2\/media\/30643"}],"wp:attachment":[{"href":"https:\/\/president-ksgov.net\/en\/wp-json\/wp\/v2\/media?parent=68636"}],"wp:term":[{"taxonomy":"category","embeddable":true,"href":"https:\/\/president-ksgov.net\/en\/wp-json\/wp\/v2\/categories?post=68636"},{"taxonomy":"post_tag","embeddable":true,"href":"https:\/\/president-ksgov.net\/en\/wp-json\/wp\/v2\/tags?post=68636"}],"curies":[{"name":"wp","href":"https:\/\/api.w.org\/{rel}","templated":true}]}}