{"id":68635,"date":"2017-05-05T10:36:51","date_gmt":"2017-05-05T10:36:51","guid":{"rendered":"https:\/\/dev.president-ksgov.net\/president-thaci-discussed-with-the-civil-society-about-the-draft-regulation-of-the-commission-for-truth-and-reconciliation\/"},"modified":"2023-03-07T09:41:44","modified_gmt":"2023-03-07T09:41:44","slug":"president-thaci-discussed-with-the-civil-society-about-the-draft-regulation-of-the-commission-for-truth-and-reconciliation","status":"publish","type":"post","link":"https:\/\/president-ksgov.net\/en\/president-thaci-discussed-with-the-civil-society-about-the-draft-regulation-of-the-commission-for-truth-and-reconciliation\/","title":{"rendered":"President Tha\u00e7i discussed with the civil society about the Draft Regulation of the Commission for Truth and Reconciliation"},"content":{"rendered":"<p>Prishtina, May 05, 2017 \u2013 The President of the country, Hashim Tha\u00e7i, has held today the upcoming consultative meeting on the establishment of the Commission for Truth and Reconciliation.<\/p>\n<p>In front of the civil society, President Tha\u00e7i has also presented the Draft Regulation by which the establishment of this Commission will be decreed.<\/p>\n<p>\u201cCivil society has contributed to all these projects and has made valuable experience. It can provide valuable recommendations for the Project of the Commission for Truth and Reconciliation. Also encouraging is the support we have received from international experts and international organizations, who are willing to support the project in different forms\u201d, said President Tha\u00e7i.<\/p>\n<p>He stressed that Kosovo has its specifics and our Commission will be Kosovar-led and will be conform to the needs of Kosovo.<\/p>\n<p>President Tha\u00e7i has said that the Decree by which the Commission will be established must guarantee independence, impartiality and inclusiveness.<\/p>\n<p>\u201cIt must also ensure the freedom to determine the statute and the organogram of the commission itself, to allow sufficient flexibility to adapt to the needs and conditions of Kosovo\u201d, he said.<\/p>\n<p>The President added that the Commission for Truth and Reconciliation is the first of this kind in the Balkans and by this the big step towards the closure of the war chapter is being made.<\/p>\n<p>\u00a0\u201cThe Commission will build the common memories about the war, but it will also draw lessons and recommendations to prevent war from repeating. We have proven that we are determined for a new chapter, of peace, cooperation and coexistence in Kosovo and the region. We are working to build the capacities to construct and maintain this peace. This requires courage and vision and as a Kosovo we have shown that we have both, the courage and the vision\u201d, stated President Tha\u00e7i.<\/p>\n<p>The Head of State said that we know clearly where we want to reach and we are walking with big steps towards NATO and the EU.<\/p>\n<p>\u00a0\u201cThe values that Kosovo promotes make our country not only acceptable, but an example that should be promoted everywhere. Multiethnic society, coexistence between religions, commitment for peace and stability, for rule of law and development are the values we are committed to as a Kosovo\u201d, he declared.<\/p>\n<p>At the end, President Tha\u00e7i said that the Commission for Truth and Reconciliation is one of the cornerstones of this house we are building, which is an example for the region and beyond.<\/p>\n<p>\u00a0<\/p>\n","protected":false},"excerpt":{"rendered":"<p>Prishtina, May 05, 2017 \u2013 The President of the country, Hashim Tha\u00e7i, has held today the upcoming consultative meeting on the establishment of the Commission for Truth and Reconciliation.<\/p>\n","protected":false},"author":1,"featured_media":30636,"comment_status":"open","ping_status":"closed","sticky":false,"template":"","format":"standard","meta":{"_eb_attr":"","footnotes":""},"categories":[111],"tags":[],"class_list":["post-68635","post","type-post","status-publish","format-standard","has-post-thumbnail","hentry","category-news"],"yoast_head":"<!-- This site is optimized with the Yoast SEO plugin v23.5 - https:\/\/yoast.com\/wordpress\/plugins\/seo\/ -->\n<title>President Tha\u00e7i discussed with the civil society about the Draft Regulation of the Commission for Truth and Reconciliation - President of the Republic of Kosovo - DR. VJOSA OSMANI - SADRIU<\/title>\n<meta name=\"description\" content=\"President Tha\u00e7i discussed with the civil society about the Draft Regulation of the Commission for Truth and Reconciliation - President of the Republic of Kosovo - DR. VJOSA OSMANI - SADRIU -\" \/>\n<meta name=\"robots\" content=\"index, follow, max-snippet:-1, max-image-preview:large, max-video-preview:-1\" \/>\n<link rel=\"canonical\" href=\"https:\/\/president-ksgov.net\/en\/president-thaci-discussed-with-the-civil-society-about-the-draft-regulation-of-the-commission-for-truth-and-reconciliation\/\" \/>\n<meta property=\"og:locale\" content=\"en_US\" \/>\n<meta property=\"og:type\" content=\"article\" \/>\n<meta property=\"og:title\" content=\"President Tha\u00e7i discussed with the civil society about the Draft Regulation of the Commission for Truth and Reconciliation - President of the Republic of Kosovo - DR. VJOSA OSMANI - SADRIU\" \/>\n<meta property=\"og:description\" content=\"President Tha\u00e7i discussed with the civil society about the Draft Regulation of the Commission for Truth and Reconciliation - President of the Republic of Kosovo - DR. VJOSA OSMANI - SADRIU -\" \/>\n<meta property=\"og:url\" content=\"https:\/\/president-ksgov.net\/en\/president-thaci-discussed-with-the-civil-society-about-the-draft-regulation-of-the-commission-for-truth-and-reconciliation\/\" \/>\n<meta property=\"og:site_name\" content=\"President of the Republic of Kosovo - DR. VJOSA OSMANI - SADRIU\" \/>\n<meta property=\"article:published_time\" content=\"2017-05-05T10:36:51+00:00\" \/>\n<meta property=\"article:modified_time\" content=\"2023-03-07T09:41:44+00:00\" \/>\n<meta property=\"og:image\" content=\"https:\/\/president-ksgov.net\/wp-content\/uploads\/05_05_2017_393016_5_maj_2017_1.jpg\" \/>\n\t<meta property=\"og:image:width\" content=\"2000\" \/>\n\t<meta property=\"og:image:height\" content=\"1269\" \/>\n\t<meta property=\"og:image:type\" content=\"image\/jpeg\" \/>\n<meta name=\"author\" content=\"admin\" \/>\n<meta name=\"twitter:card\" content=\"summary_large_image\" \/>\n<meta name=\"twitter:label1\" content=\"Written by\" \/>\n\t<meta name=\"twitter:data1\" content=\"admin\" \/>\n\t<meta name=\"twitter:label2\" content=\"Est. reading time\" \/>\n\t<meta name=\"twitter:data2\" content=\"2 minutes\" \/>\n<script type=\"application\/ld+json\" class=\"yoast-schema-graph\">{\"@context\":\"https:\/\/schema.org\",\"@graph\":[{\"@type\":\"WebPage\",\"@id\":\"https:\/\/president-ksgov.net\/en\/president-thaci-discussed-with-the-civil-society-about-the-draft-regulation-of-the-commission-for-truth-and-reconciliation\/\",\"url\":\"https:\/\/president-ksgov.net\/en\/president-thaci-discussed-with-the-civil-society-about-the-draft-regulation-of-the-commission-for-truth-and-reconciliation\/\",\"name\":\"President Tha\u00e7i discussed with the civil society about the Draft Regulation of the Commission for Truth and Reconciliation - President of the Republic of Kosovo - DR. VJOSA OSMANI - SADRIU\",\"isPartOf\":{\"@id\":\"https:\/\/president-ksgov.net\/#website\"},\"primaryImageOfPage\":{\"@id\":\"https:\/\/president-ksgov.net\/en\/president-thaci-discussed-with-the-civil-society-about-the-draft-regulation-of-the-commission-for-truth-and-reconciliation\/#primaryimage\"},\"image\":{\"@id\":\"https:\/\/president-ksgov.net\/en\/president-thaci-discussed-with-the-civil-society-about-the-draft-regulation-of-the-commission-for-truth-and-reconciliation\/#primaryimage\"},\"thumbnailUrl\":\"https:\/\/president-ksgov.net\/wp-content\/uploads\/05_05_2017_393016_5_maj_2017_1.jpg\",\"datePublished\":\"2017-05-05T10:36:51+00:00\",\"dateModified\":\"2023-03-07T09:41:44+00:00\",\"author\":{\"@id\":\"https:\/\/president-ksgov.net\/#\/schema\/person\/bb4337a5fb147cb2046d80548172cbee\"},\"description\":\"President Tha\u00e7i discussed with the civil society about the Draft Regulation of the Commission for Truth and Reconciliation - President of the Republic of Kosovo - DR. VJOSA OSMANI - SADRIU -\",\"breadcrumb\":{\"@id\":\"https:\/\/president-ksgov.net\/en\/president-thaci-discussed-with-the-civil-society-about-the-draft-regulation-of-the-commission-for-truth-and-reconciliation\/#breadcrumb\"},\"inLanguage\":\"en-US\",\"potentialAction\":[{\"@type\":\"ReadAction\",\"target\":[\"https:\/\/president-ksgov.net\/en\/president-thaci-discussed-with-the-civil-society-about-the-draft-regulation-of-the-commission-for-truth-and-reconciliation\/\"]}]},{\"@type\":\"ImageObject\",\"inLanguage\":\"en-US\",\"@id\":\"https:\/\/president-ksgov.net\/en\/president-thaci-discussed-with-the-civil-society-about-the-draft-regulation-of-the-commission-for-truth-and-reconciliation\/#primaryimage\",\"url\":\"https:\/\/president-ksgov.net\/wp-content\/uploads\/05_05_2017_393016_5_maj_2017_1.jpg\",\"contentUrl\":\"https:\/\/president-ksgov.net\/wp-content\/uploads\/05_05_2017_393016_5_maj_2017_1.jpg\",\"width\":2000,\"height\":1269},{\"@type\":\"BreadcrumbList\",\"@id\":\"https:\/\/president-ksgov.net\/en\/president-thaci-discussed-with-the-civil-society-about-the-draft-regulation-of-the-commission-for-truth-and-reconciliation\/#breadcrumb\",\"itemListElement\":[{\"@type\":\"ListItem\",\"position\":1,\"name\":\"Home\",\"item\":\"https:\/\/president-ksgov.net\/en\/\"},{\"@type\":\"ListItem\",\"position\":2,\"name\":\"President Tha\u00e7i discussed with the civil society about the Draft Regulation of the Commission for Truth and Reconciliation\"}]},{\"@type\":\"WebSite\",\"@id\":\"https:\/\/president-ksgov.net\/#website\",\"url\":\"https:\/\/president-ksgov.net\/\",\"name\":\"Presidente e Republik\u00ebs s\u00eb Kosov\u00ebs\",\"description\":\"Presidente e Republik\u00ebs s\u00eb Kosov\u00ebs\",\"alternateName\":\"DR. VJOSA OSMANI - SADRIU\",\"potentialAction\":[{\"@type\":\"SearchAction\",\"target\":{\"@type\":\"EntryPoint\",\"urlTemplate\":\"https:\/\/president-ksgov.net\/?s={search_term_string}\"},\"query-input\":{\"@type\":\"PropertyValueSpecification\",\"valueRequired\":true,\"valueName\":\"search_term_string\"}}],\"inLanguage\":\"en-US\"},{\"@type\":\"Person\",\"@id\":\"https:\/\/president-ksgov.net\/#\/schema\/person\/bb4337a5fb147cb2046d80548172cbee\",\"name\":\"admin\",\"image\":{\"@type\":\"ImageObject\",\"inLanguage\":\"en-US\",\"@id\":\"https:\/\/president-ksgov.net\/#\/schema\/person\/image\/\",\"url\":\"https:\/\/secure.gravatar.com\/avatar\/36156ca0fa3b8d9d25174f146e16beea0cf28f37adf1b9e19b6c9c279a7c9dd3?s=96&d=mm&r=g\",\"contentUrl\":\"https:\/\/secure.gravatar.com\/avatar\/36156ca0fa3b8d9d25174f146e16beea0cf28f37adf1b9e19b6c9c279a7c9dd3?s=96&d=mm&r=g\",\"caption\":\"admin\"},\"sameAs\":[\"https:\/\/president-ksgov.net\"]}]}<\/script>\n<!-- \/ Yoast SEO plugin. -->","yoast_head_json":{"title":"President Tha\u00e7i discussed with the civil society about the Draft Regulation of the Commission for Truth and Reconciliation - President of the Republic of Kosovo - DR. VJOSA OSMANI - SADRIU","description":"President Tha\u00e7i discussed with the civil society about the Draft Regulation of the Commission for Truth and Reconciliation - President of the Republic of Kosovo - DR. VJOSA OSMANI - SADRIU -","robots":{"index":"index","follow":"follow","max-snippet":"max-snippet:-1","max-image-preview":"max-image-preview:large","max-video-preview":"max-video-preview:-1"},"canonical":"https:\/\/president-ksgov.net\/en\/president-thaci-discussed-with-the-civil-society-about-the-draft-regulation-of-the-commission-for-truth-and-reconciliation\/","og_locale":"en_US","og_type":"article","og_title":"President Tha\u00e7i discussed with the civil society about the Draft Regulation of the Commission for Truth and Reconciliation - President of the Republic of Kosovo - DR. VJOSA OSMANI - SADRIU","og_description":"President Tha\u00e7i discussed with the civil society about the Draft Regulation of the Commission for Truth and Reconciliation - President of the Republic of Kosovo - DR. VJOSA OSMANI - SADRIU -","og_url":"https:\/\/president-ksgov.net\/en\/president-thaci-discussed-with-the-civil-society-about-the-draft-regulation-of-the-commission-for-truth-and-reconciliation\/","og_site_name":"President of the Republic of Kosovo - DR. VJOSA OSMANI - SADRIU","article_published_time":"2017-05-05T10:36:51+00:00","article_modified_time":"2023-03-07T09:41:44+00:00","og_image":[{"width":2000,"height":1269,"url":"https:\/\/president-ksgov.net\/wp-content\/uploads\/05_05_2017_393016_5_maj_2017_1.jpg","type":"image\/jpeg"}],"author":"admin","twitter_card":"summary_large_image","twitter_misc":{"Written by":"admin","Est. reading time":"2 minutes"},"schema":{"@context":"https:\/\/schema.org","@graph":[{"@type":"WebPage","@id":"https:\/\/president-ksgov.net\/en\/president-thaci-discussed-with-the-civil-society-about-the-draft-regulation-of-the-commission-for-truth-and-reconciliation\/","url":"https:\/\/president-ksgov.net\/en\/president-thaci-discussed-with-the-civil-society-about-the-draft-regulation-of-the-commission-for-truth-and-reconciliation\/","name":"President Tha\u00e7i discussed with the civil society about the Draft Regulation of the Commission for Truth and Reconciliation - President of the Republic of Kosovo - DR. VJOSA OSMANI - SADRIU","isPartOf":{"@id":"https:\/\/president-ksgov.net\/#website"},"primaryImageOfPage":{"@id":"https:\/\/president-ksgov.net\/en\/president-thaci-discussed-with-the-civil-society-about-the-draft-regulation-of-the-commission-for-truth-and-reconciliation\/#primaryimage"},"image":{"@id":"https:\/\/president-ksgov.net\/en\/president-thaci-discussed-with-the-civil-society-about-the-draft-regulation-of-the-commission-for-truth-and-reconciliation\/#primaryimage"},"thumbnailUrl":"https:\/\/president-ksgov.net\/wp-content\/uploads\/05_05_2017_393016_5_maj_2017_1.jpg","datePublished":"2017-05-05T10:36:51+00:00","dateModified":"2023-03-07T09:41:44+00:00","author":{"@id":"https:\/\/president-ksgov.net\/#\/schema\/person\/bb4337a5fb147cb2046d80548172cbee"},"description":"President Tha\u00e7i discussed with the civil society about the Draft Regulation of the Commission for Truth and Reconciliation - President of the Republic of Kosovo - DR. VJOSA OSMANI - SADRIU -","breadcrumb":{"@id":"https:\/\/president-ksgov.net\/en\/president-thaci-discussed-with-the-civil-society-about-the-draft-regulation-of-the-commission-for-truth-and-reconciliation\/#breadcrumb"},"inLanguage":"en-US","potentialAction":[{"@type":"ReadAction","target":["https:\/\/president-ksgov.net\/en\/president-thaci-discussed-with-the-civil-society-about-the-draft-regulation-of-the-commission-for-truth-and-reconciliation\/"]}]},{"@type":"ImageObject","inLanguage":"en-US","@id":"https:\/\/president-ksgov.net\/en\/president-thaci-discussed-with-the-civil-society-about-the-draft-regulation-of-the-commission-for-truth-and-reconciliation\/#primaryimage","url":"https:\/\/president-ksgov.net\/wp-content\/uploads\/05_05_2017_393016_5_maj_2017_1.jpg","contentUrl":"https:\/\/president-ksgov.net\/wp-content\/uploads\/05_05_2017_393016_5_maj_2017_1.jpg","width":2000,"height":1269},{"@type":"BreadcrumbList","@id":"https:\/\/president-ksgov.net\/en\/president-thaci-discussed-with-the-civil-society-about-the-draft-regulation-of-the-commission-for-truth-and-reconciliation\/#breadcrumb","itemListElement":[{"@type":"ListItem","position":1,"name":"Home","item":"https:\/\/president-ksgov.net\/en\/"},{"@type":"ListItem","position":2,"name":"President Tha\u00e7i discussed with the civil society about the Draft Regulation of the Commission for Truth and Reconciliation"}]},{"@type":"WebSite","@id":"https:\/\/president-ksgov.net\/#website","url":"https:\/\/president-ksgov.net\/","name":"Presidente e Republik\u00ebs s\u00eb Kosov\u00ebs","description":"Presidente e Republik\u00ebs s\u00eb Kosov\u00ebs","alternateName":"DR. VJOSA OSMANI - SADRIU","potentialAction":[{"@type":"SearchAction","target":{"@type":"EntryPoint","urlTemplate":"https:\/\/president-ksgov.net\/?s={search_term_string}"},"query-input":{"@type":"PropertyValueSpecification","valueRequired":true,"valueName":"search_term_string"}}],"inLanguage":"en-US"},{"@type":"Person","@id":"https:\/\/president-ksgov.net\/#\/schema\/person\/bb4337a5fb147cb2046d80548172cbee","name":"admin","image":{"@type":"ImageObject","inLanguage":"en-US","@id":"https:\/\/president-ksgov.net\/#\/schema\/person\/image\/","url":"https:\/\/secure.gravatar.com\/avatar\/36156ca0fa3b8d9d25174f146e16beea0cf28f37adf1b9e19b6c9c279a7c9dd3?s=96&d=mm&r=g","contentUrl":"https:\/\/secure.gravatar.com\/avatar\/36156ca0fa3b8d9d25174f146e16beea0cf28f37adf1b9e19b6c9c279a7c9dd3?s=96&d=mm&r=g","caption":"admin"},"sameAs":["https:\/\/president-ksgov.net"]}]}},"_links":{"self":[{"href":"https:\/\/president-ksgov.net\/en\/wp-json\/wp\/v2\/posts\/68635","targetHints":{"allow":["GET"]}}],"collection":[{"href":"https:\/\/president-ksgov.net\/en\/wp-json\/wp\/v2\/posts"}],"about":[{"href":"https:\/\/president-ksgov.net\/en\/wp-json\/wp\/v2\/types\/post"}],"author":[{"embeddable":true,"href":"https:\/\/president-ksgov.net\/en\/wp-json\/wp\/v2\/users\/1"}],"replies":[{"embeddable":true,"href":"https:\/\/president-ksgov.net\/en\/wp-json\/wp\/v2\/comments?post=68635"}],"version-history":[{"count":0,"href":"https:\/\/president-ksgov.net\/en\/wp-json\/wp\/v2\/posts\/68635\/revisions"}],"wp:featuredmedia":[{"embeddable":true,"href":"https:\/\/president-ksgov.net\/en\/wp-json\/wp\/v2\/media\/30636"}],"wp:attachment":[{"href":"https:\/\/president-ksgov.net\/en\/wp-json\/wp\/v2\/media?parent=68635"}],"wp:term":[{"taxonomy":"category","embeddable":true,"href":"https:\/\/president-ksgov.net\/en\/wp-json\/wp\/v2\/categories?post=68635"},{"taxonomy":"post_tag","embeddable":true,"href":"https:\/\/president-ksgov.net\/en\/wp-json\/wp\/v2\/tags?post=68635"}],"curies":[{"name":"wp","href":"https:\/\/api.w.org\/{rel}","templated":true}]}}