{"id":68554,"date":"2017-09-06T14:33:07","date_gmt":"2017-09-06T14:33:07","guid":{"rendered":"https:\/\/dev.president-ksgov.net\/president-thaci-welcomed-a-delegation-of-mps-of-the-croatian-parliament\/"},"modified":"2023-03-07T09:39:36","modified_gmt":"2023-03-07T09:39:36","slug":"president-thaci-welcomed-a-delegation-of-mps-of-the-croatian-parliament","status":"publish","type":"post","link":"https:\/\/president-ksgov.net\/en\/president-thaci-welcomed-a-delegation-of-mps-of-the-croatian-parliament\/","title":{"rendered":"President Tha\u00e7i welcomed a delegation of MPs of the Croatian Parliament"},"content":{"rendered":"<p>Prishtina, September 06 \u2013 The President of the Republic of Kosovo, Hashim Tha\u00e7i, received today a delegation of MPs of the Croatian Parliament, accompanied by the Croatian Ambassador, Marija Kapitanovic.<\/p>\n<p>President Tha\u00e7i thanked the Croatian MPs for their visit to Kosovo, thanking them for the support Croatia has given to Kosovo on a continuous basis.<\/p>\n<p>\u201cI appreciate the historic friendship with Croatia. We are grateful for the support Croatia gives to Kosovo in every forum\u201d, stressed the President.<\/p>\n<p>On the other hand, the Croatian Ambassador, Marija Kapitanovic, said that Kosovo and Croatia have many bridges linking them, the most valuable being the respective communities, the Albanian one in Croatia and the Croatian one in Kosovo.<\/p>\n<p>In the end, President Tha\u00e7i has emphasized that he will be committed to the advancement of the representation of the Croatian community in the institutions of Kosovo.<\/p>\n","protected":false},"excerpt":{"rendered":"<p>Prishtina, September 06 \u2013 The President of the Republic of Kosovo, Hashim Tha\u00e7i, received today a delegation of MPs of the Croatian Parliament, accompanied by the Croatian Ambassador, Marija Kapitanovic.<\/p>\n","protected":false},"author":1,"featured_media":29907,"comment_status":"open","ping_status":"closed","sticky":false,"template":"","format":"standard","meta":{"_eb_attr":"","footnotes":""},"categories":[111],"tags":[],"class_list":["post-68554","post","type-post","status-publish","format-standard","has-post-thumbnail","hentry","category-news"],"yoast_head":"<!-- This site is optimized with the Yoast SEO plugin v23.5 - https:\/\/yoast.com\/wordpress\/plugins\/seo\/ -->\n<title>President Tha\u00e7i welcomed a delegation of MPs of the Croatian Parliament - President of the Republic of Kosovo - DR. VJOSA OSMANI - SADRIU<\/title>\n<meta name=\"description\" content=\"President Tha\u00e7i welcomed a delegation of MPs of the Croatian Parliament - President of the Republic of Kosovo - DR. VJOSA OSMANI - SADRIU -\" \/>\n<meta name=\"robots\" content=\"index, follow, max-snippet:-1, max-image-preview:large, max-video-preview:-1\" \/>\n<link rel=\"canonical\" href=\"https:\/\/president-ksgov.net\/en\/president-thaci-welcomed-a-delegation-of-mps-of-the-croatian-parliament\/\" \/>\n<meta property=\"og:locale\" content=\"en_US\" \/>\n<meta property=\"og:type\" content=\"article\" \/>\n<meta property=\"og:title\" content=\"President Tha\u00e7i welcomed a delegation of MPs of the Croatian Parliament - President of the Republic of Kosovo - DR. VJOSA OSMANI - SADRIU\" \/>\n<meta property=\"og:description\" content=\"President Tha\u00e7i welcomed a delegation of MPs of the Croatian Parliament - President of the Republic of Kosovo - DR. VJOSA OSMANI - SADRIU -\" \/>\n<meta property=\"og:url\" content=\"https:\/\/president-ksgov.net\/en\/president-thaci-welcomed-a-delegation-of-mps-of-the-croatian-parliament\/\" \/>\n<meta property=\"og:site_name\" content=\"President of the Republic of Kosovo - DR. VJOSA OSMANI - SADRIU\" \/>\n<meta property=\"article:published_time\" content=\"2017-09-06T14:33:07+00:00\" \/>\n<meta property=\"article:modified_time\" content=\"2023-03-07T09:39:36+00:00\" \/>\n<meta property=\"og:image\" content=\"https:\/\/president-ksgov.net\/wp-content\/uploads\/06_09_2017_3362605_6_09_2017_Takim_me_1.jpg\" \/>\n\t<meta property=\"og:image:width\" content=\"2000\" \/>\n\t<meta property=\"og:image:height\" content=\"1077\" \/>\n\t<meta property=\"og:image:type\" content=\"image\/jpeg\" \/>\n<meta name=\"author\" content=\"admin\" \/>\n<meta name=\"twitter:card\" content=\"summary_large_image\" \/>\n<meta name=\"twitter:label1\" content=\"Written by\" \/>\n\t<meta name=\"twitter:data1\" content=\"admin\" \/>\n\t<meta name=\"twitter:label2\" content=\"Est. reading time\" \/>\n\t<meta name=\"twitter:data2\" content=\"1 minute\" \/>\n<script type=\"application\/ld+json\" class=\"yoast-schema-graph\">{\"@context\":\"https:\/\/schema.org\",\"@graph\":[{\"@type\":\"WebPage\",\"@id\":\"https:\/\/president-ksgov.net\/en\/president-thaci-welcomed-a-delegation-of-mps-of-the-croatian-parliament\/\",\"url\":\"https:\/\/president-ksgov.net\/en\/president-thaci-welcomed-a-delegation-of-mps-of-the-croatian-parliament\/\",\"name\":\"President Tha\u00e7i welcomed a delegation of MPs of the Croatian Parliament - President of the Republic of Kosovo - DR. VJOSA OSMANI - SADRIU\",\"isPartOf\":{\"@id\":\"https:\/\/president-ksgov.net\/#website\"},\"primaryImageOfPage\":{\"@id\":\"https:\/\/president-ksgov.net\/en\/president-thaci-welcomed-a-delegation-of-mps-of-the-croatian-parliament\/#primaryimage\"},\"image\":{\"@id\":\"https:\/\/president-ksgov.net\/en\/president-thaci-welcomed-a-delegation-of-mps-of-the-croatian-parliament\/#primaryimage\"},\"thumbnailUrl\":\"https:\/\/president-ksgov.net\/wp-content\/uploads\/06_09_2017_3362605_6_09_2017_Takim_me_1.jpg\",\"datePublished\":\"2017-09-06T14:33:07+00:00\",\"dateModified\":\"2023-03-07T09:39:36+00:00\",\"author\":{\"@id\":\"https:\/\/president-ksgov.net\/#\/schema\/person\/bb4337a5fb147cb2046d80548172cbee\"},\"description\":\"President Tha\u00e7i welcomed a delegation of MPs of the Croatian Parliament - President of the Republic of Kosovo - DR. VJOSA OSMANI - SADRIU -\",\"breadcrumb\":{\"@id\":\"https:\/\/president-ksgov.net\/en\/president-thaci-welcomed-a-delegation-of-mps-of-the-croatian-parliament\/#breadcrumb\"},\"inLanguage\":\"en-US\",\"potentialAction\":[{\"@type\":\"ReadAction\",\"target\":[\"https:\/\/president-ksgov.net\/en\/president-thaci-welcomed-a-delegation-of-mps-of-the-croatian-parliament\/\"]}]},{\"@type\":\"ImageObject\",\"inLanguage\":\"en-US\",\"@id\":\"https:\/\/president-ksgov.net\/en\/president-thaci-welcomed-a-delegation-of-mps-of-the-croatian-parliament\/#primaryimage\",\"url\":\"https:\/\/president-ksgov.net\/wp-content\/uploads\/06_09_2017_3362605_6_09_2017_Takim_me_1.jpg\",\"contentUrl\":\"https:\/\/president-ksgov.net\/wp-content\/uploads\/06_09_2017_3362605_6_09_2017_Takim_me_1.jpg\",\"width\":2000,\"height\":1077},{\"@type\":\"BreadcrumbList\",\"@id\":\"https:\/\/president-ksgov.net\/en\/president-thaci-welcomed-a-delegation-of-mps-of-the-croatian-parliament\/#breadcrumb\",\"itemListElement\":[{\"@type\":\"ListItem\",\"position\":1,\"name\":\"Home\",\"item\":\"https:\/\/president-ksgov.net\/en\/\"},{\"@type\":\"ListItem\",\"position\":2,\"name\":\"President Tha\u00e7i welcomed a delegation of MPs of the Croatian Parliament\"}]},{\"@type\":\"WebSite\",\"@id\":\"https:\/\/president-ksgov.net\/#website\",\"url\":\"https:\/\/president-ksgov.net\/\",\"name\":\"Presidente e Republik\u00ebs s\u00eb Kosov\u00ebs\",\"description\":\"Presidente e Republik\u00ebs s\u00eb Kosov\u00ebs\",\"alternateName\":\"DR. VJOSA OSMANI - SADRIU\",\"potentialAction\":[{\"@type\":\"SearchAction\",\"target\":{\"@type\":\"EntryPoint\",\"urlTemplate\":\"https:\/\/president-ksgov.net\/?s={search_term_string}\"},\"query-input\":{\"@type\":\"PropertyValueSpecification\",\"valueRequired\":true,\"valueName\":\"search_term_string\"}}],\"inLanguage\":\"en-US\"},{\"@type\":\"Person\",\"@id\":\"https:\/\/president-ksgov.net\/#\/schema\/person\/bb4337a5fb147cb2046d80548172cbee\",\"name\":\"admin\",\"image\":{\"@type\":\"ImageObject\",\"inLanguage\":\"en-US\",\"@id\":\"https:\/\/president-ksgov.net\/#\/schema\/person\/image\/\",\"url\":\"https:\/\/secure.gravatar.com\/avatar\/36156ca0fa3b8d9d25174f146e16beea0cf28f37adf1b9e19b6c9c279a7c9dd3?s=96&d=mm&r=g\",\"contentUrl\":\"https:\/\/secure.gravatar.com\/avatar\/36156ca0fa3b8d9d25174f146e16beea0cf28f37adf1b9e19b6c9c279a7c9dd3?s=96&d=mm&r=g\",\"caption\":\"admin\"},\"sameAs\":[\"https:\/\/president-ksgov.net\"]}]}<\/script>\n<!-- \/ Yoast SEO plugin. -->","yoast_head_json":{"title":"President Tha\u00e7i welcomed a delegation of MPs of the Croatian Parliament - President of the Republic of Kosovo - DR. VJOSA OSMANI - SADRIU","description":"President Tha\u00e7i welcomed a delegation of MPs of the Croatian Parliament - President of the Republic of Kosovo - DR. VJOSA OSMANI - SADRIU -","robots":{"index":"index","follow":"follow","max-snippet":"max-snippet:-1","max-image-preview":"max-image-preview:large","max-video-preview":"max-video-preview:-1"},"canonical":"https:\/\/president-ksgov.net\/en\/president-thaci-welcomed-a-delegation-of-mps-of-the-croatian-parliament\/","og_locale":"en_US","og_type":"article","og_title":"President Tha\u00e7i welcomed a delegation of MPs of the Croatian Parliament - President of the Republic of Kosovo - DR. VJOSA OSMANI - SADRIU","og_description":"President Tha\u00e7i welcomed a delegation of MPs of the Croatian Parliament - President of the Republic of Kosovo - DR. VJOSA OSMANI - SADRIU -","og_url":"https:\/\/president-ksgov.net\/en\/president-thaci-welcomed-a-delegation-of-mps-of-the-croatian-parliament\/","og_site_name":"President of the Republic of Kosovo - DR. VJOSA OSMANI - SADRIU","article_published_time":"2017-09-06T14:33:07+00:00","article_modified_time":"2023-03-07T09:39:36+00:00","og_image":[{"width":2000,"height":1077,"url":"https:\/\/president-ksgov.net\/wp-content\/uploads\/06_09_2017_3362605_6_09_2017_Takim_me_1.jpg","type":"image\/jpeg"}],"author":"admin","twitter_card":"summary_large_image","twitter_misc":{"Written by":"admin","Est. reading time":"1 minute"},"schema":{"@context":"https:\/\/schema.org","@graph":[{"@type":"WebPage","@id":"https:\/\/president-ksgov.net\/en\/president-thaci-welcomed-a-delegation-of-mps-of-the-croatian-parliament\/","url":"https:\/\/president-ksgov.net\/en\/president-thaci-welcomed-a-delegation-of-mps-of-the-croatian-parliament\/","name":"President Tha\u00e7i welcomed a delegation of MPs of the Croatian Parliament - President of the Republic of Kosovo - DR. VJOSA OSMANI - SADRIU","isPartOf":{"@id":"https:\/\/president-ksgov.net\/#website"},"primaryImageOfPage":{"@id":"https:\/\/president-ksgov.net\/en\/president-thaci-welcomed-a-delegation-of-mps-of-the-croatian-parliament\/#primaryimage"},"image":{"@id":"https:\/\/president-ksgov.net\/en\/president-thaci-welcomed-a-delegation-of-mps-of-the-croatian-parliament\/#primaryimage"},"thumbnailUrl":"https:\/\/president-ksgov.net\/wp-content\/uploads\/06_09_2017_3362605_6_09_2017_Takim_me_1.jpg","datePublished":"2017-09-06T14:33:07+00:00","dateModified":"2023-03-07T09:39:36+00:00","author":{"@id":"https:\/\/president-ksgov.net\/#\/schema\/person\/bb4337a5fb147cb2046d80548172cbee"},"description":"President Tha\u00e7i welcomed a delegation of MPs of the Croatian Parliament - President of the Republic of Kosovo - DR. VJOSA OSMANI - SADRIU -","breadcrumb":{"@id":"https:\/\/president-ksgov.net\/en\/president-thaci-welcomed-a-delegation-of-mps-of-the-croatian-parliament\/#breadcrumb"},"inLanguage":"en-US","potentialAction":[{"@type":"ReadAction","target":["https:\/\/president-ksgov.net\/en\/president-thaci-welcomed-a-delegation-of-mps-of-the-croatian-parliament\/"]}]},{"@type":"ImageObject","inLanguage":"en-US","@id":"https:\/\/president-ksgov.net\/en\/president-thaci-welcomed-a-delegation-of-mps-of-the-croatian-parliament\/#primaryimage","url":"https:\/\/president-ksgov.net\/wp-content\/uploads\/06_09_2017_3362605_6_09_2017_Takim_me_1.jpg","contentUrl":"https:\/\/president-ksgov.net\/wp-content\/uploads\/06_09_2017_3362605_6_09_2017_Takim_me_1.jpg","width":2000,"height":1077},{"@type":"BreadcrumbList","@id":"https:\/\/president-ksgov.net\/en\/president-thaci-welcomed-a-delegation-of-mps-of-the-croatian-parliament\/#breadcrumb","itemListElement":[{"@type":"ListItem","position":1,"name":"Home","item":"https:\/\/president-ksgov.net\/en\/"},{"@type":"ListItem","position":2,"name":"President Tha\u00e7i welcomed a delegation of MPs of the Croatian Parliament"}]},{"@type":"WebSite","@id":"https:\/\/president-ksgov.net\/#website","url":"https:\/\/president-ksgov.net\/","name":"Presidente e Republik\u00ebs s\u00eb Kosov\u00ebs","description":"Presidente e Republik\u00ebs s\u00eb Kosov\u00ebs","alternateName":"DR. VJOSA OSMANI - SADRIU","potentialAction":[{"@type":"SearchAction","target":{"@type":"EntryPoint","urlTemplate":"https:\/\/president-ksgov.net\/?s={search_term_string}"},"query-input":{"@type":"PropertyValueSpecification","valueRequired":true,"valueName":"search_term_string"}}],"inLanguage":"en-US"},{"@type":"Person","@id":"https:\/\/president-ksgov.net\/#\/schema\/person\/bb4337a5fb147cb2046d80548172cbee","name":"admin","image":{"@type":"ImageObject","inLanguage":"en-US","@id":"https:\/\/president-ksgov.net\/#\/schema\/person\/image\/","url":"https:\/\/secure.gravatar.com\/avatar\/36156ca0fa3b8d9d25174f146e16beea0cf28f37adf1b9e19b6c9c279a7c9dd3?s=96&d=mm&r=g","contentUrl":"https:\/\/secure.gravatar.com\/avatar\/36156ca0fa3b8d9d25174f146e16beea0cf28f37adf1b9e19b6c9c279a7c9dd3?s=96&d=mm&r=g","caption":"admin"},"sameAs":["https:\/\/president-ksgov.net"]}]}},"_links":{"self":[{"href":"https:\/\/president-ksgov.net\/en\/wp-json\/wp\/v2\/posts\/68554","targetHints":{"allow":["GET"]}}],"collection":[{"href":"https:\/\/president-ksgov.net\/en\/wp-json\/wp\/v2\/posts"}],"about":[{"href":"https:\/\/president-ksgov.net\/en\/wp-json\/wp\/v2\/types\/post"}],"author":[{"embeddable":true,"href":"https:\/\/president-ksgov.net\/en\/wp-json\/wp\/v2\/users\/1"}],"replies":[{"embeddable":true,"href":"https:\/\/president-ksgov.net\/en\/wp-json\/wp\/v2\/comments?post=68554"}],"version-history":[{"count":0,"href":"https:\/\/president-ksgov.net\/en\/wp-json\/wp\/v2\/posts\/68554\/revisions"}],"wp:featuredmedia":[{"embeddable":true,"href":"https:\/\/president-ksgov.net\/en\/wp-json\/wp\/v2\/media\/29907"}],"wp:attachment":[{"href":"https:\/\/president-ksgov.net\/en\/wp-json\/wp\/v2\/media?parent=68554"}],"wp:term":[{"taxonomy":"category","embeddable":true,"href":"https:\/\/president-ksgov.net\/en\/wp-json\/wp\/v2\/categories?post=68554"},{"taxonomy":"post_tag","embeddable":true,"href":"https:\/\/president-ksgov.net\/en\/wp-json\/wp\/v2\/tags?post=68554"}],"curies":[{"name":"wp","href":"https:\/\/api.w.org\/{rel}","templated":true}]}}