{"id":68552,"date":"2017-09-10T18:12:31","date_gmt":"2017-09-10T18:12:31","guid":{"rendered":"https:\/\/dev.president-ksgov.net\/president-thaci-traveled-to-washington-where-he-will-sign-the-agreement-between-kosovo-and-the-mcc\/"},"modified":"2023-03-07T09:39:36","modified_gmt":"2023-03-07T09:39:36","slug":"president-thaci-traveled-to-washington-where-he-will-sign-the-agreement-between-kosovo-and-the-mcc","status":"publish","type":"post","link":"https:\/\/president-ksgov.net\/en\/president-thaci-traveled-to-washington-where-he-will-sign-the-agreement-between-kosovo-and-the-mcc\/","title":{"rendered":"President Tha\u00e7i traveled to Washington where he will sign the agreement between Kosovo and the MCC"},"content":{"rendered":"<p>The President of the Republic of Kosovo, Hashim Tha\u00e7i, has traveled to Washington, United States of America, together with the National Coordinator for the Millennium Challenge in Kosovo, Petrit Selimi.<\/p>\n<p>On Tuesday, on behalf of the Republic of Kosovo, President Tha\u00e7i will sign the agreement between Kosovo and the MCC, in the presence of many US congressmen and senators who have supported Kosovo for decades.<\/p>\n<p>This agreement in the amount of\u00a0 49 million US dollars will focus on two areas: the Rule of Law and Efficiency in Energy, through various projects and activities that will be implemented over 4 years.<\/p>\n<p>This is this first ceremony in the history of the MCC, which signs such an agreement in the Congress.<\/p>\n<p>Kosovo was pre-qualified for MCC programs in November 2015 with the aim of identifying possible areas of transformative investments for economic growth, poverty reduction and job creation in Kosovo.<br \/>\n\u00a0<\/p>\n","protected":false},"excerpt":{"rendered":"<p>The President of the Republic of Kosovo, Hashim Tha\u00e7i, has traveled to Washington, United States of America, together with the National Coordinator for the Millennium Challenge in Kosovo, Petrit Selimi.<\/p>\n","protected":false},"author":1,"featured_media":29893,"comment_status":"open","ping_status":"closed","sticky":false,"template":"","format":"standard","meta":{"_eb_attr":"","footnotes":""},"categories":[111],"tags":[],"class_list":["post-68552","post","type-post","status-publish","format-standard","has-post-thumbnail","hentry","category-news"],"yoast_head":"<!-- This site is optimized with the Yoast SEO plugin v23.5 - https:\/\/yoast.com\/wordpress\/plugins\/seo\/ -->\n<title>President Tha\u00e7i traveled to Washington where he will sign the agreement between Kosovo and the MCC - President of the Republic of Kosovo - DR. VJOSA OSMANI - SADRIU<\/title>\n<meta name=\"description\" content=\"President Tha\u00e7i traveled to Washington where he will sign the agreement between Kosovo and the MCC - President of the Republic of Kosovo - DR. VJOSA OSMANI - SADRIU -\" \/>\n<meta name=\"robots\" content=\"index, follow, max-snippet:-1, max-image-preview:large, max-video-preview:-1\" \/>\n<link rel=\"canonical\" href=\"https:\/\/president-ksgov.net\/en\/president-thaci-traveled-to-washington-where-he-will-sign-the-agreement-between-kosovo-and-the-mcc\/\" \/>\n<meta property=\"og:locale\" content=\"en_US\" \/>\n<meta property=\"og:type\" content=\"article\" \/>\n<meta property=\"og:title\" content=\"President Tha\u00e7i traveled to Washington where he will sign the agreement between Kosovo and the MCC - President of the Republic of Kosovo - DR. VJOSA OSMANI - SADRIU\" \/>\n<meta property=\"og:description\" content=\"President Tha\u00e7i traveled to Washington where he will sign the agreement between Kosovo and the MCC - President of the Republic of Kosovo - DR. VJOSA OSMANI - SADRIU -\" \/>\n<meta property=\"og:url\" content=\"https:\/\/president-ksgov.net\/en\/president-thaci-traveled-to-washington-where-he-will-sign-the-agreement-between-kosovo-and-the-mcc\/\" \/>\n<meta property=\"og:site_name\" content=\"President of the Republic of Kosovo - DR. VJOSA OSMANI - SADRIU\" \/>\n<meta property=\"article:published_time\" content=\"2017-09-10T18:12:31+00:00\" \/>\n<meta property=\"article:modified_time\" content=\"2023-03-07T09:39:36+00:00\" \/>\n<meta property=\"og:image\" content=\"https:\/\/president-ksgov.net\/wp-content\/uploads\/10_09_2017_1176805_22_06_2017_2411470_31_05_2017_6661955_foto_.jpg\" \/>\n\t<meta property=\"og:image:width\" content=\"960\" \/>\n\t<meta property=\"og:image:height\" content=\"640\" \/>\n\t<meta property=\"og:image:type\" content=\"image\/jpeg\" \/>\n<meta name=\"author\" content=\"admin\" \/>\n<meta name=\"twitter:card\" content=\"summary_large_image\" \/>\n<meta name=\"twitter:label1\" content=\"Written by\" \/>\n\t<meta name=\"twitter:data1\" content=\"admin\" \/>\n\t<meta name=\"twitter:label2\" content=\"Est. reading time\" \/>\n\t<meta name=\"twitter:data2\" content=\"1 minute\" \/>\n<script type=\"application\/ld+json\" class=\"yoast-schema-graph\">{\"@context\":\"https:\/\/schema.org\",\"@graph\":[{\"@type\":\"WebPage\",\"@id\":\"https:\/\/president-ksgov.net\/en\/president-thaci-traveled-to-washington-where-he-will-sign-the-agreement-between-kosovo-and-the-mcc\/\",\"url\":\"https:\/\/president-ksgov.net\/en\/president-thaci-traveled-to-washington-where-he-will-sign-the-agreement-between-kosovo-and-the-mcc\/\",\"name\":\"President Tha\u00e7i traveled to Washington where he will sign the agreement between Kosovo and the MCC - President of the Republic of Kosovo - DR. VJOSA OSMANI - SADRIU\",\"isPartOf\":{\"@id\":\"https:\/\/president-ksgov.net\/#website\"},\"primaryImageOfPage\":{\"@id\":\"https:\/\/president-ksgov.net\/en\/president-thaci-traveled-to-washington-where-he-will-sign-the-agreement-between-kosovo-and-the-mcc\/#primaryimage\"},\"image\":{\"@id\":\"https:\/\/president-ksgov.net\/en\/president-thaci-traveled-to-washington-where-he-will-sign-the-agreement-between-kosovo-and-the-mcc\/#primaryimage\"},\"thumbnailUrl\":\"https:\/\/president-ksgov.net\/wp-content\/uploads\/10_09_2017_1176805_22_06_2017_2411470_31_05_2017_6661955_foto_.jpg\",\"datePublished\":\"2017-09-10T18:12:31+00:00\",\"dateModified\":\"2023-03-07T09:39:36+00:00\",\"author\":{\"@id\":\"https:\/\/president-ksgov.net\/#\/schema\/person\/bb4337a5fb147cb2046d80548172cbee\"},\"description\":\"President Tha\u00e7i traveled to Washington where he will sign the agreement between Kosovo and the MCC - President of the Republic of Kosovo - DR. VJOSA OSMANI - SADRIU -\",\"breadcrumb\":{\"@id\":\"https:\/\/president-ksgov.net\/en\/president-thaci-traveled-to-washington-where-he-will-sign-the-agreement-between-kosovo-and-the-mcc\/#breadcrumb\"},\"inLanguage\":\"en-US\",\"potentialAction\":[{\"@type\":\"ReadAction\",\"target\":[\"https:\/\/president-ksgov.net\/en\/president-thaci-traveled-to-washington-where-he-will-sign-the-agreement-between-kosovo-and-the-mcc\/\"]}]},{\"@type\":\"ImageObject\",\"inLanguage\":\"en-US\",\"@id\":\"https:\/\/president-ksgov.net\/en\/president-thaci-traveled-to-washington-where-he-will-sign-the-agreement-between-kosovo-and-the-mcc\/#primaryimage\",\"url\":\"https:\/\/president-ksgov.net\/wp-content\/uploads\/10_09_2017_1176805_22_06_2017_2411470_31_05_2017_6661955_foto_.jpg\",\"contentUrl\":\"https:\/\/president-ksgov.net\/wp-content\/uploads\/10_09_2017_1176805_22_06_2017_2411470_31_05_2017_6661955_foto_.jpg\",\"width\":960,\"height\":640},{\"@type\":\"BreadcrumbList\",\"@id\":\"https:\/\/president-ksgov.net\/en\/president-thaci-traveled-to-washington-where-he-will-sign-the-agreement-between-kosovo-and-the-mcc\/#breadcrumb\",\"itemListElement\":[{\"@type\":\"ListItem\",\"position\":1,\"name\":\"Home\",\"item\":\"https:\/\/president-ksgov.net\/en\/\"},{\"@type\":\"ListItem\",\"position\":2,\"name\":\"President Tha\u00e7i traveled to Washington where he will sign the agreement between Kosovo and the MCC\"}]},{\"@type\":\"WebSite\",\"@id\":\"https:\/\/president-ksgov.net\/#website\",\"url\":\"https:\/\/president-ksgov.net\/\",\"name\":\"Presidente e Republik\u00ebs s\u00eb Kosov\u00ebs\",\"description\":\"Presidente e Republik\u00ebs s\u00eb Kosov\u00ebs\",\"alternateName\":\"DR. VJOSA OSMANI - SADRIU\",\"potentialAction\":[{\"@type\":\"SearchAction\",\"target\":{\"@type\":\"EntryPoint\",\"urlTemplate\":\"https:\/\/president-ksgov.net\/?s={search_term_string}\"},\"query-input\":{\"@type\":\"PropertyValueSpecification\",\"valueRequired\":true,\"valueName\":\"search_term_string\"}}],\"inLanguage\":\"en-US\"},{\"@type\":\"Person\",\"@id\":\"https:\/\/president-ksgov.net\/#\/schema\/person\/bb4337a5fb147cb2046d80548172cbee\",\"name\":\"admin\",\"image\":{\"@type\":\"ImageObject\",\"inLanguage\":\"en-US\",\"@id\":\"https:\/\/president-ksgov.net\/#\/schema\/person\/image\/\",\"url\":\"https:\/\/secure.gravatar.com\/avatar\/36156ca0fa3b8d9d25174f146e16beea0cf28f37adf1b9e19b6c9c279a7c9dd3?s=96&d=mm&r=g\",\"contentUrl\":\"https:\/\/secure.gravatar.com\/avatar\/36156ca0fa3b8d9d25174f146e16beea0cf28f37adf1b9e19b6c9c279a7c9dd3?s=96&d=mm&r=g\",\"caption\":\"admin\"},\"sameAs\":[\"https:\/\/president-ksgov.net\"]}]}<\/script>\n<!-- \/ Yoast SEO plugin. -->","yoast_head_json":{"title":"President Tha\u00e7i traveled to Washington where he will sign the agreement between Kosovo and the MCC - President of the Republic of Kosovo - DR. VJOSA OSMANI - SADRIU","description":"President Tha\u00e7i traveled to Washington where he will sign the agreement between Kosovo and the MCC - President of the Republic of Kosovo - DR. VJOSA OSMANI - SADRIU -","robots":{"index":"index","follow":"follow","max-snippet":"max-snippet:-1","max-image-preview":"max-image-preview:large","max-video-preview":"max-video-preview:-1"},"canonical":"https:\/\/president-ksgov.net\/en\/president-thaci-traveled-to-washington-where-he-will-sign-the-agreement-between-kosovo-and-the-mcc\/","og_locale":"en_US","og_type":"article","og_title":"President Tha\u00e7i traveled to Washington where he will sign the agreement between Kosovo and the MCC - President of the Republic of Kosovo - DR. VJOSA OSMANI - SADRIU","og_description":"President Tha\u00e7i traveled to Washington where he will sign the agreement between Kosovo and the MCC - President of the Republic of Kosovo - DR. VJOSA OSMANI - SADRIU -","og_url":"https:\/\/president-ksgov.net\/en\/president-thaci-traveled-to-washington-where-he-will-sign-the-agreement-between-kosovo-and-the-mcc\/","og_site_name":"President of the Republic of Kosovo - DR. VJOSA OSMANI - SADRIU","article_published_time":"2017-09-10T18:12:31+00:00","article_modified_time":"2023-03-07T09:39:36+00:00","og_image":[{"width":960,"height":640,"url":"https:\/\/president-ksgov.net\/wp-content\/uploads\/10_09_2017_1176805_22_06_2017_2411470_31_05_2017_6661955_foto_.jpg","type":"image\/jpeg"}],"author":"admin","twitter_card":"summary_large_image","twitter_misc":{"Written by":"admin","Est. reading time":"1 minute"},"schema":{"@context":"https:\/\/schema.org","@graph":[{"@type":"WebPage","@id":"https:\/\/president-ksgov.net\/en\/president-thaci-traveled-to-washington-where-he-will-sign-the-agreement-between-kosovo-and-the-mcc\/","url":"https:\/\/president-ksgov.net\/en\/president-thaci-traveled-to-washington-where-he-will-sign-the-agreement-between-kosovo-and-the-mcc\/","name":"President Tha\u00e7i traveled to Washington where he will sign the agreement between Kosovo and the MCC - President of the Republic of Kosovo - DR. VJOSA OSMANI - SADRIU","isPartOf":{"@id":"https:\/\/president-ksgov.net\/#website"},"primaryImageOfPage":{"@id":"https:\/\/president-ksgov.net\/en\/president-thaci-traveled-to-washington-where-he-will-sign-the-agreement-between-kosovo-and-the-mcc\/#primaryimage"},"image":{"@id":"https:\/\/president-ksgov.net\/en\/president-thaci-traveled-to-washington-where-he-will-sign-the-agreement-between-kosovo-and-the-mcc\/#primaryimage"},"thumbnailUrl":"https:\/\/president-ksgov.net\/wp-content\/uploads\/10_09_2017_1176805_22_06_2017_2411470_31_05_2017_6661955_foto_.jpg","datePublished":"2017-09-10T18:12:31+00:00","dateModified":"2023-03-07T09:39:36+00:00","author":{"@id":"https:\/\/president-ksgov.net\/#\/schema\/person\/bb4337a5fb147cb2046d80548172cbee"},"description":"President Tha\u00e7i traveled to Washington where he will sign the agreement between Kosovo and the MCC - President of the Republic of Kosovo - DR. VJOSA OSMANI - SADRIU -","breadcrumb":{"@id":"https:\/\/president-ksgov.net\/en\/president-thaci-traveled-to-washington-where-he-will-sign-the-agreement-between-kosovo-and-the-mcc\/#breadcrumb"},"inLanguage":"en-US","potentialAction":[{"@type":"ReadAction","target":["https:\/\/president-ksgov.net\/en\/president-thaci-traveled-to-washington-where-he-will-sign-the-agreement-between-kosovo-and-the-mcc\/"]}]},{"@type":"ImageObject","inLanguage":"en-US","@id":"https:\/\/president-ksgov.net\/en\/president-thaci-traveled-to-washington-where-he-will-sign-the-agreement-between-kosovo-and-the-mcc\/#primaryimage","url":"https:\/\/president-ksgov.net\/wp-content\/uploads\/10_09_2017_1176805_22_06_2017_2411470_31_05_2017_6661955_foto_.jpg","contentUrl":"https:\/\/president-ksgov.net\/wp-content\/uploads\/10_09_2017_1176805_22_06_2017_2411470_31_05_2017_6661955_foto_.jpg","width":960,"height":640},{"@type":"BreadcrumbList","@id":"https:\/\/president-ksgov.net\/en\/president-thaci-traveled-to-washington-where-he-will-sign-the-agreement-between-kosovo-and-the-mcc\/#breadcrumb","itemListElement":[{"@type":"ListItem","position":1,"name":"Home","item":"https:\/\/president-ksgov.net\/en\/"},{"@type":"ListItem","position":2,"name":"President Tha\u00e7i traveled to Washington where he will sign the agreement between Kosovo and the MCC"}]},{"@type":"WebSite","@id":"https:\/\/president-ksgov.net\/#website","url":"https:\/\/president-ksgov.net\/","name":"Presidente e Republik\u00ebs s\u00eb Kosov\u00ebs","description":"Presidente e Republik\u00ebs s\u00eb Kosov\u00ebs","alternateName":"DR. VJOSA OSMANI - SADRIU","potentialAction":[{"@type":"SearchAction","target":{"@type":"EntryPoint","urlTemplate":"https:\/\/president-ksgov.net\/?s={search_term_string}"},"query-input":{"@type":"PropertyValueSpecification","valueRequired":true,"valueName":"search_term_string"}}],"inLanguage":"en-US"},{"@type":"Person","@id":"https:\/\/president-ksgov.net\/#\/schema\/person\/bb4337a5fb147cb2046d80548172cbee","name":"admin","image":{"@type":"ImageObject","inLanguage":"en-US","@id":"https:\/\/president-ksgov.net\/#\/schema\/person\/image\/","url":"https:\/\/secure.gravatar.com\/avatar\/36156ca0fa3b8d9d25174f146e16beea0cf28f37adf1b9e19b6c9c279a7c9dd3?s=96&d=mm&r=g","contentUrl":"https:\/\/secure.gravatar.com\/avatar\/36156ca0fa3b8d9d25174f146e16beea0cf28f37adf1b9e19b6c9c279a7c9dd3?s=96&d=mm&r=g","caption":"admin"},"sameAs":["https:\/\/president-ksgov.net"]}]}},"_links":{"self":[{"href":"https:\/\/president-ksgov.net\/en\/wp-json\/wp\/v2\/posts\/68552","targetHints":{"allow":["GET"]}}],"collection":[{"href":"https:\/\/president-ksgov.net\/en\/wp-json\/wp\/v2\/posts"}],"about":[{"href":"https:\/\/president-ksgov.net\/en\/wp-json\/wp\/v2\/types\/post"}],"author":[{"embeddable":true,"href":"https:\/\/president-ksgov.net\/en\/wp-json\/wp\/v2\/users\/1"}],"replies":[{"embeddable":true,"href":"https:\/\/president-ksgov.net\/en\/wp-json\/wp\/v2\/comments?post=68552"}],"version-history":[{"count":0,"href":"https:\/\/president-ksgov.net\/en\/wp-json\/wp\/v2\/posts\/68552\/revisions"}],"wp:featuredmedia":[{"embeddable":true,"href":"https:\/\/president-ksgov.net\/en\/wp-json\/wp\/v2\/media\/29893"}],"wp:attachment":[{"href":"https:\/\/president-ksgov.net\/en\/wp-json\/wp\/v2\/media?parent=68552"}],"wp:term":[{"taxonomy":"category","embeddable":true,"href":"https:\/\/president-ksgov.net\/en\/wp-json\/wp\/v2\/categories?post=68552"},{"taxonomy":"post_tag","embeddable":true,"href":"https:\/\/president-ksgov.net\/en\/wp-json\/wp\/v2\/tags?post=68552"}],"curies":[{"name":"wp","href":"https:\/\/api.w.org\/{rel}","templated":true}]}}