{"id":68549,"date":"2017-09-15T11:32:30","date_gmt":"2017-09-15T11:32:30","guid":{"rendered":"https:\/\/dev.president-ksgov.net\/president-thaci-and-the-president-of-the-assembly-veseli-talk-about-the-state-priorities\/"},"modified":"2023-03-07T09:39:36","modified_gmt":"2023-03-07T09:39:36","slug":"president-thaci-and-the-president-of-the-assembly-veseli-talk-about-the-state-priorities","status":"publish","type":"post","link":"https:\/\/president-ksgov.net\/en\/president-thaci-and-the-president-of-the-assembly-veseli-talk-about-the-state-priorities\/","title":{"rendered":"President Tha\u00e7i and the President of the Assembly, Veseli, talk about the state priorities"},"content":{"rendered":"<p>The President of Kosovo, Hashim Tha\u00e7i, received in the first meeting the President of the Assembly of Kosovo, Kadri Veseli, after his re-election.<\/p>\n<p>President Tha\u00e7i expressed the best wishes for the re-election of President Veseli as Head of the Assembly for another mandate.<\/p>\n<p>He stressed that the completing of Kosovo\u2019s key institutions, following the outcome of the latest parliamentary elections, is a democratic achievement.<\/p>\n<p>It was a common opinion that great work and challenges are awaiting Kosovo to advance the agenda of economic development and integration into Euro-Atlantic institutions.<\/p>\n<p>President Tha\u00e7i guaranteed the cooperation and coordination of nationally important agendas between the Presidency, the Assembly, the Government and the opposition parties.<\/p>\n<p>The President of the Assembly of Kosovo, Kadri Veseli, stressed the determination to work towards the deepening of democratic reforms, the advancing of the legislation in accordance with Kosovo\u2019s interests and the deepening of the co-operation of parliamentary entities.<\/p>\n","protected":false},"excerpt":{"rendered":"<p>The President of Kosovo, Hashim Tha\u00e7i, received in the first meeting the President of the Assembly of Kosovo, Kadri Veseli, after his re-election.<\/p>\n","protected":false},"author":1,"featured_media":29851,"comment_status":"open","ping_status":"closed","sticky":false,"template":"","format":"standard","meta":{"_eb_attr":"","footnotes":""},"categories":[111],"tags":[],"class_list":["post-68549","post","type-post","status-publish","format-standard","has-post-thumbnail","hentry","category-news"],"yoast_head":"<!-- This site is optimized with the Yoast SEO plugin v23.5 - https:\/\/yoast.com\/wordpress\/plugins\/seo\/ -->\n<title>President Tha\u00e7i and the President of the Assembly, Veseli, talk about the state priorities - President of the Republic of Kosovo - DR. VJOSA OSMANI - SADRIU<\/title>\n<meta name=\"description\" content=\"President Tha\u00e7i and the President of the Assembly, Veseli, talk about the state priorities - President of the Republic of Kosovo - DR. VJOSA OSMANI - SADRIU -\" \/>\n<meta name=\"robots\" content=\"index, follow, max-snippet:-1, max-image-preview:large, max-video-preview:-1\" \/>\n<link rel=\"canonical\" href=\"https:\/\/president-ksgov.net\/en\/president-thaci-and-the-president-of-the-assembly-veseli-talk-about-the-state-priorities\/\" \/>\n<meta property=\"og:locale\" content=\"en_US\" \/>\n<meta property=\"og:type\" content=\"article\" \/>\n<meta property=\"og:title\" content=\"President Tha\u00e7i and the President of the Assembly, Veseli, talk about the state priorities - President of the Republic of Kosovo - DR. VJOSA OSMANI - SADRIU\" \/>\n<meta property=\"og:description\" content=\"President Tha\u00e7i and the President of the Assembly, Veseli, talk about the state priorities - President of the Republic of Kosovo - DR. VJOSA OSMANI - SADRIU -\" \/>\n<meta property=\"og:url\" content=\"https:\/\/president-ksgov.net\/en\/president-thaci-and-the-president-of-the-assembly-veseli-talk-about-the-state-priorities\/\" \/>\n<meta property=\"og:site_name\" content=\"President of the Republic of Kosovo - DR. VJOSA OSMANI - SADRIU\" \/>\n<meta property=\"article:published_time\" content=\"2017-09-15T11:32:30+00:00\" \/>\n<meta property=\"article:modified_time\" content=\"2023-03-07T09:39:36+00:00\" \/>\n<meta property=\"og:image\" content=\"https:\/\/president-ksgov.net\/wp-content\/uploads\/15_09_2017_4548174_Thaqi_Veseli_foto_Petrit_Prenaj__1_-scaled.jpg\" \/>\n\t<meta property=\"og:image:width\" content=\"2560\" \/>\n\t<meta property=\"og:image:height\" content=\"1707\" \/>\n\t<meta property=\"og:image:type\" content=\"image\/jpeg\" \/>\n<meta name=\"author\" content=\"admin\" \/>\n<meta name=\"twitter:card\" content=\"summary_large_image\" \/>\n<meta name=\"twitter:label1\" content=\"Written by\" \/>\n\t<meta name=\"twitter:data1\" content=\"admin\" \/>\n\t<meta name=\"twitter:label2\" content=\"Est. reading time\" \/>\n\t<meta name=\"twitter:data2\" content=\"1 minute\" \/>\n<script type=\"application\/ld+json\" class=\"yoast-schema-graph\">{\"@context\":\"https:\/\/schema.org\",\"@graph\":[{\"@type\":\"WebPage\",\"@id\":\"https:\/\/president-ksgov.net\/en\/president-thaci-and-the-president-of-the-assembly-veseli-talk-about-the-state-priorities\/\",\"url\":\"https:\/\/president-ksgov.net\/en\/president-thaci-and-the-president-of-the-assembly-veseli-talk-about-the-state-priorities\/\",\"name\":\"President Tha\u00e7i and the President of the Assembly, Veseli, talk about the state priorities - President of the Republic of Kosovo - DR. VJOSA OSMANI - SADRIU\",\"isPartOf\":{\"@id\":\"https:\/\/president-ksgov.net\/#website\"},\"primaryImageOfPage\":{\"@id\":\"https:\/\/president-ksgov.net\/en\/president-thaci-and-the-president-of-the-assembly-veseli-talk-about-the-state-priorities\/#primaryimage\"},\"image\":{\"@id\":\"https:\/\/president-ksgov.net\/en\/president-thaci-and-the-president-of-the-assembly-veseli-talk-about-the-state-priorities\/#primaryimage\"},\"thumbnailUrl\":\"https:\/\/president-ksgov.net\/wp-content\/uploads\/15_09_2017_4548174_Thaqi_Veseli_foto_Petrit_Prenaj__1_-scaled.jpg\",\"datePublished\":\"2017-09-15T11:32:30+00:00\",\"dateModified\":\"2023-03-07T09:39:36+00:00\",\"author\":{\"@id\":\"https:\/\/president-ksgov.net\/#\/schema\/person\/bb4337a5fb147cb2046d80548172cbee\"},\"description\":\"President Tha\u00e7i and the President of the Assembly, Veseli, talk about the state priorities - President of the Republic of Kosovo - DR. VJOSA OSMANI - SADRIU -\",\"breadcrumb\":{\"@id\":\"https:\/\/president-ksgov.net\/en\/president-thaci-and-the-president-of-the-assembly-veseli-talk-about-the-state-priorities\/#breadcrumb\"},\"inLanguage\":\"en-US\",\"potentialAction\":[{\"@type\":\"ReadAction\",\"target\":[\"https:\/\/president-ksgov.net\/en\/president-thaci-and-the-president-of-the-assembly-veseli-talk-about-the-state-priorities\/\"]}]},{\"@type\":\"ImageObject\",\"inLanguage\":\"en-US\",\"@id\":\"https:\/\/president-ksgov.net\/en\/president-thaci-and-the-president-of-the-assembly-veseli-talk-about-the-state-priorities\/#primaryimage\",\"url\":\"https:\/\/president-ksgov.net\/wp-content\/uploads\/15_09_2017_4548174_Thaqi_Veseli_foto_Petrit_Prenaj__1_-scaled.jpg\",\"contentUrl\":\"https:\/\/president-ksgov.net\/wp-content\/uploads\/15_09_2017_4548174_Thaqi_Veseli_foto_Petrit_Prenaj__1_-scaled.jpg\",\"width\":2560,\"height\":1707},{\"@type\":\"BreadcrumbList\",\"@id\":\"https:\/\/president-ksgov.net\/en\/president-thaci-and-the-president-of-the-assembly-veseli-talk-about-the-state-priorities\/#breadcrumb\",\"itemListElement\":[{\"@type\":\"ListItem\",\"position\":1,\"name\":\"Home\",\"item\":\"https:\/\/president-ksgov.net\/en\/\"},{\"@type\":\"ListItem\",\"position\":2,\"name\":\"President Tha\u00e7i and the President of the Assembly, Veseli, talk about the state priorities\"}]},{\"@type\":\"WebSite\",\"@id\":\"https:\/\/president-ksgov.net\/#website\",\"url\":\"https:\/\/president-ksgov.net\/\",\"name\":\"Presidente e Republik\u00ebs s\u00eb Kosov\u00ebs\",\"description\":\"Presidente e Republik\u00ebs s\u00eb Kosov\u00ebs\",\"alternateName\":\"DR. VJOSA OSMANI - SADRIU\",\"potentialAction\":[{\"@type\":\"SearchAction\",\"target\":{\"@type\":\"EntryPoint\",\"urlTemplate\":\"https:\/\/president-ksgov.net\/?s={search_term_string}\"},\"query-input\":{\"@type\":\"PropertyValueSpecification\",\"valueRequired\":true,\"valueName\":\"search_term_string\"}}],\"inLanguage\":\"en-US\"},{\"@type\":\"Person\",\"@id\":\"https:\/\/president-ksgov.net\/#\/schema\/person\/bb4337a5fb147cb2046d80548172cbee\",\"name\":\"admin\",\"image\":{\"@type\":\"ImageObject\",\"inLanguage\":\"en-US\",\"@id\":\"https:\/\/president-ksgov.net\/#\/schema\/person\/image\/\",\"url\":\"https:\/\/secure.gravatar.com\/avatar\/36156ca0fa3b8d9d25174f146e16beea0cf28f37adf1b9e19b6c9c279a7c9dd3?s=96&d=mm&r=g\",\"contentUrl\":\"https:\/\/secure.gravatar.com\/avatar\/36156ca0fa3b8d9d25174f146e16beea0cf28f37adf1b9e19b6c9c279a7c9dd3?s=96&d=mm&r=g\",\"caption\":\"admin\"},\"sameAs\":[\"https:\/\/president-ksgov.net\"]}]}<\/script>\n<!-- \/ Yoast SEO plugin. -->","yoast_head_json":{"title":"President Tha\u00e7i and the President of the Assembly, Veseli, talk about the state priorities - President of the Republic of Kosovo - DR. VJOSA OSMANI - SADRIU","description":"President Tha\u00e7i and the President of the Assembly, Veseli, talk about the state priorities - President of the Republic of Kosovo - DR. VJOSA OSMANI - SADRIU -","robots":{"index":"index","follow":"follow","max-snippet":"max-snippet:-1","max-image-preview":"max-image-preview:large","max-video-preview":"max-video-preview:-1"},"canonical":"https:\/\/president-ksgov.net\/en\/president-thaci-and-the-president-of-the-assembly-veseli-talk-about-the-state-priorities\/","og_locale":"en_US","og_type":"article","og_title":"President Tha\u00e7i and the President of the Assembly, Veseli, talk about the state priorities - President of the Republic of Kosovo - DR. VJOSA OSMANI - SADRIU","og_description":"President Tha\u00e7i and the President of the Assembly, Veseli, talk about the state priorities - President of the Republic of Kosovo - DR. VJOSA OSMANI - SADRIU -","og_url":"https:\/\/president-ksgov.net\/en\/president-thaci-and-the-president-of-the-assembly-veseli-talk-about-the-state-priorities\/","og_site_name":"President of the Republic of Kosovo - DR. VJOSA OSMANI - SADRIU","article_published_time":"2017-09-15T11:32:30+00:00","article_modified_time":"2023-03-07T09:39:36+00:00","og_image":[{"width":2560,"height":1707,"url":"https:\/\/president-ksgov.net\/wp-content\/uploads\/15_09_2017_4548174_Thaqi_Veseli_foto_Petrit_Prenaj__1_-scaled.jpg","type":"image\/jpeg"}],"author":"admin","twitter_card":"summary_large_image","twitter_misc":{"Written by":"admin","Est. reading time":"1 minute"},"schema":{"@context":"https:\/\/schema.org","@graph":[{"@type":"WebPage","@id":"https:\/\/president-ksgov.net\/en\/president-thaci-and-the-president-of-the-assembly-veseli-talk-about-the-state-priorities\/","url":"https:\/\/president-ksgov.net\/en\/president-thaci-and-the-president-of-the-assembly-veseli-talk-about-the-state-priorities\/","name":"President Tha\u00e7i and the President of the Assembly, Veseli, talk about the state priorities - President of the Republic of Kosovo - DR. VJOSA OSMANI - SADRIU","isPartOf":{"@id":"https:\/\/president-ksgov.net\/#website"},"primaryImageOfPage":{"@id":"https:\/\/president-ksgov.net\/en\/president-thaci-and-the-president-of-the-assembly-veseli-talk-about-the-state-priorities\/#primaryimage"},"image":{"@id":"https:\/\/president-ksgov.net\/en\/president-thaci-and-the-president-of-the-assembly-veseli-talk-about-the-state-priorities\/#primaryimage"},"thumbnailUrl":"https:\/\/president-ksgov.net\/wp-content\/uploads\/15_09_2017_4548174_Thaqi_Veseli_foto_Petrit_Prenaj__1_-scaled.jpg","datePublished":"2017-09-15T11:32:30+00:00","dateModified":"2023-03-07T09:39:36+00:00","author":{"@id":"https:\/\/president-ksgov.net\/#\/schema\/person\/bb4337a5fb147cb2046d80548172cbee"},"description":"President Tha\u00e7i and the President of the Assembly, Veseli, talk about the state priorities - President of the Republic of Kosovo - DR. VJOSA OSMANI - SADRIU -","breadcrumb":{"@id":"https:\/\/president-ksgov.net\/en\/president-thaci-and-the-president-of-the-assembly-veseli-talk-about-the-state-priorities\/#breadcrumb"},"inLanguage":"en-US","potentialAction":[{"@type":"ReadAction","target":["https:\/\/president-ksgov.net\/en\/president-thaci-and-the-president-of-the-assembly-veseli-talk-about-the-state-priorities\/"]}]},{"@type":"ImageObject","inLanguage":"en-US","@id":"https:\/\/president-ksgov.net\/en\/president-thaci-and-the-president-of-the-assembly-veseli-talk-about-the-state-priorities\/#primaryimage","url":"https:\/\/president-ksgov.net\/wp-content\/uploads\/15_09_2017_4548174_Thaqi_Veseli_foto_Petrit_Prenaj__1_-scaled.jpg","contentUrl":"https:\/\/president-ksgov.net\/wp-content\/uploads\/15_09_2017_4548174_Thaqi_Veseli_foto_Petrit_Prenaj__1_-scaled.jpg","width":2560,"height":1707},{"@type":"BreadcrumbList","@id":"https:\/\/president-ksgov.net\/en\/president-thaci-and-the-president-of-the-assembly-veseli-talk-about-the-state-priorities\/#breadcrumb","itemListElement":[{"@type":"ListItem","position":1,"name":"Home","item":"https:\/\/president-ksgov.net\/en\/"},{"@type":"ListItem","position":2,"name":"President Tha\u00e7i and the President of the Assembly, Veseli, talk about the state priorities"}]},{"@type":"WebSite","@id":"https:\/\/president-ksgov.net\/#website","url":"https:\/\/president-ksgov.net\/","name":"Presidente e Republik\u00ebs s\u00eb Kosov\u00ebs","description":"Presidente e Republik\u00ebs s\u00eb Kosov\u00ebs","alternateName":"DR. VJOSA OSMANI - SADRIU","potentialAction":[{"@type":"SearchAction","target":{"@type":"EntryPoint","urlTemplate":"https:\/\/president-ksgov.net\/?s={search_term_string}"},"query-input":{"@type":"PropertyValueSpecification","valueRequired":true,"valueName":"search_term_string"}}],"inLanguage":"en-US"},{"@type":"Person","@id":"https:\/\/president-ksgov.net\/#\/schema\/person\/bb4337a5fb147cb2046d80548172cbee","name":"admin","image":{"@type":"ImageObject","inLanguage":"en-US","@id":"https:\/\/president-ksgov.net\/#\/schema\/person\/image\/","url":"https:\/\/secure.gravatar.com\/avatar\/36156ca0fa3b8d9d25174f146e16beea0cf28f37adf1b9e19b6c9c279a7c9dd3?s=96&d=mm&r=g","contentUrl":"https:\/\/secure.gravatar.com\/avatar\/36156ca0fa3b8d9d25174f146e16beea0cf28f37adf1b9e19b6c9c279a7c9dd3?s=96&d=mm&r=g","caption":"admin"},"sameAs":["https:\/\/president-ksgov.net"]}]}},"_links":{"self":[{"href":"https:\/\/president-ksgov.net\/en\/wp-json\/wp\/v2\/posts\/68549","targetHints":{"allow":["GET"]}}],"collection":[{"href":"https:\/\/president-ksgov.net\/en\/wp-json\/wp\/v2\/posts"}],"about":[{"href":"https:\/\/president-ksgov.net\/en\/wp-json\/wp\/v2\/types\/post"}],"author":[{"embeddable":true,"href":"https:\/\/president-ksgov.net\/en\/wp-json\/wp\/v2\/users\/1"}],"replies":[{"embeddable":true,"href":"https:\/\/president-ksgov.net\/en\/wp-json\/wp\/v2\/comments?post=68549"}],"version-history":[{"count":0,"href":"https:\/\/president-ksgov.net\/en\/wp-json\/wp\/v2\/posts\/68549\/revisions"}],"wp:featuredmedia":[{"embeddable":true,"href":"https:\/\/president-ksgov.net\/en\/wp-json\/wp\/v2\/media\/29851"}],"wp:attachment":[{"href":"https:\/\/president-ksgov.net\/en\/wp-json\/wp\/v2\/media?parent=68549"}],"wp:term":[{"taxonomy":"category","embeddable":true,"href":"https:\/\/president-ksgov.net\/en\/wp-json\/wp\/v2\/categories?post=68549"},{"taxonomy":"post_tag","embeddable":true,"href":"https:\/\/president-ksgov.net\/en\/wp-json\/wp\/v2\/tags?post=68549"}],"curies":[{"name":"wp","href":"https:\/\/api.w.org\/{rel}","templated":true}]}}