{"id":68494,"date":"2017-10-14T14:04:55","date_gmt":"2017-10-14T14:04:55","guid":{"rendered":"https:\/\/dev.president-ksgov.net\/president-thaci-attended-the-meetings-of-gjecov-in-zym-prizren\/"},"modified":"2023-03-07T09:38:24","modified_gmt":"2023-03-07T09:38:24","slug":"president-thaci-attended-the-meetings-of-gjecov-in-zym-prizren","status":"publish","type":"post","link":"https:\/\/president-ksgov.net\/en\/president-thaci-attended-the-meetings-of-gjecov-in-zym-prizren\/","title":{"rendered":"President Tha\u00e7i attended the \u201cMeetings of Gje\u00e7ov\u201d in Zym, Prizren"},"content":{"rendered":"<p>Zym, October 14, 2017 \u2013 The President of the Republic of Kosovo, Hashim Tha\u00e7i, participated today in the 46th edition of the literary, cultural and scientific manifestation the \u201cMeetings of Gje\u00e7ov\u201d, which is being held in Zym of Has.<\/p>\n<p>On this occasion the Head os State said I am honored that today I am among you to participate in the traditional cultural manifestation the \u201cMeetings of Gje\u00e7ov\u201d, here in the legendary Zym, in this emblematic locality of Has.<\/p>\n<p>\u201cI am in the Hasi of covenant, generosity and sacrifice in all periods of Kosovo history\u201d, stressed President Tha\u00e7i.<\/p>\n<p>He further said that Zymi has a special history, because this name is related to the tireless work of the prominent patriot of the late National Renaissance phase, with the name of Shtjef\u00ebn Gje\u00e7ovi.<\/p>\n<p>\u201cAn intellectual with a rare mind, Father Shjef\u00ebn Gje\u00e7ovi, was a polyhedric figure: an archaeologist, an ethnographer, a collector of folklore, the author of several books and above all collector and organizer of the \u201cCode of Lek\u00eb Dukagjini\u201d, of this masterpiece known as the legal and customary code of Albanians for a long time\u201d, said President Tha\u00e7i, adding that Father Shtjef\u00ebn Gje\u00e7ovi belongs to the constellation of the most prominent patriots of the three decades of the beginning of the twenty-first century.<\/p>\n<p>\u201cHe was in constant contact with the ideator of the independance of Albania, Hasan Prishtina, with Ded\u00eb Gjo Luli, Bajram Curri, Azem Bejta and other patriots of the time. Therefore his progressive ideas for national unity despite religious beliefs, the spread of the Albanian book, the links with the intellectuals and the patriots of the time, made him to be assassined one day in an ambush by the anti-Albanian circles, in 1929\u201d, stressed the Head of State.<\/p>\n<p>President Tha\u00e7i among other things said that Zymi of Hasi is known as a place with a wild nature, but also as a place from where big national figures arose such as Pjet\u00ebr Bogdani, Katarina Josipi, Anton Pashku and many intellectuals, who with their work influenced the emancipation of these areas.<\/p>\n<p>\u201cThe Hasi of the grand historical, cultural and national figures opened a shining chapter in the war period of the Kosovo Liberation Army. Hasanians did not hesitate at all to join the liberation war\u201d, said President Tha\u00e7i, adding the fact that Hasi was the main artery for bringing armaments into Kosovo, but also of freedom fighters.<\/p>\n<p>\u201cHasi was the battlefield of great wars. Hasi was this arena of battlefields that also urged the international community to think seriously about Kosovo\u201d, added the Head os State, pointing out that \u201cToday, in front of the legendary Pashtriku Mountains, we remember with respect and bend before all the martyrs of Hasi fallen for the freedom and independence of the country\u201d.<\/p>\n<p>He further thanked all the inhabitants of Has for the care and support shown to the fighters of the Kosovo Liberation Army.<\/p>\n<p>\u201cI would like that on personal level but also on an institutional level, to extend my gratitude to each of you, every family here, who cared for all the fighters of the Kosovo Liberation Army, who opened your homes, who showed your generousity and showed your bravery\u201d, said President Tha\u00e7i.<\/p>\n<p>He among other things said that \u201cI am a witness of your efforts in your village, in rainy weather, with snow &#8230; day, night &#8230; but your will, hope, optimism, your courage finally won over the repression of the Serbian army and police. Hasi and Zymi are therefore emblems of the freedom and independence of Kosovo\u201d, said President Tha\u00e7i.<\/p>\n<p>In the end, the Head of State said that there is no way to not give consideration to all those intellectuals and activists who kept alive the literary and cultural manifestation the \u201cMeetings of Gje\u00e7ov\u201d.<\/p>\n<p>\u00a0<\/p>\n","protected":false},"excerpt":{"rendered":"<p>Zym, October 14, 2017 \u2013 The President of the Republic of Kosovo, Hashim Tha\u00e7i, participated today in the 46th edition of the literary, cultural and scientific manifestation the \u201cMeetings of Gje\u00e7ov\u201d, which is being held in Zym of Has.<\/p>\n","protected":false},"author":1,"featured_media":29481,"comment_status":"open","ping_status":"closed","sticky":false,"template":"","format":"standard","meta":{"_eb_attr":"","footnotes":""},"categories":[111],"tags":[],"class_list":["post-68494","post","type-post","status-publish","format-standard","has-post-thumbnail","hentry","category-news"],"yoast_head":"<!-- This site is optimized with the Yoast SEO plugin v23.5 - https:\/\/yoast.com\/wordpress\/plugins\/seo\/ -->\n<title>President Tha\u00e7i attended the \u201cMeetings of Gje\u00e7ov\u201d in Zym, Prizren - President of the Republic of Kosovo - DR. VJOSA OSMANI - SADRIU<\/title>\n<meta name=\"description\" content=\"President Tha\u00e7i attended the \u201cMeetings of Gje\u00e7ov\u201d in Zym, Prizren - President of the Republic of Kosovo - DR. VJOSA OSMANI - SADRIU -\" \/>\n<meta name=\"robots\" content=\"index, follow, max-snippet:-1, max-image-preview:large, max-video-preview:-1\" \/>\n<link rel=\"canonical\" href=\"https:\/\/president-ksgov.net\/en\/president-thaci-attended-the-meetings-of-gjecov-in-zym-prizren\/\" \/>\n<meta property=\"og:locale\" content=\"en_US\" \/>\n<meta property=\"og:type\" content=\"article\" \/>\n<meta property=\"og:title\" content=\"President Tha\u00e7i attended the \u201cMeetings of Gje\u00e7ov\u201d in Zym, Prizren - President of the Republic of Kosovo - DR. VJOSA OSMANI - SADRIU\" \/>\n<meta property=\"og:description\" content=\"President Tha\u00e7i attended the \u201cMeetings of Gje\u00e7ov\u201d in Zym, Prizren - President of the Republic of Kosovo - DR. VJOSA OSMANI - SADRIU -\" \/>\n<meta property=\"og:url\" content=\"https:\/\/president-ksgov.net\/en\/president-thaci-attended-the-meetings-of-gjecov-in-zym-prizren\/\" \/>\n<meta property=\"og:site_name\" content=\"President of the Republic of Kosovo - DR. VJOSA OSMANI - SADRIU\" \/>\n<meta property=\"article:published_time\" content=\"2017-10-14T14:04:55+00:00\" \/>\n<meta property=\"article:modified_time\" content=\"2023-03-07T09:38:24+00:00\" \/>\n<meta property=\"og:image\" content=\"https:\/\/president-ksgov.net\/wp-content\/uploads\/14_10_2017_9424268_zym_2-scaled.jpg\" \/>\n\t<meta property=\"og:image:width\" content=\"1704\" \/>\n\t<meta property=\"og:image:height\" content=\"2560\" \/>\n\t<meta property=\"og:image:type\" content=\"image\/jpeg\" \/>\n<meta name=\"author\" content=\"admin\" \/>\n<meta name=\"twitter:card\" content=\"summary_large_image\" \/>\n<meta name=\"twitter:label1\" content=\"Written by\" \/>\n\t<meta name=\"twitter:data1\" content=\"admin\" \/>\n\t<meta name=\"twitter:label2\" content=\"Est. reading time\" \/>\n\t<meta name=\"twitter:data2\" content=\"3 minutes\" \/>\n<script type=\"application\/ld+json\" class=\"yoast-schema-graph\">{\"@context\":\"https:\/\/schema.org\",\"@graph\":[{\"@type\":\"WebPage\",\"@id\":\"https:\/\/president-ksgov.net\/en\/president-thaci-attended-the-meetings-of-gjecov-in-zym-prizren\/\",\"url\":\"https:\/\/president-ksgov.net\/en\/president-thaci-attended-the-meetings-of-gjecov-in-zym-prizren\/\",\"name\":\"President Tha\u00e7i attended the \u201cMeetings of Gje\u00e7ov\u201d in Zym, Prizren - President of the Republic of Kosovo - DR. VJOSA OSMANI - SADRIU\",\"isPartOf\":{\"@id\":\"https:\/\/president-ksgov.net\/#website\"},\"primaryImageOfPage\":{\"@id\":\"https:\/\/president-ksgov.net\/en\/president-thaci-attended-the-meetings-of-gjecov-in-zym-prizren\/#primaryimage\"},\"image\":{\"@id\":\"https:\/\/president-ksgov.net\/en\/president-thaci-attended-the-meetings-of-gjecov-in-zym-prizren\/#primaryimage\"},\"thumbnailUrl\":\"https:\/\/president-ksgov.net\/wp-content\/uploads\/14_10_2017_9424268_zym_2-scaled.jpg\",\"datePublished\":\"2017-10-14T14:04:55+00:00\",\"dateModified\":\"2023-03-07T09:38:24+00:00\",\"author\":{\"@id\":\"https:\/\/president-ksgov.net\/#\/schema\/person\/bb4337a5fb147cb2046d80548172cbee\"},\"description\":\"President Tha\u00e7i attended the \u201cMeetings of Gje\u00e7ov\u201d in Zym, Prizren - President of the Republic of Kosovo - DR. VJOSA OSMANI - SADRIU -\",\"breadcrumb\":{\"@id\":\"https:\/\/president-ksgov.net\/en\/president-thaci-attended-the-meetings-of-gjecov-in-zym-prizren\/#breadcrumb\"},\"inLanguage\":\"en-US\",\"potentialAction\":[{\"@type\":\"ReadAction\",\"target\":[\"https:\/\/president-ksgov.net\/en\/president-thaci-attended-the-meetings-of-gjecov-in-zym-prizren\/\"]}]},{\"@type\":\"ImageObject\",\"inLanguage\":\"en-US\",\"@id\":\"https:\/\/president-ksgov.net\/en\/president-thaci-attended-the-meetings-of-gjecov-in-zym-prizren\/#primaryimage\",\"url\":\"https:\/\/president-ksgov.net\/wp-content\/uploads\/14_10_2017_9424268_zym_2-scaled.jpg\",\"contentUrl\":\"https:\/\/president-ksgov.net\/wp-content\/uploads\/14_10_2017_9424268_zym_2-scaled.jpg\",\"width\":1704,\"height\":2560},{\"@type\":\"BreadcrumbList\",\"@id\":\"https:\/\/president-ksgov.net\/en\/president-thaci-attended-the-meetings-of-gjecov-in-zym-prizren\/#breadcrumb\",\"itemListElement\":[{\"@type\":\"ListItem\",\"position\":1,\"name\":\"Home\",\"item\":\"https:\/\/president-ksgov.net\/en\/\"},{\"@type\":\"ListItem\",\"position\":2,\"name\":\"President Tha\u00e7i attended the \u201cMeetings of Gje\u00e7ov\u201d in Zym, Prizren\"}]},{\"@type\":\"WebSite\",\"@id\":\"https:\/\/president-ksgov.net\/#website\",\"url\":\"https:\/\/president-ksgov.net\/\",\"name\":\"Presidente e Republik\u00ebs s\u00eb Kosov\u00ebs\",\"description\":\"Presidente e Republik\u00ebs s\u00eb Kosov\u00ebs\",\"alternateName\":\"DR. VJOSA OSMANI - SADRIU\",\"potentialAction\":[{\"@type\":\"SearchAction\",\"target\":{\"@type\":\"EntryPoint\",\"urlTemplate\":\"https:\/\/president-ksgov.net\/?s={search_term_string}\"},\"query-input\":{\"@type\":\"PropertyValueSpecification\",\"valueRequired\":true,\"valueName\":\"search_term_string\"}}],\"inLanguage\":\"en-US\"},{\"@type\":\"Person\",\"@id\":\"https:\/\/president-ksgov.net\/#\/schema\/person\/bb4337a5fb147cb2046d80548172cbee\",\"name\":\"admin\",\"image\":{\"@type\":\"ImageObject\",\"inLanguage\":\"en-US\",\"@id\":\"https:\/\/president-ksgov.net\/#\/schema\/person\/image\/\",\"url\":\"https:\/\/secure.gravatar.com\/avatar\/36156ca0fa3b8d9d25174f146e16beea0cf28f37adf1b9e19b6c9c279a7c9dd3?s=96&d=mm&r=g\",\"contentUrl\":\"https:\/\/secure.gravatar.com\/avatar\/36156ca0fa3b8d9d25174f146e16beea0cf28f37adf1b9e19b6c9c279a7c9dd3?s=96&d=mm&r=g\",\"caption\":\"admin\"},\"sameAs\":[\"https:\/\/president-ksgov.net\"]}]}<\/script>\n<!-- \/ Yoast SEO plugin. -->","yoast_head_json":{"title":"President Tha\u00e7i attended the \u201cMeetings of Gje\u00e7ov\u201d in Zym, Prizren - President of the Republic of Kosovo - DR. VJOSA OSMANI - SADRIU","description":"President Tha\u00e7i attended the \u201cMeetings of Gje\u00e7ov\u201d in Zym, Prizren - President of the Republic of Kosovo - DR. VJOSA OSMANI - SADRIU -","robots":{"index":"index","follow":"follow","max-snippet":"max-snippet:-1","max-image-preview":"max-image-preview:large","max-video-preview":"max-video-preview:-1"},"canonical":"https:\/\/president-ksgov.net\/en\/president-thaci-attended-the-meetings-of-gjecov-in-zym-prizren\/","og_locale":"en_US","og_type":"article","og_title":"President Tha\u00e7i attended the \u201cMeetings of Gje\u00e7ov\u201d in Zym, Prizren - President of the Republic of Kosovo - DR. VJOSA OSMANI - SADRIU","og_description":"President Tha\u00e7i attended the \u201cMeetings of Gje\u00e7ov\u201d in Zym, Prizren - President of the Republic of Kosovo - DR. VJOSA OSMANI - SADRIU -","og_url":"https:\/\/president-ksgov.net\/en\/president-thaci-attended-the-meetings-of-gjecov-in-zym-prizren\/","og_site_name":"President of the Republic of Kosovo - DR. VJOSA OSMANI - SADRIU","article_published_time":"2017-10-14T14:04:55+00:00","article_modified_time":"2023-03-07T09:38:24+00:00","og_image":[{"width":1704,"height":2560,"url":"https:\/\/president-ksgov.net\/wp-content\/uploads\/14_10_2017_9424268_zym_2-scaled.jpg","type":"image\/jpeg"}],"author":"admin","twitter_card":"summary_large_image","twitter_misc":{"Written by":"admin","Est. reading time":"3 minutes"},"schema":{"@context":"https:\/\/schema.org","@graph":[{"@type":"WebPage","@id":"https:\/\/president-ksgov.net\/en\/president-thaci-attended-the-meetings-of-gjecov-in-zym-prizren\/","url":"https:\/\/president-ksgov.net\/en\/president-thaci-attended-the-meetings-of-gjecov-in-zym-prizren\/","name":"President Tha\u00e7i attended the \u201cMeetings of Gje\u00e7ov\u201d in Zym, Prizren - President of the Republic of Kosovo - DR. VJOSA OSMANI - SADRIU","isPartOf":{"@id":"https:\/\/president-ksgov.net\/#website"},"primaryImageOfPage":{"@id":"https:\/\/president-ksgov.net\/en\/president-thaci-attended-the-meetings-of-gjecov-in-zym-prizren\/#primaryimage"},"image":{"@id":"https:\/\/president-ksgov.net\/en\/president-thaci-attended-the-meetings-of-gjecov-in-zym-prizren\/#primaryimage"},"thumbnailUrl":"https:\/\/president-ksgov.net\/wp-content\/uploads\/14_10_2017_9424268_zym_2-scaled.jpg","datePublished":"2017-10-14T14:04:55+00:00","dateModified":"2023-03-07T09:38:24+00:00","author":{"@id":"https:\/\/president-ksgov.net\/#\/schema\/person\/bb4337a5fb147cb2046d80548172cbee"},"description":"President Tha\u00e7i attended the \u201cMeetings of Gje\u00e7ov\u201d in Zym, Prizren - President of the Republic of Kosovo - DR. VJOSA OSMANI - SADRIU -","breadcrumb":{"@id":"https:\/\/president-ksgov.net\/en\/president-thaci-attended-the-meetings-of-gjecov-in-zym-prizren\/#breadcrumb"},"inLanguage":"en-US","potentialAction":[{"@type":"ReadAction","target":["https:\/\/president-ksgov.net\/en\/president-thaci-attended-the-meetings-of-gjecov-in-zym-prizren\/"]}]},{"@type":"ImageObject","inLanguage":"en-US","@id":"https:\/\/president-ksgov.net\/en\/president-thaci-attended-the-meetings-of-gjecov-in-zym-prizren\/#primaryimage","url":"https:\/\/president-ksgov.net\/wp-content\/uploads\/14_10_2017_9424268_zym_2-scaled.jpg","contentUrl":"https:\/\/president-ksgov.net\/wp-content\/uploads\/14_10_2017_9424268_zym_2-scaled.jpg","width":1704,"height":2560},{"@type":"BreadcrumbList","@id":"https:\/\/president-ksgov.net\/en\/president-thaci-attended-the-meetings-of-gjecov-in-zym-prizren\/#breadcrumb","itemListElement":[{"@type":"ListItem","position":1,"name":"Home","item":"https:\/\/president-ksgov.net\/en\/"},{"@type":"ListItem","position":2,"name":"President Tha\u00e7i attended the \u201cMeetings of Gje\u00e7ov\u201d in Zym, Prizren"}]},{"@type":"WebSite","@id":"https:\/\/president-ksgov.net\/#website","url":"https:\/\/president-ksgov.net\/","name":"Presidente e Republik\u00ebs s\u00eb Kosov\u00ebs","description":"Presidente e Republik\u00ebs s\u00eb Kosov\u00ebs","alternateName":"DR. VJOSA OSMANI - SADRIU","potentialAction":[{"@type":"SearchAction","target":{"@type":"EntryPoint","urlTemplate":"https:\/\/president-ksgov.net\/?s={search_term_string}"},"query-input":{"@type":"PropertyValueSpecification","valueRequired":true,"valueName":"search_term_string"}}],"inLanguage":"en-US"},{"@type":"Person","@id":"https:\/\/president-ksgov.net\/#\/schema\/person\/bb4337a5fb147cb2046d80548172cbee","name":"admin","image":{"@type":"ImageObject","inLanguage":"en-US","@id":"https:\/\/president-ksgov.net\/#\/schema\/person\/image\/","url":"https:\/\/secure.gravatar.com\/avatar\/36156ca0fa3b8d9d25174f146e16beea0cf28f37adf1b9e19b6c9c279a7c9dd3?s=96&d=mm&r=g","contentUrl":"https:\/\/secure.gravatar.com\/avatar\/36156ca0fa3b8d9d25174f146e16beea0cf28f37adf1b9e19b6c9c279a7c9dd3?s=96&d=mm&r=g","caption":"admin"},"sameAs":["https:\/\/president-ksgov.net"]}]}},"_links":{"self":[{"href":"https:\/\/president-ksgov.net\/en\/wp-json\/wp\/v2\/posts\/68494","targetHints":{"allow":["GET"]}}],"collection":[{"href":"https:\/\/president-ksgov.net\/en\/wp-json\/wp\/v2\/posts"}],"about":[{"href":"https:\/\/president-ksgov.net\/en\/wp-json\/wp\/v2\/types\/post"}],"author":[{"embeddable":true,"href":"https:\/\/president-ksgov.net\/en\/wp-json\/wp\/v2\/users\/1"}],"replies":[{"embeddable":true,"href":"https:\/\/president-ksgov.net\/en\/wp-json\/wp\/v2\/comments?post=68494"}],"version-history":[{"count":0,"href":"https:\/\/president-ksgov.net\/en\/wp-json\/wp\/v2\/posts\/68494\/revisions"}],"wp:featuredmedia":[{"embeddable":true,"href":"https:\/\/president-ksgov.net\/en\/wp-json\/wp\/v2\/media\/29481"}],"wp:attachment":[{"href":"https:\/\/president-ksgov.net\/en\/wp-json\/wp\/v2\/media?parent=68494"}],"wp:term":[{"taxonomy":"category","embeddable":true,"href":"https:\/\/president-ksgov.net\/en\/wp-json\/wp\/v2\/categories?post=68494"},{"taxonomy":"post_tag","embeddable":true,"href":"https:\/\/president-ksgov.net\/en\/wp-json\/wp\/v2\/tags?post=68494"}],"curies":[{"name":"wp","href":"https:\/\/api.w.org\/{rel}","templated":true}]}}