{"id":68487,"date":"2017-10-20T14:11:10","date_gmt":"2017-10-20T14:11:10","guid":{"rendered":"https:\/\/dev.president-ksgov.net\/president-thaci-received-the-head-of-the-eu-monitoring-mission-alojz-peterle\/"},"modified":"2023-03-07T09:38:24","modified_gmt":"2023-03-07T09:38:24","slug":"president-thaci-received-the-head-of-the-eu-monitoring-mission-alojz-peterle","status":"publish","type":"post","link":"https:\/\/president-ksgov.net\/en\/president-thaci-received-the-head-of-the-eu-monitoring-mission-alojz-peterle\/","title":{"rendered":"President Tha\u00e7i received the Head of the EU Monitoring Mission, Alojz Peterle"},"content":{"rendered":"<p>Prishtina, October 20 \u2013 The President of the Republic of Kosovo, Hashim Tha\u00e7i, received today the Head of the EU Observation Mission on the elections in Kosovo, Alojz Peterle, with whom he talked about the preparations for the local elections to be held in Kosovo this Sunday.<\/p>\n<p>President Tha\u00e7i expressed his gratitude for the readiness of the EU to monitor the local elections, for which the President expressed his conviction that they will be held in a democratic spirit.<\/p>\n<p>\u201cKosovo has already proven that it knows how to organize free, fair and democratic elections, accepted by all political parties and the international community. We will prove this tradition again on Sunday\u201d, stressed the President.<\/p>\n<p>On the other hand, the Head of the EU Observation Mission on the elections in Kosovo, Alojz Peterle, has stressed that EU observers will be deployed throughout Kosovo to monitor the conduct of the local elections.<\/p>\n<p>President Tha\u00e7i has given full support to the EU observers for their work in monitoring these elections.<\/p>\n","protected":false},"excerpt":{"rendered":"<p>Prishtina, October 20 \u2013 The President of the Republic of Kosovo, Hashim Tha\u00e7i, received today the Head of the EU Observation Mission on the elections in Kosovo, Alojz Peterle, with whom he talked about the preparations for the local elections to be held in Kosovo this Sunday.<\/p>\n","protected":false},"author":1,"featured_media":29444,"comment_status":"open","ping_status":"closed","sticky":false,"template":"","format":"standard","meta":{"_eb_attr":"","footnotes":""},"categories":[111],"tags":[],"class_list":["post-68487","post","type-post","status-publish","format-standard","has-post-thumbnail","hentry","category-news"],"yoast_head":"<!-- This site is optimized with the Yoast SEO plugin v23.5 - https:\/\/yoast.com\/wordpress\/plugins\/seo\/ -->\n<title>President Tha\u00e7i received the Head of the EU Monitoring Mission, Alojz Peterle - President of the Republic of Kosovo - DR. VJOSA OSMANI - SADRIU<\/title>\n<meta name=\"description\" content=\"President Tha\u00e7i received the Head of the EU Monitoring Mission, Alojz Peterle - President of the Republic of Kosovo - DR. VJOSA OSMANI - SADRIU -\" \/>\n<meta name=\"robots\" content=\"index, follow, max-snippet:-1, max-image-preview:large, max-video-preview:-1\" \/>\n<link rel=\"canonical\" href=\"https:\/\/president-ksgov.net\/en\/president-thaci-received-the-head-of-the-eu-monitoring-mission-alojz-peterle\/\" \/>\n<meta property=\"og:locale\" content=\"en_US\" \/>\n<meta property=\"og:type\" content=\"article\" \/>\n<meta property=\"og:title\" content=\"President Tha\u00e7i received the Head of the EU Monitoring Mission, Alojz Peterle - President of the Republic of Kosovo - DR. VJOSA OSMANI - SADRIU\" \/>\n<meta property=\"og:description\" content=\"President Tha\u00e7i received the Head of the EU Monitoring Mission, Alojz Peterle - President of the Republic of Kosovo - DR. VJOSA OSMANI - SADRIU -\" \/>\n<meta property=\"og:url\" content=\"https:\/\/president-ksgov.net\/en\/president-thaci-received-the-head-of-the-eu-monitoring-mission-alojz-peterle\/\" \/>\n<meta property=\"og:site_name\" content=\"President of the Republic of Kosovo - DR. VJOSA OSMANI - SADRIU\" \/>\n<meta property=\"article:published_time\" content=\"2017-10-20T14:11:10+00:00\" \/>\n<meta property=\"article:modified_time\" content=\"2023-03-07T09:38:24+00:00\" \/>\n<meta property=\"og:image\" content=\"https:\/\/president-ksgov.net\/wp-content\/uploads\/20_10_2017_714120_Alojz_Peterle_1.jpg\" \/>\n\t<meta property=\"og:image:width\" content=\"2000\" \/>\n\t<meta property=\"og:image:height\" content=\"1337\" \/>\n\t<meta property=\"og:image:type\" content=\"image\/jpeg\" \/>\n<meta name=\"author\" content=\"admin\" \/>\n<meta name=\"twitter:card\" content=\"summary_large_image\" \/>\n<meta name=\"twitter:label1\" content=\"Written by\" \/>\n\t<meta name=\"twitter:data1\" content=\"admin\" \/>\n\t<meta name=\"twitter:label2\" content=\"Est. reading time\" \/>\n\t<meta name=\"twitter:data2\" content=\"1 minute\" \/>\n<script type=\"application\/ld+json\" class=\"yoast-schema-graph\">{\"@context\":\"https:\/\/schema.org\",\"@graph\":[{\"@type\":\"WebPage\",\"@id\":\"https:\/\/president-ksgov.net\/en\/president-thaci-received-the-head-of-the-eu-monitoring-mission-alojz-peterle\/\",\"url\":\"https:\/\/president-ksgov.net\/en\/president-thaci-received-the-head-of-the-eu-monitoring-mission-alojz-peterle\/\",\"name\":\"President Tha\u00e7i received the Head of the EU Monitoring Mission, Alojz Peterle - President of the Republic of Kosovo - DR. VJOSA OSMANI - SADRIU\",\"isPartOf\":{\"@id\":\"https:\/\/president-ksgov.net\/#website\"},\"primaryImageOfPage\":{\"@id\":\"https:\/\/president-ksgov.net\/en\/president-thaci-received-the-head-of-the-eu-monitoring-mission-alojz-peterle\/#primaryimage\"},\"image\":{\"@id\":\"https:\/\/president-ksgov.net\/en\/president-thaci-received-the-head-of-the-eu-monitoring-mission-alojz-peterle\/#primaryimage\"},\"thumbnailUrl\":\"https:\/\/president-ksgov.net\/wp-content\/uploads\/20_10_2017_714120_Alojz_Peterle_1.jpg\",\"datePublished\":\"2017-10-20T14:11:10+00:00\",\"dateModified\":\"2023-03-07T09:38:24+00:00\",\"author\":{\"@id\":\"https:\/\/president-ksgov.net\/#\/schema\/person\/bb4337a5fb147cb2046d80548172cbee\"},\"description\":\"President Tha\u00e7i received the Head of the EU Monitoring Mission, Alojz Peterle - President of the Republic of Kosovo - DR. VJOSA OSMANI - SADRIU -\",\"breadcrumb\":{\"@id\":\"https:\/\/president-ksgov.net\/en\/president-thaci-received-the-head-of-the-eu-monitoring-mission-alojz-peterle\/#breadcrumb\"},\"inLanguage\":\"en-US\",\"potentialAction\":[{\"@type\":\"ReadAction\",\"target\":[\"https:\/\/president-ksgov.net\/en\/president-thaci-received-the-head-of-the-eu-monitoring-mission-alojz-peterle\/\"]}]},{\"@type\":\"ImageObject\",\"inLanguage\":\"en-US\",\"@id\":\"https:\/\/president-ksgov.net\/en\/president-thaci-received-the-head-of-the-eu-monitoring-mission-alojz-peterle\/#primaryimage\",\"url\":\"https:\/\/president-ksgov.net\/wp-content\/uploads\/20_10_2017_714120_Alojz_Peterle_1.jpg\",\"contentUrl\":\"https:\/\/president-ksgov.net\/wp-content\/uploads\/20_10_2017_714120_Alojz_Peterle_1.jpg\",\"width\":2000,\"height\":1337},{\"@type\":\"BreadcrumbList\",\"@id\":\"https:\/\/president-ksgov.net\/en\/president-thaci-received-the-head-of-the-eu-monitoring-mission-alojz-peterle\/#breadcrumb\",\"itemListElement\":[{\"@type\":\"ListItem\",\"position\":1,\"name\":\"Home\",\"item\":\"https:\/\/president-ksgov.net\/en\/\"},{\"@type\":\"ListItem\",\"position\":2,\"name\":\"President Tha\u00e7i received the Head of the EU Monitoring Mission, Alojz Peterle\"}]},{\"@type\":\"WebSite\",\"@id\":\"https:\/\/president-ksgov.net\/#website\",\"url\":\"https:\/\/president-ksgov.net\/\",\"name\":\"Presidente e Republik\u00ebs s\u00eb Kosov\u00ebs\",\"description\":\"Presidente e Republik\u00ebs s\u00eb Kosov\u00ebs\",\"alternateName\":\"DR. VJOSA OSMANI - SADRIU\",\"potentialAction\":[{\"@type\":\"SearchAction\",\"target\":{\"@type\":\"EntryPoint\",\"urlTemplate\":\"https:\/\/president-ksgov.net\/?s={search_term_string}\"},\"query-input\":{\"@type\":\"PropertyValueSpecification\",\"valueRequired\":true,\"valueName\":\"search_term_string\"}}],\"inLanguage\":\"en-US\"},{\"@type\":\"Person\",\"@id\":\"https:\/\/president-ksgov.net\/#\/schema\/person\/bb4337a5fb147cb2046d80548172cbee\",\"name\":\"admin\",\"image\":{\"@type\":\"ImageObject\",\"inLanguage\":\"en-US\",\"@id\":\"https:\/\/president-ksgov.net\/#\/schema\/person\/image\/\",\"url\":\"https:\/\/secure.gravatar.com\/avatar\/36156ca0fa3b8d9d25174f146e16beea0cf28f37adf1b9e19b6c9c279a7c9dd3?s=96&d=mm&r=g\",\"contentUrl\":\"https:\/\/secure.gravatar.com\/avatar\/36156ca0fa3b8d9d25174f146e16beea0cf28f37adf1b9e19b6c9c279a7c9dd3?s=96&d=mm&r=g\",\"caption\":\"admin\"},\"sameAs\":[\"https:\/\/president-ksgov.net\"]}]}<\/script>\n<!-- \/ Yoast SEO plugin. -->","yoast_head_json":{"title":"President Tha\u00e7i received the Head of the EU Monitoring Mission, Alojz Peterle - President of the Republic of Kosovo - DR. VJOSA OSMANI - SADRIU","description":"President Tha\u00e7i received the Head of the EU Monitoring Mission, Alojz Peterle - President of the Republic of Kosovo - DR. VJOSA OSMANI - SADRIU -","robots":{"index":"index","follow":"follow","max-snippet":"max-snippet:-1","max-image-preview":"max-image-preview:large","max-video-preview":"max-video-preview:-1"},"canonical":"https:\/\/president-ksgov.net\/en\/president-thaci-received-the-head-of-the-eu-monitoring-mission-alojz-peterle\/","og_locale":"en_US","og_type":"article","og_title":"President Tha\u00e7i received the Head of the EU Monitoring Mission, Alojz Peterle - President of the Republic of Kosovo - DR. VJOSA OSMANI - SADRIU","og_description":"President Tha\u00e7i received the Head of the EU Monitoring Mission, Alojz Peterle - President of the Republic of Kosovo - DR. VJOSA OSMANI - SADRIU -","og_url":"https:\/\/president-ksgov.net\/en\/president-thaci-received-the-head-of-the-eu-monitoring-mission-alojz-peterle\/","og_site_name":"President of the Republic of Kosovo - DR. VJOSA OSMANI - SADRIU","article_published_time":"2017-10-20T14:11:10+00:00","article_modified_time":"2023-03-07T09:38:24+00:00","og_image":[{"width":2000,"height":1337,"url":"https:\/\/president-ksgov.net\/wp-content\/uploads\/20_10_2017_714120_Alojz_Peterle_1.jpg","type":"image\/jpeg"}],"author":"admin","twitter_card":"summary_large_image","twitter_misc":{"Written by":"admin","Est. reading time":"1 minute"},"schema":{"@context":"https:\/\/schema.org","@graph":[{"@type":"WebPage","@id":"https:\/\/president-ksgov.net\/en\/president-thaci-received-the-head-of-the-eu-monitoring-mission-alojz-peterle\/","url":"https:\/\/president-ksgov.net\/en\/president-thaci-received-the-head-of-the-eu-monitoring-mission-alojz-peterle\/","name":"President Tha\u00e7i received the Head of the EU Monitoring Mission, Alojz Peterle - President of the Republic of Kosovo - DR. VJOSA OSMANI - SADRIU","isPartOf":{"@id":"https:\/\/president-ksgov.net\/#website"},"primaryImageOfPage":{"@id":"https:\/\/president-ksgov.net\/en\/president-thaci-received-the-head-of-the-eu-monitoring-mission-alojz-peterle\/#primaryimage"},"image":{"@id":"https:\/\/president-ksgov.net\/en\/president-thaci-received-the-head-of-the-eu-monitoring-mission-alojz-peterle\/#primaryimage"},"thumbnailUrl":"https:\/\/president-ksgov.net\/wp-content\/uploads\/20_10_2017_714120_Alojz_Peterle_1.jpg","datePublished":"2017-10-20T14:11:10+00:00","dateModified":"2023-03-07T09:38:24+00:00","author":{"@id":"https:\/\/president-ksgov.net\/#\/schema\/person\/bb4337a5fb147cb2046d80548172cbee"},"description":"President Tha\u00e7i received the Head of the EU Monitoring Mission, Alojz Peterle - President of the Republic of Kosovo - DR. VJOSA OSMANI - SADRIU -","breadcrumb":{"@id":"https:\/\/president-ksgov.net\/en\/president-thaci-received-the-head-of-the-eu-monitoring-mission-alojz-peterle\/#breadcrumb"},"inLanguage":"en-US","potentialAction":[{"@type":"ReadAction","target":["https:\/\/president-ksgov.net\/en\/president-thaci-received-the-head-of-the-eu-monitoring-mission-alojz-peterle\/"]}]},{"@type":"ImageObject","inLanguage":"en-US","@id":"https:\/\/president-ksgov.net\/en\/president-thaci-received-the-head-of-the-eu-monitoring-mission-alojz-peterle\/#primaryimage","url":"https:\/\/president-ksgov.net\/wp-content\/uploads\/20_10_2017_714120_Alojz_Peterle_1.jpg","contentUrl":"https:\/\/president-ksgov.net\/wp-content\/uploads\/20_10_2017_714120_Alojz_Peterle_1.jpg","width":2000,"height":1337},{"@type":"BreadcrumbList","@id":"https:\/\/president-ksgov.net\/en\/president-thaci-received-the-head-of-the-eu-monitoring-mission-alojz-peterle\/#breadcrumb","itemListElement":[{"@type":"ListItem","position":1,"name":"Home","item":"https:\/\/president-ksgov.net\/en\/"},{"@type":"ListItem","position":2,"name":"President Tha\u00e7i received the Head of the EU Monitoring Mission, Alojz Peterle"}]},{"@type":"WebSite","@id":"https:\/\/president-ksgov.net\/#website","url":"https:\/\/president-ksgov.net\/","name":"Presidente e Republik\u00ebs s\u00eb Kosov\u00ebs","description":"Presidente e Republik\u00ebs s\u00eb Kosov\u00ebs","alternateName":"DR. VJOSA OSMANI - SADRIU","potentialAction":[{"@type":"SearchAction","target":{"@type":"EntryPoint","urlTemplate":"https:\/\/president-ksgov.net\/?s={search_term_string}"},"query-input":{"@type":"PropertyValueSpecification","valueRequired":true,"valueName":"search_term_string"}}],"inLanguage":"en-US"},{"@type":"Person","@id":"https:\/\/president-ksgov.net\/#\/schema\/person\/bb4337a5fb147cb2046d80548172cbee","name":"admin","image":{"@type":"ImageObject","inLanguage":"en-US","@id":"https:\/\/president-ksgov.net\/#\/schema\/person\/image\/","url":"https:\/\/secure.gravatar.com\/avatar\/36156ca0fa3b8d9d25174f146e16beea0cf28f37adf1b9e19b6c9c279a7c9dd3?s=96&d=mm&r=g","contentUrl":"https:\/\/secure.gravatar.com\/avatar\/36156ca0fa3b8d9d25174f146e16beea0cf28f37adf1b9e19b6c9c279a7c9dd3?s=96&d=mm&r=g","caption":"admin"},"sameAs":["https:\/\/president-ksgov.net"]}]}},"_links":{"self":[{"href":"https:\/\/president-ksgov.net\/en\/wp-json\/wp\/v2\/posts\/68487","targetHints":{"allow":["GET"]}}],"collection":[{"href":"https:\/\/president-ksgov.net\/en\/wp-json\/wp\/v2\/posts"}],"about":[{"href":"https:\/\/president-ksgov.net\/en\/wp-json\/wp\/v2\/types\/post"}],"author":[{"embeddable":true,"href":"https:\/\/president-ksgov.net\/en\/wp-json\/wp\/v2\/users\/1"}],"replies":[{"embeddable":true,"href":"https:\/\/president-ksgov.net\/en\/wp-json\/wp\/v2\/comments?post=68487"}],"version-history":[{"count":0,"href":"https:\/\/president-ksgov.net\/en\/wp-json\/wp\/v2\/posts\/68487\/revisions"}],"wp:featuredmedia":[{"embeddable":true,"href":"https:\/\/president-ksgov.net\/en\/wp-json\/wp\/v2\/media\/29444"}],"wp:attachment":[{"href":"https:\/\/president-ksgov.net\/en\/wp-json\/wp\/v2\/media?parent=68487"}],"wp:term":[{"taxonomy":"category","embeddable":true,"href":"https:\/\/president-ksgov.net\/en\/wp-json\/wp\/v2\/categories?post=68487"},{"taxonomy":"post_tag","embeddable":true,"href":"https:\/\/president-ksgov.net\/en\/wp-json\/wp\/v2\/tags?post=68487"}],"curies":[{"name":"wp","href":"https:\/\/api.w.org\/{rel}","templated":true}]}}