{"id":68471,"date":"2017-10-30T13:06:10","date_gmt":"2017-10-30T13:06:10","guid":{"rendered":"https:\/\/dev.president-ksgov.net\/the-president-calls-for-greater-commitment-to-the-protection-of-the-rights-of-crime-victims\/"},"modified":"2023-03-07T09:37:49","modified_gmt":"2023-03-07T09:37:49","slug":"the-president-calls-for-greater-commitment-to-the-protection-of-the-rights-of-crime-victims","status":"publish","type":"post","link":"https:\/\/president-ksgov.net\/en\/the-president-calls-for-greater-commitment-to-the-protection-of-the-rights-of-crime-victims\/","title":{"rendered":"The President calls for greater commitment to the protection of the rights of crime victims"},"content":{"rendered":"<p>Prishtina, October 30, 2017 &#8211; The President of the Republic of Kosovo, Hashim Tha\u00e7i, participated at the opening of the Crime Victim Rights Week, which is organized under the auspices of the Office of Chief State Prosecutor and the US Embassy in Kosovo.<\/p>\n<p>President Tha\u00e7i said that since the declaration of independence, through the Declaration of Independence, the Constitution of the Republic of Kosovo and the relevant legislation that was subsequently issued, Kosovo has expressed the commitment and dedication to the creation of a state of equal citizens, which will guarantee the rights of each citizen, the civil liberties and the equality of all citizens before the law.<br \/>\n\u00a0<br \/>\n\u201cKosovo has adopted very advanced legal provisions that promote and protect the rights of crime victims. The law on the compensation of crime victims and the establishment of appropriate mechanisms that are necessary for the implementation of this law is one of these provisions\u201d, said President Tha\u00e7i.<br \/>\n\u00a0<br \/>\nHe said that they have gathered today to show the commitment to the protection of the rights of crime victims.<br \/>\n\u00a0<br \/>\n\u201cOur commitment to the protection and advancement of the rights of crime victims is not only during this week or a certain week, but it must be day-to-day\u201d, said President Tha\u00e7i.<br \/>\n\u00a0<br \/>\nHe said that the institutions of the Republic of Kosovo are and should be placed in the creation of the conditions and opportunities that guarantee protection and assistance for the cime victims, as well as support in the realization of their rights.<br \/>\n\u00a0<br \/>\n\u201cAs the President of the Republic of Kosovo, I take the opportunity to invite all the competent authorities, that besides the constitutional and legal obligations to ensure that crime victims to be treated with dignity and professionalism\u201d, he said.<br \/>\n\u00a0<br \/>\nPresident Tha\u00e7i has pledged to continue his commitment for Kosovo to promote, protect and advance human rights in general, including the rights of the victims of crime.<br \/>\n\u00a0<br \/>\n\u201cOur commitment we will never lack to guaranteeing the rights for this category of citizens, to whom it has happened that during a moment of their life to be victims of crime\u201d, said President Tha\u00e7i.<br \/>\n\u00a0<br \/>\nHe said that there is a need for greater commitment of all to have no more crime victims in our country.<\/p>\n<p>\u00a0<\/p>\n","protected":false},"excerpt":{"rendered":"<p>Prishtina, October 30, 2017 &#8211; The President of the Republic of Kosovo, Hashim Tha\u00e7i, participated at the opening of the Crime Victim Rights Week, which is organized under the auspices of the Office of Chief State Prosecutor and the US Embassy in Kosovo.<\/p>\n","protected":false},"author":1,"featured_media":29293,"comment_status":"open","ping_status":"closed","sticky":false,"template":"","format":"standard","meta":{"_eb_attr":"","footnotes":""},"categories":[111],"tags":[],"class_list":["post-68471","post","type-post","status-publish","format-standard","has-post-thumbnail","hentry","category-news"],"yoast_head":"<!-- This site is optimized with the Yoast SEO plugin v23.5 - https:\/\/yoast.com\/wordpress\/plugins\/seo\/ -->\n<title>The President calls for greater commitment to the protection of the rights of crime victims - President of the Republic of Kosovo - DR. VJOSA OSMANI - SADRIU<\/title>\n<meta name=\"description\" content=\"The President calls for greater commitment to the protection of the rights of crime victims - President of the Republic of Kosovo - DR. VJOSA OSMANI - SADRIU -\" \/>\n<meta name=\"robots\" content=\"index, follow, max-snippet:-1, max-image-preview:large, max-video-preview:-1\" \/>\n<link rel=\"canonical\" href=\"https:\/\/president-ksgov.net\/presidenti-kerkon-perkushtim-me-te-madh-per-mbrojtjen-e-te-drejtave-te-viktimave-te-krimit\/\" \/>\n<meta property=\"og:locale\" content=\"en_US\" \/>\n<meta property=\"og:type\" content=\"article\" \/>\n<meta property=\"og:title\" content=\"The President calls for greater commitment to the protection of the rights of crime victims - President of the Republic of Kosovo - DR. VJOSA OSMANI - SADRIU\" \/>\n<meta property=\"og:description\" content=\"The President calls for greater commitment to the protection of the rights of crime victims - President of the Republic of Kosovo - DR. VJOSA OSMANI - SADRIU -\" \/>\n<meta property=\"og:url\" content=\"https:\/\/president-ksgov.net\/presidenti-kerkon-perkushtim-me-te-madh-per-mbrojtjen-e-te-drejtave-te-viktimave-te-krimit\/\" \/>\n<meta property=\"og:site_name\" content=\"President of the Republic of Kosovo - DR. VJOSA OSMANI - SADRIU\" \/>\n<meta property=\"article:published_time\" content=\"2017-10-30T13:06:10+00:00\" \/>\n<meta property=\"article:modified_time\" content=\"2023-03-07T09:37:49+00:00\" \/>\n<meta property=\"og:image\" content=\"https:\/\/president-ksgov.net\/wp-content\/uploads\/30_10_2017_9047896_p_05.jpg\" \/>\n\t<meta property=\"og:image:width\" content=\"2400\" \/>\n\t<meta property=\"og:image:height\" content=\"1600\" \/>\n\t<meta property=\"og:image:type\" content=\"image\/jpeg\" \/>\n<meta name=\"author\" content=\"admin\" \/>\n<meta name=\"twitter:card\" content=\"summary_large_image\" \/>\n<meta name=\"twitter:label1\" content=\"Written by\" \/>\n\t<meta name=\"twitter:data1\" content=\"admin\" \/>\n\t<meta name=\"twitter:label2\" content=\"Est. reading time\" \/>\n\t<meta name=\"twitter:data2\" content=\"2 minutes\" \/>\n<script type=\"application\/ld+json\" class=\"yoast-schema-graph\">{\"@context\":\"https:\/\/schema.org\",\"@graph\":[{\"@type\":\"WebPage\",\"@id\":\"https:\/\/president-ksgov.net\/presidenti-kerkon-perkushtim-me-te-madh-per-mbrojtjen-e-te-drejtave-te-viktimave-te-krimit\/\",\"url\":\"https:\/\/president-ksgov.net\/presidenti-kerkon-perkushtim-me-te-madh-per-mbrojtjen-e-te-drejtave-te-viktimave-te-krimit\/\",\"name\":\"The President calls for greater commitment to the protection of the rights of crime victims - President of the Republic of Kosovo - DR. VJOSA OSMANI - SADRIU\",\"isPartOf\":{\"@id\":\"https:\/\/president-ksgov.net\/#website\"},\"primaryImageOfPage\":{\"@id\":\"https:\/\/president-ksgov.net\/presidenti-kerkon-perkushtim-me-te-madh-per-mbrojtjen-e-te-drejtave-te-viktimave-te-krimit\/#primaryimage\"},\"image\":{\"@id\":\"https:\/\/president-ksgov.net\/presidenti-kerkon-perkushtim-me-te-madh-per-mbrojtjen-e-te-drejtave-te-viktimave-te-krimit\/#primaryimage\"},\"thumbnailUrl\":\"https:\/\/president-ksgov.net\/wp-content\/uploads\/30_10_2017_9047896_p_05.jpg\",\"datePublished\":\"2017-10-30T13:06:10+00:00\",\"dateModified\":\"2023-03-07T09:37:49+00:00\",\"author\":{\"@id\":\"https:\/\/president-ksgov.net\/#\/schema\/person\/bb4337a5fb147cb2046d80548172cbee\"},\"description\":\"The President calls for greater commitment to the protection of the rights of crime victims - President of the Republic of Kosovo - DR. VJOSA OSMANI - SADRIU -\",\"breadcrumb\":{\"@id\":\"https:\/\/president-ksgov.net\/presidenti-kerkon-perkushtim-me-te-madh-per-mbrojtjen-e-te-drejtave-te-viktimave-te-krimit\/#breadcrumb\"},\"inLanguage\":\"en-US\",\"potentialAction\":[{\"@type\":\"ReadAction\",\"target\":[\"https:\/\/president-ksgov.net\/presidenti-kerkon-perkushtim-me-te-madh-per-mbrojtjen-e-te-drejtave-te-viktimave-te-krimit\/\"]}]},{\"@type\":\"ImageObject\",\"inLanguage\":\"en-US\",\"@id\":\"https:\/\/president-ksgov.net\/presidenti-kerkon-perkushtim-me-te-madh-per-mbrojtjen-e-te-drejtave-te-viktimave-te-krimit\/#primaryimage\",\"url\":\"https:\/\/president-ksgov.net\/wp-content\/uploads\/30_10_2017_9047896_p_05.jpg\",\"contentUrl\":\"https:\/\/president-ksgov.net\/wp-content\/uploads\/30_10_2017_9047896_p_05.jpg\",\"width\":2400,\"height\":1600},{\"@type\":\"BreadcrumbList\",\"@id\":\"https:\/\/president-ksgov.net\/presidenti-kerkon-perkushtim-me-te-madh-per-mbrojtjen-e-te-drejtave-te-viktimave-te-krimit\/#breadcrumb\",\"itemListElement\":[{\"@type\":\"ListItem\",\"position\":1,\"name\":\"Home\",\"item\":\"https:\/\/president-ksgov.net\/en\/\"},{\"@type\":\"ListItem\",\"position\":2,\"name\":\"The President calls for greater commitment to the protection of the rights of crime victims\"}]},{\"@type\":\"WebSite\",\"@id\":\"https:\/\/president-ksgov.net\/#website\",\"url\":\"https:\/\/president-ksgov.net\/\",\"name\":\"Presidente e Republik\u00ebs s\u00eb Kosov\u00ebs\",\"description\":\"Presidente e Republik\u00ebs s\u00eb Kosov\u00ebs\",\"alternateName\":\"DR. VJOSA OSMANI - SADRIU\",\"potentialAction\":[{\"@type\":\"SearchAction\",\"target\":{\"@type\":\"EntryPoint\",\"urlTemplate\":\"https:\/\/president-ksgov.net\/?s={search_term_string}\"},\"query-input\":{\"@type\":\"PropertyValueSpecification\",\"valueRequired\":true,\"valueName\":\"search_term_string\"}}],\"inLanguage\":\"en-US\"},{\"@type\":\"Person\",\"@id\":\"https:\/\/president-ksgov.net\/#\/schema\/person\/bb4337a5fb147cb2046d80548172cbee\",\"name\":\"admin\",\"image\":{\"@type\":\"ImageObject\",\"inLanguage\":\"en-US\",\"@id\":\"https:\/\/president-ksgov.net\/#\/schema\/person\/image\/\",\"url\":\"https:\/\/secure.gravatar.com\/avatar\/36156ca0fa3b8d9d25174f146e16beea0cf28f37adf1b9e19b6c9c279a7c9dd3?s=96&d=mm&r=g\",\"contentUrl\":\"https:\/\/secure.gravatar.com\/avatar\/36156ca0fa3b8d9d25174f146e16beea0cf28f37adf1b9e19b6c9c279a7c9dd3?s=96&d=mm&r=g\",\"caption\":\"admin\"},\"sameAs\":[\"https:\/\/president-ksgov.net\"]}]}<\/script>\n<!-- \/ Yoast SEO plugin. -->","yoast_head_json":{"title":"The President calls for greater commitment to the protection of the rights of crime victims - President of the Republic of Kosovo - DR. VJOSA OSMANI - SADRIU","description":"The President calls for greater commitment to the protection of the rights of crime victims - President of the Republic of Kosovo - DR. VJOSA OSMANI - SADRIU -","robots":{"index":"index","follow":"follow","max-snippet":"max-snippet:-1","max-image-preview":"max-image-preview:large","max-video-preview":"max-video-preview:-1"},"canonical":"https:\/\/president-ksgov.net\/presidenti-kerkon-perkushtim-me-te-madh-per-mbrojtjen-e-te-drejtave-te-viktimave-te-krimit\/","og_locale":"en_US","og_type":"article","og_title":"The President calls for greater commitment to the protection of the rights of crime victims - President of the Republic of Kosovo - DR. VJOSA OSMANI - SADRIU","og_description":"The President calls for greater commitment to the protection of the rights of crime victims - President of the Republic of Kosovo - DR. VJOSA OSMANI - SADRIU -","og_url":"https:\/\/president-ksgov.net\/presidenti-kerkon-perkushtim-me-te-madh-per-mbrojtjen-e-te-drejtave-te-viktimave-te-krimit\/","og_site_name":"President of the Republic of Kosovo - DR. VJOSA OSMANI - SADRIU","article_published_time":"2017-10-30T13:06:10+00:00","article_modified_time":"2023-03-07T09:37:49+00:00","og_image":[{"width":2400,"height":1600,"url":"https:\/\/president-ksgov.net\/wp-content\/uploads\/30_10_2017_9047896_p_05.jpg","type":"image\/jpeg"}],"author":"admin","twitter_card":"summary_large_image","twitter_misc":{"Written by":"admin","Est. reading time":"2 minutes"},"schema":{"@context":"https:\/\/schema.org","@graph":[{"@type":"WebPage","@id":"https:\/\/president-ksgov.net\/presidenti-kerkon-perkushtim-me-te-madh-per-mbrojtjen-e-te-drejtave-te-viktimave-te-krimit\/","url":"https:\/\/president-ksgov.net\/presidenti-kerkon-perkushtim-me-te-madh-per-mbrojtjen-e-te-drejtave-te-viktimave-te-krimit\/","name":"The President calls for greater commitment to the protection of the rights of crime victims - President of the Republic of Kosovo - DR. VJOSA OSMANI - SADRIU","isPartOf":{"@id":"https:\/\/president-ksgov.net\/#website"},"primaryImageOfPage":{"@id":"https:\/\/president-ksgov.net\/presidenti-kerkon-perkushtim-me-te-madh-per-mbrojtjen-e-te-drejtave-te-viktimave-te-krimit\/#primaryimage"},"image":{"@id":"https:\/\/president-ksgov.net\/presidenti-kerkon-perkushtim-me-te-madh-per-mbrojtjen-e-te-drejtave-te-viktimave-te-krimit\/#primaryimage"},"thumbnailUrl":"https:\/\/president-ksgov.net\/wp-content\/uploads\/30_10_2017_9047896_p_05.jpg","datePublished":"2017-10-30T13:06:10+00:00","dateModified":"2023-03-07T09:37:49+00:00","author":{"@id":"https:\/\/president-ksgov.net\/#\/schema\/person\/bb4337a5fb147cb2046d80548172cbee"},"description":"The President calls for greater commitment to the protection of the rights of crime victims - President of the Republic of Kosovo - DR. VJOSA OSMANI - SADRIU -","breadcrumb":{"@id":"https:\/\/president-ksgov.net\/presidenti-kerkon-perkushtim-me-te-madh-per-mbrojtjen-e-te-drejtave-te-viktimave-te-krimit\/#breadcrumb"},"inLanguage":"en-US","potentialAction":[{"@type":"ReadAction","target":["https:\/\/president-ksgov.net\/presidenti-kerkon-perkushtim-me-te-madh-per-mbrojtjen-e-te-drejtave-te-viktimave-te-krimit\/"]}]},{"@type":"ImageObject","inLanguage":"en-US","@id":"https:\/\/president-ksgov.net\/presidenti-kerkon-perkushtim-me-te-madh-per-mbrojtjen-e-te-drejtave-te-viktimave-te-krimit\/#primaryimage","url":"https:\/\/president-ksgov.net\/wp-content\/uploads\/30_10_2017_9047896_p_05.jpg","contentUrl":"https:\/\/president-ksgov.net\/wp-content\/uploads\/30_10_2017_9047896_p_05.jpg","width":2400,"height":1600},{"@type":"BreadcrumbList","@id":"https:\/\/president-ksgov.net\/presidenti-kerkon-perkushtim-me-te-madh-per-mbrojtjen-e-te-drejtave-te-viktimave-te-krimit\/#breadcrumb","itemListElement":[{"@type":"ListItem","position":1,"name":"Home","item":"https:\/\/president-ksgov.net\/en\/"},{"@type":"ListItem","position":2,"name":"The President calls for greater commitment to the protection of the rights of crime victims"}]},{"@type":"WebSite","@id":"https:\/\/president-ksgov.net\/#website","url":"https:\/\/president-ksgov.net\/","name":"Presidente e Republik\u00ebs s\u00eb Kosov\u00ebs","description":"Presidente e Republik\u00ebs s\u00eb Kosov\u00ebs","alternateName":"DR. VJOSA OSMANI - SADRIU","potentialAction":[{"@type":"SearchAction","target":{"@type":"EntryPoint","urlTemplate":"https:\/\/president-ksgov.net\/?s={search_term_string}"},"query-input":{"@type":"PropertyValueSpecification","valueRequired":true,"valueName":"search_term_string"}}],"inLanguage":"en-US"},{"@type":"Person","@id":"https:\/\/president-ksgov.net\/#\/schema\/person\/bb4337a5fb147cb2046d80548172cbee","name":"admin","image":{"@type":"ImageObject","inLanguage":"en-US","@id":"https:\/\/president-ksgov.net\/#\/schema\/person\/image\/","url":"https:\/\/secure.gravatar.com\/avatar\/36156ca0fa3b8d9d25174f146e16beea0cf28f37adf1b9e19b6c9c279a7c9dd3?s=96&d=mm&r=g","contentUrl":"https:\/\/secure.gravatar.com\/avatar\/36156ca0fa3b8d9d25174f146e16beea0cf28f37adf1b9e19b6c9c279a7c9dd3?s=96&d=mm&r=g","caption":"admin"},"sameAs":["https:\/\/president-ksgov.net"]}]}},"_links":{"self":[{"href":"https:\/\/president-ksgov.net\/en\/wp-json\/wp\/v2\/posts\/68471","targetHints":{"allow":["GET"]}}],"collection":[{"href":"https:\/\/president-ksgov.net\/en\/wp-json\/wp\/v2\/posts"}],"about":[{"href":"https:\/\/president-ksgov.net\/en\/wp-json\/wp\/v2\/types\/post"}],"author":[{"embeddable":true,"href":"https:\/\/president-ksgov.net\/en\/wp-json\/wp\/v2\/users\/1"}],"replies":[{"embeddable":true,"href":"https:\/\/president-ksgov.net\/en\/wp-json\/wp\/v2\/comments?post=68471"}],"version-history":[{"count":0,"href":"https:\/\/president-ksgov.net\/en\/wp-json\/wp\/v2\/posts\/68471\/revisions"}],"wp:featuredmedia":[{"embeddable":true,"href":"https:\/\/president-ksgov.net\/en\/wp-json\/wp\/v2\/media\/29293"}],"wp:attachment":[{"href":"https:\/\/president-ksgov.net\/en\/wp-json\/wp\/v2\/media?parent=68471"}],"wp:term":[{"taxonomy":"category","embeddable":true,"href":"https:\/\/president-ksgov.net\/en\/wp-json\/wp\/v2\/categories?post=68471"},{"taxonomy":"post_tag","embeddable":true,"href":"https:\/\/president-ksgov.net\/en\/wp-json\/wp\/v2\/tags?post=68471"}],"curies":[{"name":"wp","href":"https:\/\/api.w.org\/{rel}","templated":true}]}}