{"id":68460,"date":"2017-11-07T16:26:33","date_gmt":"2017-11-07T16:26:33","guid":{"rendered":"https:\/\/dev.president-ksgov.net\/the-president-decorates-imer-berisha-ndue-perlleshi-male-bashota-and-sadik-rama\/"},"modified":"2023-03-07T09:36:59","modified_gmt":"2023-03-07T09:36:59","slug":"the-president-decorates-imer-berisha-ndue-perlleshi-male-bashota-and-sadik-rama","status":"publish","type":"post","link":"https:\/\/president-ksgov.net\/en\/the-president-decorates-imer-berisha-ndue-perlleshi-male-bashota-and-sadik-rama\/","title":{"rendered":"The President decorates Imer Berisha, Ndue P\u00ebrlleshi, Mal\u00eb Bashota and Sadik Rama"},"content":{"rendered":"<p>Prishtina, November 7, 2017 \u2013 The President of the Republic of Kosovo, Hashim Tha\u00e7i, based on his constitutional responsibilities, decorated today, with the Order \u201cHero of Kosovo\u201d after death, Imer Berisha, Ndue P\u00ebrlleshi, Mal\u00eb Bashota and Sadik Rama.<\/p>\n<p>They are decorated with the motivation that they have shown courage and sacrifice for the freedom of Kosovo.<br \/>\n\u00a0<\/p>\n","protected":false},"excerpt":{"rendered":"<p>Prishtina, November 7, 2017 \u2013 The President of the Republic of Kosovo, Hashim Tha\u00e7i, based on his constitutional responsibilities, decorated today, with the Order \u201cHero of Kosovo\u201d after death, Imer Berisha, Ndue P\u00ebrlleshi, Mal\u00eb Bashota and Sadik Rama.<\/p>\n","protected":false},"author":1,"featured_media":29237,"comment_status":"open","ping_status":"closed","sticky":false,"template":"","format":"standard","meta":{"_eb_attr":"","footnotes":""},"categories":[111],"tags":[],"class_list":["post-68460","post","type-post","status-publish","format-standard","has-post-thumbnail","hentry","category-news"],"yoast_head":"<!-- This site is optimized with the Yoast SEO plugin v23.5 - https:\/\/yoast.com\/wordpress\/plugins\/seo\/ -->\n<title>The President decorates Imer Berisha, Ndue P\u00ebrlleshi, Mal\u00eb Bashota and Sadik Rama - President of the Republic of Kosovo - DR. VJOSA OSMANI - SADRIU<\/title>\n<meta name=\"description\" content=\"The President decorates Imer Berisha, Ndue P\u00ebrlleshi, Mal\u00eb Bashota and Sadik Rama - President of the Republic of Kosovo - DR. VJOSA OSMANI - SADRIU -\" \/>\n<meta name=\"robots\" content=\"index, follow, max-snippet:-1, max-image-preview:large, max-video-preview:-1\" \/>\n<link rel=\"canonical\" href=\"https:\/\/president-ksgov.net\/en\/the-president-decorates-imer-berisha-ndue-perlleshi-male-bashota-and-sadik-rama\/\" \/>\n<meta property=\"og:locale\" content=\"en_US\" \/>\n<meta property=\"og:type\" content=\"article\" \/>\n<meta property=\"og:title\" content=\"The President decorates Imer Berisha, Ndue P\u00ebrlleshi, Mal\u00eb Bashota and Sadik Rama - President of the Republic of Kosovo - DR. VJOSA OSMANI - SADRIU\" \/>\n<meta property=\"og:description\" content=\"The President decorates Imer Berisha, Ndue P\u00ebrlleshi, Mal\u00eb Bashota and Sadik Rama - President of the Republic of Kosovo - DR. VJOSA OSMANI - SADRIU -\" \/>\n<meta property=\"og:url\" content=\"https:\/\/president-ksgov.net\/en\/the-president-decorates-imer-berisha-ndue-perlleshi-male-bashota-and-sadik-rama\/\" \/>\n<meta property=\"og:site_name\" content=\"President of the Republic of Kosovo - DR. VJOSA OSMANI - SADRIU\" \/>\n<meta property=\"article:published_time\" content=\"2017-11-07T16:26:33+00:00\" \/>\n<meta property=\"article:modified_time\" content=\"2023-03-07T09:36:59+00:00\" \/>\n<meta property=\"og:image\" content=\"https:\/\/president-ksgov.net\/wp-content\/uploads\/07_11_2017_5136090_24_07_2017_8814007_k_01.jpg\" \/>\n\t<meta property=\"og:image:width\" content=\"2400\" \/>\n\t<meta property=\"og:image:height\" content=\"1600\" \/>\n\t<meta property=\"og:image:type\" content=\"image\/jpeg\" \/>\n<meta name=\"author\" content=\"admin\" \/>\n<meta name=\"twitter:card\" content=\"summary_large_image\" \/>\n<meta name=\"twitter:label1\" content=\"Written by\" \/>\n\t<meta name=\"twitter:data1\" content=\"admin\" \/>\n<script type=\"application\/ld+json\" class=\"yoast-schema-graph\">{\"@context\":\"https:\/\/schema.org\",\"@graph\":[{\"@type\":\"WebPage\",\"@id\":\"https:\/\/president-ksgov.net\/en\/the-president-decorates-imer-berisha-ndue-perlleshi-male-bashota-and-sadik-rama\/\",\"url\":\"https:\/\/president-ksgov.net\/en\/the-president-decorates-imer-berisha-ndue-perlleshi-male-bashota-and-sadik-rama\/\",\"name\":\"The President decorates Imer Berisha, Ndue P\u00ebrlleshi, Mal\u00eb Bashota and Sadik Rama - President of the Republic of Kosovo - DR. VJOSA OSMANI - SADRIU\",\"isPartOf\":{\"@id\":\"https:\/\/president-ksgov.net\/#website\"},\"primaryImageOfPage\":{\"@id\":\"https:\/\/president-ksgov.net\/en\/the-president-decorates-imer-berisha-ndue-perlleshi-male-bashota-and-sadik-rama\/#primaryimage\"},\"image\":{\"@id\":\"https:\/\/president-ksgov.net\/en\/the-president-decorates-imer-berisha-ndue-perlleshi-male-bashota-and-sadik-rama\/#primaryimage\"},\"thumbnailUrl\":\"https:\/\/president-ksgov.net\/wp-content\/uploads\/07_11_2017_5136090_24_07_2017_8814007_k_01.jpg\",\"datePublished\":\"2017-11-07T16:26:33+00:00\",\"dateModified\":\"2023-03-07T09:36:59+00:00\",\"author\":{\"@id\":\"https:\/\/president-ksgov.net\/#\/schema\/person\/bb4337a5fb147cb2046d80548172cbee\"},\"description\":\"The President decorates Imer Berisha, Ndue P\u00ebrlleshi, Mal\u00eb Bashota and Sadik Rama - President of the Republic of Kosovo - DR. VJOSA OSMANI - SADRIU -\",\"breadcrumb\":{\"@id\":\"https:\/\/president-ksgov.net\/en\/the-president-decorates-imer-berisha-ndue-perlleshi-male-bashota-and-sadik-rama\/#breadcrumb\"},\"inLanguage\":\"en-US\",\"potentialAction\":[{\"@type\":\"ReadAction\",\"target\":[\"https:\/\/president-ksgov.net\/en\/the-president-decorates-imer-berisha-ndue-perlleshi-male-bashota-and-sadik-rama\/\"]}]},{\"@type\":\"ImageObject\",\"inLanguage\":\"en-US\",\"@id\":\"https:\/\/president-ksgov.net\/en\/the-president-decorates-imer-berisha-ndue-perlleshi-male-bashota-and-sadik-rama\/#primaryimage\",\"url\":\"https:\/\/president-ksgov.net\/wp-content\/uploads\/07_11_2017_5136090_24_07_2017_8814007_k_01.jpg\",\"contentUrl\":\"https:\/\/president-ksgov.net\/wp-content\/uploads\/07_11_2017_5136090_24_07_2017_8814007_k_01.jpg\",\"width\":2400,\"height\":1600},{\"@type\":\"BreadcrumbList\",\"@id\":\"https:\/\/president-ksgov.net\/en\/the-president-decorates-imer-berisha-ndue-perlleshi-male-bashota-and-sadik-rama\/#breadcrumb\",\"itemListElement\":[{\"@type\":\"ListItem\",\"position\":1,\"name\":\"Home\",\"item\":\"https:\/\/president-ksgov.net\/en\/\"},{\"@type\":\"ListItem\",\"position\":2,\"name\":\"The President decorates Imer Berisha, Ndue P\u00ebrlleshi, Mal\u00eb Bashota and Sadik Rama\"}]},{\"@type\":\"WebSite\",\"@id\":\"https:\/\/president-ksgov.net\/#website\",\"url\":\"https:\/\/president-ksgov.net\/\",\"name\":\"Presidente e Republik\u00ebs s\u00eb Kosov\u00ebs\",\"description\":\"Presidente e Republik\u00ebs s\u00eb Kosov\u00ebs\",\"alternateName\":\"DR. VJOSA OSMANI - SADRIU\",\"potentialAction\":[{\"@type\":\"SearchAction\",\"target\":{\"@type\":\"EntryPoint\",\"urlTemplate\":\"https:\/\/president-ksgov.net\/?s={search_term_string}\"},\"query-input\":{\"@type\":\"PropertyValueSpecification\",\"valueRequired\":true,\"valueName\":\"search_term_string\"}}],\"inLanguage\":\"en-US\"},{\"@type\":\"Person\",\"@id\":\"https:\/\/president-ksgov.net\/#\/schema\/person\/bb4337a5fb147cb2046d80548172cbee\",\"name\":\"admin\",\"image\":{\"@type\":\"ImageObject\",\"inLanguage\":\"en-US\",\"@id\":\"https:\/\/president-ksgov.net\/#\/schema\/person\/image\/\",\"url\":\"https:\/\/secure.gravatar.com\/avatar\/36156ca0fa3b8d9d25174f146e16beea0cf28f37adf1b9e19b6c9c279a7c9dd3?s=96&d=mm&r=g\",\"contentUrl\":\"https:\/\/secure.gravatar.com\/avatar\/36156ca0fa3b8d9d25174f146e16beea0cf28f37adf1b9e19b6c9c279a7c9dd3?s=96&d=mm&r=g\",\"caption\":\"admin\"},\"sameAs\":[\"https:\/\/president-ksgov.net\"]}]}<\/script>\n<!-- \/ Yoast SEO plugin. -->","yoast_head_json":{"title":"The President decorates Imer Berisha, Ndue P\u00ebrlleshi, Mal\u00eb Bashota and Sadik Rama - President of the Republic of Kosovo - DR. VJOSA OSMANI - SADRIU","description":"The President decorates Imer Berisha, Ndue P\u00ebrlleshi, Mal\u00eb Bashota and Sadik Rama - President of the Republic of Kosovo - DR. VJOSA OSMANI - SADRIU -","robots":{"index":"index","follow":"follow","max-snippet":"max-snippet:-1","max-image-preview":"max-image-preview:large","max-video-preview":"max-video-preview:-1"},"canonical":"https:\/\/president-ksgov.net\/en\/the-president-decorates-imer-berisha-ndue-perlleshi-male-bashota-and-sadik-rama\/","og_locale":"en_US","og_type":"article","og_title":"The President decorates Imer Berisha, Ndue P\u00ebrlleshi, Mal\u00eb Bashota and Sadik Rama - President of the Republic of Kosovo - DR. VJOSA OSMANI - SADRIU","og_description":"The President decorates Imer Berisha, Ndue P\u00ebrlleshi, Mal\u00eb Bashota and Sadik Rama - President of the Republic of Kosovo - DR. VJOSA OSMANI - SADRIU -","og_url":"https:\/\/president-ksgov.net\/en\/the-president-decorates-imer-berisha-ndue-perlleshi-male-bashota-and-sadik-rama\/","og_site_name":"President of the Republic of Kosovo - DR. VJOSA OSMANI - SADRIU","article_published_time":"2017-11-07T16:26:33+00:00","article_modified_time":"2023-03-07T09:36:59+00:00","og_image":[{"width":2400,"height":1600,"url":"https:\/\/president-ksgov.net\/wp-content\/uploads\/07_11_2017_5136090_24_07_2017_8814007_k_01.jpg","type":"image\/jpeg"}],"author":"admin","twitter_card":"summary_large_image","twitter_misc":{"Written by":"admin"},"schema":{"@context":"https:\/\/schema.org","@graph":[{"@type":"WebPage","@id":"https:\/\/president-ksgov.net\/en\/the-president-decorates-imer-berisha-ndue-perlleshi-male-bashota-and-sadik-rama\/","url":"https:\/\/president-ksgov.net\/en\/the-president-decorates-imer-berisha-ndue-perlleshi-male-bashota-and-sadik-rama\/","name":"The President decorates Imer Berisha, Ndue P\u00ebrlleshi, Mal\u00eb Bashota and Sadik Rama - President of the Republic of Kosovo - DR. VJOSA OSMANI - SADRIU","isPartOf":{"@id":"https:\/\/president-ksgov.net\/#website"},"primaryImageOfPage":{"@id":"https:\/\/president-ksgov.net\/en\/the-president-decorates-imer-berisha-ndue-perlleshi-male-bashota-and-sadik-rama\/#primaryimage"},"image":{"@id":"https:\/\/president-ksgov.net\/en\/the-president-decorates-imer-berisha-ndue-perlleshi-male-bashota-and-sadik-rama\/#primaryimage"},"thumbnailUrl":"https:\/\/president-ksgov.net\/wp-content\/uploads\/07_11_2017_5136090_24_07_2017_8814007_k_01.jpg","datePublished":"2017-11-07T16:26:33+00:00","dateModified":"2023-03-07T09:36:59+00:00","author":{"@id":"https:\/\/president-ksgov.net\/#\/schema\/person\/bb4337a5fb147cb2046d80548172cbee"},"description":"The President decorates Imer Berisha, Ndue P\u00ebrlleshi, Mal\u00eb Bashota and Sadik Rama - President of the Republic of Kosovo - DR. VJOSA OSMANI - SADRIU -","breadcrumb":{"@id":"https:\/\/president-ksgov.net\/en\/the-president-decorates-imer-berisha-ndue-perlleshi-male-bashota-and-sadik-rama\/#breadcrumb"},"inLanguage":"en-US","potentialAction":[{"@type":"ReadAction","target":["https:\/\/president-ksgov.net\/en\/the-president-decorates-imer-berisha-ndue-perlleshi-male-bashota-and-sadik-rama\/"]}]},{"@type":"ImageObject","inLanguage":"en-US","@id":"https:\/\/president-ksgov.net\/en\/the-president-decorates-imer-berisha-ndue-perlleshi-male-bashota-and-sadik-rama\/#primaryimage","url":"https:\/\/president-ksgov.net\/wp-content\/uploads\/07_11_2017_5136090_24_07_2017_8814007_k_01.jpg","contentUrl":"https:\/\/president-ksgov.net\/wp-content\/uploads\/07_11_2017_5136090_24_07_2017_8814007_k_01.jpg","width":2400,"height":1600},{"@type":"BreadcrumbList","@id":"https:\/\/president-ksgov.net\/en\/the-president-decorates-imer-berisha-ndue-perlleshi-male-bashota-and-sadik-rama\/#breadcrumb","itemListElement":[{"@type":"ListItem","position":1,"name":"Home","item":"https:\/\/president-ksgov.net\/en\/"},{"@type":"ListItem","position":2,"name":"The President decorates Imer Berisha, Ndue P\u00ebrlleshi, Mal\u00eb Bashota and Sadik Rama"}]},{"@type":"WebSite","@id":"https:\/\/president-ksgov.net\/#website","url":"https:\/\/president-ksgov.net\/","name":"Presidente e Republik\u00ebs s\u00eb Kosov\u00ebs","description":"Presidente e Republik\u00ebs s\u00eb Kosov\u00ebs","alternateName":"DR. VJOSA OSMANI - SADRIU","potentialAction":[{"@type":"SearchAction","target":{"@type":"EntryPoint","urlTemplate":"https:\/\/president-ksgov.net\/?s={search_term_string}"},"query-input":{"@type":"PropertyValueSpecification","valueRequired":true,"valueName":"search_term_string"}}],"inLanguage":"en-US"},{"@type":"Person","@id":"https:\/\/president-ksgov.net\/#\/schema\/person\/bb4337a5fb147cb2046d80548172cbee","name":"admin","image":{"@type":"ImageObject","inLanguage":"en-US","@id":"https:\/\/president-ksgov.net\/#\/schema\/person\/image\/","url":"https:\/\/secure.gravatar.com\/avatar\/36156ca0fa3b8d9d25174f146e16beea0cf28f37adf1b9e19b6c9c279a7c9dd3?s=96&d=mm&r=g","contentUrl":"https:\/\/secure.gravatar.com\/avatar\/36156ca0fa3b8d9d25174f146e16beea0cf28f37adf1b9e19b6c9c279a7c9dd3?s=96&d=mm&r=g","caption":"admin"},"sameAs":["https:\/\/president-ksgov.net"]}]}},"_links":{"self":[{"href":"https:\/\/president-ksgov.net\/en\/wp-json\/wp\/v2\/posts\/68460","targetHints":{"allow":["GET"]}}],"collection":[{"href":"https:\/\/president-ksgov.net\/en\/wp-json\/wp\/v2\/posts"}],"about":[{"href":"https:\/\/president-ksgov.net\/en\/wp-json\/wp\/v2\/types\/post"}],"author":[{"embeddable":true,"href":"https:\/\/president-ksgov.net\/en\/wp-json\/wp\/v2\/users\/1"}],"replies":[{"embeddable":true,"href":"https:\/\/president-ksgov.net\/en\/wp-json\/wp\/v2\/comments?post=68460"}],"version-history":[{"count":0,"href":"https:\/\/president-ksgov.net\/en\/wp-json\/wp\/v2\/posts\/68460\/revisions"}],"wp:featuredmedia":[{"embeddable":true,"href":"https:\/\/president-ksgov.net\/en\/wp-json\/wp\/v2\/media\/29237"}],"wp:attachment":[{"href":"https:\/\/president-ksgov.net\/en\/wp-json\/wp\/v2\/media?parent=68460"}],"wp:term":[{"taxonomy":"category","embeddable":true,"href":"https:\/\/president-ksgov.net\/en\/wp-json\/wp\/v2\/categories?post=68460"},{"taxonomy":"post_tag","embeddable":true,"href":"https:\/\/president-ksgov.net\/en\/wp-json\/wp\/v2\/tags?post=68460"}],"curies":[{"name":"wp","href":"https:\/\/api.w.org\/{rel}","templated":true}]}}