{"id":68422,"date":"2017-11-27T14:37:43","date_gmt":"2017-11-27T14:37:43","guid":{"rendered":"https:\/\/dev.president-ksgov.net\/presidents-thaci-and-meta-unveil-the-statue-of-idriz-seferi-in-gjilan\/"},"modified":"2023-03-07T09:35:03","modified_gmt":"2023-03-07T09:35:03","slug":"presidents-thaci-and-meta-unveil-the-statue-of-idriz-seferi-in-gjilan","status":"publish","type":"post","link":"https:\/\/president-ksgov.net\/en\/presidents-thaci-and-meta-unveil-the-statue-of-idriz-seferi-in-gjilan\/","title":{"rendered":"Presidents Tha\u00e7i and Meta unveil the statue of Idriz Seferi in Gjilan"},"content":{"rendered":"<p>Gjilan, November 27, 2017 &#8211; The President of the Republic of Kosovo, Hashim Tha\u00e7i, together with his Albanian counterpart, Ilir Meta, and the Mayor of Gjilan, Lutfi Haziri, have unveiled today the statue of the National Hero, Idriz Seferi.<\/p>\n<p>President Tha\u00e7i said that in Gjilan the statue of a great leader of the wars for the protection of Albanian lands in a forty-year period is being placed.<\/p>\n<p>\u201cThe statue of the distinguished commander and strategist Idriz Seferi is being inaugurated on the 90th anniversary of his death, on the eve of the 105th anniversary of the Independence of Albania. The best qualities of the fighter, the strategist and the popular tribune, Idriz Seferi tested in the protection of the Albanian lands, with the weapon in the hand, based on the political and military platform of the Albanian League of Prizren\u201d, stated President Tha\u00e7i<\/p>\n<p>The Head of State added that Idriz Seferi was distinguished for courage, bravery, and readiness for sacrifice, just like the great men of that time, like Sulejman Vokshi, Mic Sokoli, Abdyl Shkupi, Ali Ib\u00ebr Neza, who never turned back from the main goal, the preservation of the Albanian lands from fractioning and realizing the idea of independence.<\/p>\n<p>\u201cWith tireless patriots of the Albanian cause, like Hasan Prishtina, Haxhi Zeka, Isa Boletini, Bajram Curri and other figures of the time, Idriz Seferi gave a historic contribution to the 1908 &#8211; 1912 uprisings that led to the Independence of Albania\u201d, said President Tha\u00e7i.<\/p>\n<p>According to President Tha\u00e7i, he is an example of the implacable leader, who did not stop uprising activities for a single moment.<\/p>\n<p>\u201cWith the wisdom of a popular tribune, Idriz Seferi was also distinguished in assemblies, where he managed to reconcile people in conflicts, with the idea that the fate of the homeland stands above individual interest\u201d, he said.<br \/>\nBased on his constitutional powers, President Tha\u00e7i has formally announced Idriz Seferi, Hero of Kosovo.<\/p>\n<p>President Tha\u00e7i congratulated all Albanians on the 105th anniversary of the Independence of Albania.<br \/>\n\u00a0<\/p>\n","protected":false},"excerpt":{"rendered":"<p>Gjilan, November 27, 2017 &#8211; The President of the Republic of Kosovo, Hashim Tha\u00e7i, together with his Albanian counterpart, Ilir Meta, and the Mayor of Gjilan, Lutfi Haziri, have unveiled today the statue of the National Hero, Idriz Seferi.<\/p>\n","protected":false},"author":1,"featured_media":28785,"comment_status":"open","ping_status":"closed","sticky":false,"template":"","format":"standard","meta":{"_eb_attr":"","footnotes":""},"categories":[111],"tags":[],"class_list":["post-68422","post","type-post","status-publish","format-standard","has-post-thumbnail","hentry","category-news"],"yoast_head":"<!-- This site is optimized with the Yoast SEO plugin v23.5 - https:\/\/yoast.com\/wordpress\/plugins\/seo\/ -->\n<title>Presidents Tha\u00e7i and Meta unveil the statue of Idriz Seferi in Gjilan - President of the Republic of Kosovo - DR. VJOSA OSMANI - SADRIU<\/title>\n<meta name=\"description\" content=\"Presidents Tha\u00e7i and Meta unveil the statue of Idriz Seferi in Gjilan - President of the Republic of Kosovo - DR. VJOSA OSMANI - SADRIU -\" \/>\n<meta name=\"robots\" content=\"index, follow, max-snippet:-1, max-image-preview:large, max-video-preview:-1\" \/>\n<link rel=\"canonical\" href=\"https:\/\/president-ksgov.net\/en\/presidents-thaci-and-meta-unveil-the-statue-of-idriz-seferi-in-gjilan\/\" \/>\n<meta property=\"og:locale\" content=\"en_US\" \/>\n<meta property=\"og:type\" content=\"article\" \/>\n<meta property=\"og:title\" content=\"Presidents Tha\u00e7i and Meta unveil the statue of Idriz Seferi in Gjilan - President of the Republic of Kosovo - DR. VJOSA OSMANI - SADRIU\" \/>\n<meta property=\"og:description\" content=\"Presidents Tha\u00e7i and Meta unveil the statue of Idriz Seferi in Gjilan - President of the Republic of Kosovo - DR. VJOSA OSMANI - SADRIU -\" \/>\n<meta property=\"og:url\" content=\"https:\/\/president-ksgov.net\/en\/presidents-thaci-and-meta-unveil-the-statue-of-idriz-seferi-in-gjilan\/\" \/>\n<meta property=\"og:site_name\" content=\"President of the Republic of Kosovo - DR. VJOSA OSMANI - SADRIU\" \/>\n<meta property=\"article:published_time\" content=\"2017-11-27T14:37:43+00:00\" \/>\n<meta property=\"article:modified_time\" content=\"2023-03-07T09:35:03+00:00\" \/>\n<meta property=\"og:image\" content=\"https:\/\/president-ksgov.net\/wp-content\/uploads\/27_11_2017_4781006_gjilan_1.jpg\" \/>\n\t<meta property=\"og:image:width\" content=\"2000\" \/>\n\t<meta property=\"og:image:height\" content=\"1332\" \/>\n\t<meta property=\"og:image:type\" content=\"image\/jpeg\" \/>\n<meta name=\"author\" content=\"admin\" \/>\n<meta name=\"twitter:card\" content=\"summary_large_image\" \/>\n<meta name=\"twitter:label1\" content=\"Written by\" \/>\n\t<meta name=\"twitter:data1\" content=\"admin\" \/>\n\t<meta name=\"twitter:label2\" content=\"Est. reading time\" \/>\n\t<meta name=\"twitter:data2\" content=\"2 minutes\" \/>\n<script type=\"application\/ld+json\" class=\"yoast-schema-graph\">{\"@context\":\"https:\/\/schema.org\",\"@graph\":[{\"@type\":\"WebPage\",\"@id\":\"https:\/\/president-ksgov.net\/en\/presidents-thaci-and-meta-unveil-the-statue-of-idriz-seferi-in-gjilan\/\",\"url\":\"https:\/\/president-ksgov.net\/en\/presidents-thaci-and-meta-unveil-the-statue-of-idriz-seferi-in-gjilan\/\",\"name\":\"Presidents Tha\u00e7i and Meta unveil the statue of Idriz Seferi in Gjilan - President of the Republic of Kosovo - DR. VJOSA OSMANI - SADRIU\",\"isPartOf\":{\"@id\":\"https:\/\/president-ksgov.net\/#website\"},\"primaryImageOfPage\":{\"@id\":\"https:\/\/president-ksgov.net\/en\/presidents-thaci-and-meta-unveil-the-statue-of-idriz-seferi-in-gjilan\/#primaryimage\"},\"image\":{\"@id\":\"https:\/\/president-ksgov.net\/en\/presidents-thaci-and-meta-unveil-the-statue-of-idriz-seferi-in-gjilan\/#primaryimage\"},\"thumbnailUrl\":\"https:\/\/president-ksgov.net\/wp-content\/uploads\/27_11_2017_4781006_gjilan_1.jpg\",\"datePublished\":\"2017-11-27T14:37:43+00:00\",\"dateModified\":\"2023-03-07T09:35:03+00:00\",\"author\":{\"@id\":\"https:\/\/president-ksgov.net\/#\/schema\/person\/bb4337a5fb147cb2046d80548172cbee\"},\"description\":\"Presidents Tha\u00e7i and Meta unveil the statue of Idriz Seferi in Gjilan - President of the Republic of Kosovo - DR. VJOSA OSMANI - SADRIU -\",\"breadcrumb\":{\"@id\":\"https:\/\/president-ksgov.net\/en\/presidents-thaci-and-meta-unveil-the-statue-of-idriz-seferi-in-gjilan\/#breadcrumb\"},\"inLanguage\":\"en-US\",\"potentialAction\":[{\"@type\":\"ReadAction\",\"target\":[\"https:\/\/president-ksgov.net\/en\/presidents-thaci-and-meta-unveil-the-statue-of-idriz-seferi-in-gjilan\/\"]}]},{\"@type\":\"ImageObject\",\"inLanguage\":\"en-US\",\"@id\":\"https:\/\/president-ksgov.net\/en\/presidents-thaci-and-meta-unveil-the-statue-of-idriz-seferi-in-gjilan\/#primaryimage\",\"url\":\"https:\/\/president-ksgov.net\/wp-content\/uploads\/27_11_2017_4781006_gjilan_1.jpg\",\"contentUrl\":\"https:\/\/president-ksgov.net\/wp-content\/uploads\/27_11_2017_4781006_gjilan_1.jpg\",\"width\":2000,\"height\":1332},{\"@type\":\"BreadcrumbList\",\"@id\":\"https:\/\/president-ksgov.net\/en\/presidents-thaci-and-meta-unveil-the-statue-of-idriz-seferi-in-gjilan\/#breadcrumb\",\"itemListElement\":[{\"@type\":\"ListItem\",\"position\":1,\"name\":\"Home\",\"item\":\"https:\/\/president-ksgov.net\/en\/\"},{\"@type\":\"ListItem\",\"position\":2,\"name\":\"Presidents Tha\u00e7i and Meta unveil the statue of Idriz Seferi in Gjilan\"}]},{\"@type\":\"WebSite\",\"@id\":\"https:\/\/president-ksgov.net\/#website\",\"url\":\"https:\/\/president-ksgov.net\/\",\"name\":\"Presidente e Republik\u00ebs s\u00eb Kosov\u00ebs\",\"description\":\"Presidente e Republik\u00ebs s\u00eb Kosov\u00ebs\",\"alternateName\":\"DR. VJOSA OSMANI - SADRIU\",\"potentialAction\":[{\"@type\":\"SearchAction\",\"target\":{\"@type\":\"EntryPoint\",\"urlTemplate\":\"https:\/\/president-ksgov.net\/?s={search_term_string}\"},\"query-input\":{\"@type\":\"PropertyValueSpecification\",\"valueRequired\":true,\"valueName\":\"search_term_string\"}}],\"inLanguage\":\"en-US\"},{\"@type\":\"Person\",\"@id\":\"https:\/\/president-ksgov.net\/#\/schema\/person\/bb4337a5fb147cb2046d80548172cbee\",\"name\":\"admin\",\"image\":{\"@type\":\"ImageObject\",\"inLanguage\":\"en-US\",\"@id\":\"https:\/\/president-ksgov.net\/#\/schema\/person\/image\/\",\"url\":\"https:\/\/secure.gravatar.com\/avatar\/36156ca0fa3b8d9d25174f146e16beea0cf28f37adf1b9e19b6c9c279a7c9dd3?s=96&d=mm&r=g\",\"contentUrl\":\"https:\/\/secure.gravatar.com\/avatar\/36156ca0fa3b8d9d25174f146e16beea0cf28f37adf1b9e19b6c9c279a7c9dd3?s=96&d=mm&r=g\",\"caption\":\"admin\"},\"sameAs\":[\"https:\/\/president-ksgov.net\"]}]}<\/script>\n<!-- \/ Yoast SEO plugin. -->","yoast_head_json":{"title":"Presidents Tha\u00e7i and Meta unveil the statue of Idriz Seferi in Gjilan - President of the Republic of Kosovo - DR. VJOSA OSMANI - SADRIU","description":"Presidents Tha\u00e7i and Meta unveil the statue of Idriz Seferi in Gjilan - President of the Republic of Kosovo - DR. VJOSA OSMANI - SADRIU -","robots":{"index":"index","follow":"follow","max-snippet":"max-snippet:-1","max-image-preview":"max-image-preview:large","max-video-preview":"max-video-preview:-1"},"canonical":"https:\/\/president-ksgov.net\/en\/presidents-thaci-and-meta-unveil-the-statue-of-idriz-seferi-in-gjilan\/","og_locale":"en_US","og_type":"article","og_title":"Presidents Tha\u00e7i and Meta unveil the statue of Idriz Seferi in Gjilan - President of the Republic of Kosovo - DR. VJOSA OSMANI - SADRIU","og_description":"Presidents Tha\u00e7i and Meta unveil the statue of Idriz Seferi in Gjilan - President of the Republic of Kosovo - DR. VJOSA OSMANI - SADRIU -","og_url":"https:\/\/president-ksgov.net\/en\/presidents-thaci-and-meta-unveil-the-statue-of-idriz-seferi-in-gjilan\/","og_site_name":"President of the Republic of Kosovo - DR. VJOSA OSMANI - SADRIU","article_published_time":"2017-11-27T14:37:43+00:00","article_modified_time":"2023-03-07T09:35:03+00:00","og_image":[{"width":2000,"height":1332,"url":"https:\/\/president-ksgov.net\/wp-content\/uploads\/27_11_2017_4781006_gjilan_1.jpg","type":"image\/jpeg"}],"author":"admin","twitter_card":"summary_large_image","twitter_misc":{"Written by":"admin","Est. reading time":"2 minutes"},"schema":{"@context":"https:\/\/schema.org","@graph":[{"@type":"WebPage","@id":"https:\/\/president-ksgov.net\/en\/presidents-thaci-and-meta-unveil-the-statue-of-idriz-seferi-in-gjilan\/","url":"https:\/\/president-ksgov.net\/en\/presidents-thaci-and-meta-unveil-the-statue-of-idriz-seferi-in-gjilan\/","name":"Presidents Tha\u00e7i and Meta unveil the statue of Idriz Seferi in Gjilan - President of the Republic of Kosovo - DR. VJOSA OSMANI - SADRIU","isPartOf":{"@id":"https:\/\/president-ksgov.net\/#website"},"primaryImageOfPage":{"@id":"https:\/\/president-ksgov.net\/en\/presidents-thaci-and-meta-unveil-the-statue-of-idriz-seferi-in-gjilan\/#primaryimage"},"image":{"@id":"https:\/\/president-ksgov.net\/en\/presidents-thaci-and-meta-unveil-the-statue-of-idriz-seferi-in-gjilan\/#primaryimage"},"thumbnailUrl":"https:\/\/president-ksgov.net\/wp-content\/uploads\/27_11_2017_4781006_gjilan_1.jpg","datePublished":"2017-11-27T14:37:43+00:00","dateModified":"2023-03-07T09:35:03+00:00","author":{"@id":"https:\/\/president-ksgov.net\/#\/schema\/person\/bb4337a5fb147cb2046d80548172cbee"},"description":"Presidents Tha\u00e7i and Meta unveil the statue of Idriz Seferi in Gjilan - President of the Republic of Kosovo - DR. VJOSA OSMANI - SADRIU -","breadcrumb":{"@id":"https:\/\/president-ksgov.net\/en\/presidents-thaci-and-meta-unveil-the-statue-of-idriz-seferi-in-gjilan\/#breadcrumb"},"inLanguage":"en-US","potentialAction":[{"@type":"ReadAction","target":["https:\/\/president-ksgov.net\/en\/presidents-thaci-and-meta-unveil-the-statue-of-idriz-seferi-in-gjilan\/"]}]},{"@type":"ImageObject","inLanguage":"en-US","@id":"https:\/\/president-ksgov.net\/en\/presidents-thaci-and-meta-unveil-the-statue-of-idriz-seferi-in-gjilan\/#primaryimage","url":"https:\/\/president-ksgov.net\/wp-content\/uploads\/27_11_2017_4781006_gjilan_1.jpg","contentUrl":"https:\/\/president-ksgov.net\/wp-content\/uploads\/27_11_2017_4781006_gjilan_1.jpg","width":2000,"height":1332},{"@type":"BreadcrumbList","@id":"https:\/\/president-ksgov.net\/en\/presidents-thaci-and-meta-unveil-the-statue-of-idriz-seferi-in-gjilan\/#breadcrumb","itemListElement":[{"@type":"ListItem","position":1,"name":"Home","item":"https:\/\/president-ksgov.net\/en\/"},{"@type":"ListItem","position":2,"name":"Presidents Tha\u00e7i and Meta unveil the statue of Idriz Seferi in Gjilan"}]},{"@type":"WebSite","@id":"https:\/\/president-ksgov.net\/#website","url":"https:\/\/president-ksgov.net\/","name":"Presidente e Republik\u00ebs s\u00eb Kosov\u00ebs","description":"Presidente e Republik\u00ebs s\u00eb Kosov\u00ebs","alternateName":"DR. VJOSA OSMANI - SADRIU","potentialAction":[{"@type":"SearchAction","target":{"@type":"EntryPoint","urlTemplate":"https:\/\/president-ksgov.net\/?s={search_term_string}"},"query-input":{"@type":"PropertyValueSpecification","valueRequired":true,"valueName":"search_term_string"}}],"inLanguage":"en-US"},{"@type":"Person","@id":"https:\/\/president-ksgov.net\/#\/schema\/person\/bb4337a5fb147cb2046d80548172cbee","name":"admin","image":{"@type":"ImageObject","inLanguage":"en-US","@id":"https:\/\/president-ksgov.net\/#\/schema\/person\/image\/","url":"https:\/\/secure.gravatar.com\/avatar\/36156ca0fa3b8d9d25174f146e16beea0cf28f37adf1b9e19b6c9c279a7c9dd3?s=96&d=mm&r=g","contentUrl":"https:\/\/secure.gravatar.com\/avatar\/36156ca0fa3b8d9d25174f146e16beea0cf28f37adf1b9e19b6c9c279a7c9dd3?s=96&d=mm&r=g","caption":"admin"},"sameAs":["https:\/\/president-ksgov.net"]}]}},"_links":{"self":[{"href":"https:\/\/president-ksgov.net\/en\/wp-json\/wp\/v2\/posts\/68422","targetHints":{"allow":["GET"]}}],"collection":[{"href":"https:\/\/president-ksgov.net\/en\/wp-json\/wp\/v2\/posts"}],"about":[{"href":"https:\/\/president-ksgov.net\/en\/wp-json\/wp\/v2\/types\/post"}],"author":[{"embeddable":true,"href":"https:\/\/president-ksgov.net\/en\/wp-json\/wp\/v2\/users\/1"}],"replies":[{"embeddable":true,"href":"https:\/\/president-ksgov.net\/en\/wp-json\/wp\/v2\/comments?post=68422"}],"version-history":[{"count":0,"href":"https:\/\/president-ksgov.net\/en\/wp-json\/wp\/v2\/posts\/68422\/revisions"}],"wp:featuredmedia":[{"embeddable":true,"href":"https:\/\/president-ksgov.net\/en\/wp-json\/wp\/v2\/media\/28785"}],"wp:attachment":[{"href":"https:\/\/president-ksgov.net\/en\/wp-json\/wp\/v2\/media?parent=68422"}],"wp:term":[{"taxonomy":"category","embeddable":true,"href":"https:\/\/president-ksgov.net\/en\/wp-json\/wp\/v2\/categories?post=68422"},{"taxonomy":"post_tag","embeddable":true,"href":"https:\/\/president-ksgov.net\/en\/wp-json\/wp\/v2\/tags?post=68422"}],"curies":[{"name":"wp","href":"https:\/\/api.w.org\/{rel}","templated":true}]}}