{"id":68413,"date":"2017-11-27T21:31:49","date_gmt":"2017-11-27T21:31:49","guid":{"rendered":"https:\/\/dev.president-ksgov.net\/president-thaci-congratulates-the-president-of-albania-on-flag-day-november-is-the-month-of-our-national-pride\/"},"modified":"2023-03-07T09:34:28","modified_gmt":"2023-03-07T09:34:28","slug":"president-thaci-congratulates-the-president-of-albania-on-flag-day-november-is-the-month-of-our-national-pride","status":"publish","type":"post","link":"https:\/\/president-ksgov.net\/en\/president-thaci-congratulates-the-president-of-albania-on-flag-day-november-is-the-month-of-our-national-pride\/","title":{"rendered":"President Tha\u00e7i congratulates the President of Albania on Flag Day: November is the month of our national pride"},"content":{"rendered":"<p>Prishtina, November 27, 2017 &#8211; The President of Kosovo, Hashim Tha\u00e7i, on the occasion of Flag Day, the 28th of November, and the 105th anniversary of the Independence of Albania, has sent a congratulatory telegram to his Albanian counterpart, Ilir Meta<\/p>\n<p>In the telegram of congratulations to the President of Albania, President Tha\u00e7i has said that this month of our national pride narrates best, not only about our joint history but also about the unrelated connection, because for centuries we have always stood next to each other.<\/p>\n<p>Inseparable twin states, President Tha\u00e7i has said that Kosovo and Albania, by supporting each other, have managed to guarantee a clear Euro-Atlantic perspective for the citizens of our two states.<\/p>\n<p>This is President Tha\u00e7i\u2019s congratulatory telegram for his Albanian counterpart, Ilir Meta:<\/p>\n<p>Honorable President of the Republic of Albania, Mr. Ilir Meta,<\/p>\n<p>On behalf of the citizens of the Republic of Kosovo, its institutions and on my personal behalf, please accept the best wishes on Flag Day, the 28th of November, as well as on the 105th anniversary of the Independence of Albania.<\/p>\n<p>November has been and remains forever the month of glory for Albanians all over the world and it is the month of our joint holidays in more than a century.<\/p>\n<p>This month of our national pride narrates best, not only about our common history, but also about the unrelated relationship, because for centuries we have always stood next to each other.<\/p>\n<p>Kosovo and Albania, inseparable twin states, supporting each other have managed to guarantee a clear Euro-Atlantic perspective for the citizens of our two countries.<\/p>\n<p>Today Kosovo is fortunate to always have the Republic of Albania on its side, because it is learning a lot from the 105 year state experience.<\/p>\n<p>In Kosovo and Albania, our people will always remain a partner of all people who want a future in peace and prosperity for the region and beyond.<\/p>\n<p>I am happy to celebrate the 28th of November together again in our historical Vlora!<\/p>\n<p>Respectfully,<\/p>\n<p>Hashim Tha\u00e7i<br \/>\nPresident of the Republic of Kosovo<\/p>\n","protected":false},"excerpt":{"rendered":"<p>Prishtina, November 27, 2017 &#8211; The President of Kosovo, Hashim Tha\u00e7i, on the occasion of Flag Day, the 28th of November, and the 105th anniversary of the Independence of Albania, has sent a congratulatory telegram to his Albanian counterpart, Ilir Meta<\/p>\n","protected":false},"author":1,"featured_media":28773,"comment_status":"open","ping_status":"closed","sticky":false,"template":"","format":"standard","meta":{"_eb_attr":"","footnotes":""},"categories":[111],"tags":[],"class_list":["post-68413","post","type-post","status-publish","format-standard","has-post-thumbnail","hentry","category-news"],"yoast_head":"<!-- This site is optimized with the Yoast SEO plugin v23.5 - https:\/\/yoast.com\/wordpress\/plugins\/seo\/ -->\n<title>President Tha\u00e7i congratulates the President of Albania on Flag Day: November is the month of our national pride - President of the Republic of Kosovo - DR. VJOSA OSMANI - SADRIU<\/title>\n<meta name=\"description\" content=\"President Tha\u00e7i congratulates the President of Albania on Flag Day: November is the month of our national pride - President of the Republic of Kosovo - DR. VJOSA OSMANI - SADRIU -\" \/>\n<meta name=\"robots\" content=\"index, follow, max-snippet:-1, max-image-preview:large, max-video-preview:-1\" \/>\n<link rel=\"canonical\" href=\"https:\/\/president-ksgov.net\/en\/president-thaci-congratulates-the-president-of-albania-on-flag-day-november-is-the-month-of-our-national-pride\/\" \/>\n<meta property=\"og:locale\" content=\"en_US\" \/>\n<meta property=\"og:type\" content=\"article\" \/>\n<meta property=\"og:title\" content=\"President Tha\u00e7i congratulates the President of Albania on Flag Day: November is the month of our national pride - President of the Republic of Kosovo - DR. VJOSA OSMANI - SADRIU\" \/>\n<meta property=\"og:description\" content=\"President Tha\u00e7i congratulates the President of Albania on Flag Day: November is the month of our national pride - President of the Republic of Kosovo - DR. VJOSA OSMANI - SADRIU -\" \/>\n<meta property=\"og:url\" content=\"https:\/\/president-ksgov.net\/en\/president-thaci-congratulates-the-president-of-albania-on-flag-day-november-is-the-month-of-our-national-pride\/\" \/>\n<meta property=\"og:site_name\" content=\"President of the Republic of Kosovo - DR. VJOSA OSMANI - SADRIU\" \/>\n<meta property=\"article:published_time\" content=\"2017-11-27T21:31:49+00:00\" \/>\n<meta property=\"article:modified_time\" content=\"2023-03-07T09:34:28+00:00\" \/>\n<meta property=\"og:image\" content=\"https:\/\/president-ksgov.net\/wp-content\/uploads\/27_11_2017_7967749_Presidenti_Thaci_uron_Presidentin_e_Shqiperise_per_Festen_e_Flamurit.jpg\" \/>\n\t<meta property=\"og:image:width\" content=\"2000\" \/>\n\t<meta property=\"og:image:height\" content=\"1262\" \/>\n\t<meta property=\"og:image:type\" content=\"image\/jpeg\" \/>\n<meta name=\"author\" content=\"admin\" \/>\n<meta name=\"twitter:card\" content=\"summary_large_image\" \/>\n<meta name=\"twitter:label1\" content=\"Written by\" \/>\n\t<meta name=\"twitter:data1\" content=\"admin\" \/>\n\t<meta name=\"twitter:label2\" content=\"Est. reading time\" \/>\n\t<meta name=\"twitter:data2\" content=\"2 minutes\" \/>\n<script type=\"application\/ld+json\" class=\"yoast-schema-graph\">{\"@context\":\"https:\/\/schema.org\",\"@graph\":[{\"@type\":\"WebPage\",\"@id\":\"https:\/\/president-ksgov.net\/en\/president-thaci-congratulates-the-president-of-albania-on-flag-day-november-is-the-month-of-our-national-pride\/\",\"url\":\"https:\/\/president-ksgov.net\/en\/president-thaci-congratulates-the-president-of-albania-on-flag-day-november-is-the-month-of-our-national-pride\/\",\"name\":\"President Tha\u00e7i congratulates the President of Albania on Flag Day: November is the month of our national pride - President of the Republic of Kosovo - DR. VJOSA OSMANI - SADRIU\",\"isPartOf\":{\"@id\":\"https:\/\/president-ksgov.net\/#website\"},\"primaryImageOfPage\":{\"@id\":\"https:\/\/president-ksgov.net\/en\/president-thaci-congratulates-the-president-of-albania-on-flag-day-november-is-the-month-of-our-national-pride\/#primaryimage\"},\"image\":{\"@id\":\"https:\/\/president-ksgov.net\/en\/president-thaci-congratulates-the-president-of-albania-on-flag-day-november-is-the-month-of-our-national-pride\/#primaryimage\"},\"thumbnailUrl\":\"https:\/\/president-ksgov.net\/wp-content\/uploads\/27_11_2017_7967749_Presidenti_Thaci_uron_Presidentin_e_Shqiperise_per_Festen_e_Flamurit.jpg\",\"datePublished\":\"2017-11-27T21:31:49+00:00\",\"dateModified\":\"2023-03-07T09:34:28+00:00\",\"author\":{\"@id\":\"https:\/\/president-ksgov.net\/#\/schema\/person\/bb4337a5fb147cb2046d80548172cbee\"},\"description\":\"President Tha\u00e7i congratulates the President of Albania on Flag Day: November is the month of our national pride - President of the Republic of Kosovo - DR. VJOSA OSMANI - SADRIU -\",\"breadcrumb\":{\"@id\":\"https:\/\/president-ksgov.net\/en\/president-thaci-congratulates-the-president-of-albania-on-flag-day-november-is-the-month-of-our-national-pride\/#breadcrumb\"},\"inLanguage\":\"en-US\",\"potentialAction\":[{\"@type\":\"ReadAction\",\"target\":[\"https:\/\/president-ksgov.net\/en\/president-thaci-congratulates-the-president-of-albania-on-flag-day-november-is-the-month-of-our-national-pride\/\"]}]},{\"@type\":\"ImageObject\",\"inLanguage\":\"en-US\",\"@id\":\"https:\/\/president-ksgov.net\/en\/president-thaci-congratulates-the-president-of-albania-on-flag-day-november-is-the-month-of-our-national-pride\/#primaryimage\",\"url\":\"https:\/\/president-ksgov.net\/wp-content\/uploads\/27_11_2017_7967749_Presidenti_Thaci_uron_Presidentin_e_Shqiperise_per_Festen_e_Flamurit.jpg\",\"contentUrl\":\"https:\/\/president-ksgov.net\/wp-content\/uploads\/27_11_2017_7967749_Presidenti_Thaci_uron_Presidentin_e_Shqiperise_per_Festen_e_Flamurit.jpg\",\"width\":2000,\"height\":1262},{\"@type\":\"BreadcrumbList\",\"@id\":\"https:\/\/president-ksgov.net\/en\/president-thaci-congratulates-the-president-of-albania-on-flag-day-november-is-the-month-of-our-national-pride\/#breadcrumb\",\"itemListElement\":[{\"@type\":\"ListItem\",\"position\":1,\"name\":\"Home\",\"item\":\"https:\/\/president-ksgov.net\/en\/\"},{\"@type\":\"ListItem\",\"position\":2,\"name\":\"President Tha\u00e7i congratulates the President of Albania on Flag Day: November is the month of our national pride\"}]},{\"@type\":\"WebSite\",\"@id\":\"https:\/\/president-ksgov.net\/#website\",\"url\":\"https:\/\/president-ksgov.net\/\",\"name\":\"Presidente e Republik\u00ebs s\u00eb Kosov\u00ebs\",\"description\":\"Presidente e Republik\u00ebs s\u00eb Kosov\u00ebs\",\"alternateName\":\"DR. VJOSA OSMANI - SADRIU\",\"potentialAction\":[{\"@type\":\"SearchAction\",\"target\":{\"@type\":\"EntryPoint\",\"urlTemplate\":\"https:\/\/president-ksgov.net\/?s={search_term_string}\"},\"query-input\":{\"@type\":\"PropertyValueSpecification\",\"valueRequired\":true,\"valueName\":\"search_term_string\"}}],\"inLanguage\":\"en-US\"},{\"@type\":\"Person\",\"@id\":\"https:\/\/president-ksgov.net\/#\/schema\/person\/bb4337a5fb147cb2046d80548172cbee\",\"name\":\"admin\",\"image\":{\"@type\":\"ImageObject\",\"inLanguage\":\"en-US\",\"@id\":\"https:\/\/president-ksgov.net\/#\/schema\/person\/image\/\",\"url\":\"https:\/\/secure.gravatar.com\/avatar\/36156ca0fa3b8d9d25174f146e16beea0cf28f37adf1b9e19b6c9c279a7c9dd3?s=96&d=mm&r=g\",\"contentUrl\":\"https:\/\/secure.gravatar.com\/avatar\/36156ca0fa3b8d9d25174f146e16beea0cf28f37adf1b9e19b6c9c279a7c9dd3?s=96&d=mm&r=g\",\"caption\":\"admin\"},\"sameAs\":[\"https:\/\/president-ksgov.net\"]}]}<\/script>\n<!-- \/ Yoast SEO plugin. -->","yoast_head_json":{"title":"President Tha\u00e7i congratulates the President of Albania on Flag Day: November is the month of our national pride - President of the Republic of Kosovo - DR. VJOSA OSMANI - SADRIU","description":"President Tha\u00e7i congratulates the President of Albania on Flag Day: November is the month of our national pride - President of the Republic of Kosovo - DR. VJOSA OSMANI - SADRIU -","robots":{"index":"index","follow":"follow","max-snippet":"max-snippet:-1","max-image-preview":"max-image-preview:large","max-video-preview":"max-video-preview:-1"},"canonical":"https:\/\/president-ksgov.net\/en\/president-thaci-congratulates-the-president-of-albania-on-flag-day-november-is-the-month-of-our-national-pride\/","og_locale":"en_US","og_type":"article","og_title":"President Tha\u00e7i congratulates the President of Albania on Flag Day: November is the month of our national pride - President of the Republic of Kosovo - DR. VJOSA OSMANI - SADRIU","og_description":"President Tha\u00e7i congratulates the President of Albania on Flag Day: November is the month of our national pride - President of the Republic of Kosovo - DR. VJOSA OSMANI - SADRIU -","og_url":"https:\/\/president-ksgov.net\/en\/president-thaci-congratulates-the-president-of-albania-on-flag-day-november-is-the-month-of-our-national-pride\/","og_site_name":"President of the Republic of Kosovo - DR. VJOSA OSMANI - SADRIU","article_published_time":"2017-11-27T21:31:49+00:00","article_modified_time":"2023-03-07T09:34:28+00:00","og_image":[{"width":2000,"height":1262,"url":"https:\/\/president-ksgov.net\/wp-content\/uploads\/27_11_2017_7967749_Presidenti_Thaci_uron_Presidentin_e_Shqiperise_per_Festen_e_Flamurit.jpg","type":"image\/jpeg"}],"author":"admin","twitter_card":"summary_large_image","twitter_misc":{"Written by":"admin","Est. reading time":"2 minutes"},"schema":{"@context":"https:\/\/schema.org","@graph":[{"@type":"WebPage","@id":"https:\/\/president-ksgov.net\/en\/president-thaci-congratulates-the-president-of-albania-on-flag-day-november-is-the-month-of-our-national-pride\/","url":"https:\/\/president-ksgov.net\/en\/president-thaci-congratulates-the-president-of-albania-on-flag-day-november-is-the-month-of-our-national-pride\/","name":"President Tha\u00e7i congratulates the President of Albania on Flag Day: November is the month of our national pride - President of the Republic of Kosovo - DR. VJOSA OSMANI - SADRIU","isPartOf":{"@id":"https:\/\/president-ksgov.net\/#website"},"primaryImageOfPage":{"@id":"https:\/\/president-ksgov.net\/en\/president-thaci-congratulates-the-president-of-albania-on-flag-day-november-is-the-month-of-our-national-pride\/#primaryimage"},"image":{"@id":"https:\/\/president-ksgov.net\/en\/president-thaci-congratulates-the-president-of-albania-on-flag-day-november-is-the-month-of-our-national-pride\/#primaryimage"},"thumbnailUrl":"https:\/\/president-ksgov.net\/wp-content\/uploads\/27_11_2017_7967749_Presidenti_Thaci_uron_Presidentin_e_Shqiperise_per_Festen_e_Flamurit.jpg","datePublished":"2017-11-27T21:31:49+00:00","dateModified":"2023-03-07T09:34:28+00:00","author":{"@id":"https:\/\/president-ksgov.net\/#\/schema\/person\/bb4337a5fb147cb2046d80548172cbee"},"description":"President Tha\u00e7i congratulates the President of Albania on Flag Day: November is the month of our national pride - President of the Republic of Kosovo - DR. VJOSA OSMANI - SADRIU -","breadcrumb":{"@id":"https:\/\/president-ksgov.net\/en\/president-thaci-congratulates-the-president-of-albania-on-flag-day-november-is-the-month-of-our-national-pride\/#breadcrumb"},"inLanguage":"en-US","potentialAction":[{"@type":"ReadAction","target":["https:\/\/president-ksgov.net\/en\/president-thaci-congratulates-the-president-of-albania-on-flag-day-november-is-the-month-of-our-national-pride\/"]}]},{"@type":"ImageObject","inLanguage":"en-US","@id":"https:\/\/president-ksgov.net\/en\/president-thaci-congratulates-the-president-of-albania-on-flag-day-november-is-the-month-of-our-national-pride\/#primaryimage","url":"https:\/\/president-ksgov.net\/wp-content\/uploads\/27_11_2017_7967749_Presidenti_Thaci_uron_Presidentin_e_Shqiperise_per_Festen_e_Flamurit.jpg","contentUrl":"https:\/\/president-ksgov.net\/wp-content\/uploads\/27_11_2017_7967749_Presidenti_Thaci_uron_Presidentin_e_Shqiperise_per_Festen_e_Flamurit.jpg","width":2000,"height":1262},{"@type":"BreadcrumbList","@id":"https:\/\/president-ksgov.net\/en\/president-thaci-congratulates-the-president-of-albania-on-flag-day-november-is-the-month-of-our-national-pride\/#breadcrumb","itemListElement":[{"@type":"ListItem","position":1,"name":"Home","item":"https:\/\/president-ksgov.net\/en\/"},{"@type":"ListItem","position":2,"name":"President Tha\u00e7i congratulates the President of Albania on Flag Day: November is the month of our national pride"}]},{"@type":"WebSite","@id":"https:\/\/president-ksgov.net\/#website","url":"https:\/\/president-ksgov.net\/","name":"Presidente e Republik\u00ebs s\u00eb Kosov\u00ebs","description":"Presidente e Republik\u00ebs s\u00eb Kosov\u00ebs","alternateName":"DR. VJOSA OSMANI - SADRIU","potentialAction":[{"@type":"SearchAction","target":{"@type":"EntryPoint","urlTemplate":"https:\/\/president-ksgov.net\/?s={search_term_string}"},"query-input":{"@type":"PropertyValueSpecification","valueRequired":true,"valueName":"search_term_string"}}],"inLanguage":"en-US"},{"@type":"Person","@id":"https:\/\/president-ksgov.net\/#\/schema\/person\/bb4337a5fb147cb2046d80548172cbee","name":"admin","image":{"@type":"ImageObject","inLanguage":"en-US","@id":"https:\/\/president-ksgov.net\/#\/schema\/person\/image\/","url":"https:\/\/secure.gravatar.com\/avatar\/36156ca0fa3b8d9d25174f146e16beea0cf28f37adf1b9e19b6c9c279a7c9dd3?s=96&d=mm&r=g","contentUrl":"https:\/\/secure.gravatar.com\/avatar\/36156ca0fa3b8d9d25174f146e16beea0cf28f37adf1b9e19b6c9c279a7c9dd3?s=96&d=mm&r=g","caption":"admin"},"sameAs":["https:\/\/president-ksgov.net"]}]}},"_links":{"self":[{"href":"https:\/\/president-ksgov.net\/en\/wp-json\/wp\/v2\/posts\/68413","targetHints":{"allow":["GET"]}}],"collection":[{"href":"https:\/\/president-ksgov.net\/en\/wp-json\/wp\/v2\/posts"}],"about":[{"href":"https:\/\/president-ksgov.net\/en\/wp-json\/wp\/v2\/types\/post"}],"author":[{"embeddable":true,"href":"https:\/\/president-ksgov.net\/en\/wp-json\/wp\/v2\/users\/1"}],"replies":[{"embeddable":true,"href":"https:\/\/president-ksgov.net\/en\/wp-json\/wp\/v2\/comments?post=68413"}],"version-history":[{"count":0,"href":"https:\/\/president-ksgov.net\/en\/wp-json\/wp\/v2\/posts\/68413\/revisions"}],"wp:featuredmedia":[{"embeddable":true,"href":"https:\/\/president-ksgov.net\/en\/wp-json\/wp\/v2\/media\/28773"}],"wp:attachment":[{"href":"https:\/\/president-ksgov.net\/en\/wp-json\/wp\/v2\/media?parent=68413"}],"wp:term":[{"taxonomy":"category","embeddable":true,"href":"https:\/\/president-ksgov.net\/en\/wp-json\/wp\/v2\/categories?post=68413"},{"taxonomy":"post_tag","embeddable":true,"href":"https:\/\/president-ksgov.net\/en\/wp-json\/wp\/v2\/tags?post=68413"}],"curies":[{"name":"wp","href":"https:\/\/api.w.org\/{rel}","templated":true}]}}