{"id":68412,"date":"2017-11-28T13:30:21","date_gmt":"2017-11-28T12:30:21","guid":{"rendered":"https:\/\/dev.president-ksgov.net\/president-thaci-in-vlora-we-are-a-nation-in-two-sovereign-states-who-as-a-dream-have-the-euro-atlantic-integration\/"},"modified":"2023-03-07T09:34:28","modified_gmt":"2023-03-07T09:34:28","slug":"president-thaci-in-vlora-we-are-a-nation-in-two-sovereign-states-who-as-a-dream-have-the-euro-atlantic-integration","status":"publish","type":"post","link":"https:\/\/president-ksgov.net\/en\/president-thaci-in-vlora-we-are-a-nation-in-two-sovereign-states-who-as-a-dream-have-the-euro-atlantic-integration\/","title":{"rendered":"President Tha\u00e7i in Vlora: We are a nation in two sovereign states, who as a dream have the Euro-Atlantic integration"},"content":{"rendered":"<p>Vlora, November 28, 2017 \u2013 The President of the Republic of Kosovo, Hashim Tha\u00e7i, participated today at the ceremony marking the 28th of November which is organized in Vlora.<\/p>\n<p>President Tha\u00e7i has emphasized that Flag Day is the feast of the national pride and has congratulated all Albanians in Albania, Kosovo, Macedonia, the Preshevo Valley, Montenegro and wherever they live outside their territories.<\/p>\n<p>\u201cThe 28th of November is a celebration of the restoration of dignity and the strengthening of our national conscience\u201d, said the President, adding that this day marks the moment of detachment from the long captivity and the beginning of the era of modernization of our nation.<\/p>\n<p>It was the National Renaissance, the ever-growing uprisings against the fractioning of Albanian lands since the Albanian League of Prizren and up to the uprisings of 1908-1912, according to President Tha\u00e7i, which led to the moment of the Declaration of Independence on November 28, 1912.<\/p>\n<p>\u201cOn this day it is impossible not to remember all those patriots, visionary statesmen, men and women, who generation after generation over the centuries contributed to come to the Declaration of Independence\u201d, he said.<\/p>\n<p>President Tha\u00e7i has linked the 105th anniversary of the Independence of Albania also with the 10th anniversary of the Independence of Kosovo and the inauguration of the nationwide year of Gjergj Kastrioti- Skanderbeg.<\/p>\n<p>Nearly a century after the establishment of the Albanian state, he said that Kosovo was finally liberated thanks to the incessant efforts that were crowned with the fair struggle of the Kosovo Liberation Army, which found support from the democratic world, the United States of America, the European Union and NATO.<\/p>\n<p>The President has said that Albanians have never been in a better historical, actual and factual position.<\/p>\n<p>\u201cAlbania is a member of the most powerful military organization in the world, NATO. Kosovo is a free and sovereign state. We are a nation in two sovereign states. Both of our countries have a dream. Have a purpose. The integration into the Euro-Atlantic institutions\u201d, he stressed.<\/p>\n<p>President Tha\u00e7i has said that with this philosophy and clear orientation towards the western democratic values, Kosovo and Albania today develop mutual economic, cultural and political relations as never before.<\/p>\n<p>\u201cYesterday, the governments of our two countries held a joint meeting in Kor\u00e7a. Today, we celebrate together in Vlora. Both our countries give clear messages that we are committed to the peace, stability and prosperity of the region\u201d, he added. <\/p>\n<p>The Head of State has said that Vlora has united the Albanians of all the territories, while for Kosovo the name of the city of Vlora goes beyond historical meaning.<\/p>\n<p>\u201cThe name of Vlora, but also of the other cities of Albania, the parents in Kosovo gave to girls as a sign of the national identity and the love for the motherland\u201d, he said.<\/p>\n<p>President Tha\u00e7i said that Kosovo, now and forever will cultivate the love for Albania through the institutional path, cultural integration, freedom of movement and deepening of cooperation.<\/p>\n","protected":false},"excerpt":{"rendered":"<p>Vlora, November 28, 2017 \u2013 The President of the Republic of Kosovo, Hashim Tha\u00e7i, participated today at the ceremony marking the 28th of November which is organized in Vlora.<\/p>\n","protected":false},"author":1,"featured_media":28763,"comment_status":"open","ping_status":"closed","sticky":false,"template":"","format":"standard","meta":{"_eb_attr":"","footnotes":""},"categories":[111,112],"tags":[],"class_list":["post-68412","post","type-post","status-publish","format-standard","has-post-thumbnail","hentry","category-news","category-vizitat-nderkombetare"],"yoast_head":"<!-- This site is optimized with the Yoast SEO plugin v23.5 - https:\/\/yoast.com\/wordpress\/plugins\/seo\/ -->\n<title>President Tha\u00e7i in Vlora: We are a nation in two sovereign states, who as a dream have the Euro-Atlantic integration - President of the Republic of Kosovo - DR. VJOSA OSMANI - SADRIU<\/title>\n<meta name=\"description\" content=\"President Tha\u00e7i in Vlora: We are a nation in two sovereign states, who as a dream have the Euro-Atlantic integration - President of the Republic of Kosovo - DR. VJOSA OSMANI - SADRIU -\" \/>\n<meta name=\"robots\" content=\"index, follow, max-snippet:-1, max-image-preview:large, max-video-preview:-1\" \/>\n<link rel=\"canonical\" href=\"https:\/\/president-ksgov.net\/en\/president-thaci-in-vlora-we-are-a-nation-in-two-sovereign-states-who-as-a-dream-have-the-euro-atlantic-integration\/\" \/>\n<meta property=\"og:locale\" content=\"en_US\" \/>\n<meta property=\"og:type\" content=\"article\" \/>\n<meta property=\"og:title\" content=\"President Tha\u00e7i in Vlora: We are a nation in two sovereign states, who as a dream have the Euro-Atlantic integration - President of the Republic of Kosovo - DR. VJOSA OSMANI - SADRIU\" \/>\n<meta property=\"og:description\" content=\"President Tha\u00e7i in Vlora: We are a nation in two sovereign states, who as a dream have the Euro-Atlantic integration - President of the Republic of Kosovo - DR. VJOSA OSMANI - SADRIU -\" \/>\n<meta property=\"og:url\" content=\"https:\/\/president-ksgov.net\/en\/president-thaci-in-vlora-we-are-a-nation-in-two-sovereign-states-who-as-a-dream-have-the-euro-atlantic-integration\/\" \/>\n<meta property=\"og:site_name\" content=\"President of the Republic of Kosovo - DR. VJOSA OSMANI - SADRIU\" \/>\n<meta property=\"article:published_time\" content=\"2017-11-28T12:30:21+00:00\" \/>\n<meta property=\"article:modified_time\" content=\"2023-03-07T09:34:28+00:00\" \/>\n<meta property=\"og:image\" content=\"https:\/\/president-ksgov.net\/wp-content\/uploads\/28_11_2017_9253707_28_11_2017_000.jpg\" \/>\n\t<meta property=\"og:image:width\" content=\"1144\" \/>\n\t<meta property=\"og:image:height\" content=\"785\" \/>\n\t<meta property=\"og:image:type\" content=\"image\/jpeg\" \/>\n<meta name=\"author\" content=\"admin\" \/>\n<meta name=\"twitter:card\" content=\"summary_large_image\" \/>\n<meta name=\"twitter:label1\" content=\"Written by\" \/>\n\t<meta name=\"twitter:data1\" content=\"admin\" \/>\n\t<meta name=\"twitter:label2\" content=\"Est. reading time\" \/>\n\t<meta name=\"twitter:data2\" content=\"2 minutes\" \/>\n<script type=\"application\/ld+json\" class=\"yoast-schema-graph\">{\"@context\":\"https:\/\/schema.org\",\"@graph\":[{\"@type\":\"WebPage\",\"@id\":\"https:\/\/president-ksgov.net\/en\/president-thaci-in-vlora-we-are-a-nation-in-two-sovereign-states-who-as-a-dream-have-the-euro-atlantic-integration\/\",\"url\":\"https:\/\/president-ksgov.net\/en\/president-thaci-in-vlora-we-are-a-nation-in-two-sovereign-states-who-as-a-dream-have-the-euro-atlantic-integration\/\",\"name\":\"President Tha\u00e7i in Vlora: We are a nation in two sovereign states, who as a dream have the Euro-Atlantic integration - President of the Republic of Kosovo - DR. VJOSA OSMANI - SADRIU\",\"isPartOf\":{\"@id\":\"https:\/\/president-ksgov.net\/#website\"},\"primaryImageOfPage\":{\"@id\":\"https:\/\/president-ksgov.net\/en\/president-thaci-in-vlora-we-are-a-nation-in-two-sovereign-states-who-as-a-dream-have-the-euro-atlantic-integration\/#primaryimage\"},\"image\":{\"@id\":\"https:\/\/president-ksgov.net\/en\/president-thaci-in-vlora-we-are-a-nation-in-two-sovereign-states-who-as-a-dream-have-the-euro-atlantic-integration\/#primaryimage\"},\"thumbnailUrl\":\"https:\/\/president-ksgov.net\/wp-content\/uploads\/28_11_2017_9253707_28_11_2017_000.jpg\",\"datePublished\":\"2017-11-28T12:30:21+00:00\",\"dateModified\":\"2023-03-07T09:34:28+00:00\",\"author\":{\"@id\":\"https:\/\/president-ksgov.net\/#\/schema\/person\/bb4337a5fb147cb2046d80548172cbee\"},\"description\":\"President Tha\u00e7i in Vlora: We are a nation in two sovereign states, who as a dream have the Euro-Atlantic integration - President of the Republic of Kosovo - DR. VJOSA OSMANI - SADRIU -\",\"breadcrumb\":{\"@id\":\"https:\/\/president-ksgov.net\/en\/president-thaci-in-vlora-we-are-a-nation-in-two-sovereign-states-who-as-a-dream-have-the-euro-atlantic-integration\/#breadcrumb\"},\"inLanguage\":\"en-US\",\"potentialAction\":[{\"@type\":\"ReadAction\",\"target\":[\"https:\/\/president-ksgov.net\/en\/president-thaci-in-vlora-we-are-a-nation-in-two-sovereign-states-who-as-a-dream-have-the-euro-atlantic-integration\/\"]}]},{\"@type\":\"ImageObject\",\"inLanguage\":\"en-US\",\"@id\":\"https:\/\/president-ksgov.net\/en\/president-thaci-in-vlora-we-are-a-nation-in-two-sovereign-states-who-as-a-dream-have-the-euro-atlantic-integration\/#primaryimage\",\"url\":\"https:\/\/president-ksgov.net\/wp-content\/uploads\/28_11_2017_9253707_28_11_2017_000.jpg\",\"contentUrl\":\"https:\/\/president-ksgov.net\/wp-content\/uploads\/28_11_2017_9253707_28_11_2017_000.jpg\",\"width\":1144,\"height\":785},{\"@type\":\"BreadcrumbList\",\"@id\":\"https:\/\/president-ksgov.net\/en\/president-thaci-in-vlora-we-are-a-nation-in-two-sovereign-states-who-as-a-dream-have-the-euro-atlantic-integration\/#breadcrumb\",\"itemListElement\":[{\"@type\":\"ListItem\",\"position\":1,\"name\":\"Home\",\"item\":\"https:\/\/president-ksgov.net\/en\/\"},{\"@type\":\"ListItem\",\"position\":2,\"name\":\"President Tha\u00e7i in Vlora: We are a nation in two sovereign states, who as a dream have the Euro-Atlantic integration\"}]},{\"@type\":\"WebSite\",\"@id\":\"https:\/\/president-ksgov.net\/#website\",\"url\":\"https:\/\/president-ksgov.net\/\",\"name\":\"Presidente e Republik\u00ebs s\u00eb Kosov\u00ebs\",\"description\":\"Presidente e Republik\u00ebs s\u00eb Kosov\u00ebs\",\"alternateName\":\"DR. VJOSA OSMANI - SADRIU\",\"potentialAction\":[{\"@type\":\"SearchAction\",\"target\":{\"@type\":\"EntryPoint\",\"urlTemplate\":\"https:\/\/president-ksgov.net\/?s={search_term_string}\"},\"query-input\":{\"@type\":\"PropertyValueSpecification\",\"valueRequired\":true,\"valueName\":\"search_term_string\"}}],\"inLanguage\":\"en-US\"},{\"@type\":\"Person\",\"@id\":\"https:\/\/president-ksgov.net\/#\/schema\/person\/bb4337a5fb147cb2046d80548172cbee\",\"name\":\"admin\",\"image\":{\"@type\":\"ImageObject\",\"inLanguage\":\"en-US\",\"@id\":\"https:\/\/president-ksgov.net\/#\/schema\/person\/image\/\",\"url\":\"https:\/\/secure.gravatar.com\/avatar\/36156ca0fa3b8d9d25174f146e16beea0cf28f37adf1b9e19b6c9c279a7c9dd3?s=96&d=mm&r=g\",\"contentUrl\":\"https:\/\/secure.gravatar.com\/avatar\/36156ca0fa3b8d9d25174f146e16beea0cf28f37adf1b9e19b6c9c279a7c9dd3?s=96&d=mm&r=g\",\"caption\":\"admin\"},\"sameAs\":[\"https:\/\/president-ksgov.net\"]}]}<\/script>\n<!-- \/ Yoast SEO plugin. -->","yoast_head_json":{"title":"President Tha\u00e7i in Vlora: We are a nation in two sovereign states, who as a dream have the Euro-Atlantic integration - President of the Republic of Kosovo - DR. VJOSA OSMANI - SADRIU","description":"President Tha\u00e7i in Vlora: We are a nation in two sovereign states, who as a dream have the Euro-Atlantic integration - President of the Republic of Kosovo - DR. VJOSA OSMANI - SADRIU -","robots":{"index":"index","follow":"follow","max-snippet":"max-snippet:-1","max-image-preview":"max-image-preview:large","max-video-preview":"max-video-preview:-1"},"canonical":"https:\/\/president-ksgov.net\/en\/president-thaci-in-vlora-we-are-a-nation-in-two-sovereign-states-who-as-a-dream-have-the-euro-atlantic-integration\/","og_locale":"en_US","og_type":"article","og_title":"President Tha\u00e7i in Vlora: We are a nation in two sovereign states, who as a dream have the Euro-Atlantic integration - President of the Republic of Kosovo - DR. VJOSA OSMANI - SADRIU","og_description":"President Tha\u00e7i in Vlora: We are a nation in two sovereign states, who as a dream have the Euro-Atlantic integration - President of the Republic of Kosovo - DR. VJOSA OSMANI - SADRIU -","og_url":"https:\/\/president-ksgov.net\/en\/president-thaci-in-vlora-we-are-a-nation-in-two-sovereign-states-who-as-a-dream-have-the-euro-atlantic-integration\/","og_site_name":"President of the Republic of Kosovo - DR. VJOSA OSMANI - SADRIU","article_published_time":"2017-11-28T12:30:21+00:00","article_modified_time":"2023-03-07T09:34:28+00:00","og_image":[{"width":1144,"height":785,"url":"https:\/\/president-ksgov.net\/wp-content\/uploads\/28_11_2017_9253707_28_11_2017_000.jpg","type":"image\/jpeg"}],"author":"admin","twitter_card":"summary_large_image","twitter_misc":{"Written by":"admin","Est. reading time":"2 minutes"},"schema":{"@context":"https:\/\/schema.org","@graph":[{"@type":"WebPage","@id":"https:\/\/president-ksgov.net\/en\/president-thaci-in-vlora-we-are-a-nation-in-two-sovereign-states-who-as-a-dream-have-the-euro-atlantic-integration\/","url":"https:\/\/president-ksgov.net\/en\/president-thaci-in-vlora-we-are-a-nation-in-two-sovereign-states-who-as-a-dream-have-the-euro-atlantic-integration\/","name":"President Tha\u00e7i in Vlora: We are a nation in two sovereign states, who as a dream have the Euro-Atlantic integration - President of the Republic of Kosovo - DR. VJOSA OSMANI - SADRIU","isPartOf":{"@id":"https:\/\/president-ksgov.net\/#website"},"primaryImageOfPage":{"@id":"https:\/\/president-ksgov.net\/en\/president-thaci-in-vlora-we-are-a-nation-in-two-sovereign-states-who-as-a-dream-have-the-euro-atlantic-integration\/#primaryimage"},"image":{"@id":"https:\/\/president-ksgov.net\/en\/president-thaci-in-vlora-we-are-a-nation-in-two-sovereign-states-who-as-a-dream-have-the-euro-atlantic-integration\/#primaryimage"},"thumbnailUrl":"https:\/\/president-ksgov.net\/wp-content\/uploads\/28_11_2017_9253707_28_11_2017_000.jpg","datePublished":"2017-11-28T12:30:21+00:00","dateModified":"2023-03-07T09:34:28+00:00","author":{"@id":"https:\/\/president-ksgov.net\/#\/schema\/person\/bb4337a5fb147cb2046d80548172cbee"},"description":"President Tha\u00e7i in Vlora: We are a nation in two sovereign states, who as a dream have the Euro-Atlantic integration - President of the Republic of Kosovo - DR. VJOSA OSMANI - SADRIU -","breadcrumb":{"@id":"https:\/\/president-ksgov.net\/en\/president-thaci-in-vlora-we-are-a-nation-in-two-sovereign-states-who-as-a-dream-have-the-euro-atlantic-integration\/#breadcrumb"},"inLanguage":"en-US","potentialAction":[{"@type":"ReadAction","target":["https:\/\/president-ksgov.net\/en\/president-thaci-in-vlora-we-are-a-nation-in-two-sovereign-states-who-as-a-dream-have-the-euro-atlantic-integration\/"]}]},{"@type":"ImageObject","inLanguage":"en-US","@id":"https:\/\/president-ksgov.net\/en\/president-thaci-in-vlora-we-are-a-nation-in-two-sovereign-states-who-as-a-dream-have-the-euro-atlantic-integration\/#primaryimage","url":"https:\/\/president-ksgov.net\/wp-content\/uploads\/28_11_2017_9253707_28_11_2017_000.jpg","contentUrl":"https:\/\/president-ksgov.net\/wp-content\/uploads\/28_11_2017_9253707_28_11_2017_000.jpg","width":1144,"height":785},{"@type":"BreadcrumbList","@id":"https:\/\/president-ksgov.net\/en\/president-thaci-in-vlora-we-are-a-nation-in-two-sovereign-states-who-as-a-dream-have-the-euro-atlantic-integration\/#breadcrumb","itemListElement":[{"@type":"ListItem","position":1,"name":"Home","item":"https:\/\/president-ksgov.net\/en\/"},{"@type":"ListItem","position":2,"name":"President Tha\u00e7i in Vlora: We are a nation in two sovereign states, who as a dream have the Euro-Atlantic integration"}]},{"@type":"WebSite","@id":"https:\/\/president-ksgov.net\/#website","url":"https:\/\/president-ksgov.net\/","name":"Presidente e Republik\u00ebs s\u00eb Kosov\u00ebs","description":"Presidente e Republik\u00ebs s\u00eb Kosov\u00ebs","alternateName":"DR. VJOSA OSMANI - SADRIU","potentialAction":[{"@type":"SearchAction","target":{"@type":"EntryPoint","urlTemplate":"https:\/\/president-ksgov.net\/?s={search_term_string}"},"query-input":{"@type":"PropertyValueSpecification","valueRequired":true,"valueName":"search_term_string"}}],"inLanguage":"en-US"},{"@type":"Person","@id":"https:\/\/president-ksgov.net\/#\/schema\/person\/bb4337a5fb147cb2046d80548172cbee","name":"admin","image":{"@type":"ImageObject","inLanguage":"en-US","@id":"https:\/\/president-ksgov.net\/#\/schema\/person\/image\/","url":"https:\/\/secure.gravatar.com\/avatar\/36156ca0fa3b8d9d25174f146e16beea0cf28f37adf1b9e19b6c9c279a7c9dd3?s=96&d=mm&r=g","contentUrl":"https:\/\/secure.gravatar.com\/avatar\/36156ca0fa3b8d9d25174f146e16beea0cf28f37adf1b9e19b6c9c279a7c9dd3?s=96&d=mm&r=g","caption":"admin"},"sameAs":["https:\/\/president-ksgov.net"]}]}},"_links":{"self":[{"href":"https:\/\/president-ksgov.net\/en\/wp-json\/wp\/v2\/posts\/68412","targetHints":{"allow":["GET"]}}],"collection":[{"href":"https:\/\/president-ksgov.net\/en\/wp-json\/wp\/v2\/posts"}],"about":[{"href":"https:\/\/president-ksgov.net\/en\/wp-json\/wp\/v2\/types\/post"}],"author":[{"embeddable":true,"href":"https:\/\/president-ksgov.net\/en\/wp-json\/wp\/v2\/users\/1"}],"replies":[{"embeddable":true,"href":"https:\/\/president-ksgov.net\/en\/wp-json\/wp\/v2\/comments?post=68412"}],"version-history":[{"count":0,"href":"https:\/\/president-ksgov.net\/en\/wp-json\/wp\/v2\/posts\/68412\/revisions"}],"wp:featuredmedia":[{"embeddable":true,"href":"https:\/\/president-ksgov.net\/en\/wp-json\/wp\/v2\/media\/28763"}],"wp:attachment":[{"href":"https:\/\/president-ksgov.net\/en\/wp-json\/wp\/v2\/media?parent=68412"}],"wp:term":[{"taxonomy":"category","embeddable":true,"href":"https:\/\/president-ksgov.net\/en\/wp-json\/wp\/v2\/categories?post=68412"},{"taxonomy":"post_tag","embeddable":true,"href":"https:\/\/president-ksgov.net\/en\/wp-json\/wp\/v2\/tags?post=68412"}],"curies":[{"name":"wp","href":"https:\/\/api.w.org\/{rel}","templated":true}]}}