{"id":68388,"date":"2017-12-22T12:08:01","date_gmt":"2017-12-22T12:08:01","guid":{"rendered":"https:\/\/dev.president-ksgov.net\/president-thaci-the-motorway-arben-xhaferi-serves-our-vision-for-kosovo-and-the-region\/"},"modified":"2023-03-07T09:33:56","modified_gmt":"2023-03-07T09:33:56","slug":"president-thaci-the-motorway-arben-xhaferi-serves-our-vision-for-kosovo-and-the-region","status":"publish","type":"post","link":"https:\/\/president-ksgov.net\/en\/president-thaci-the-motorway-arben-xhaferi-serves-our-vision-for-kosovo-and-the-region\/","title":{"rendered":"President Tha\u00e7i: The motorway \u201cArb\u00ebn Xhaferi\u201d serves our vision for Kosovo and the region"},"content":{"rendered":"<p>Prishtina, 22 December 2017 &#8211; The President of the country, Hashim Tha\u00e7i, attended today in the inauguration of the second segment of the motorway &#8220;Arb\u00ebn Xhaferi&#8221;.<\/p>\n<p>President Tha\u00e7i stated that this is the result of joint work and of high responsibility of the state, but also of the Euro-Atlantic vision of Kosovo.<\/p>\n<p>\u201cToday is a special pleasure, because we all together attended the inauguration of the second segment of the motorway Prishtina-Skopje. A long-standing effort of joint work, of serious commitment of all people of good will, of high state responsibilities, of our commitment to the Euro-Atlantic goal and vision\u201d, stated President Tha\u00e7i.<\/p>\n<p>The Head of State stressed\u00a0 that this is a project for a new and modern Kosovo.<\/p>\n<p>&#8220;It is a project of modern Kosovo, of European Kosovo. It is a project of our dreams, which are turning into reality, so congratulations to everyone, congratulations to Kosovo&#8221;, added President Tha\u00e7i.<\/p>\n<p>He stressed that this motorway, as a connecting bridge, serves our vision for Kosovo and the region.<\/p>\n","protected":false},"excerpt":{"rendered":"<p>Prishtina, 22 December 2017 &#8211; The President of the country, Hashim Tha\u00e7i, attended today in the inauguration of the second segment of the motorway &#8220;Arb\u00ebn Xhaferi&#8221;.<\/p>\n","protected":false},"author":1,"featured_media":28493,"comment_status":"open","ping_status":"closed","sticky":false,"template":"","format":"standard","meta":{"_eb_attr":"","footnotes":""},"categories":[111],"tags":[],"class_list":["post-68388","post","type-post","status-publish","format-standard","has-post-thumbnail","hentry","category-news"],"yoast_head":"<!-- This site is optimized with the Yoast SEO plugin v23.5 - https:\/\/yoast.com\/wordpress\/plugins\/seo\/ -->\n<title>President Tha\u00e7i: The motorway \u201cArb\u00ebn Xhaferi\u201d serves our vision for Kosovo and the region - President of the Republic of Kosovo - DR. VJOSA OSMANI - SADRIU<\/title>\n<meta name=\"description\" content=\"President Tha\u00e7i: The motorway \u201cArb\u00ebn Xhaferi\u201d serves our vision for Kosovo and the region - President of the Republic of Kosovo - DR. VJOSA OSMANI - SADRIU -\" \/>\n<meta name=\"robots\" content=\"index, follow, max-snippet:-1, max-image-preview:large, max-video-preview:-1\" \/>\n<link rel=\"canonical\" href=\"https:\/\/president-ksgov.net\/presidenti-autostrada-arben-xhaferi-i-sherben-vizionit-tone-per-kosoven-dhe-rajonin\/\" \/>\n<meta property=\"og:locale\" content=\"en_US\" \/>\n<meta property=\"og:type\" content=\"article\" \/>\n<meta property=\"og:title\" content=\"President Tha\u00e7i: The motorway \u201cArb\u00ebn Xhaferi\u201d serves our vision for Kosovo and the region - President of the Republic of Kosovo - DR. VJOSA OSMANI - SADRIU\" \/>\n<meta property=\"og:description\" content=\"President Tha\u00e7i: The motorway \u201cArb\u00ebn Xhaferi\u201d serves our vision for Kosovo and the region - President of the Republic of Kosovo - DR. VJOSA OSMANI - SADRIU -\" \/>\n<meta property=\"og:url\" content=\"https:\/\/president-ksgov.net\/presidenti-autostrada-arben-xhaferi-i-sherben-vizionit-tone-per-kosoven-dhe-rajonin\/\" \/>\n<meta property=\"og:site_name\" content=\"President of the Republic of Kosovo - DR. VJOSA OSMANI - SADRIU\" \/>\n<meta property=\"article:published_time\" content=\"2017-12-22T12:08:01+00:00\" \/>\n<meta property=\"article:modified_time\" content=\"2023-03-07T09:33:56+00:00\" \/>\n<meta property=\"og:image\" content=\"https:\/\/president-ksgov.net\/wp-content\/uploads\/22_12_2017_2324841_Autostrada_0.jpg\" \/>\n\t<meta property=\"og:image:width\" content=\"2000\" \/>\n\t<meta property=\"og:image:height\" content=\"1256\" \/>\n\t<meta property=\"og:image:type\" content=\"image\/jpeg\" \/>\n<meta name=\"author\" content=\"admin\" \/>\n<meta name=\"twitter:card\" content=\"summary_large_image\" \/>\n<meta name=\"twitter:label1\" content=\"Written by\" \/>\n\t<meta name=\"twitter:data1\" content=\"admin\" \/>\n\t<meta name=\"twitter:label2\" content=\"Est. reading time\" \/>\n\t<meta name=\"twitter:data2\" content=\"1 minute\" \/>\n<script type=\"application\/ld+json\" class=\"yoast-schema-graph\">{\"@context\":\"https:\/\/schema.org\",\"@graph\":[{\"@type\":\"WebPage\",\"@id\":\"https:\/\/president-ksgov.net\/presidenti-autostrada-arben-xhaferi-i-sherben-vizionit-tone-per-kosoven-dhe-rajonin\/\",\"url\":\"https:\/\/president-ksgov.net\/presidenti-autostrada-arben-xhaferi-i-sherben-vizionit-tone-per-kosoven-dhe-rajonin\/\",\"name\":\"President Tha\u00e7i: The motorway \u201cArb\u00ebn Xhaferi\u201d serves our vision for Kosovo and the region - President of the Republic of Kosovo - DR. VJOSA OSMANI - SADRIU\",\"isPartOf\":{\"@id\":\"https:\/\/president-ksgov.net\/#website\"},\"primaryImageOfPage\":{\"@id\":\"https:\/\/president-ksgov.net\/presidenti-autostrada-arben-xhaferi-i-sherben-vizionit-tone-per-kosoven-dhe-rajonin\/#primaryimage\"},\"image\":{\"@id\":\"https:\/\/president-ksgov.net\/presidenti-autostrada-arben-xhaferi-i-sherben-vizionit-tone-per-kosoven-dhe-rajonin\/#primaryimage\"},\"thumbnailUrl\":\"https:\/\/president-ksgov.net\/wp-content\/uploads\/22_12_2017_2324841_Autostrada_0.jpg\",\"datePublished\":\"2017-12-22T12:08:01+00:00\",\"dateModified\":\"2023-03-07T09:33:56+00:00\",\"author\":{\"@id\":\"https:\/\/president-ksgov.net\/#\/schema\/person\/bb4337a5fb147cb2046d80548172cbee\"},\"description\":\"President Tha\u00e7i: The motorway \u201cArb\u00ebn Xhaferi\u201d serves our vision for Kosovo and the region - President of the Republic of Kosovo - DR. VJOSA OSMANI - SADRIU -\",\"breadcrumb\":{\"@id\":\"https:\/\/president-ksgov.net\/presidenti-autostrada-arben-xhaferi-i-sherben-vizionit-tone-per-kosoven-dhe-rajonin\/#breadcrumb\"},\"inLanguage\":\"en-US\",\"potentialAction\":[{\"@type\":\"ReadAction\",\"target\":[\"https:\/\/president-ksgov.net\/presidenti-autostrada-arben-xhaferi-i-sherben-vizionit-tone-per-kosoven-dhe-rajonin\/\"]}]},{\"@type\":\"ImageObject\",\"inLanguage\":\"en-US\",\"@id\":\"https:\/\/president-ksgov.net\/presidenti-autostrada-arben-xhaferi-i-sherben-vizionit-tone-per-kosoven-dhe-rajonin\/#primaryimage\",\"url\":\"https:\/\/president-ksgov.net\/wp-content\/uploads\/22_12_2017_2324841_Autostrada_0.jpg\",\"contentUrl\":\"https:\/\/president-ksgov.net\/wp-content\/uploads\/22_12_2017_2324841_Autostrada_0.jpg\",\"width\":2000,\"height\":1256},{\"@type\":\"BreadcrumbList\",\"@id\":\"https:\/\/president-ksgov.net\/presidenti-autostrada-arben-xhaferi-i-sherben-vizionit-tone-per-kosoven-dhe-rajonin\/#breadcrumb\",\"itemListElement\":[{\"@type\":\"ListItem\",\"position\":1,\"name\":\"Home\",\"item\":\"https:\/\/president-ksgov.net\/en\/\"},{\"@type\":\"ListItem\",\"position\":2,\"name\":\"President Tha\u00e7i: The motorway \u201cArb\u00ebn Xhaferi\u201d serves our vision for Kosovo and the region\"}]},{\"@type\":\"WebSite\",\"@id\":\"https:\/\/president-ksgov.net\/#website\",\"url\":\"https:\/\/president-ksgov.net\/\",\"name\":\"Presidente e Republik\u00ebs s\u00eb Kosov\u00ebs\",\"description\":\"Presidente e Republik\u00ebs s\u00eb Kosov\u00ebs\",\"alternateName\":\"DR. VJOSA OSMANI - SADRIU\",\"potentialAction\":[{\"@type\":\"SearchAction\",\"target\":{\"@type\":\"EntryPoint\",\"urlTemplate\":\"https:\/\/president-ksgov.net\/?s={search_term_string}\"},\"query-input\":{\"@type\":\"PropertyValueSpecification\",\"valueRequired\":true,\"valueName\":\"search_term_string\"}}],\"inLanguage\":\"en-US\"},{\"@type\":\"Person\",\"@id\":\"https:\/\/president-ksgov.net\/#\/schema\/person\/bb4337a5fb147cb2046d80548172cbee\",\"name\":\"admin\",\"image\":{\"@type\":\"ImageObject\",\"inLanguage\":\"en-US\",\"@id\":\"https:\/\/president-ksgov.net\/#\/schema\/person\/image\/\",\"url\":\"https:\/\/secure.gravatar.com\/avatar\/36156ca0fa3b8d9d25174f146e16beea0cf28f37adf1b9e19b6c9c279a7c9dd3?s=96&d=mm&r=g\",\"contentUrl\":\"https:\/\/secure.gravatar.com\/avatar\/36156ca0fa3b8d9d25174f146e16beea0cf28f37adf1b9e19b6c9c279a7c9dd3?s=96&d=mm&r=g\",\"caption\":\"admin\"},\"sameAs\":[\"https:\/\/president-ksgov.net\"]}]}<\/script>\n<!-- \/ Yoast SEO plugin. -->","yoast_head_json":{"title":"President Tha\u00e7i: The motorway \u201cArb\u00ebn Xhaferi\u201d serves our vision for Kosovo and the region - President of the Republic of Kosovo - DR. VJOSA OSMANI - SADRIU","description":"President Tha\u00e7i: The motorway \u201cArb\u00ebn Xhaferi\u201d serves our vision for Kosovo and the region - President of the Republic of Kosovo - DR. VJOSA OSMANI - SADRIU -","robots":{"index":"index","follow":"follow","max-snippet":"max-snippet:-1","max-image-preview":"max-image-preview:large","max-video-preview":"max-video-preview:-1"},"canonical":"https:\/\/president-ksgov.net\/presidenti-autostrada-arben-xhaferi-i-sherben-vizionit-tone-per-kosoven-dhe-rajonin\/","og_locale":"en_US","og_type":"article","og_title":"President Tha\u00e7i: The motorway \u201cArb\u00ebn Xhaferi\u201d serves our vision for Kosovo and the region - President of the Republic of Kosovo - DR. VJOSA OSMANI - SADRIU","og_description":"President Tha\u00e7i: The motorway \u201cArb\u00ebn Xhaferi\u201d serves our vision for Kosovo and the region - President of the Republic of Kosovo - DR. VJOSA OSMANI - SADRIU -","og_url":"https:\/\/president-ksgov.net\/presidenti-autostrada-arben-xhaferi-i-sherben-vizionit-tone-per-kosoven-dhe-rajonin\/","og_site_name":"President of the Republic of Kosovo - DR. VJOSA OSMANI - SADRIU","article_published_time":"2017-12-22T12:08:01+00:00","article_modified_time":"2023-03-07T09:33:56+00:00","og_image":[{"width":2000,"height":1256,"url":"https:\/\/president-ksgov.net\/wp-content\/uploads\/22_12_2017_2324841_Autostrada_0.jpg","type":"image\/jpeg"}],"author":"admin","twitter_card":"summary_large_image","twitter_misc":{"Written by":"admin","Est. reading time":"1 minute"},"schema":{"@context":"https:\/\/schema.org","@graph":[{"@type":"WebPage","@id":"https:\/\/president-ksgov.net\/presidenti-autostrada-arben-xhaferi-i-sherben-vizionit-tone-per-kosoven-dhe-rajonin\/","url":"https:\/\/president-ksgov.net\/presidenti-autostrada-arben-xhaferi-i-sherben-vizionit-tone-per-kosoven-dhe-rajonin\/","name":"President Tha\u00e7i: The motorway \u201cArb\u00ebn Xhaferi\u201d serves our vision for Kosovo and the region - President of the Republic of Kosovo - DR. VJOSA OSMANI - SADRIU","isPartOf":{"@id":"https:\/\/president-ksgov.net\/#website"},"primaryImageOfPage":{"@id":"https:\/\/president-ksgov.net\/presidenti-autostrada-arben-xhaferi-i-sherben-vizionit-tone-per-kosoven-dhe-rajonin\/#primaryimage"},"image":{"@id":"https:\/\/president-ksgov.net\/presidenti-autostrada-arben-xhaferi-i-sherben-vizionit-tone-per-kosoven-dhe-rajonin\/#primaryimage"},"thumbnailUrl":"https:\/\/president-ksgov.net\/wp-content\/uploads\/22_12_2017_2324841_Autostrada_0.jpg","datePublished":"2017-12-22T12:08:01+00:00","dateModified":"2023-03-07T09:33:56+00:00","author":{"@id":"https:\/\/president-ksgov.net\/#\/schema\/person\/bb4337a5fb147cb2046d80548172cbee"},"description":"President Tha\u00e7i: The motorway \u201cArb\u00ebn Xhaferi\u201d serves our vision for Kosovo and the region - President of the Republic of Kosovo - DR. VJOSA OSMANI - SADRIU -","breadcrumb":{"@id":"https:\/\/president-ksgov.net\/presidenti-autostrada-arben-xhaferi-i-sherben-vizionit-tone-per-kosoven-dhe-rajonin\/#breadcrumb"},"inLanguage":"en-US","potentialAction":[{"@type":"ReadAction","target":["https:\/\/president-ksgov.net\/presidenti-autostrada-arben-xhaferi-i-sherben-vizionit-tone-per-kosoven-dhe-rajonin\/"]}]},{"@type":"ImageObject","inLanguage":"en-US","@id":"https:\/\/president-ksgov.net\/presidenti-autostrada-arben-xhaferi-i-sherben-vizionit-tone-per-kosoven-dhe-rajonin\/#primaryimage","url":"https:\/\/president-ksgov.net\/wp-content\/uploads\/22_12_2017_2324841_Autostrada_0.jpg","contentUrl":"https:\/\/president-ksgov.net\/wp-content\/uploads\/22_12_2017_2324841_Autostrada_0.jpg","width":2000,"height":1256},{"@type":"BreadcrumbList","@id":"https:\/\/president-ksgov.net\/presidenti-autostrada-arben-xhaferi-i-sherben-vizionit-tone-per-kosoven-dhe-rajonin\/#breadcrumb","itemListElement":[{"@type":"ListItem","position":1,"name":"Home","item":"https:\/\/president-ksgov.net\/en\/"},{"@type":"ListItem","position":2,"name":"President Tha\u00e7i: The motorway \u201cArb\u00ebn Xhaferi\u201d serves our vision for Kosovo and the region"}]},{"@type":"WebSite","@id":"https:\/\/president-ksgov.net\/#website","url":"https:\/\/president-ksgov.net\/","name":"Presidente e Republik\u00ebs s\u00eb Kosov\u00ebs","description":"Presidente e Republik\u00ebs s\u00eb Kosov\u00ebs","alternateName":"DR. VJOSA OSMANI - SADRIU","potentialAction":[{"@type":"SearchAction","target":{"@type":"EntryPoint","urlTemplate":"https:\/\/president-ksgov.net\/?s={search_term_string}"},"query-input":{"@type":"PropertyValueSpecification","valueRequired":true,"valueName":"search_term_string"}}],"inLanguage":"en-US"},{"@type":"Person","@id":"https:\/\/president-ksgov.net\/#\/schema\/person\/bb4337a5fb147cb2046d80548172cbee","name":"admin","image":{"@type":"ImageObject","inLanguage":"en-US","@id":"https:\/\/president-ksgov.net\/#\/schema\/person\/image\/","url":"https:\/\/secure.gravatar.com\/avatar\/36156ca0fa3b8d9d25174f146e16beea0cf28f37adf1b9e19b6c9c279a7c9dd3?s=96&d=mm&r=g","contentUrl":"https:\/\/secure.gravatar.com\/avatar\/36156ca0fa3b8d9d25174f146e16beea0cf28f37adf1b9e19b6c9c279a7c9dd3?s=96&d=mm&r=g","caption":"admin"},"sameAs":["https:\/\/president-ksgov.net"]}]}},"_links":{"self":[{"href":"https:\/\/president-ksgov.net\/en\/wp-json\/wp\/v2\/posts\/68388","targetHints":{"allow":["GET"]}}],"collection":[{"href":"https:\/\/president-ksgov.net\/en\/wp-json\/wp\/v2\/posts"}],"about":[{"href":"https:\/\/president-ksgov.net\/en\/wp-json\/wp\/v2\/types\/post"}],"author":[{"embeddable":true,"href":"https:\/\/president-ksgov.net\/en\/wp-json\/wp\/v2\/users\/1"}],"replies":[{"embeddable":true,"href":"https:\/\/president-ksgov.net\/en\/wp-json\/wp\/v2\/comments?post=68388"}],"version-history":[{"count":0,"href":"https:\/\/president-ksgov.net\/en\/wp-json\/wp\/v2\/posts\/68388\/revisions"}],"wp:featuredmedia":[{"embeddable":true,"href":"https:\/\/president-ksgov.net\/en\/wp-json\/wp\/v2\/media\/28493"}],"wp:attachment":[{"href":"https:\/\/president-ksgov.net\/en\/wp-json\/wp\/v2\/media?parent=68388"}],"wp:term":[{"taxonomy":"category","embeddable":true,"href":"https:\/\/president-ksgov.net\/en\/wp-json\/wp\/v2\/categories?post=68388"},{"taxonomy":"post_tag","embeddable":true,"href":"https:\/\/president-ksgov.net\/en\/wp-json\/wp\/v2\/tags?post=68388"}],"curies":[{"name":"wp","href":"https:\/\/api.w.org\/{rel}","templated":true}]}}