{"id":68386,"date":"2017-12-22T15:11:52","date_gmt":"2017-12-22T15:11:52","guid":{"rendered":"https:\/\/dev.president-ksgov.net\/annual-speech-of-the-president-thaci-at-the-kosovo-assembly\/"},"modified":"2023-03-07T09:33:56","modified_gmt":"2023-03-07T09:33:56","slug":"annual-speech-of-the-president-thaci-at-the-kosovo-assembly","status":"publish","type":"post","link":"https:\/\/president-ksgov.net\/en\/annual-speech-of-the-president-thaci-at-the-kosovo-assembly\/","title":{"rendered":"Annual Speech of the President Tha\u00e7i at the Kosovo Assembly"},"content":{"rendered":"<p>Honourable President of the Assembly of Kosovo,<br \/>\nHonourable Prime Minister and Ministers of the Government of the Republic of Kosovo,\u00a0\u00a0\u00a0\u00a0\u00a0\u00a0<br \/>\nHonourable Ambassadors and representatives of international missions,\u00a0\u00a0\u00a0\u00a0\u00a0\u00a0\u00a0\u00a0\u00a0<br \/>\nHonourable Members of the Parliament,\u00a0\u00a0\u00a0<br \/>\nHonourable citizens of the Republic of Kosovo,<\/p>\n<p>Allow me to thank you honourable MPs of the Assembly of the Republic of<br \/>\nKosovo, for providing me this opportunity to report in front of you and<br \/>\nour citizens about my work as President of the Republic of Kosovo,<br \/>\nnamely for our joint work in strengthening the citizenship of Kosovo.<\/p>\n<p>Surely, the commitment for improving the lives of our citizens always remains our common priority.<\/p>\n<p>In the light of these efforts, I was committed to empowering and<br \/>\nrespecting the human rights for every citizen of the Republic of Kosovo.<\/p>\n<p>Starting from the discussions about the need for equal representation of<br \/>\n women in all institutions and to the Pride Parade, I have made it clear<br \/>\n that:<\/p>\n<p>The state of Kosovo and Kosovo society are built on the principles of freedom and equality for every citizen:<\/p>\n<p>Kosovo is a state of all its citizens and everyone should enjoy equal rights in their efforts to realize their aspirations.<\/p>\n<p>This means that we must ensure prosperity and dignity for each and every<br \/>\n citizen, namely the worker, pensioner, doctor, police officer, soldier,<br \/>\n teacher, student, or pupil in a school.<\/p>\n<p>We know that in order to enhance the wellbeing of our citizens, we need to develop our economy and increase domestic production.<\/p>\n<p>In view of this goal, I have been actively engaged in promoting Kosovo&#039;s<br \/>\n economy, Kosovo products, in involving as much as possible the diaspora<br \/>\n in investments in Kosovo.<\/p>\n<p>With the consolidation of our state, the support for economic<br \/>\ndevelopment of the country has been at the centre of my focus in my<br \/>\nengagement as President, but also of other institutions of the state of<br \/>\nKosovo.<\/p>\n<p>In coordination with the relevant institutions, I have supported the<br \/>\nsigning of the contract for the project for \u201cKosova e Re\u201d, which brings<br \/>\nthe largest private investment in Kosovo&#039;s history, namely 1.3 billion<br \/>\neuros of investments that will generate over 10 thousand jobs.<\/p>\n<p>Furthermore, I continue to believe that the improvement of road<br \/>\ninfrastructure is a necessary condition for sustainable economic<br \/>\ndevelopment.<\/p>\n<p>Therefore, I have supported the completion of highway projects that will<br \/>\n connect Kosovo with the region and beyond, by enabling the free<br \/>\nmovement of people and goods.<\/p>\n<p>Certainly, today I had the pleasure of inaugurating the second segment of the motorway &#8220;Arber Xhaferi&#8221;.<\/p>\n<p>Honourable MPs,<br \/>\nCitizens of the Republic of Kosovo,<\/p>\n<p>We are all aware that the main foundation of any democratic state, including our state, is the rule of law and order.<\/p>\n<p>No field of our society can be functional if we do not strengthen the<br \/>\nrule of law and if we fail to guarantee that everyone is equal before<br \/>\nthe law.<\/p>\n<p>With the decreeing of prosecutors and judges from non-majority<br \/>\ncommunities, most of which work in the northern part of Kosovo, we have<br \/>\nextended the constitutional and legal order of Kosovo in every corner of<br \/>\n our state.<\/p>\n<p>For this purpose, I have worked with all the justice institutions to<br \/>\ncontinue the reform and consolidation of the judiciary to guaranty that<br \/>\nwe have not only well-written laws, but also full implementation of<br \/>\nthese laws.<\/p>\n<p>The fight against organized crime, corruption and terrorism are and should remain priorities.<\/p>\n<p>Kosovo will not surrender in facing these challenges and will not allow that our country is perceived as corrupt.<\/p>\n<p>Today&#039;s heroes are those who line up in an uncompromised fight against organized crime and corruption.<\/p>\n<p>Honourable members of parliament,\u00a0\u00a0\u00a0\u00a0\u00a0\u00a0\u00a0<br \/>\nCitizens of the Republic of Kosovo,\u00a0\u00a0\u00a0\u00a0\u00a0\u00a0\u00a0\u00a0\u00a0<br \/>\nLadies and gentleman,<\/p>\n<p>Year 2017 was a year of achievements despite many challenges.<\/p>\n<p>We have gone through two elections, the general elections in June and those for municipal assemblies and mayors in October.<\/p>\n<p>These two electoral processes have once again proved the maturity of Kosovo politics and Kosovar society in general.<\/p>\n<p>This has paved the way for the formation of new government, new<br \/>\nmunicipal assemblies and the election of new mayors of Kosovo<br \/>\nmunicipalities.<\/p>\n<p>The Government of the Republic of Kosovo and the elected mayors should<br \/>\nnow work with dedication to achieve the set priorities and improve the<br \/>\nlives of the citizens.<\/p>\n<p>When talking about free elections, allow me to emphasize that I have not<br \/>\n given up on my job to work together with the political parties to<br \/>\nsuccessfully complete the electoral reform process.<\/p>\n<p>I consider that most of the work in this direction has been completed<br \/>\nand during the upcoming year we have to finish this process.<\/p>\n<p>Despite the fact that central and local elections have consumed a lot of<br \/>\n time and energy, still as a President in coordination with other<br \/>\ninstitutions, I have continued to work on the realization of priorities<br \/>\nthat are of state importance.<\/p>\n<p>Among the main priorities in this regard was the continuation of work for the establishment of the Armed Forces of Kosovo.<\/p>\n<p>This is a natural and indispensable state process, which comes as a<br \/>\nresult of the work of members of the KSF, who have increased the level<br \/>\nof preparation and are now ready for new tasks and competencies.<\/p>\n<p>The Kosovo Security Force is a multi-ethnic force in which over 10% of its members come from non-majority communities.<\/p>\n<p>The Armed Forces of Kosovo will also preserve and strengthen the multi-ethnic character.<\/p>\n<p>Now we are almost in the final phase of our efforts to ensure the<br \/>\nsupport so that the process of establishing of the AFK is made through<br \/>\nconstitutional changes.<\/p>\n<p>We are doing this and we will do it in full coordination with NATO and other strategic partners.<\/p>\n<p>Today I assure you that during 2018 Kosovo will have its own defence<br \/>\ncapacity, that is, a modern army that will contribute to peace and<br \/>\nstability in the region and everywhere in the world.<\/p>\n<p>As regards the security of Kosovo, let me stress that I am proud that<br \/>\nour state is a leader in the region in combating extremism, radicalism<br \/>\nand terrorism.<\/p>\n<p>This commitment of ours has received acknowledgments from all leaders of the free and democratic world.<\/p>\n<p>I take this opportunity to thank all the national security mechanisms<br \/>\nthat have contributed to maintaining order and security in Kosovo, but<br \/>\nalso in the region.<\/p>\n<p>Honourable deputies,<br \/>\nHonourable citizens of Kosovo,<\/p>\n<p>Our past is painful and memories of our suffering remain still fresh.<\/p>\n<p>But our past is also what makes us proud and gives us the strength to look forward to the future.<\/p>\n<p>To this end, I continued to work diligently towards the establishment of<br \/>\n the Truth and Reconciliation Commission, which aims to help our<br \/>\nsociety&#039;s efforts to close the chapter of war, hostilities and achieve<br \/>\nmutual reconciliation.<\/p>\n<p>Therefore, I am happy that after a great deal of work, we have managed<br \/>\nto establish the preparatory team for the Truth and Reconciliation<br \/>\nCommission.<\/p>\n<p>I am confident that the work of this commission will give concrete<br \/>\nresults during 2018 and on this occasion, I would like to thank the<br \/>\norganizations of families of missing persons, civil society and<br \/>\ninternational partners for their support.<\/p>\n<p>Dialogue remains the only and irreplaceable mechanism for solving<br \/>\nproblems within our country, but also with our neighbouring countries.<\/p>\n<p>Part of my commitment to building sustainable peace in the entire<br \/>\nSoutheast Europe is also our common commitment in the framework of the<br \/>\ndialogue on the normalization of relations between the Republic of<br \/>\nKosovo and Serbia.<\/p>\n<p>We are now ready to continue the final phase of this process, which will<br \/>\n continue to be mediated by the EU and strongly supported by the US.<\/p>\n<p>Certainly, this final stage will not be easy at all.<\/p>\n<p>To this end, I have started formal and informal consultations with<br \/>\npolitical parties and civil society in order to establish a Unity Group<br \/>\nto ensure inclusiveness in this process.<\/p>\n<p>I still call on you today to be united in this process and in every other process that is of state interest.<\/p>\n<p>Whenever we were united, Kosovo has won and our citizens have supported us.<\/p>\n<p>This is how it should be again, because our future, the integration of<br \/>\nour state into the North Atlantic structures, depends to a great extent<br \/>\non this process.<\/p>\n<p>In any circumstance, I assure you honoured deputies and citizens of the<br \/>\nRepublic of Kosovo that the process of dialogue will be transparent and<br \/>\nthat any agreement reached will be ratified by the Assembly of the<br \/>\nRepublic of Kosovo.<\/p>\n<p>Dear Members of Parliament,<br \/>\nDear citizens of Kosovo,<\/p>\n<p>Our state credibility in the international area and the speed with which<br \/>\n we are approaching EU and NATO membership is largely dependent on our<br \/>\nseriousness in meeting our state obligations.<\/p>\n<p>In this regard, we cannot continue to point the finger at the EU, NATO<br \/>\nor the international community, seeking to hold them as the only party<br \/>\nto blame for our stagnation.<\/p>\n<p>We must accept our omissions and improve them as soon as we can, because<br \/>\n only in this way we can catch the step with the neighbouring countries<br \/>\nin the Euro-Atlantic integration process.<\/p>\n<p>Therefore, we must ratify without delay the agreement on marking the borderline with Montenegro.<\/p>\n<p>Ratification of this agreement will give an end to the unfair isolation of citizens of the Republic of Kosovo.<\/p>\n<p>The recent discussions that are taking place within the institutions of<br \/>\nKosovo are encouraging, involving everyone, the Assembly, the Government<br \/>\n and all the willing people, local and international experts, to find a<br \/>\nsolution as soon as possible, namely in the coming weeks.<\/p>\n<p>Without delay we have to establish the Association of Serb-majority<br \/>\nMunicipalities in accordance with the Brussels agreement and the<br \/>\nConstitutional Court&#039;s decision, because the EU and many other partner<br \/>\ncountries are disappointed with our inability to implement the<br \/>\ncommitments assumed.<\/p>\n<p>The sooner we fulfil our tasks, the sooner we can make serious steps towards EU and NATO membership.<\/p>\n<p>As the President of the Republic of Kosovo, I have repeatedly called on<br \/>\nthe EU for action not only technical but above all strategic for the<br \/>\naccession of Western Balkan states to the European Union.<\/p>\n<p>I am pleased that the European Union is now clearly saying that the best<br \/>\n way to ensure long-term peace in our region is the membership of all<br \/>\nWestern Balkan states in the EU.<\/p>\n<p>I continue to believe that the best way is for all Western Balkan<br \/>\ncountries to join the EU at the same time, despite the fact that some<br \/>\nstates have made greater progress in meeting membership criteria.<\/p>\n<p>Dear Members of Parliament,<br \/>\nDear citizens of Kosovo,<\/p>\n<p>I have devoted a considerable amount of time to efforts to consolidate the state of Kosovo on the international area.<\/p>\n<p>I started the year 2017 with a visit to the USA and met with the then<br \/>\nVice-President Biden, while I continued with my next US visit in<br \/>\nSeptember, meeting with current Vice President Pence.<\/p>\n<p>These two visits have confirmed once again that the United States<br \/>\nremains a partner of the Republic of Kosovo and that Washington remains<br \/>\ncommitted to sustainable peace and stability in Kosovo and the region.<\/p>\n<p>However, part of this partnership is our responsibility to behave as a\u00a0 politically mature country and society, ready to play a constructive<br \/>\nrole in the region and beyond by building good neighbourly relations<br \/>\nwith all the countries of the region.<\/p>\n<p>During this year I have conducted bilateral visits and participated in various forums and conferences.<\/p>\n<p>On this occasion, I would like to highlight the bilateral visits to Canada, Croatia and Turkey.<\/p>\n<p>I met the President of Bulgaria in Sofia, the President of Austria in Vienna and King Abdullah in Amman.<\/p>\n<p>I have been honoured to an audience with the Holy Father, Pope Francis.<\/p>\n<p>I represented Kosovo at the Munich Security Conference in Germany, the<br \/>\nInternational Economic Forum in Jordan, the International Security<br \/>\nConference in Halifax, the Croatia Forum and the Brdo-Brione Summit etc.<\/p>\n<p>In these forums, among other things, I have proudly presented the<br \/>\ntransformation of Kosovo from a consumer of peace and security<br \/>\nmechanisms to a promoter and contributor to peace and coexistence<br \/>\nbetween people.<\/p>\n<p>This has strengthened the conviction in the world that Kosovo&#039;s<br \/>\nindependence has brought lasting peace throughout Southeast Europe.<\/p>\n<p>Dear Members of the Parliament,<br \/>\nCitizens of the Republic of Kosovo,<\/p>\n<p>Citizens of the Republic of Kosovo have shown clearly that they want to<br \/>\nsee their elected political leaders united in all issues of national and<br \/>\n state interest.<\/p>\n<p>Therefore, it is my duty, your duty as MPs, the duty of all of us to work tirelessly in the interest of our common good.<\/p>\n<p>As the President of the Republic of Kosovo I will closely follow the<br \/>\nwork of state institutions in meeting the aspirations and goals of<br \/>\ncitizens of the Republic of Kosovo.<\/p>\n<p>Therefore, I wish to all of us successes to the realization of our good intentions to the service of our citizens and our state.<\/p>\n<p>Let 2018 be a year of civic and politic unity of Kosovo citizens.<\/p>\n<p>In the end, being in the eve of seasonal holidays, let me wish you<br \/>\npeace, health, joy and happiness to you and your families, to all<br \/>\ncitizen of the Republic of Kosovo.<\/p>\n<p>Please accept my warmest wishes for Christmas and a happy New Year!\u00a0<\/p>\n","protected":false},"excerpt":{"rendered":"<p>Honourable President of the Assembly of Kosovo, Honourable Prime Minister and Ministers of the Government of the Republic of Kosovo,\u00a0\u00a0\u00a0\u00a0\u00a0\u00a0 Honourable Ambassadors and representatives of international missions,\u00a0\u00a0\u00a0\u00a0\u00a0\u00a0\u00a0\u00a0\u00a0 Honourable Members of the Parliament,\u00a0\u00a0\u00a0 Honourable citizens of the Republic of Kosovo, Allow me to thank you honourable MPs of the Assembly of the Republic of Kosovo, for providing me this opportunity to report in front of you and our citizens about my work as President of the Republic of Kosovo, namely for our joint work in strengthening the citizenship of Kosovo. Surely, the commitment for improving the lives of our citizens always remains our common priority. In the light of these efforts, I was committed to empowering and respecting the human rights for every citizen of the Republic of Kosovo. Starting from the discussions about the need for equal representation of women in all institutions and to the Pride Parade, I have made it clear that: The state of Kosovo and Kosovo society are built on the principles of freedom and equality for every citizen: Kosovo is a state of all its citizens and everyone should enjoy equal rights in their efforts to realize their aspirations. This means that we must ensure prosperity and dignity for each and every citizen, namely the worker, pensioner, doctor, police officer, soldier, teacher, student, or pupil in a school. We know that in order to enhance the wellbeing of our citizens, we need to develop our economy and increase domestic production. In view of this goal, I have been actively engaged in promoting Kosovo&#039;s economy, Kosovo products, in involving as much as possible the diaspora in investments in Kosovo. With the consolidation of our state, the support for economic development of the country has been at the centre of my focus in my engagement as President, but also of other institutions of the state of Kosovo. In coordination with the relevant institutions, I have supported the signing of the contract for the project for \u201cKosova e Re\u201d, which brings the largest private investment in Kosovo&#039;s history, namely 1.3 billion euros of investments that will generate over 10 thousand jobs. Furthermore, I continue to believe that the improvement of road infrastructure is a necessary condition for sustainable economic development. Therefore, I have supported the completion of highway projects that will connect Kosovo with the region and beyond, by enabling the free movement of people and goods. Certainly, today I had the pleasure of inaugurating the second segment of the motorway &#8220;Arber Xhaferi&#8221;. Honourable MPs, Citizens of the Republic of Kosovo, We are all aware that the main foundation of any democratic state, including our state, is the rule of law and order. No field of our society can be functional if we do not strengthen the rule of law and if we fail to guarantee that everyone is equal before the law. With the decreeing of prosecutors and judges from non-majority communities, most of which work in the northern part of Kosovo, we have extended the constitutional and legal order of Kosovo in every corner of our state. For this purpose, I have worked with all the justice institutions to continue the reform and consolidation of the judiciary to guaranty that we have not only well-written laws, but also full implementation of these laws. The fight against organized crime, corruption and terrorism are and should remain priorities. Kosovo will not surrender in facing these challenges and will not allow that our country is perceived as corrupt. Today&#039;s heroes are those who line up in an uncompromised fight against organized crime and corruption. Honourable members of parliament,\u00a0\u00a0\u00a0\u00a0\u00a0\u00a0\u00a0 Citizens of the Republic of Kosovo,\u00a0\u00a0\u00a0\u00a0\u00a0\u00a0\u00a0\u00a0\u00a0 Ladies and gentleman, Year 2017 was a year of achievements despite many challenges. We have gone through two elections, the general elections in June and those for municipal assemblies and mayors in October. These two electoral processes have once again proved the maturity of Kosovo politics and Kosovar society in general. This has paved the way for the formation of new government, new municipal assemblies and the election of new mayors of Kosovo municipalities. The Government of the Republic of Kosovo and the elected mayors should now work with dedication to achieve the set priorities and improve the lives of the citizens. When talking about free elections, allow me to emphasize that I have not given up on my job to work together with the political parties to successfully complete the electoral reform process. I consider that most of the work in this direction has been completed and during the upcoming year we have to finish this process. Despite the fact that central and local elections have consumed a lot of time and energy, still as a President in coordination with other institutions, I have continued to work on the realization of priorities that are of state importance. Among the main priorities in this regard was the continuation of work for the establishment of the Armed Forces of Kosovo. This is a natural and indispensable state process, which comes as a result of the work of members of the KSF, who have increased the level of preparation and are now ready for new tasks and competencies. The Kosovo Security Force is a multi-ethnic force in which over 10% of its members come from non-majority communities. The Armed Forces of Kosovo will also preserve and strengthen the multi-ethnic character. Now we are almost in the final phase of our efforts to ensure the support so that the process of establishing of the AFK is made through constitutional changes. We are doing this and we will do it in full coordination with NATO and other strategic partners. Today I assure you that during 2018 Kosovo will have its own defence capacity, that is, a modern army that will contribute to peace and stability in the region and everywhere in the world. As regards the security of Kosovo, let me stress that I am proud that our state is a leader in the region in combating extremism,<\/p>\n","protected":false},"author":1,"featured_media":28473,"comment_status":"open","ping_status":"closed","sticky":false,"template":"","format":"standard","meta":{"_eb_attr":"","footnotes":""},"categories":[105],"tags":[],"class_list":["post-68386","post","type-post","status-publish","format-standard","has-post-thumbnail","hentry","category-speeches"],"yoast_head":"<!-- This site is optimized with the Yoast SEO plugin v23.5 - https:\/\/yoast.com\/wordpress\/plugins\/seo\/ -->\n<title>Annual Speech of the President Tha\u00e7i at the Kosovo Assembly - President of the Republic of Kosovo - DR. VJOSA OSMANI - SADRIU<\/title>\n<meta name=\"description\" content=\"Annual Speech of the President Tha\u00e7i at the Kosovo Assembly - President of the Republic of Kosovo - DR. VJOSA OSMANI - SADRIU -\" \/>\n<meta name=\"robots\" content=\"index, follow, max-snippet:-1, max-image-preview:large, max-video-preview:-1\" \/>\n<link rel=\"canonical\" href=\"https:\/\/president-ksgov.net\/en\/annual-speech-of-the-president-thaci-at-the-kosovo-assembly\/\" \/>\n<meta property=\"og:locale\" content=\"en_US\" \/>\n<meta property=\"og:type\" content=\"article\" \/>\n<meta property=\"og:title\" content=\"Annual Speech of the President Tha\u00e7i at the Kosovo Assembly - President of the Republic of Kosovo - DR. VJOSA OSMANI - SADRIU\" \/>\n<meta property=\"og:description\" content=\"Annual Speech of the President Tha\u00e7i at the Kosovo Assembly - President of the Republic of Kosovo - DR. VJOSA OSMANI - SADRIU -\" \/>\n<meta property=\"og:url\" content=\"https:\/\/president-ksgov.net\/en\/annual-speech-of-the-president-thaci-at-the-kosovo-assembly\/\" \/>\n<meta property=\"og:site_name\" content=\"President of the Republic of Kosovo - DR. VJOSA OSMANI - SADRIU\" \/>\n<meta property=\"article:published_time\" content=\"2017-12-22T15:11:52+00:00\" \/>\n<meta property=\"article:modified_time\" content=\"2023-03-07T09:33:56+00:00\" \/>\n<meta property=\"og:image\" content=\"https:\/\/president-ksgov.net\/wp-content\/uploads\/22_12_2017_9486537_22_12_2017_Fjalimi_vjetor_Kuvend_1.jpg\" \/>\n\t<meta property=\"og:image:width\" content=\"2000\" \/>\n\t<meta property=\"og:image:height\" content=\"1318\" \/>\n\t<meta property=\"og:image:type\" content=\"image\/jpeg\" \/>\n<meta name=\"author\" content=\"admin\" \/>\n<meta name=\"twitter:card\" content=\"summary_large_image\" \/>\n<meta name=\"twitter:label1\" content=\"Written by\" \/>\n\t<meta name=\"twitter:data1\" content=\"admin\" \/>\n\t<meta name=\"twitter:label2\" content=\"Est. reading time\" \/>\n\t<meta name=\"twitter:data2\" content=\"11 minutes\" \/>\n<script type=\"application\/ld+json\" class=\"yoast-schema-graph\">{\"@context\":\"https:\/\/schema.org\",\"@graph\":[{\"@type\":\"WebPage\",\"@id\":\"https:\/\/president-ksgov.net\/en\/annual-speech-of-the-president-thaci-at-the-kosovo-assembly\/\",\"url\":\"https:\/\/president-ksgov.net\/en\/annual-speech-of-the-president-thaci-at-the-kosovo-assembly\/\",\"name\":\"Annual Speech of the President Tha\u00e7i at the Kosovo Assembly - President of the Republic of Kosovo - DR. VJOSA OSMANI - SADRIU\",\"isPartOf\":{\"@id\":\"https:\/\/president-ksgov.net\/#website\"},\"primaryImageOfPage\":{\"@id\":\"https:\/\/president-ksgov.net\/en\/annual-speech-of-the-president-thaci-at-the-kosovo-assembly\/#primaryimage\"},\"image\":{\"@id\":\"https:\/\/president-ksgov.net\/en\/annual-speech-of-the-president-thaci-at-the-kosovo-assembly\/#primaryimage\"},\"thumbnailUrl\":\"https:\/\/president-ksgov.net\/wp-content\/uploads\/22_12_2017_9486537_22_12_2017_Fjalimi_vjetor_Kuvend_1.jpg\",\"datePublished\":\"2017-12-22T15:11:52+00:00\",\"dateModified\":\"2023-03-07T09:33:56+00:00\",\"author\":{\"@id\":\"https:\/\/president-ksgov.net\/#\/schema\/person\/bb4337a5fb147cb2046d80548172cbee\"},\"description\":\"Annual Speech of the President Tha\u00e7i at the Kosovo Assembly - President of the Republic of Kosovo - DR. VJOSA OSMANI - SADRIU -\",\"breadcrumb\":{\"@id\":\"https:\/\/president-ksgov.net\/en\/annual-speech-of-the-president-thaci-at-the-kosovo-assembly\/#breadcrumb\"},\"inLanguage\":\"en-US\",\"potentialAction\":[{\"@type\":\"ReadAction\",\"target\":[\"https:\/\/president-ksgov.net\/en\/annual-speech-of-the-president-thaci-at-the-kosovo-assembly\/\"]}]},{\"@type\":\"ImageObject\",\"inLanguage\":\"en-US\",\"@id\":\"https:\/\/president-ksgov.net\/en\/annual-speech-of-the-president-thaci-at-the-kosovo-assembly\/#primaryimage\",\"url\":\"https:\/\/president-ksgov.net\/wp-content\/uploads\/22_12_2017_9486537_22_12_2017_Fjalimi_vjetor_Kuvend_1.jpg\",\"contentUrl\":\"https:\/\/president-ksgov.net\/wp-content\/uploads\/22_12_2017_9486537_22_12_2017_Fjalimi_vjetor_Kuvend_1.jpg\",\"width\":2000,\"height\":1318},{\"@type\":\"BreadcrumbList\",\"@id\":\"https:\/\/president-ksgov.net\/en\/annual-speech-of-the-president-thaci-at-the-kosovo-assembly\/#breadcrumb\",\"itemListElement\":[{\"@type\":\"ListItem\",\"position\":1,\"name\":\"Home\",\"item\":\"https:\/\/president-ksgov.net\/en\/\"},{\"@type\":\"ListItem\",\"position\":2,\"name\":\"Annual Speech of the President Tha\u00e7i at the Kosovo Assembly\"}]},{\"@type\":\"WebSite\",\"@id\":\"https:\/\/president-ksgov.net\/#website\",\"url\":\"https:\/\/president-ksgov.net\/\",\"name\":\"Presidente e Republik\u00ebs s\u00eb Kosov\u00ebs\",\"description\":\"Presidente e Republik\u00ebs s\u00eb Kosov\u00ebs\",\"alternateName\":\"DR. VJOSA OSMANI - SADRIU\",\"potentialAction\":[{\"@type\":\"SearchAction\",\"target\":{\"@type\":\"EntryPoint\",\"urlTemplate\":\"https:\/\/president-ksgov.net\/?s={search_term_string}\"},\"query-input\":{\"@type\":\"PropertyValueSpecification\",\"valueRequired\":true,\"valueName\":\"search_term_string\"}}],\"inLanguage\":\"en-US\"},{\"@type\":\"Person\",\"@id\":\"https:\/\/president-ksgov.net\/#\/schema\/person\/bb4337a5fb147cb2046d80548172cbee\",\"name\":\"admin\",\"image\":{\"@type\":\"ImageObject\",\"inLanguage\":\"en-US\",\"@id\":\"https:\/\/president-ksgov.net\/#\/schema\/person\/image\/\",\"url\":\"https:\/\/secure.gravatar.com\/avatar\/36156ca0fa3b8d9d25174f146e16beea0cf28f37adf1b9e19b6c9c279a7c9dd3?s=96&d=mm&r=g\",\"contentUrl\":\"https:\/\/secure.gravatar.com\/avatar\/36156ca0fa3b8d9d25174f146e16beea0cf28f37adf1b9e19b6c9c279a7c9dd3?s=96&d=mm&r=g\",\"caption\":\"admin\"},\"sameAs\":[\"https:\/\/president-ksgov.net\"]}]}<\/script>\n<!-- \/ Yoast SEO plugin. -->","yoast_head_json":{"title":"Annual Speech of the President Tha\u00e7i at the Kosovo Assembly - President of the Republic of Kosovo - DR. VJOSA OSMANI - SADRIU","description":"Annual Speech of the President Tha\u00e7i at the Kosovo Assembly - President of the Republic of Kosovo - DR. VJOSA OSMANI - SADRIU -","robots":{"index":"index","follow":"follow","max-snippet":"max-snippet:-1","max-image-preview":"max-image-preview:large","max-video-preview":"max-video-preview:-1"},"canonical":"https:\/\/president-ksgov.net\/en\/annual-speech-of-the-president-thaci-at-the-kosovo-assembly\/","og_locale":"en_US","og_type":"article","og_title":"Annual Speech of the President Tha\u00e7i at the Kosovo Assembly - President of the Republic of Kosovo - DR. VJOSA OSMANI - SADRIU","og_description":"Annual Speech of the President Tha\u00e7i at the Kosovo Assembly - President of the Republic of Kosovo - DR. VJOSA OSMANI - SADRIU -","og_url":"https:\/\/president-ksgov.net\/en\/annual-speech-of-the-president-thaci-at-the-kosovo-assembly\/","og_site_name":"President of the Republic of Kosovo - DR. VJOSA OSMANI - SADRIU","article_published_time":"2017-12-22T15:11:52+00:00","article_modified_time":"2023-03-07T09:33:56+00:00","og_image":[{"width":2000,"height":1318,"url":"https:\/\/president-ksgov.net\/wp-content\/uploads\/22_12_2017_9486537_22_12_2017_Fjalimi_vjetor_Kuvend_1.jpg","type":"image\/jpeg"}],"author":"admin","twitter_card":"summary_large_image","twitter_misc":{"Written by":"admin","Est. reading time":"11 minutes"},"schema":{"@context":"https:\/\/schema.org","@graph":[{"@type":"WebPage","@id":"https:\/\/president-ksgov.net\/en\/annual-speech-of-the-president-thaci-at-the-kosovo-assembly\/","url":"https:\/\/president-ksgov.net\/en\/annual-speech-of-the-president-thaci-at-the-kosovo-assembly\/","name":"Annual Speech of the President Tha\u00e7i at the Kosovo Assembly - President of the Republic of Kosovo - DR. VJOSA OSMANI - SADRIU","isPartOf":{"@id":"https:\/\/president-ksgov.net\/#website"},"primaryImageOfPage":{"@id":"https:\/\/president-ksgov.net\/en\/annual-speech-of-the-president-thaci-at-the-kosovo-assembly\/#primaryimage"},"image":{"@id":"https:\/\/president-ksgov.net\/en\/annual-speech-of-the-president-thaci-at-the-kosovo-assembly\/#primaryimage"},"thumbnailUrl":"https:\/\/president-ksgov.net\/wp-content\/uploads\/22_12_2017_9486537_22_12_2017_Fjalimi_vjetor_Kuvend_1.jpg","datePublished":"2017-12-22T15:11:52+00:00","dateModified":"2023-03-07T09:33:56+00:00","author":{"@id":"https:\/\/president-ksgov.net\/#\/schema\/person\/bb4337a5fb147cb2046d80548172cbee"},"description":"Annual Speech of the President Tha\u00e7i at the Kosovo Assembly - President of the Republic of Kosovo - DR. VJOSA OSMANI - SADRIU -","breadcrumb":{"@id":"https:\/\/president-ksgov.net\/en\/annual-speech-of-the-president-thaci-at-the-kosovo-assembly\/#breadcrumb"},"inLanguage":"en-US","potentialAction":[{"@type":"ReadAction","target":["https:\/\/president-ksgov.net\/en\/annual-speech-of-the-president-thaci-at-the-kosovo-assembly\/"]}]},{"@type":"ImageObject","inLanguage":"en-US","@id":"https:\/\/president-ksgov.net\/en\/annual-speech-of-the-president-thaci-at-the-kosovo-assembly\/#primaryimage","url":"https:\/\/president-ksgov.net\/wp-content\/uploads\/22_12_2017_9486537_22_12_2017_Fjalimi_vjetor_Kuvend_1.jpg","contentUrl":"https:\/\/president-ksgov.net\/wp-content\/uploads\/22_12_2017_9486537_22_12_2017_Fjalimi_vjetor_Kuvend_1.jpg","width":2000,"height":1318},{"@type":"BreadcrumbList","@id":"https:\/\/president-ksgov.net\/en\/annual-speech-of-the-president-thaci-at-the-kosovo-assembly\/#breadcrumb","itemListElement":[{"@type":"ListItem","position":1,"name":"Home","item":"https:\/\/president-ksgov.net\/en\/"},{"@type":"ListItem","position":2,"name":"Annual Speech of the President Tha\u00e7i at the Kosovo Assembly"}]},{"@type":"WebSite","@id":"https:\/\/president-ksgov.net\/#website","url":"https:\/\/president-ksgov.net\/","name":"Presidente e Republik\u00ebs s\u00eb Kosov\u00ebs","description":"Presidente e Republik\u00ebs s\u00eb Kosov\u00ebs","alternateName":"DR. VJOSA OSMANI - SADRIU","potentialAction":[{"@type":"SearchAction","target":{"@type":"EntryPoint","urlTemplate":"https:\/\/president-ksgov.net\/?s={search_term_string}"},"query-input":{"@type":"PropertyValueSpecification","valueRequired":true,"valueName":"search_term_string"}}],"inLanguage":"en-US"},{"@type":"Person","@id":"https:\/\/president-ksgov.net\/#\/schema\/person\/bb4337a5fb147cb2046d80548172cbee","name":"admin","image":{"@type":"ImageObject","inLanguage":"en-US","@id":"https:\/\/president-ksgov.net\/#\/schema\/person\/image\/","url":"https:\/\/secure.gravatar.com\/avatar\/36156ca0fa3b8d9d25174f146e16beea0cf28f37adf1b9e19b6c9c279a7c9dd3?s=96&d=mm&r=g","contentUrl":"https:\/\/secure.gravatar.com\/avatar\/36156ca0fa3b8d9d25174f146e16beea0cf28f37adf1b9e19b6c9c279a7c9dd3?s=96&d=mm&r=g","caption":"admin"},"sameAs":["https:\/\/president-ksgov.net"]}]}},"_links":{"self":[{"href":"https:\/\/president-ksgov.net\/en\/wp-json\/wp\/v2\/posts\/68386","targetHints":{"allow":["GET"]}}],"collection":[{"href":"https:\/\/president-ksgov.net\/en\/wp-json\/wp\/v2\/posts"}],"about":[{"href":"https:\/\/president-ksgov.net\/en\/wp-json\/wp\/v2\/types\/post"}],"author":[{"embeddable":true,"href":"https:\/\/president-ksgov.net\/en\/wp-json\/wp\/v2\/users\/1"}],"replies":[{"embeddable":true,"href":"https:\/\/president-ksgov.net\/en\/wp-json\/wp\/v2\/comments?post=68386"}],"version-history":[{"count":0,"href":"https:\/\/president-ksgov.net\/en\/wp-json\/wp\/v2\/posts\/68386\/revisions"}],"wp:featuredmedia":[{"embeddable":true,"href":"https:\/\/president-ksgov.net\/en\/wp-json\/wp\/v2\/media\/28473"}],"wp:attachment":[{"href":"https:\/\/president-ksgov.net\/en\/wp-json\/wp\/v2\/media?parent=68386"}],"wp:term":[{"taxonomy":"category","embeddable":true,"href":"https:\/\/president-ksgov.net\/en\/wp-json\/wp\/v2\/categories?post=68386"},{"taxonomy":"post_tag","embeddable":true,"href":"https:\/\/president-ksgov.net\/en\/wp-json\/wp\/v2\/tags?post=68386"}],"curies":[{"name":"wp","href":"https:\/\/api.w.org\/{rel}","templated":true}]}}