{"id":68376,"date":"2018-01-05T16:11:57","date_gmt":"2018-01-05T16:11:57","guid":{"rendered":"https:\/\/dev.president-ksgov.net\/the-german-and-slovenian-presidents-extended-their-greetings-to-president-thaci-for-2018\/"},"modified":"2023-03-07T09:33:56","modified_gmt":"2023-03-07T09:33:56","slug":"the-german-and-slovenian-presidents-extended-their-greetings-to-president-thaci-for-2018","status":"publish","type":"post","link":"https:\/\/president-ksgov.net\/en\/the-german-and-slovenian-presidents-extended-their-greetings-to-president-thaci-for-2018\/","title":{"rendered":"The German and Slovenian Presidents extended their greetings to President Tha\u00e7i for 2018"},"content":{"rendered":"<p>The President of Germany, Frank Walter Steinmeier, the President of Slovenia, Borut Pahor, and the King of Jordan, Abdullah II bin Al-Hussein, extended their greetings to President Tha\u00e7i and the people of Kosovo on the New Year 2018.<\/p>\n<p>In their greeting cards accepted at the beginning of the year, peace and a prosperous year is wished to the people of Kosovo. <\/p>\n<p>President Tha\u00e7i had also previously received greetings from the Queen of Denmark, Margrethe II, the President of Italy, Sergio Mattarella, the President of Montenegro, Filip Vujanovi&cacute;, the President of Hungary, J\u00e1nos \u00c1der, the President of Albania, Ilir Meta, the NATO Secretary General, Jens Stoltenberg, the President of the European Council, Donald Tusk, the Japanese Prime Minister, Shinz&omacr; Abe and others.<br \/>\n\u00a0<\/p>\n","protected":false},"excerpt":{"rendered":"<p>The President of Germany, Frank Walter Steinmeier, the President of Slovenia, Borut Pahor, and the King of Jordan, Abdullah II bin Al-Hussein, extended their greetings to President Tha\u00e7i and the people of Kosovo on the New Year 2018.<\/p>\n","protected":false},"author":1,"featured_media":28430,"comment_status":"open","ping_status":"closed","sticky":false,"template":"","format":"standard","meta":{"_eb_attr":"","footnotes":""},"categories":[111],"tags":[],"class_list":["post-68376","post","type-post","status-publish","format-standard","has-post-thumbnail","hentry","category-news"],"yoast_head":"<!-- This site is optimized with the Yoast SEO plugin v23.5 - https:\/\/yoast.com\/wordpress\/plugins\/seo\/ -->\n<title>The German and Slovenian Presidents extended their greetings to President Tha\u00e7i for 2018 - President of the Republic of Kosovo - DR. VJOSA OSMANI - SADRIU<\/title>\n<meta name=\"description\" content=\"The German and Slovenian Presidents extended their greetings to President Tha\u00e7i for 2018 - President of the Republic of Kosovo - DR. VJOSA OSMANI - SADRIU -\" \/>\n<meta name=\"robots\" content=\"index, follow, max-snippet:-1, max-image-preview:large, max-video-preview:-1\" \/>\n<link rel=\"canonical\" href=\"https:\/\/president-ksgov.net\/en\/the-german-and-slovenian-presidents-extended-their-greetings-to-president-thaci-for-2018\/\" \/>\n<meta property=\"og:locale\" content=\"en_US\" \/>\n<meta property=\"og:type\" content=\"article\" \/>\n<meta property=\"og:title\" content=\"The German and Slovenian Presidents extended their greetings to President Tha\u00e7i for 2018 - President of the Republic of Kosovo - DR. VJOSA OSMANI - SADRIU\" \/>\n<meta property=\"og:description\" content=\"The German and Slovenian Presidents extended their greetings to President Tha\u00e7i for 2018 - President of the Republic of Kosovo - DR. VJOSA OSMANI - SADRIU -\" \/>\n<meta property=\"og:url\" content=\"https:\/\/president-ksgov.net\/en\/the-german-and-slovenian-presidents-extended-their-greetings-to-president-thaci-for-2018\/\" \/>\n<meta property=\"og:site_name\" content=\"President of the Republic of Kosovo - DR. VJOSA OSMANI - SADRIU\" \/>\n<meta property=\"article:published_time\" content=\"2018-01-05T16:11:57+00:00\" \/>\n<meta property=\"article:modified_time\" content=\"2023-03-07T09:33:56+00:00\" \/>\n<meta property=\"og:image\" content=\"https:\/\/president-ksgov.net\/wp-content\/uploads\/05_01_2018_5656919_image1_1_.jpg\" \/>\n\t<meta property=\"og:image:width\" content=\"1280\" \/>\n\t<meta property=\"og:image:height\" content=\"960\" \/>\n\t<meta property=\"og:image:type\" content=\"image\/jpeg\" \/>\n<meta name=\"author\" content=\"admin\" \/>\n<meta name=\"twitter:card\" content=\"summary_large_image\" \/>\n<meta name=\"twitter:label1\" content=\"Written by\" \/>\n\t<meta name=\"twitter:data1\" content=\"admin\" \/>\n\t<meta name=\"twitter:label2\" content=\"Est. reading time\" \/>\n\t<meta name=\"twitter:data2\" content=\"1 minute\" \/>\n<script type=\"application\/ld+json\" class=\"yoast-schema-graph\">{\"@context\":\"https:\/\/schema.org\",\"@graph\":[{\"@type\":\"WebPage\",\"@id\":\"https:\/\/president-ksgov.net\/en\/the-german-and-slovenian-presidents-extended-their-greetings-to-president-thaci-for-2018\/\",\"url\":\"https:\/\/president-ksgov.net\/en\/the-german-and-slovenian-presidents-extended-their-greetings-to-president-thaci-for-2018\/\",\"name\":\"The German and Slovenian Presidents extended their greetings to President Tha\u00e7i for 2018 - President of the Republic of Kosovo - DR. VJOSA OSMANI - SADRIU\",\"isPartOf\":{\"@id\":\"https:\/\/president-ksgov.net\/#website\"},\"primaryImageOfPage\":{\"@id\":\"https:\/\/president-ksgov.net\/en\/the-german-and-slovenian-presidents-extended-their-greetings-to-president-thaci-for-2018\/#primaryimage\"},\"image\":{\"@id\":\"https:\/\/president-ksgov.net\/en\/the-german-and-slovenian-presidents-extended-their-greetings-to-president-thaci-for-2018\/#primaryimage\"},\"thumbnailUrl\":\"https:\/\/president-ksgov.net\/wp-content\/uploads\/05_01_2018_5656919_image1_1_.jpg\",\"datePublished\":\"2018-01-05T16:11:57+00:00\",\"dateModified\":\"2023-03-07T09:33:56+00:00\",\"author\":{\"@id\":\"https:\/\/president-ksgov.net\/#\/schema\/person\/bb4337a5fb147cb2046d80548172cbee\"},\"description\":\"The German and Slovenian Presidents extended their greetings to President Tha\u00e7i for 2018 - President of the Republic of Kosovo - DR. VJOSA OSMANI - SADRIU -\",\"breadcrumb\":{\"@id\":\"https:\/\/president-ksgov.net\/en\/the-german-and-slovenian-presidents-extended-their-greetings-to-president-thaci-for-2018\/#breadcrumb\"},\"inLanguage\":\"en-US\",\"potentialAction\":[{\"@type\":\"ReadAction\",\"target\":[\"https:\/\/president-ksgov.net\/en\/the-german-and-slovenian-presidents-extended-their-greetings-to-president-thaci-for-2018\/\"]}]},{\"@type\":\"ImageObject\",\"inLanguage\":\"en-US\",\"@id\":\"https:\/\/president-ksgov.net\/en\/the-german-and-slovenian-presidents-extended-their-greetings-to-president-thaci-for-2018\/#primaryimage\",\"url\":\"https:\/\/president-ksgov.net\/wp-content\/uploads\/05_01_2018_5656919_image1_1_.jpg\",\"contentUrl\":\"https:\/\/president-ksgov.net\/wp-content\/uploads\/05_01_2018_5656919_image1_1_.jpg\",\"width\":1280,\"height\":960},{\"@type\":\"BreadcrumbList\",\"@id\":\"https:\/\/president-ksgov.net\/en\/the-german-and-slovenian-presidents-extended-their-greetings-to-president-thaci-for-2018\/#breadcrumb\",\"itemListElement\":[{\"@type\":\"ListItem\",\"position\":1,\"name\":\"Home\",\"item\":\"https:\/\/president-ksgov.net\/en\/\"},{\"@type\":\"ListItem\",\"position\":2,\"name\":\"The German and Slovenian Presidents extended their greetings to President Tha\u00e7i for 2018\"}]},{\"@type\":\"WebSite\",\"@id\":\"https:\/\/president-ksgov.net\/#website\",\"url\":\"https:\/\/president-ksgov.net\/\",\"name\":\"Presidente e Republik\u00ebs s\u00eb Kosov\u00ebs\",\"description\":\"Presidente e Republik\u00ebs s\u00eb Kosov\u00ebs\",\"alternateName\":\"DR. VJOSA OSMANI - SADRIU\",\"potentialAction\":[{\"@type\":\"SearchAction\",\"target\":{\"@type\":\"EntryPoint\",\"urlTemplate\":\"https:\/\/president-ksgov.net\/?s={search_term_string}\"},\"query-input\":{\"@type\":\"PropertyValueSpecification\",\"valueRequired\":true,\"valueName\":\"search_term_string\"}}],\"inLanguage\":\"en-US\"},{\"@type\":\"Person\",\"@id\":\"https:\/\/president-ksgov.net\/#\/schema\/person\/bb4337a5fb147cb2046d80548172cbee\",\"name\":\"admin\",\"image\":{\"@type\":\"ImageObject\",\"inLanguage\":\"en-US\",\"@id\":\"https:\/\/president-ksgov.net\/#\/schema\/person\/image\/\",\"url\":\"https:\/\/secure.gravatar.com\/avatar\/36156ca0fa3b8d9d25174f146e16beea0cf28f37adf1b9e19b6c9c279a7c9dd3?s=96&d=mm&r=g\",\"contentUrl\":\"https:\/\/secure.gravatar.com\/avatar\/36156ca0fa3b8d9d25174f146e16beea0cf28f37adf1b9e19b6c9c279a7c9dd3?s=96&d=mm&r=g\",\"caption\":\"admin\"},\"sameAs\":[\"https:\/\/president-ksgov.net\"]}]}<\/script>\n<!-- \/ Yoast SEO plugin. -->","yoast_head_json":{"title":"The German and Slovenian Presidents extended their greetings to President Tha\u00e7i for 2018 - President of the Republic of Kosovo - DR. VJOSA OSMANI - SADRIU","description":"The German and Slovenian Presidents extended their greetings to President Tha\u00e7i for 2018 - President of the Republic of Kosovo - DR. VJOSA OSMANI - SADRIU -","robots":{"index":"index","follow":"follow","max-snippet":"max-snippet:-1","max-image-preview":"max-image-preview:large","max-video-preview":"max-video-preview:-1"},"canonical":"https:\/\/president-ksgov.net\/en\/the-german-and-slovenian-presidents-extended-their-greetings-to-president-thaci-for-2018\/","og_locale":"en_US","og_type":"article","og_title":"The German and Slovenian Presidents extended their greetings to President Tha\u00e7i for 2018 - President of the Republic of Kosovo - DR. VJOSA OSMANI - SADRIU","og_description":"The German and Slovenian Presidents extended their greetings to President Tha\u00e7i for 2018 - President of the Republic of Kosovo - DR. VJOSA OSMANI - SADRIU -","og_url":"https:\/\/president-ksgov.net\/en\/the-german-and-slovenian-presidents-extended-their-greetings-to-president-thaci-for-2018\/","og_site_name":"President of the Republic of Kosovo - DR. VJOSA OSMANI - SADRIU","article_published_time":"2018-01-05T16:11:57+00:00","article_modified_time":"2023-03-07T09:33:56+00:00","og_image":[{"width":1280,"height":960,"url":"https:\/\/president-ksgov.net\/wp-content\/uploads\/05_01_2018_5656919_image1_1_.jpg","type":"image\/jpeg"}],"author":"admin","twitter_card":"summary_large_image","twitter_misc":{"Written by":"admin","Est. reading time":"1 minute"},"schema":{"@context":"https:\/\/schema.org","@graph":[{"@type":"WebPage","@id":"https:\/\/president-ksgov.net\/en\/the-german-and-slovenian-presidents-extended-their-greetings-to-president-thaci-for-2018\/","url":"https:\/\/president-ksgov.net\/en\/the-german-and-slovenian-presidents-extended-their-greetings-to-president-thaci-for-2018\/","name":"The German and Slovenian Presidents extended their greetings to President Tha\u00e7i for 2018 - President of the Republic of Kosovo - DR. VJOSA OSMANI - SADRIU","isPartOf":{"@id":"https:\/\/president-ksgov.net\/#website"},"primaryImageOfPage":{"@id":"https:\/\/president-ksgov.net\/en\/the-german-and-slovenian-presidents-extended-their-greetings-to-president-thaci-for-2018\/#primaryimage"},"image":{"@id":"https:\/\/president-ksgov.net\/en\/the-german-and-slovenian-presidents-extended-their-greetings-to-president-thaci-for-2018\/#primaryimage"},"thumbnailUrl":"https:\/\/president-ksgov.net\/wp-content\/uploads\/05_01_2018_5656919_image1_1_.jpg","datePublished":"2018-01-05T16:11:57+00:00","dateModified":"2023-03-07T09:33:56+00:00","author":{"@id":"https:\/\/president-ksgov.net\/#\/schema\/person\/bb4337a5fb147cb2046d80548172cbee"},"description":"The German and Slovenian Presidents extended their greetings to President Tha\u00e7i for 2018 - President of the Republic of Kosovo - DR. VJOSA OSMANI - SADRIU -","breadcrumb":{"@id":"https:\/\/president-ksgov.net\/en\/the-german-and-slovenian-presidents-extended-their-greetings-to-president-thaci-for-2018\/#breadcrumb"},"inLanguage":"en-US","potentialAction":[{"@type":"ReadAction","target":["https:\/\/president-ksgov.net\/en\/the-german-and-slovenian-presidents-extended-their-greetings-to-president-thaci-for-2018\/"]}]},{"@type":"ImageObject","inLanguage":"en-US","@id":"https:\/\/president-ksgov.net\/en\/the-german-and-slovenian-presidents-extended-their-greetings-to-president-thaci-for-2018\/#primaryimage","url":"https:\/\/president-ksgov.net\/wp-content\/uploads\/05_01_2018_5656919_image1_1_.jpg","contentUrl":"https:\/\/president-ksgov.net\/wp-content\/uploads\/05_01_2018_5656919_image1_1_.jpg","width":1280,"height":960},{"@type":"BreadcrumbList","@id":"https:\/\/president-ksgov.net\/en\/the-german-and-slovenian-presidents-extended-their-greetings-to-president-thaci-for-2018\/#breadcrumb","itemListElement":[{"@type":"ListItem","position":1,"name":"Home","item":"https:\/\/president-ksgov.net\/en\/"},{"@type":"ListItem","position":2,"name":"The German and Slovenian Presidents extended their greetings to President Tha\u00e7i for 2018"}]},{"@type":"WebSite","@id":"https:\/\/president-ksgov.net\/#website","url":"https:\/\/president-ksgov.net\/","name":"Presidente e Republik\u00ebs s\u00eb Kosov\u00ebs","description":"Presidente e Republik\u00ebs s\u00eb Kosov\u00ebs","alternateName":"DR. VJOSA OSMANI - SADRIU","potentialAction":[{"@type":"SearchAction","target":{"@type":"EntryPoint","urlTemplate":"https:\/\/president-ksgov.net\/?s={search_term_string}"},"query-input":{"@type":"PropertyValueSpecification","valueRequired":true,"valueName":"search_term_string"}}],"inLanguage":"en-US"},{"@type":"Person","@id":"https:\/\/president-ksgov.net\/#\/schema\/person\/bb4337a5fb147cb2046d80548172cbee","name":"admin","image":{"@type":"ImageObject","inLanguage":"en-US","@id":"https:\/\/president-ksgov.net\/#\/schema\/person\/image\/","url":"https:\/\/secure.gravatar.com\/avatar\/36156ca0fa3b8d9d25174f146e16beea0cf28f37adf1b9e19b6c9c279a7c9dd3?s=96&d=mm&r=g","contentUrl":"https:\/\/secure.gravatar.com\/avatar\/36156ca0fa3b8d9d25174f146e16beea0cf28f37adf1b9e19b6c9c279a7c9dd3?s=96&d=mm&r=g","caption":"admin"},"sameAs":["https:\/\/president-ksgov.net"]}]}},"_links":{"self":[{"href":"https:\/\/president-ksgov.net\/en\/wp-json\/wp\/v2\/posts\/68376","targetHints":{"allow":["GET"]}}],"collection":[{"href":"https:\/\/president-ksgov.net\/en\/wp-json\/wp\/v2\/posts"}],"about":[{"href":"https:\/\/president-ksgov.net\/en\/wp-json\/wp\/v2\/types\/post"}],"author":[{"embeddable":true,"href":"https:\/\/president-ksgov.net\/en\/wp-json\/wp\/v2\/users\/1"}],"replies":[{"embeddable":true,"href":"https:\/\/president-ksgov.net\/en\/wp-json\/wp\/v2\/comments?post=68376"}],"version-history":[{"count":0,"href":"https:\/\/president-ksgov.net\/en\/wp-json\/wp\/v2\/posts\/68376\/revisions"}],"wp:featuredmedia":[{"embeddable":true,"href":"https:\/\/president-ksgov.net\/en\/wp-json\/wp\/v2\/media\/28430"}],"wp:attachment":[{"href":"https:\/\/president-ksgov.net\/en\/wp-json\/wp\/v2\/media?parent=68376"}],"wp:term":[{"taxonomy":"category","embeddable":true,"href":"https:\/\/president-ksgov.net\/en\/wp-json\/wp\/v2\/categories?post=68376"},{"taxonomy":"post_tag","embeddable":true,"href":"https:\/\/president-ksgov.net\/en\/wp-json\/wp\/v2\/tags?post=68376"}],"curies":[{"name":"wp","href":"https:\/\/api.w.org\/{rel}","templated":true}]}}