{"id":68339,"date":"2018-02-16T18:50:33","date_gmt":"2018-02-16T18:50:33","guid":{"rendered":"https:\/\/dev.president-ksgov.net\/president-thaci-decorates-the-prime-minister-of-the-republic-of-albania-with-the-presidential-medal\/"},"modified":"2023-03-07T09:32:50","modified_gmt":"2023-03-07T09:32:50","slug":"president-thaci-decorates-the-prime-minister-of-the-republic-of-albania-with-the-presidential-medal","status":"publish","type":"post","link":"https:\/\/president-ksgov.net\/en\/president-thaci-decorates-the-prime-minister-of-the-republic-of-albania-with-the-presidential-medal\/","title":{"rendered":"President Tha\u00e7i decorates the Prime Minister of the Republic of Albania with the Presidential Medal"},"content":{"rendered":"<p>The President of the Republic of Kosovo, Hashim Tha\u00e7i, has decorated the Prime Minister of the Republic of Albania, Edi Rama, with the Presidential Medal on the tenth anniversary of the independence.<\/p>\n<p>President Tha\u00e7i expressed his gratitude to Prime Minister Rama for his visit to Kosovo on the occasion of the 10th anniversary of Kosovo\u2019s independence<\/p>\n<p>The Head of State said that \u201cToday I had the honor and pleasure in my constitutional and legal authority to award the Presidential Medal on the occasion of the 10th anniversary of the independence to the Prime Minister of Albania, for his contribution to Kosovo\u2019s freedom and independence.<\/p>\n<p>Highly appreciating the contribution of Prime Minister Rama, President Tha\u00e7i said that his voice has been strong in support of the freedom, but also of the state-building.<\/p>\n<p>\u201cHighly praising and respecting the engagements for the consolidation of the state of Kosovo, in the most difficult processes through which our country has passed, Edi\u2019s voice has been strong in support of Kosovo\u2019s freedom, in support of the state-building process, and now of the as soon as possible consolidation and integration of Kosovo into NATO, and in the European Union\u201d, said President Tha\u00e7i<\/p>\n<p>Whereas Prime Minister Rama said that this is one of his most exciting moments.<\/p>\n<p>\u201cIt\u2019s undeniably one of the most exciting moments for me. It is an extraordinary honor, and I want to express my full gratitude to you personally and I want to thank Kosovo for this unforgettable emotion\u201d, said Prime Minister Rama.<\/p>\n<p>President Tha\u00e7i said that the project of the free and independent Kosovo, part of NATO and the European Union is also a joint project.<\/p>\n<p>\u00a0<br \/>\n\u00a0<\/p>\n","protected":false},"excerpt":{"rendered":"<p>The President of the Republic of Kosovo, Hashim Tha\u00e7i, has decorated the Prime Minister of the Republic of Albania, Edi Rama, with the Presidential Medal on the tenth anniversary of the independence.<\/p>\n","protected":false},"author":1,"featured_media":28090,"comment_status":"open","ping_status":"closed","sticky":false,"template":"","format":"standard","meta":{"_eb_attr":"","footnotes":""},"categories":[111],"tags":[],"class_list":["post-68339","post","type-post","status-publish","format-standard","has-post-thumbnail","hentry","category-news"],"yoast_head":"<!-- This site is optimized with the Yoast SEO plugin v23.5 - https:\/\/yoast.com\/wordpress\/plugins\/seo\/ -->\n<title>President Tha\u00e7i decorates the Prime Minister of the Republic of Albania with the Presidential Medal - President of the Republic of Kosovo - DR. VJOSA OSMANI - SADRIU<\/title>\n<meta name=\"description\" content=\"President Tha\u00e7i decorates the Prime Minister of the Republic of Albania with the Presidential Medal - President of the Republic of Kosovo - DR. VJOSA OSMANI - SADRIU -\" \/>\n<meta name=\"robots\" content=\"index, follow, max-snippet:-1, max-image-preview:large, max-video-preview:-1\" \/>\n<link rel=\"canonical\" href=\"https:\/\/president-ksgov.net\/presidenti-thaci-dekoron-kryeministrin-e-republikes-se-shqiperise-me-medaljen-presidenciale\/\" \/>\n<meta property=\"og:locale\" content=\"en_US\" \/>\n<meta property=\"og:type\" content=\"article\" \/>\n<meta property=\"og:title\" content=\"President Tha\u00e7i decorates the Prime Minister of the Republic of Albania with the Presidential Medal - President of the Republic of Kosovo - DR. VJOSA OSMANI - SADRIU\" \/>\n<meta property=\"og:description\" content=\"President Tha\u00e7i decorates the Prime Minister of the Republic of Albania with the Presidential Medal - President of the Republic of Kosovo - DR. VJOSA OSMANI - SADRIU -\" \/>\n<meta property=\"og:url\" content=\"https:\/\/president-ksgov.net\/presidenti-thaci-dekoron-kryeministrin-e-republikes-se-shqiperise-me-medaljen-presidenciale\/\" \/>\n<meta property=\"og:site_name\" content=\"President of the Republic of Kosovo - DR. VJOSA OSMANI - SADRIU\" \/>\n<meta property=\"article:published_time\" content=\"2018-02-16T18:50:33+00:00\" \/>\n<meta property=\"article:modified_time\" content=\"2023-03-07T09:32:50+00:00\" \/>\n<meta property=\"og:image\" content=\"https:\/\/president-ksgov.net\/wp-content\/uploads\/16_02_2018_1485595_PPR_4169-scaled.jpg\" \/>\n\t<meta property=\"og:image:width\" content=\"2560\" \/>\n\t<meta property=\"og:image:height\" content=\"1707\" \/>\n\t<meta property=\"og:image:type\" content=\"image\/jpeg\" \/>\n<meta name=\"author\" content=\"admin\" \/>\n<meta name=\"twitter:card\" content=\"summary_large_image\" \/>\n<meta name=\"twitter:label1\" content=\"Written by\" \/>\n\t<meta name=\"twitter:data1\" content=\"admin\" \/>\n\t<meta name=\"twitter:label2\" content=\"Est. reading time\" \/>\n\t<meta name=\"twitter:data2\" content=\"1 minute\" \/>\n<script type=\"application\/ld+json\" class=\"yoast-schema-graph\">{\"@context\":\"https:\/\/schema.org\",\"@graph\":[{\"@type\":\"WebPage\",\"@id\":\"https:\/\/president-ksgov.net\/presidenti-thaci-dekoron-kryeministrin-e-republikes-se-shqiperise-me-medaljen-presidenciale\/\",\"url\":\"https:\/\/president-ksgov.net\/presidenti-thaci-dekoron-kryeministrin-e-republikes-se-shqiperise-me-medaljen-presidenciale\/\",\"name\":\"President Tha\u00e7i decorates the Prime Minister of the Republic of Albania with the Presidential Medal - President of the Republic of Kosovo - DR. VJOSA OSMANI - SADRIU\",\"isPartOf\":{\"@id\":\"https:\/\/president-ksgov.net\/#website\"},\"primaryImageOfPage\":{\"@id\":\"https:\/\/president-ksgov.net\/presidenti-thaci-dekoron-kryeministrin-e-republikes-se-shqiperise-me-medaljen-presidenciale\/#primaryimage\"},\"image\":{\"@id\":\"https:\/\/president-ksgov.net\/presidenti-thaci-dekoron-kryeministrin-e-republikes-se-shqiperise-me-medaljen-presidenciale\/#primaryimage\"},\"thumbnailUrl\":\"https:\/\/president-ksgov.net\/wp-content\/uploads\/16_02_2018_1485595_PPR_4169-scaled.jpg\",\"datePublished\":\"2018-02-16T18:50:33+00:00\",\"dateModified\":\"2023-03-07T09:32:50+00:00\",\"author\":{\"@id\":\"https:\/\/president-ksgov.net\/#\/schema\/person\/bb4337a5fb147cb2046d80548172cbee\"},\"description\":\"President Tha\u00e7i decorates the Prime Minister of the Republic of Albania with the Presidential Medal - President of the Republic of Kosovo - DR. VJOSA OSMANI - SADRIU -\",\"breadcrumb\":{\"@id\":\"https:\/\/president-ksgov.net\/presidenti-thaci-dekoron-kryeministrin-e-republikes-se-shqiperise-me-medaljen-presidenciale\/#breadcrumb\"},\"inLanguage\":\"en-US\",\"potentialAction\":[{\"@type\":\"ReadAction\",\"target\":[\"https:\/\/president-ksgov.net\/presidenti-thaci-dekoron-kryeministrin-e-republikes-se-shqiperise-me-medaljen-presidenciale\/\"]}]},{\"@type\":\"ImageObject\",\"inLanguage\":\"en-US\",\"@id\":\"https:\/\/president-ksgov.net\/presidenti-thaci-dekoron-kryeministrin-e-republikes-se-shqiperise-me-medaljen-presidenciale\/#primaryimage\",\"url\":\"https:\/\/president-ksgov.net\/wp-content\/uploads\/16_02_2018_1485595_PPR_4169-scaled.jpg\",\"contentUrl\":\"https:\/\/president-ksgov.net\/wp-content\/uploads\/16_02_2018_1485595_PPR_4169-scaled.jpg\",\"width\":2560,\"height\":1707},{\"@type\":\"BreadcrumbList\",\"@id\":\"https:\/\/president-ksgov.net\/presidenti-thaci-dekoron-kryeministrin-e-republikes-se-shqiperise-me-medaljen-presidenciale\/#breadcrumb\",\"itemListElement\":[{\"@type\":\"ListItem\",\"position\":1,\"name\":\"Home\",\"item\":\"https:\/\/president-ksgov.net\/en\/\"},{\"@type\":\"ListItem\",\"position\":2,\"name\":\"President Tha\u00e7i decorates the Prime Minister of the Republic of Albania with the Presidential Medal\"}]},{\"@type\":\"WebSite\",\"@id\":\"https:\/\/president-ksgov.net\/#website\",\"url\":\"https:\/\/president-ksgov.net\/\",\"name\":\"Presidente e Republik\u00ebs s\u00eb Kosov\u00ebs\",\"description\":\"Presidente e Republik\u00ebs s\u00eb Kosov\u00ebs\",\"alternateName\":\"DR. VJOSA OSMANI - SADRIU\",\"potentialAction\":[{\"@type\":\"SearchAction\",\"target\":{\"@type\":\"EntryPoint\",\"urlTemplate\":\"https:\/\/president-ksgov.net\/?s={search_term_string}\"},\"query-input\":{\"@type\":\"PropertyValueSpecification\",\"valueRequired\":true,\"valueName\":\"search_term_string\"}}],\"inLanguage\":\"en-US\"},{\"@type\":\"Person\",\"@id\":\"https:\/\/president-ksgov.net\/#\/schema\/person\/bb4337a5fb147cb2046d80548172cbee\",\"name\":\"admin\",\"image\":{\"@type\":\"ImageObject\",\"inLanguage\":\"en-US\",\"@id\":\"https:\/\/president-ksgov.net\/#\/schema\/person\/image\/\",\"url\":\"https:\/\/secure.gravatar.com\/avatar\/36156ca0fa3b8d9d25174f146e16beea0cf28f37adf1b9e19b6c9c279a7c9dd3?s=96&d=mm&r=g\",\"contentUrl\":\"https:\/\/secure.gravatar.com\/avatar\/36156ca0fa3b8d9d25174f146e16beea0cf28f37adf1b9e19b6c9c279a7c9dd3?s=96&d=mm&r=g\",\"caption\":\"admin\"},\"sameAs\":[\"https:\/\/president-ksgov.net\"]}]}<\/script>\n<!-- \/ Yoast SEO plugin. -->","yoast_head_json":{"title":"President Tha\u00e7i decorates the Prime Minister of the Republic of Albania with the Presidential Medal - President of the Republic of Kosovo - DR. VJOSA OSMANI - SADRIU","description":"President Tha\u00e7i decorates the Prime Minister of the Republic of Albania with the Presidential Medal - President of the Republic of Kosovo - DR. VJOSA OSMANI - SADRIU -","robots":{"index":"index","follow":"follow","max-snippet":"max-snippet:-1","max-image-preview":"max-image-preview:large","max-video-preview":"max-video-preview:-1"},"canonical":"https:\/\/president-ksgov.net\/presidenti-thaci-dekoron-kryeministrin-e-republikes-se-shqiperise-me-medaljen-presidenciale\/","og_locale":"en_US","og_type":"article","og_title":"President Tha\u00e7i decorates the Prime Minister of the Republic of Albania with the Presidential Medal - President of the Republic of Kosovo - DR. VJOSA OSMANI - SADRIU","og_description":"President Tha\u00e7i decorates the Prime Minister of the Republic of Albania with the Presidential Medal - President of the Republic of Kosovo - DR. VJOSA OSMANI - SADRIU -","og_url":"https:\/\/president-ksgov.net\/presidenti-thaci-dekoron-kryeministrin-e-republikes-se-shqiperise-me-medaljen-presidenciale\/","og_site_name":"President of the Republic of Kosovo - DR. VJOSA OSMANI - SADRIU","article_published_time":"2018-02-16T18:50:33+00:00","article_modified_time":"2023-03-07T09:32:50+00:00","og_image":[{"width":2560,"height":1707,"url":"https:\/\/president-ksgov.net\/wp-content\/uploads\/16_02_2018_1485595_PPR_4169-scaled.jpg","type":"image\/jpeg"}],"author":"admin","twitter_card":"summary_large_image","twitter_misc":{"Written by":"admin","Est. reading time":"1 minute"},"schema":{"@context":"https:\/\/schema.org","@graph":[{"@type":"WebPage","@id":"https:\/\/president-ksgov.net\/presidenti-thaci-dekoron-kryeministrin-e-republikes-se-shqiperise-me-medaljen-presidenciale\/","url":"https:\/\/president-ksgov.net\/presidenti-thaci-dekoron-kryeministrin-e-republikes-se-shqiperise-me-medaljen-presidenciale\/","name":"President Tha\u00e7i decorates the Prime Minister of the Republic of Albania with the Presidential Medal - President of the Republic of Kosovo - DR. VJOSA OSMANI - SADRIU","isPartOf":{"@id":"https:\/\/president-ksgov.net\/#website"},"primaryImageOfPage":{"@id":"https:\/\/president-ksgov.net\/presidenti-thaci-dekoron-kryeministrin-e-republikes-se-shqiperise-me-medaljen-presidenciale\/#primaryimage"},"image":{"@id":"https:\/\/president-ksgov.net\/presidenti-thaci-dekoron-kryeministrin-e-republikes-se-shqiperise-me-medaljen-presidenciale\/#primaryimage"},"thumbnailUrl":"https:\/\/president-ksgov.net\/wp-content\/uploads\/16_02_2018_1485595_PPR_4169-scaled.jpg","datePublished":"2018-02-16T18:50:33+00:00","dateModified":"2023-03-07T09:32:50+00:00","author":{"@id":"https:\/\/president-ksgov.net\/#\/schema\/person\/bb4337a5fb147cb2046d80548172cbee"},"description":"President Tha\u00e7i decorates the Prime Minister of the Republic of Albania with the Presidential Medal - President of the Republic of Kosovo - DR. VJOSA OSMANI - SADRIU -","breadcrumb":{"@id":"https:\/\/president-ksgov.net\/presidenti-thaci-dekoron-kryeministrin-e-republikes-se-shqiperise-me-medaljen-presidenciale\/#breadcrumb"},"inLanguage":"en-US","potentialAction":[{"@type":"ReadAction","target":["https:\/\/president-ksgov.net\/presidenti-thaci-dekoron-kryeministrin-e-republikes-se-shqiperise-me-medaljen-presidenciale\/"]}]},{"@type":"ImageObject","inLanguage":"en-US","@id":"https:\/\/president-ksgov.net\/presidenti-thaci-dekoron-kryeministrin-e-republikes-se-shqiperise-me-medaljen-presidenciale\/#primaryimage","url":"https:\/\/president-ksgov.net\/wp-content\/uploads\/16_02_2018_1485595_PPR_4169-scaled.jpg","contentUrl":"https:\/\/president-ksgov.net\/wp-content\/uploads\/16_02_2018_1485595_PPR_4169-scaled.jpg","width":2560,"height":1707},{"@type":"BreadcrumbList","@id":"https:\/\/president-ksgov.net\/presidenti-thaci-dekoron-kryeministrin-e-republikes-se-shqiperise-me-medaljen-presidenciale\/#breadcrumb","itemListElement":[{"@type":"ListItem","position":1,"name":"Home","item":"https:\/\/president-ksgov.net\/en\/"},{"@type":"ListItem","position":2,"name":"President Tha\u00e7i decorates the Prime Minister of the Republic of Albania with the Presidential Medal"}]},{"@type":"WebSite","@id":"https:\/\/president-ksgov.net\/#website","url":"https:\/\/president-ksgov.net\/","name":"Presidente e Republik\u00ebs s\u00eb Kosov\u00ebs","description":"Presidente e Republik\u00ebs s\u00eb Kosov\u00ebs","alternateName":"DR. VJOSA OSMANI - SADRIU","potentialAction":[{"@type":"SearchAction","target":{"@type":"EntryPoint","urlTemplate":"https:\/\/president-ksgov.net\/?s={search_term_string}"},"query-input":{"@type":"PropertyValueSpecification","valueRequired":true,"valueName":"search_term_string"}}],"inLanguage":"en-US"},{"@type":"Person","@id":"https:\/\/president-ksgov.net\/#\/schema\/person\/bb4337a5fb147cb2046d80548172cbee","name":"admin","image":{"@type":"ImageObject","inLanguage":"en-US","@id":"https:\/\/president-ksgov.net\/#\/schema\/person\/image\/","url":"https:\/\/secure.gravatar.com\/avatar\/36156ca0fa3b8d9d25174f146e16beea0cf28f37adf1b9e19b6c9c279a7c9dd3?s=96&d=mm&r=g","contentUrl":"https:\/\/secure.gravatar.com\/avatar\/36156ca0fa3b8d9d25174f146e16beea0cf28f37adf1b9e19b6c9c279a7c9dd3?s=96&d=mm&r=g","caption":"admin"},"sameAs":["https:\/\/president-ksgov.net"]}]}},"_links":{"self":[{"href":"https:\/\/president-ksgov.net\/en\/wp-json\/wp\/v2\/posts\/68339","targetHints":{"allow":["GET"]}}],"collection":[{"href":"https:\/\/president-ksgov.net\/en\/wp-json\/wp\/v2\/posts"}],"about":[{"href":"https:\/\/president-ksgov.net\/en\/wp-json\/wp\/v2\/types\/post"}],"author":[{"embeddable":true,"href":"https:\/\/president-ksgov.net\/en\/wp-json\/wp\/v2\/users\/1"}],"replies":[{"embeddable":true,"href":"https:\/\/president-ksgov.net\/en\/wp-json\/wp\/v2\/comments?post=68339"}],"version-history":[{"count":0,"href":"https:\/\/president-ksgov.net\/en\/wp-json\/wp\/v2\/posts\/68339\/revisions"}],"wp:featuredmedia":[{"embeddable":true,"href":"https:\/\/president-ksgov.net\/en\/wp-json\/wp\/v2\/media\/28090"}],"wp:attachment":[{"href":"https:\/\/president-ksgov.net\/en\/wp-json\/wp\/v2\/media?parent=68339"}],"wp:term":[{"taxonomy":"category","embeddable":true,"href":"https:\/\/president-ksgov.net\/en\/wp-json\/wp\/v2\/categories?post=68339"},{"taxonomy":"post_tag","embeddable":true,"href":"https:\/\/president-ksgov.net\/en\/wp-json\/wp\/v2\/tags?post=68339"}],"curies":[{"name":"wp","href":"https:\/\/api.w.org\/{rel}","templated":true}]}}