{"id":68304,"date":"2018-03-14T17:31:42","date_gmt":"2018-03-14T16:31:42","guid":{"rendered":"https:\/\/dev.president-ksgov.net\/president-thaci-decorates-former-french-prime-minister-alain-juppe-with-the-order-of-freedom-medal\/"},"modified":"2023-03-07T09:31:54","modified_gmt":"2023-03-07T09:31:54","slug":"president-thaci-decorates-former-french-prime-minister-alain-juppe-with-the-order-of-freedom-medal","status":"publish","type":"post","link":"https:\/\/president-ksgov.net\/en\/president-thaci-decorates-former-french-prime-minister-alain-juppe-with-the-order-of-freedom-medal\/","title":{"rendered":"President Tha\u00e7i decorates former French Prime Minister Alain Jupp\u00e9 with \u201cThe Order of Freedom\u201d medal"},"content":{"rendered":"<p>France, March 14, 2018 \u2013The President of the Republic of Kosovo, Hashim Tha\u00e7i, after the meeting with the President of France, Emmanuel Macron, also met with former French Prime Minister Alain Jupp\u00e9, whom he decorated with \u201cThe Order of Freedom\u201d medal.<\/p>\n<p>Alain Jupp\u00e9 during the years 1993-1995 was Minister of Foreign Affairs of France, during 1995-1997 he was Prime Minister of France and since 2011 had served again as Minister of Foreign Affairs and European Affairs.<\/p>\n<p>\u201cThis order is awarded on the jubilee year of the tenth anniversary of Kosovo\u2019s independence. France is among the first states to announce and recognize the independence of Kosovo. Therefore, Kosovo is forever grateful to the French state and people\u201d, said President Tha\u00e7i.<\/p>\n<p>President Tha\u00e7i assessed Former French Prime Minister Alain Jupp\u00e9 as a statesman with a rich public service career, influencing not only the French but also the other people in the world.<\/p>\n<p>\u201cYour attitudes reflect your principles, of which the main place is the one of freedom. For you this principle is without alternative and non-negotiable. You have testified this also when you have taken a position to stop the genocide in Rwanda to save people\u2019s lives. You have also lined up in favor of human rights in the time of great uncertainties about Kosovo, in the early 1990s, when in the capacity of the Foreign Minister you understood the essence of the righteous demands for the freedom of our citizens. Together with German Minister Klaus Kinkel, you raised the issue of Kosovo internationally, since the beginning of the Bosnian war. Furthermore, recently you didn\u2019t accept the comparison theory of Crimea with the case of Kosovo. You, as a politician of the word and a man of action, have strengthened even more the concept of freedom as a European right-wing. This is understandable because your homeland, France, is a promoter of the concept of universal freedom and equality\u201d, said President Tha\u00e7i about former Prime Minister Jupp\u00e9.<\/p>\n<p>The Head of State has said that the journey of former Prime Minister Jupp\u00e9 and that of France in the last three decades are so often encountered that there is no dimension that has not been touched by his decision-making, be it as an MP or Advisor to the Prime Minister, a delegated Minister of the Budget, Minister of the Environment, Minister of Defense, Foreign Minister, Republican Leader, Prime Minister and Presidential Candidate.<\/p>\n<p>On the other hand, former French Prime Minister Alain Jupp\u00e9, stated of being honored with \u201cThe Order of Freedom\u201d medal, awarded by President Tha\u00e7i.<\/p>\n<p>He stressed that he supports the current French government and its policy on the strengthening of the European Union and the membership of the Western Balkan states.<\/p>\n<p>\u201cThe membership in the European Union must be done with care and be sustainable\u201d, said former French Prime Minister Alain Jupp\u00e9.<\/p>\n<p>President Tha\u00e7i added that the alliances give solutions, but they are also selections and on behalf of the people of Kosovo he has thanked former French Prime Minister Alain Jupp\u00e9, who had chosen to give support to Kosovo in a clear and principled alignment in favor of freedom.<\/p>\n","protected":false},"excerpt":{"rendered":"<p>France, March 14, 2018 \u2013The President of the Republic of Kosovo, Hashim Tha\u00e7i, after the meeting with the President of France, Emmanuel Macron, also met with former French Prime Minister Alain Jupp\u00e9, whom he decorated with \u201cThe Order of Freedom\u201d medal.<\/p>\n","protected":false},"author":1,"featured_media":27806,"comment_status":"open","ping_status":"closed","sticky":false,"template":"","format":"standard","meta":{"_eb_attr":"","footnotes":""},"categories":[111,112],"tags":[],"class_list":["post-68304","post","type-post","status-publish","format-standard","has-post-thumbnail","hentry","category-news","category-vizitat-nderkombetare"],"yoast_head":"<!-- This site is optimized with the Yoast SEO plugin v23.5 - https:\/\/yoast.com\/wordpress\/plugins\/seo\/ -->\n<title>President Tha\u00e7i decorates former French Prime Minister Alain Jupp\u00e9 with \u201cThe Order of Freedom\u201d medal - President of the Republic of Kosovo - DR. VJOSA OSMANI - SADRIU<\/title>\n<meta name=\"description\" content=\"President Tha\u00e7i decorates former French Prime Minister Alain Jupp\u00e9 with \u201cThe Order of Freedom\u201d medal - President of the Republic of Kosovo - DR. VJOSA OSMANI - SADRIU -\" \/>\n<meta name=\"robots\" content=\"index, follow, max-snippet:-1, max-image-preview:large, max-video-preview:-1\" \/>\n<link rel=\"canonical\" href=\"https:\/\/president-ksgov.net\/en\/president-thaci-decorates-former-french-prime-minister-alain-juppe-with-the-order-of-freedom-medal\/\" \/>\n<meta property=\"og:locale\" content=\"en_US\" \/>\n<meta property=\"og:type\" content=\"article\" \/>\n<meta property=\"og:title\" content=\"President Tha\u00e7i decorates former French Prime Minister Alain Jupp\u00e9 with \u201cThe Order of Freedom\u201d medal - President of the Republic of Kosovo - DR. VJOSA OSMANI - SADRIU\" \/>\n<meta property=\"og:description\" content=\"President Tha\u00e7i decorates former French Prime Minister Alain Jupp\u00e9 with \u201cThe Order of Freedom\u201d medal - President of the Republic of Kosovo - DR. VJOSA OSMANI - SADRIU -\" \/>\n<meta property=\"og:url\" content=\"https:\/\/president-ksgov.net\/en\/president-thaci-decorates-former-french-prime-minister-alain-juppe-with-the-order-of-freedom-medal\/\" \/>\n<meta property=\"og:site_name\" content=\"President of the Republic of Kosovo - DR. VJOSA OSMANI - SADRIU\" \/>\n<meta property=\"article:published_time\" content=\"2018-03-14T16:31:42+00:00\" \/>\n<meta property=\"article:modified_time\" content=\"2023-03-07T09:31:54+00:00\" \/>\n<meta property=\"og:image\" content=\"https:\/\/president-ksgov.net\/wp-content\/uploads\/14_03_2018_7248416_Presidenti_Thaci_dekoron_ish_kryeministrin_francez_Alain_Jupp___me_medaljen____Urdhri_i_Lirise____1_jpg.jpg\" \/>\n\t<meta property=\"og:image:width\" content=\"2000\" \/>\n\t<meta property=\"og:image:height\" content=\"1333\" \/>\n\t<meta property=\"og:image:type\" content=\"image\/jpeg\" \/>\n<meta name=\"author\" content=\"admin\" \/>\n<meta name=\"twitter:card\" content=\"summary_large_image\" \/>\n<meta name=\"twitter:label1\" content=\"Written by\" \/>\n\t<meta name=\"twitter:data1\" content=\"admin\" \/>\n\t<meta name=\"twitter:label2\" content=\"Est. reading time\" \/>\n\t<meta name=\"twitter:data2\" content=\"3 minutes\" \/>\n<script type=\"application\/ld+json\" class=\"yoast-schema-graph\">{\"@context\":\"https:\/\/schema.org\",\"@graph\":[{\"@type\":\"WebPage\",\"@id\":\"https:\/\/president-ksgov.net\/en\/president-thaci-decorates-former-french-prime-minister-alain-juppe-with-the-order-of-freedom-medal\/\",\"url\":\"https:\/\/president-ksgov.net\/en\/president-thaci-decorates-former-french-prime-minister-alain-juppe-with-the-order-of-freedom-medal\/\",\"name\":\"President Tha\u00e7i decorates former French Prime Minister Alain Jupp\u00e9 with \u201cThe Order of Freedom\u201d medal - President of the Republic of Kosovo - DR. VJOSA OSMANI - SADRIU\",\"isPartOf\":{\"@id\":\"https:\/\/president-ksgov.net\/#website\"},\"primaryImageOfPage\":{\"@id\":\"https:\/\/president-ksgov.net\/en\/president-thaci-decorates-former-french-prime-minister-alain-juppe-with-the-order-of-freedom-medal\/#primaryimage\"},\"image\":{\"@id\":\"https:\/\/president-ksgov.net\/en\/president-thaci-decorates-former-french-prime-minister-alain-juppe-with-the-order-of-freedom-medal\/#primaryimage\"},\"thumbnailUrl\":\"https:\/\/president-ksgov.net\/wp-content\/uploads\/14_03_2018_7248416_Presidenti_Thaci_dekoron_ish_kryeministrin_francez_Alain_Jupp___me_medaljen____Urdhri_i_Lirise____1_jpg.jpg\",\"datePublished\":\"2018-03-14T16:31:42+00:00\",\"dateModified\":\"2023-03-07T09:31:54+00:00\",\"author\":{\"@id\":\"https:\/\/president-ksgov.net\/#\/schema\/person\/bb4337a5fb147cb2046d80548172cbee\"},\"description\":\"President Tha\u00e7i decorates former French Prime Minister Alain Jupp\u00e9 with \u201cThe Order of Freedom\u201d medal - President of the Republic of Kosovo - DR. VJOSA OSMANI - SADRIU -\",\"breadcrumb\":{\"@id\":\"https:\/\/president-ksgov.net\/en\/president-thaci-decorates-former-french-prime-minister-alain-juppe-with-the-order-of-freedom-medal\/#breadcrumb\"},\"inLanguage\":\"en-US\",\"potentialAction\":[{\"@type\":\"ReadAction\",\"target\":[\"https:\/\/president-ksgov.net\/en\/president-thaci-decorates-former-french-prime-minister-alain-juppe-with-the-order-of-freedom-medal\/\"]}]},{\"@type\":\"ImageObject\",\"inLanguage\":\"en-US\",\"@id\":\"https:\/\/president-ksgov.net\/en\/president-thaci-decorates-former-french-prime-minister-alain-juppe-with-the-order-of-freedom-medal\/#primaryimage\",\"url\":\"https:\/\/president-ksgov.net\/wp-content\/uploads\/14_03_2018_7248416_Presidenti_Thaci_dekoron_ish_kryeministrin_francez_Alain_Jupp___me_medaljen____Urdhri_i_Lirise____1_jpg.jpg\",\"contentUrl\":\"https:\/\/president-ksgov.net\/wp-content\/uploads\/14_03_2018_7248416_Presidenti_Thaci_dekoron_ish_kryeministrin_francez_Alain_Jupp___me_medaljen____Urdhri_i_Lirise____1_jpg.jpg\",\"width\":2000,\"height\":1333},{\"@type\":\"BreadcrumbList\",\"@id\":\"https:\/\/president-ksgov.net\/en\/president-thaci-decorates-former-french-prime-minister-alain-juppe-with-the-order-of-freedom-medal\/#breadcrumb\",\"itemListElement\":[{\"@type\":\"ListItem\",\"position\":1,\"name\":\"Home\",\"item\":\"https:\/\/president-ksgov.net\/en\/\"},{\"@type\":\"ListItem\",\"position\":2,\"name\":\"President Tha\u00e7i decorates former French Prime Minister Alain Jupp\u00e9 with \u201cThe Order of Freedom\u201d medal\"}]},{\"@type\":\"WebSite\",\"@id\":\"https:\/\/president-ksgov.net\/#website\",\"url\":\"https:\/\/president-ksgov.net\/\",\"name\":\"Presidente e Republik\u00ebs s\u00eb Kosov\u00ebs\",\"description\":\"Presidente e Republik\u00ebs s\u00eb Kosov\u00ebs\",\"alternateName\":\"DR. VJOSA OSMANI - SADRIU\",\"potentialAction\":[{\"@type\":\"SearchAction\",\"target\":{\"@type\":\"EntryPoint\",\"urlTemplate\":\"https:\/\/president-ksgov.net\/?s={search_term_string}\"},\"query-input\":{\"@type\":\"PropertyValueSpecification\",\"valueRequired\":true,\"valueName\":\"search_term_string\"}}],\"inLanguage\":\"en-US\"},{\"@type\":\"Person\",\"@id\":\"https:\/\/president-ksgov.net\/#\/schema\/person\/bb4337a5fb147cb2046d80548172cbee\",\"name\":\"admin\",\"image\":{\"@type\":\"ImageObject\",\"inLanguage\":\"en-US\",\"@id\":\"https:\/\/president-ksgov.net\/#\/schema\/person\/image\/\",\"url\":\"https:\/\/secure.gravatar.com\/avatar\/36156ca0fa3b8d9d25174f146e16beea0cf28f37adf1b9e19b6c9c279a7c9dd3?s=96&d=mm&r=g\",\"contentUrl\":\"https:\/\/secure.gravatar.com\/avatar\/36156ca0fa3b8d9d25174f146e16beea0cf28f37adf1b9e19b6c9c279a7c9dd3?s=96&d=mm&r=g\",\"caption\":\"admin\"},\"sameAs\":[\"https:\/\/president-ksgov.net\"]}]}<\/script>\n<!-- \/ Yoast SEO plugin. -->","yoast_head_json":{"title":"President Tha\u00e7i decorates former French Prime Minister Alain Jupp\u00e9 with \u201cThe Order of Freedom\u201d medal - President of the Republic of Kosovo - DR. VJOSA OSMANI - SADRIU","description":"President Tha\u00e7i decorates former French Prime Minister Alain Jupp\u00e9 with \u201cThe Order of Freedom\u201d medal - President of the Republic of Kosovo - DR. VJOSA OSMANI - SADRIU -","robots":{"index":"index","follow":"follow","max-snippet":"max-snippet:-1","max-image-preview":"max-image-preview:large","max-video-preview":"max-video-preview:-1"},"canonical":"https:\/\/president-ksgov.net\/en\/president-thaci-decorates-former-french-prime-minister-alain-juppe-with-the-order-of-freedom-medal\/","og_locale":"en_US","og_type":"article","og_title":"President Tha\u00e7i decorates former French Prime Minister Alain Jupp\u00e9 with \u201cThe Order of Freedom\u201d medal - President of the Republic of Kosovo - DR. VJOSA OSMANI - SADRIU","og_description":"President Tha\u00e7i decorates former French Prime Minister Alain Jupp\u00e9 with \u201cThe Order of Freedom\u201d medal - President of the Republic of Kosovo - DR. VJOSA OSMANI - SADRIU -","og_url":"https:\/\/president-ksgov.net\/en\/president-thaci-decorates-former-french-prime-minister-alain-juppe-with-the-order-of-freedom-medal\/","og_site_name":"President of the Republic of Kosovo - DR. VJOSA OSMANI - SADRIU","article_published_time":"2018-03-14T16:31:42+00:00","article_modified_time":"2023-03-07T09:31:54+00:00","og_image":[{"width":2000,"height":1333,"url":"https:\/\/president-ksgov.net\/wp-content\/uploads\/14_03_2018_7248416_Presidenti_Thaci_dekoron_ish_kryeministrin_francez_Alain_Jupp___me_medaljen____Urdhri_i_Lirise____1_jpg.jpg","type":"image\/jpeg"}],"author":"admin","twitter_card":"summary_large_image","twitter_misc":{"Written by":"admin","Est. reading time":"3 minutes"},"schema":{"@context":"https:\/\/schema.org","@graph":[{"@type":"WebPage","@id":"https:\/\/president-ksgov.net\/en\/president-thaci-decorates-former-french-prime-minister-alain-juppe-with-the-order-of-freedom-medal\/","url":"https:\/\/president-ksgov.net\/en\/president-thaci-decorates-former-french-prime-minister-alain-juppe-with-the-order-of-freedom-medal\/","name":"President Tha\u00e7i decorates former French Prime Minister Alain Jupp\u00e9 with \u201cThe Order of Freedom\u201d medal - President of the Republic of Kosovo - DR. VJOSA OSMANI - SADRIU","isPartOf":{"@id":"https:\/\/president-ksgov.net\/#website"},"primaryImageOfPage":{"@id":"https:\/\/president-ksgov.net\/en\/president-thaci-decorates-former-french-prime-minister-alain-juppe-with-the-order-of-freedom-medal\/#primaryimage"},"image":{"@id":"https:\/\/president-ksgov.net\/en\/president-thaci-decorates-former-french-prime-minister-alain-juppe-with-the-order-of-freedom-medal\/#primaryimage"},"thumbnailUrl":"https:\/\/president-ksgov.net\/wp-content\/uploads\/14_03_2018_7248416_Presidenti_Thaci_dekoron_ish_kryeministrin_francez_Alain_Jupp___me_medaljen____Urdhri_i_Lirise____1_jpg.jpg","datePublished":"2018-03-14T16:31:42+00:00","dateModified":"2023-03-07T09:31:54+00:00","author":{"@id":"https:\/\/president-ksgov.net\/#\/schema\/person\/bb4337a5fb147cb2046d80548172cbee"},"description":"President Tha\u00e7i decorates former French Prime Minister Alain Jupp\u00e9 with \u201cThe Order of Freedom\u201d medal - President of the Republic of Kosovo - DR. VJOSA OSMANI - SADRIU -","breadcrumb":{"@id":"https:\/\/president-ksgov.net\/en\/president-thaci-decorates-former-french-prime-minister-alain-juppe-with-the-order-of-freedom-medal\/#breadcrumb"},"inLanguage":"en-US","potentialAction":[{"@type":"ReadAction","target":["https:\/\/president-ksgov.net\/en\/president-thaci-decorates-former-french-prime-minister-alain-juppe-with-the-order-of-freedom-medal\/"]}]},{"@type":"ImageObject","inLanguage":"en-US","@id":"https:\/\/president-ksgov.net\/en\/president-thaci-decorates-former-french-prime-minister-alain-juppe-with-the-order-of-freedom-medal\/#primaryimage","url":"https:\/\/president-ksgov.net\/wp-content\/uploads\/14_03_2018_7248416_Presidenti_Thaci_dekoron_ish_kryeministrin_francez_Alain_Jupp___me_medaljen____Urdhri_i_Lirise____1_jpg.jpg","contentUrl":"https:\/\/president-ksgov.net\/wp-content\/uploads\/14_03_2018_7248416_Presidenti_Thaci_dekoron_ish_kryeministrin_francez_Alain_Jupp___me_medaljen____Urdhri_i_Lirise____1_jpg.jpg","width":2000,"height":1333},{"@type":"BreadcrumbList","@id":"https:\/\/president-ksgov.net\/en\/president-thaci-decorates-former-french-prime-minister-alain-juppe-with-the-order-of-freedom-medal\/#breadcrumb","itemListElement":[{"@type":"ListItem","position":1,"name":"Home","item":"https:\/\/president-ksgov.net\/en\/"},{"@type":"ListItem","position":2,"name":"President Tha\u00e7i decorates former French Prime Minister Alain Jupp\u00e9 with \u201cThe Order of Freedom\u201d medal"}]},{"@type":"WebSite","@id":"https:\/\/president-ksgov.net\/#website","url":"https:\/\/president-ksgov.net\/","name":"Presidente e Republik\u00ebs s\u00eb Kosov\u00ebs","description":"Presidente e Republik\u00ebs s\u00eb Kosov\u00ebs","alternateName":"DR. VJOSA OSMANI - SADRIU","potentialAction":[{"@type":"SearchAction","target":{"@type":"EntryPoint","urlTemplate":"https:\/\/president-ksgov.net\/?s={search_term_string}"},"query-input":{"@type":"PropertyValueSpecification","valueRequired":true,"valueName":"search_term_string"}}],"inLanguage":"en-US"},{"@type":"Person","@id":"https:\/\/president-ksgov.net\/#\/schema\/person\/bb4337a5fb147cb2046d80548172cbee","name":"admin","image":{"@type":"ImageObject","inLanguage":"en-US","@id":"https:\/\/president-ksgov.net\/#\/schema\/person\/image\/","url":"https:\/\/secure.gravatar.com\/avatar\/36156ca0fa3b8d9d25174f146e16beea0cf28f37adf1b9e19b6c9c279a7c9dd3?s=96&d=mm&r=g","contentUrl":"https:\/\/secure.gravatar.com\/avatar\/36156ca0fa3b8d9d25174f146e16beea0cf28f37adf1b9e19b6c9c279a7c9dd3?s=96&d=mm&r=g","caption":"admin"},"sameAs":["https:\/\/president-ksgov.net"]}]}},"_links":{"self":[{"href":"https:\/\/president-ksgov.net\/en\/wp-json\/wp\/v2\/posts\/68304","targetHints":{"allow":["GET"]}}],"collection":[{"href":"https:\/\/president-ksgov.net\/en\/wp-json\/wp\/v2\/posts"}],"about":[{"href":"https:\/\/president-ksgov.net\/en\/wp-json\/wp\/v2\/types\/post"}],"author":[{"embeddable":true,"href":"https:\/\/president-ksgov.net\/en\/wp-json\/wp\/v2\/users\/1"}],"replies":[{"embeddable":true,"href":"https:\/\/president-ksgov.net\/en\/wp-json\/wp\/v2\/comments?post=68304"}],"version-history":[{"count":0,"href":"https:\/\/president-ksgov.net\/en\/wp-json\/wp\/v2\/posts\/68304\/revisions"}],"wp:featuredmedia":[{"embeddable":true,"href":"https:\/\/president-ksgov.net\/en\/wp-json\/wp\/v2\/media\/27806"}],"wp:attachment":[{"href":"https:\/\/president-ksgov.net\/en\/wp-json\/wp\/v2\/media?parent=68304"}],"wp:term":[{"taxonomy":"category","embeddable":true,"href":"https:\/\/president-ksgov.net\/en\/wp-json\/wp\/v2\/categories?post=68304"},{"taxonomy":"post_tag","embeddable":true,"href":"https:\/\/president-ksgov.net\/en\/wp-json\/wp\/v2\/tags?post=68304"}],"curies":[{"name":"wp","href":"https:\/\/api.w.org\/{rel}","templated":true}]}}