{"id":68289,"date":"2018-04-05T13:07:54","date_gmt":"2018-04-05T13:07:54","guid":{"rendered":"https:\/\/dev.president-ksgov.net\/president-thaci-requests-political-unity-for-the-dialogue-with-serbia\/"},"modified":"2023-03-07T09:31:18","modified_gmt":"2023-03-07T09:31:18","slug":"president-thaci-requests-political-unity-for-the-dialogue-with-serbia","status":"publish","type":"post","link":"https:\/\/president-ksgov.net\/en\/president-thaci-requests-political-unity-for-the-dialogue-with-serbia\/","title":{"rendered":"President Tha\u00e7i requests political unity for the dialogue with Serbia"},"content":{"rendered":"<p>Prishtina, April 05, 2018 \u2013 The President of the Republic of Kosovo, Hashim Tha\u00e7i, participated at the conference \u201cScenarios for the \u2018Grand Finale\u2019 between Kosovo and Serbia\u201d, organized by the RIDEA Institute and supported by the Norwegian Embassy.<\/p>\n<p>At this conference, where most of the political leaders were present, President Tha\u00e7i has requested political unity for the dialogue with Serbia.<\/p>\n<p>This is President Tha\u00e7i\u2019s speech at the conference \u201cScenarios of the \u2018Grand Finale\u2019 between Kosovo and Serbia\u201d:<\/p>\n<p>Honourable participants,<\/p>\n<p>Let me first thank Labinot from the RIDEA Institute and Naim from the BPRG Institute, who gathered us today to address the main topic of this conference or the \u201cScenarios of the \u2018Grand Finale\u2019 between Kosovo and Serbia\u201d.<\/p>\n<p>This conference is a good opportunity to consider the key issue of Kosovo&#039;s long-term stabilization, the one of normalizing relations between Kosovo and Serbia as two independent states.<\/p>\n<p>As we know, twenty full years have passed since our war for liberation, nineteen years since the Peace Conference of Rambouillet, ten years since the declaration of the independence of Kosovo, seven years since the beginning of the Brussels talks, while the relations between Kosovo and Serbia are not yet politically concluded.<\/p>\n<p>In all international processes aimed at resolving the Kosovo issue, Kosovo\u2019s leadership has been ready for political agreement with Serbia.<\/p>\n<p>In the past, tens of years have been lost, without our fault and responsibility, many good opportunities have been lost, in the absence of the political will of Serbia\u2019s leadership, to end political and historical hostilities between Kosovo and Serbia, which are more than a century old.<\/p>\n<p>Even in the grave years of the war, even in the years of peace and the building of democracy in Kosovo, even in the years when we became a state, we were ready to make a great historic agreement with Serbia.<\/p>\n<p>This readiness has lacked in Serbia.<\/p>\n<p>However, we are here today together to talk much more about the present and the future of relations between Kosovo and Serbia, namely about what Labinot, Naim and their colleagues, with a sports terminology, have classified as the grand finale of the Brussels talks.<\/p>\n<p>I think that in Kosovo politics and society we still have a broad reconciliation that we must complete the unfinished tasks in our relations with Serbia and the legally binding agreement on the normalization of relations between the two states must be reached.<\/p>\n<p>The conclusion of the political dialogue with Serbia, with the legally binding agreement, is the national interest of Kosovo, which does not know the divisive governmental and opposition lines.<\/p>\n<p>In this process, we must be united to close this difficult and tragic historical chapter to pave the way for Kosovo to be an equal state with all other states in the UN, the EU, the NATO Pact, everywhere.<\/p>\n<p>We as a generation have come a long way.<\/p>\n<p>Kosovo has been liberated. Kosovo has become an independent state.<\/p>\n<p>But, the story of Kosovo of this generation, can not take that final form without enabling the state of Kosovo to be a member of the UN, the EU, the NATO Pact.<\/p>\n<p>Therefore, we owe the citizens of Kosovo to fulfill of goal.<\/p>\n<p>However, when talking about the incomplete dialogue between Kosovo and Serbia, it is also true that there is less and less patience for further talks in Brussels without a clear timetable for their finalization, without a clear goal of what kind of content the agreement between the two countries must have, without the clear international mechanisms that will guarantee the implementation of this agreement.<\/p>\n<p>The announcement of the \u2018EU Enlargement Strategy with the remaining six Western Balkan Countries\u2019 in early February, as well as many other processes that are known to all of us, have given more light to the perspective of the \u2018Grand Finale\u2019 of the Brussels dialogue between Kosovo and Serbia.<\/p>\n<p>On the other hand, in the recent weeks, as the President of Kosovo, I have had many meetings, not only in Prishtina, but also in many Western capitals, with politicians and diplomats of the main Western states, in order to provide Kosovo\u2019s vision for the final phase of the Brussels talks, but also to understand what the positions of the states that are partners of Kosovo in the liberation, independence and stabilization of Kosovo as a state are.<\/p>\n<p>I am convinced that the time has come for a grand political and historical agreement between Kosovo and Serbia.<\/p>\n<p>This also brings me to the very essence of this conference, of what the possible scenarios ahead are?<\/p>\n<p>As we all witnessed, there is no and there can be no \u2018Status Quo\u2019 or a kind of frozen situation in the relations between Kosovo and Serbia.<\/p>\n<p>Indeed, in the last two years, we have had a deterioration and not improvement in relations between Kosovo and Serbia, in the absence of the Brussels dialogue epilogue.<\/p>\n<p>Therefore, I consider that the first scenario does not suit Kosovo, nor our region.<\/p>\n<p>In terms of time and based on the terminology used in the \u2018EU Enlargement Strategy\u2019, we speak about an urgency to reach a legally binding agreement between Kosovo and Serbia.<\/p>\n<p>The urgency for us and for Brussels, let\u2019s hope for Belgrade as well, implies that this year is the time frame for the signing of this agreement.<\/p>\n<p>Regarding the content of the agreement itself, it already recognizes its own political and diplomatic \u2018code\u2019 under the title of a \u2018legally binding agreement\u2019.<\/p>\n<p>For us in Kosovo, this agreement has the burden of the mutual recognition between Kosovo and Serbia and the full normalization of relations between the two states.<\/p>\n<p>This agreement, then with its precise and clear terminology, should enable Kosovo to become a member state of the UN, the OSCE and all international organizations.<\/p>\n<p>The legally binding agreement between Kosovo and Serbia should also bring recognition from the five EU states, as well as an accelerated pace of Kosovo\u2019s membership in the EU and NATO.<\/p>\n<p>But the fundamental question raised in this case is whether Serbia will be ready for such an agreement, and if so, then what compromise will it demand from Kosovo?<\/p>\n<p>I have said several times that the correction of borders is an option which carries many dangers, which we all know, so I do not want to go into detail.<\/p>\n<p>We consider that Kosovo has made all the painful compromises so far through the Comprehensive Plan of President Ahtisaari.<\/p>\n<p>Finally, we believe that the EU and the USA together, should be guarantors, not only in achieving this great agreement, but also in its implementation, with very concrete timely deadlines and with international verification mechanisms on its implementation.<\/p>\n<p>We thus know what we want as Kosovo and we also know that it is no longer possible to postpone or delay the conclusion of talks with Serbia in Brussels.<\/p>\n<p>But if I\u2019m going to be quite frank with you, I\u2019m aware of all the political and security risks that are common to these serious processes in their finale.<\/p>\n<p>This will be a very difficult process. But there is no alternative.<\/p>\n<p>And the greatest possible risk, the greatest potential threat, is the failure of our obligation to fully normalize relations between Kosovo and Serbia.<\/p>\n<p>I said it even earlier and I repeat it once again at the end of my speech.<\/p>\n<p>The talks with Serbia, as they have brought together the Kosovo politics at the Rambouillet Conference and the Vienna Process, should also unite us in the Brussels final.<\/p>\n<p>This is the best solution for the Kosovo politics, because this political unity is indispensable on our part to provide all the necessary guarantees for the achievement and implementation of the legally binding agreement with Serbia.<\/p>\n","protected":false},"excerpt":{"rendered":"<p>Prishtina, April 05, 2018 \u2013 The President of the Republic of Kosovo, Hashim Tha\u00e7i, participated at the conference \u201cScenarios for the \u2018Grand Finale\u2019 between Kosovo and Serbia\u201d, organized by the RIDEA Institute and supported by the Norwegian Embassy.<\/p>\n","protected":false},"author":1,"featured_media":27719,"comment_status":"open","ping_status":"closed","sticky":false,"template":"","format":"standard","meta":{"_eb_attr":"","footnotes":""},"categories":[111],"tags":[],"class_list":["post-68289","post","type-post","status-publish","format-standard","has-post-thumbnail","hentry","category-news"],"yoast_head":"<!-- This site is optimized with the Yoast SEO plugin v23.5 - https:\/\/yoast.com\/wordpress\/plugins\/seo\/ -->\n<title>President Tha\u00e7i requests political unity for the dialogue with Serbia - President of the Republic of Kosovo - DR. VJOSA OSMANI - SADRIU<\/title>\n<meta name=\"description\" content=\"President Tha\u00e7i requests political unity for the dialogue with Serbia - President of the Republic of Kosovo - DR. VJOSA OSMANI - SADRIU -\" \/>\n<meta name=\"robots\" content=\"index, follow, max-snippet:-1, max-image-preview:large, max-video-preview:-1\" \/>\n<link rel=\"canonical\" href=\"https:\/\/president-ksgov.net\/en\/president-thaci-requests-political-unity-for-the-dialogue-with-serbia\/\" \/>\n<meta property=\"og:locale\" content=\"en_US\" \/>\n<meta property=\"og:type\" content=\"article\" \/>\n<meta property=\"og:title\" content=\"President Tha\u00e7i requests political unity for the dialogue with Serbia - President of the Republic of Kosovo - DR. VJOSA OSMANI - SADRIU\" \/>\n<meta property=\"og:description\" content=\"President Tha\u00e7i requests political unity for the dialogue with Serbia - President of the Republic of Kosovo - DR. VJOSA OSMANI - SADRIU -\" \/>\n<meta property=\"og:url\" content=\"https:\/\/president-ksgov.net\/en\/president-thaci-requests-political-unity-for-the-dialogue-with-serbia\/\" \/>\n<meta property=\"og:site_name\" content=\"President of the Republic of Kosovo - DR. VJOSA OSMANI - SADRIU\" \/>\n<meta property=\"article:published_time\" content=\"2018-04-05T13:07:54+00:00\" \/>\n<meta property=\"article:modified_time\" content=\"2023-03-07T09:31:18+00:00\" \/>\n<meta property=\"og:image\" content=\"https:\/\/president-ksgov.net\/wp-content\/uploads\/05_04_2018_449191_05_04_2018_Konferenca_1.jpg\" \/>\n\t<meta property=\"og:image:width\" content=\"2000\" \/>\n\t<meta property=\"og:image:height\" content=\"1070\" \/>\n\t<meta property=\"og:image:type\" content=\"image\/jpeg\" \/>\n<meta name=\"author\" content=\"admin\" \/>\n<meta name=\"twitter:card\" content=\"summary_large_image\" \/>\n<meta name=\"twitter:label1\" content=\"Written by\" \/>\n\t<meta name=\"twitter:data1\" content=\"admin\" \/>\n\t<meta name=\"twitter:label2\" content=\"Est. reading time\" \/>\n\t<meta name=\"twitter:data2\" content=\"6 minutes\" \/>\n<script type=\"application\/ld+json\" class=\"yoast-schema-graph\">{\"@context\":\"https:\/\/schema.org\",\"@graph\":[{\"@type\":\"WebPage\",\"@id\":\"https:\/\/president-ksgov.net\/en\/president-thaci-requests-political-unity-for-the-dialogue-with-serbia\/\",\"url\":\"https:\/\/president-ksgov.net\/en\/president-thaci-requests-political-unity-for-the-dialogue-with-serbia\/\",\"name\":\"President Tha\u00e7i requests political unity for the dialogue with Serbia - President of the Republic of Kosovo - DR. VJOSA OSMANI - SADRIU\",\"isPartOf\":{\"@id\":\"https:\/\/president-ksgov.net\/#website\"},\"primaryImageOfPage\":{\"@id\":\"https:\/\/president-ksgov.net\/en\/president-thaci-requests-political-unity-for-the-dialogue-with-serbia\/#primaryimage\"},\"image\":{\"@id\":\"https:\/\/president-ksgov.net\/en\/president-thaci-requests-political-unity-for-the-dialogue-with-serbia\/#primaryimage\"},\"thumbnailUrl\":\"https:\/\/president-ksgov.net\/wp-content\/uploads\/05_04_2018_449191_05_04_2018_Konferenca_1.jpg\",\"datePublished\":\"2018-04-05T13:07:54+00:00\",\"dateModified\":\"2023-03-07T09:31:18+00:00\",\"author\":{\"@id\":\"https:\/\/president-ksgov.net\/#\/schema\/person\/bb4337a5fb147cb2046d80548172cbee\"},\"description\":\"President Tha\u00e7i requests political unity for the dialogue with Serbia - President of the Republic of Kosovo - DR. VJOSA OSMANI - SADRIU -\",\"breadcrumb\":{\"@id\":\"https:\/\/president-ksgov.net\/en\/president-thaci-requests-political-unity-for-the-dialogue-with-serbia\/#breadcrumb\"},\"inLanguage\":\"en-US\",\"potentialAction\":[{\"@type\":\"ReadAction\",\"target\":[\"https:\/\/president-ksgov.net\/en\/president-thaci-requests-political-unity-for-the-dialogue-with-serbia\/\"]}]},{\"@type\":\"ImageObject\",\"inLanguage\":\"en-US\",\"@id\":\"https:\/\/president-ksgov.net\/en\/president-thaci-requests-political-unity-for-the-dialogue-with-serbia\/#primaryimage\",\"url\":\"https:\/\/president-ksgov.net\/wp-content\/uploads\/05_04_2018_449191_05_04_2018_Konferenca_1.jpg\",\"contentUrl\":\"https:\/\/president-ksgov.net\/wp-content\/uploads\/05_04_2018_449191_05_04_2018_Konferenca_1.jpg\",\"width\":2000,\"height\":1070},{\"@type\":\"BreadcrumbList\",\"@id\":\"https:\/\/president-ksgov.net\/en\/president-thaci-requests-political-unity-for-the-dialogue-with-serbia\/#breadcrumb\",\"itemListElement\":[{\"@type\":\"ListItem\",\"position\":1,\"name\":\"Home\",\"item\":\"https:\/\/president-ksgov.net\/en\/\"},{\"@type\":\"ListItem\",\"position\":2,\"name\":\"President Tha\u00e7i requests political unity for the dialogue with Serbia\"}]},{\"@type\":\"WebSite\",\"@id\":\"https:\/\/president-ksgov.net\/#website\",\"url\":\"https:\/\/president-ksgov.net\/\",\"name\":\"Presidente e Republik\u00ebs s\u00eb Kosov\u00ebs\",\"description\":\"Presidente e Republik\u00ebs s\u00eb Kosov\u00ebs\",\"alternateName\":\"DR. VJOSA OSMANI - SADRIU\",\"potentialAction\":[{\"@type\":\"SearchAction\",\"target\":{\"@type\":\"EntryPoint\",\"urlTemplate\":\"https:\/\/president-ksgov.net\/?s={search_term_string}\"},\"query-input\":{\"@type\":\"PropertyValueSpecification\",\"valueRequired\":true,\"valueName\":\"search_term_string\"}}],\"inLanguage\":\"en-US\"},{\"@type\":\"Person\",\"@id\":\"https:\/\/president-ksgov.net\/#\/schema\/person\/bb4337a5fb147cb2046d80548172cbee\",\"name\":\"admin\",\"image\":{\"@type\":\"ImageObject\",\"inLanguage\":\"en-US\",\"@id\":\"https:\/\/president-ksgov.net\/#\/schema\/person\/image\/\",\"url\":\"https:\/\/secure.gravatar.com\/avatar\/36156ca0fa3b8d9d25174f146e16beea0cf28f37adf1b9e19b6c9c279a7c9dd3?s=96&d=mm&r=g\",\"contentUrl\":\"https:\/\/secure.gravatar.com\/avatar\/36156ca0fa3b8d9d25174f146e16beea0cf28f37adf1b9e19b6c9c279a7c9dd3?s=96&d=mm&r=g\",\"caption\":\"admin\"},\"sameAs\":[\"https:\/\/president-ksgov.net\"]}]}<\/script>\n<!-- \/ Yoast SEO plugin. -->","yoast_head_json":{"title":"President Tha\u00e7i requests political unity for the dialogue with Serbia - President of the Republic of Kosovo - DR. VJOSA OSMANI - SADRIU","description":"President Tha\u00e7i requests political unity for the dialogue with Serbia - President of the Republic of Kosovo - DR. VJOSA OSMANI - SADRIU -","robots":{"index":"index","follow":"follow","max-snippet":"max-snippet:-1","max-image-preview":"max-image-preview:large","max-video-preview":"max-video-preview:-1"},"canonical":"https:\/\/president-ksgov.net\/en\/president-thaci-requests-political-unity-for-the-dialogue-with-serbia\/","og_locale":"en_US","og_type":"article","og_title":"President Tha\u00e7i requests political unity for the dialogue with Serbia - President of the Republic of Kosovo - DR. VJOSA OSMANI - SADRIU","og_description":"President Tha\u00e7i requests political unity for the dialogue with Serbia - President of the Republic of Kosovo - DR. VJOSA OSMANI - SADRIU -","og_url":"https:\/\/president-ksgov.net\/en\/president-thaci-requests-political-unity-for-the-dialogue-with-serbia\/","og_site_name":"President of the Republic of Kosovo - DR. VJOSA OSMANI - SADRIU","article_published_time":"2018-04-05T13:07:54+00:00","article_modified_time":"2023-03-07T09:31:18+00:00","og_image":[{"width":2000,"height":1070,"url":"https:\/\/president-ksgov.net\/wp-content\/uploads\/05_04_2018_449191_05_04_2018_Konferenca_1.jpg","type":"image\/jpeg"}],"author":"admin","twitter_card":"summary_large_image","twitter_misc":{"Written by":"admin","Est. reading time":"6 minutes"},"schema":{"@context":"https:\/\/schema.org","@graph":[{"@type":"WebPage","@id":"https:\/\/president-ksgov.net\/en\/president-thaci-requests-political-unity-for-the-dialogue-with-serbia\/","url":"https:\/\/president-ksgov.net\/en\/president-thaci-requests-political-unity-for-the-dialogue-with-serbia\/","name":"President Tha\u00e7i requests political unity for the dialogue with Serbia - President of the Republic of Kosovo - DR. VJOSA OSMANI - SADRIU","isPartOf":{"@id":"https:\/\/president-ksgov.net\/#website"},"primaryImageOfPage":{"@id":"https:\/\/president-ksgov.net\/en\/president-thaci-requests-political-unity-for-the-dialogue-with-serbia\/#primaryimage"},"image":{"@id":"https:\/\/president-ksgov.net\/en\/president-thaci-requests-political-unity-for-the-dialogue-with-serbia\/#primaryimage"},"thumbnailUrl":"https:\/\/president-ksgov.net\/wp-content\/uploads\/05_04_2018_449191_05_04_2018_Konferenca_1.jpg","datePublished":"2018-04-05T13:07:54+00:00","dateModified":"2023-03-07T09:31:18+00:00","author":{"@id":"https:\/\/president-ksgov.net\/#\/schema\/person\/bb4337a5fb147cb2046d80548172cbee"},"description":"President Tha\u00e7i requests political unity for the dialogue with Serbia - President of the Republic of Kosovo - DR. VJOSA OSMANI - SADRIU -","breadcrumb":{"@id":"https:\/\/president-ksgov.net\/en\/president-thaci-requests-political-unity-for-the-dialogue-with-serbia\/#breadcrumb"},"inLanguage":"en-US","potentialAction":[{"@type":"ReadAction","target":["https:\/\/president-ksgov.net\/en\/president-thaci-requests-political-unity-for-the-dialogue-with-serbia\/"]}]},{"@type":"ImageObject","inLanguage":"en-US","@id":"https:\/\/president-ksgov.net\/en\/president-thaci-requests-political-unity-for-the-dialogue-with-serbia\/#primaryimage","url":"https:\/\/president-ksgov.net\/wp-content\/uploads\/05_04_2018_449191_05_04_2018_Konferenca_1.jpg","contentUrl":"https:\/\/president-ksgov.net\/wp-content\/uploads\/05_04_2018_449191_05_04_2018_Konferenca_1.jpg","width":2000,"height":1070},{"@type":"BreadcrumbList","@id":"https:\/\/president-ksgov.net\/en\/president-thaci-requests-political-unity-for-the-dialogue-with-serbia\/#breadcrumb","itemListElement":[{"@type":"ListItem","position":1,"name":"Home","item":"https:\/\/president-ksgov.net\/en\/"},{"@type":"ListItem","position":2,"name":"President Tha\u00e7i requests political unity for the dialogue with Serbia"}]},{"@type":"WebSite","@id":"https:\/\/president-ksgov.net\/#website","url":"https:\/\/president-ksgov.net\/","name":"Presidente e Republik\u00ebs s\u00eb Kosov\u00ebs","description":"Presidente e Republik\u00ebs s\u00eb Kosov\u00ebs","alternateName":"DR. VJOSA OSMANI - SADRIU","potentialAction":[{"@type":"SearchAction","target":{"@type":"EntryPoint","urlTemplate":"https:\/\/president-ksgov.net\/?s={search_term_string}"},"query-input":{"@type":"PropertyValueSpecification","valueRequired":true,"valueName":"search_term_string"}}],"inLanguage":"en-US"},{"@type":"Person","@id":"https:\/\/president-ksgov.net\/#\/schema\/person\/bb4337a5fb147cb2046d80548172cbee","name":"admin","image":{"@type":"ImageObject","inLanguage":"en-US","@id":"https:\/\/president-ksgov.net\/#\/schema\/person\/image\/","url":"https:\/\/secure.gravatar.com\/avatar\/36156ca0fa3b8d9d25174f146e16beea0cf28f37adf1b9e19b6c9c279a7c9dd3?s=96&d=mm&r=g","contentUrl":"https:\/\/secure.gravatar.com\/avatar\/36156ca0fa3b8d9d25174f146e16beea0cf28f37adf1b9e19b6c9c279a7c9dd3?s=96&d=mm&r=g","caption":"admin"},"sameAs":["https:\/\/president-ksgov.net"]}]}},"_links":{"self":[{"href":"https:\/\/president-ksgov.net\/en\/wp-json\/wp\/v2\/posts\/68289","targetHints":{"allow":["GET"]}}],"collection":[{"href":"https:\/\/president-ksgov.net\/en\/wp-json\/wp\/v2\/posts"}],"about":[{"href":"https:\/\/president-ksgov.net\/en\/wp-json\/wp\/v2\/types\/post"}],"author":[{"embeddable":true,"href":"https:\/\/president-ksgov.net\/en\/wp-json\/wp\/v2\/users\/1"}],"replies":[{"embeddable":true,"href":"https:\/\/president-ksgov.net\/en\/wp-json\/wp\/v2\/comments?post=68289"}],"version-history":[{"count":0,"href":"https:\/\/president-ksgov.net\/en\/wp-json\/wp\/v2\/posts\/68289\/revisions"}],"wp:featuredmedia":[{"embeddable":true,"href":"https:\/\/president-ksgov.net\/en\/wp-json\/wp\/v2\/media\/27719"}],"wp:attachment":[{"href":"https:\/\/president-ksgov.net\/en\/wp-json\/wp\/v2\/media?parent=68289"}],"wp:term":[{"taxonomy":"category","embeddable":true,"href":"https:\/\/president-ksgov.net\/en\/wp-json\/wp\/v2\/categories?post=68289"},{"taxonomy":"post_tag","embeddable":true,"href":"https:\/\/president-ksgov.net\/en\/wp-json\/wp\/v2\/tags?post=68289"}],"curies":[{"name":"wp","href":"https:\/\/api.w.org\/{rel}","templated":true}]}}