{"id":68286,"date":"2018-04-06T11:18:23","date_gmt":"2018-04-06T11:18:23","guid":{"rendered":"https:\/\/dev.president-ksgov.net\/president-thaci-congratulated-the-roma-community-for-the-international-day-of-roma-community\/"},"modified":"2023-03-07T09:31:18","modified_gmt":"2023-03-07T09:31:18","slug":"president-thaci-congratulated-the-roma-community-for-the-international-day-of-roma-community","status":"publish","type":"post","link":"https:\/\/president-ksgov.net\/en\/president-thaci-congratulated-the-roma-community-for-the-international-day-of-roma-community\/","title":{"rendered":"President Tha\u00e7i congratulated the Roma community for the International Day of Roma Community"},"content":{"rendered":"<p>Prishtina, 6 April 2018 \u2013 The President of Kosovo, Hashim Tha\u00e7i, hosted today a delegation of the Roma community, led by the Head of the Roma Party, Albert Kinolli.<\/p>\n<p>While congratulating them on the International Day of Roma Community, President Tha\u00e7i stated that despite the increased support and modern and affirmative legislation for communities in Kosovo, the Roma community are still face difficult living conditions.<\/p>\n<p>\u201cThe situation has improved, but there is still a lot of work to do, to jointly improve the well-being of the citizens of all communities, but with special emphasis of the Roma community\u201d, stated President Tha\u00e7i.<\/p>\n<p>While, the Head of the Roma Party, Albert Kinolli, expressed his satisfaction with the involvement of the Roma community in state institutions, he emphasised that the citizens of this community need greater support.<\/p>\n<p>\u201cEven on the festive days of the Roma community and of our culture, we will try to raise awareness on the problems that our community faces\u201d, said Kinolli.<\/p>\n<p>President Tha\u00e7i added that it is more than necessary to involve the Roma community in all social domains so that everyone feels equal in our society.<br \/>\n\u00a0<\/p>\n","protected":false},"excerpt":{"rendered":"<p>Prishtina, 6 April 2018 \u2013 The President of Kosovo, Hashim Tha\u00e7i, hosted today a delegation of the Roma community, led by the Head of the Roma Party, Albert Kinolli.<\/p>\n","protected":false},"author":1,"featured_media":27704,"comment_status":"open","ping_status":"closed","sticky":false,"template":"","format":"standard","meta":{"_eb_attr":"","footnotes":""},"categories":[111],"tags":[],"class_list":["post-68286","post","type-post","status-publish","format-standard","has-post-thumbnail","hentry","category-news"],"yoast_head":"<!-- This site is optimized with the Yoast SEO plugin v23.5 - https:\/\/yoast.com\/wordpress\/plugins\/seo\/ -->\n<title>President Tha\u00e7i congratulated the Roma community for the International Day of Roma Community - President of the Republic of Kosovo - DR. VJOSA OSMANI - SADRIU<\/title>\n<meta name=\"description\" content=\"President Tha\u00e7i congratulated the Roma community for the International Day of Roma Community - President of the Republic of Kosovo - DR. VJOSA OSMANI - SADRIU -\" \/>\n<meta name=\"robots\" content=\"index, follow, max-snippet:-1, max-image-preview:large, max-video-preview:-1\" \/>\n<link rel=\"canonical\" href=\"https:\/\/president-ksgov.net\/en\/president-thaci-congratulated-the-roma-community-for-the-international-day-of-roma-community\/\" \/>\n<meta property=\"og:locale\" content=\"en_US\" \/>\n<meta property=\"og:type\" content=\"article\" \/>\n<meta property=\"og:title\" content=\"President Tha\u00e7i congratulated the Roma community for the International Day of Roma Community - President of the Republic of Kosovo - DR. VJOSA OSMANI - SADRIU\" \/>\n<meta property=\"og:description\" content=\"President Tha\u00e7i congratulated the Roma community for the International Day of Roma Community - President of the Republic of Kosovo - DR. VJOSA OSMANI - SADRIU -\" \/>\n<meta property=\"og:url\" content=\"https:\/\/president-ksgov.net\/en\/president-thaci-congratulated-the-roma-community-for-the-international-day-of-roma-community\/\" \/>\n<meta property=\"og:site_name\" content=\"President of the Republic of Kosovo - DR. VJOSA OSMANI - SADRIU\" \/>\n<meta property=\"article:published_time\" content=\"2018-04-06T11:18:23+00:00\" \/>\n<meta property=\"article:modified_time\" content=\"2023-03-07T09:31:18+00:00\" \/>\n<meta property=\"og:image\" content=\"https:\/\/president-ksgov.net\/wp-content\/uploads\/06_04_2018_7600132_06_04_2018_Takimi_1_jpg.jpg\" \/>\n\t<meta property=\"og:image:width\" content=\"2000\" \/>\n\t<meta property=\"og:image:height\" content=\"1333\" \/>\n\t<meta property=\"og:image:type\" content=\"image\/jpeg\" \/>\n<meta name=\"author\" content=\"admin\" \/>\n<meta name=\"twitter:card\" content=\"summary_large_image\" \/>\n<meta name=\"twitter:label1\" content=\"Written by\" \/>\n\t<meta name=\"twitter:data1\" content=\"admin\" \/>\n\t<meta name=\"twitter:label2\" content=\"Est. reading time\" \/>\n\t<meta name=\"twitter:data2\" content=\"1 minute\" \/>\n<script type=\"application\/ld+json\" class=\"yoast-schema-graph\">{\"@context\":\"https:\/\/schema.org\",\"@graph\":[{\"@type\":\"WebPage\",\"@id\":\"https:\/\/president-ksgov.net\/en\/president-thaci-congratulated-the-roma-community-for-the-international-day-of-roma-community\/\",\"url\":\"https:\/\/president-ksgov.net\/en\/president-thaci-congratulated-the-roma-community-for-the-international-day-of-roma-community\/\",\"name\":\"President Tha\u00e7i congratulated the Roma community for the International Day of Roma Community - President of the Republic of Kosovo - DR. VJOSA OSMANI - SADRIU\",\"isPartOf\":{\"@id\":\"https:\/\/president-ksgov.net\/#website\"},\"primaryImageOfPage\":{\"@id\":\"https:\/\/president-ksgov.net\/en\/president-thaci-congratulated-the-roma-community-for-the-international-day-of-roma-community\/#primaryimage\"},\"image\":{\"@id\":\"https:\/\/president-ksgov.net\/en\/president-thaci-congratulated-the-roma-community-for-the-international-day-of-roma-community\/#primaryimage\"},\"thumbnailUrl\":\"https:\/\/president-ksgov.net\/wp-content\/uploads\/06_04_2018_7600132_06_04_2018_Takimi_1_jpg.jpg\",\"datePublished\":\"2018-04-06T11:18:23+00:00\",\"dateModified\":\"2023-03-07T09:31:18+00:00\",\"author\":{\"@id\":\"https:\/\/president-ksgov.net\/#\/schema\/person\/bb4337a5fb147cb2046d80548172cbee\"},\"description\":\"President Tha\u00e7i congratulated the Roma community for the International Day of Roma Community - President of the Republic of Kosovo - DR. VJOSA OSMANI - SADRIU -\",\"breadcrumb\":{\"@id\":\"https:\/\/president-ksgov.net\/en\/president-thaci-congratulated-the-roma-community-for-the-international-day-of-roma-community\/#breadcrumb\"},\"inLanguage\":\"en-US\",\"potentialAction\":[{\"@type\":\"ReadAction\",\"target\":[\"https:\/\/president-ksgov.net\/en\/president-thaci-congratulated-the-roma-community-for-the-international-day-of-roma-community\/\"]}]},{\"@type\":\"ImageObject\",\"inLanguage\":\"en-US\",\"@id\":\"https:\/\/president-ksgov.net\/en\/president-thaci-congratulated-the-roma-community-for-the-international-day-of-roma-community\/#primaryimage\",\"url\":\"https:\/\/president-ksgov.net\/wp-content\/uploads\/06_04_2018_7600132_06_04_2018_Takimi_1_jpg.jpg\",\"contentUrl\":\"https:\/\/president-ksgov.net\/wp-content\/uploads\/06_04_2018_7600132_06_04_2018_Takimi_1_jpg.jpg\",\"width\":2000,\"height\":1333},{\"@type\":\"BreadcrumbList\",\"@id\":\"https:\/\/president-ksgov.net\/en\/president-thaci-congratulated-the-roma-community-for-the-international-day-of-roma-community\/#breadcrumb\",\"itemListElement\":[{\"@type\":\"ListItem\",\"position\":1,\"name\":\"Home\",\"item\":\"https:\/\/president-ksgov.net\/en\/\"},{\"@type\":\"ListItem\",\"position\":2,\"name\":\"President Tha\u00e7i congratulated the Roma community for the International Day of Roma Community\"}]},{\"@type\":\"WebSite\",\"@id\":\"https:\/\/president-ksgov.net\/#website\",\"url\":\"https:\/\/president-ksgov.net\/\",\"name\":\"Presidente e Republik\u00ebs s\u00eb Kosov\u00ebs\",\"description\":\"Presidente e Republik\u00ebs s\u00eb Kosov\u00ebs\",\"alternateName\":\"DR. VJOSA OSMANI - SADRIU\",\"potentialAction\":[{\"@type\":\"SearchAction\",\"target\":{\"@type\":\"EntryPoint\",\"urlTemplate\":\"https:\/\/president-ksgov.net\/?s={search_term_string}\"},\"query-input\":{\"@type\":\"PropertyValueSpecification\",\"valueRequired\":true,\"valueName\":\"search_term_string\"}}],\"inLanguage\":\"en-US\"},{\"@type\":\"Person\",\"@id\":\"https:\/\/president-ksgov.net\/#\/schema\/person\/bb4337a5fb147cb2046d80548172cbee\",\"name\":\"admin\",\"image\":{\"@type\":\"ImageObject\",\"inLanguage\":\"en-US\",\"@id\":\"https:\/\/president-ksgov.net\/#\/schema\/person\/image\/\",\"url\":\"https:\/\/secure.gravatar.com\/avatar\/36156ca0fa3b8d9d25174f146e16beea0cf28f37adf1b9e19b6c9c279a7c9dd3?s=96&d=mm&r=g\",\"contentUrl\":\"https:\/\/secure.gravatar.com\/avatar\/36156ca0fa3b8d9d25174f146e16beea0cf28f37adf1b9e19b6c9c279a7c9dd3?s=96&d=mm&r=g\",\"caption\":\"admin\"},\"sameAs\":[\"https:\/\/president-ksgov.net\"]}]}<\/script>\n<!-- \/ Yoast SEO plugin. -->","yoast_head_json":{"title":"President Tha\u00e7i congratulated the Roma community for the International Day of Roma Community - President of the Republic of Kosovo - DR. VJOSA OSMANI - SADRIU","description":"President Tha\u00e7i congratulated the Roma community for the International Day of Roma Community - President of the Republic of Kosovo - DR. VJOSA OSMANI - SADRIU -","robots":{"index":"index","follow":"follow","max-snippet":"max-snippet:-1","max-image-preview":"max-image-preview:large","max-video-preview":"max-video-preview:-1"},"canonical":"https:\/\/president-ksgov.net\/en\/president-thaci-congratulated-the-roma-community-for-the-international-day-of-roma-community\/","og_locale":"en_US","og_type":"article","og_title":"President Tha\u00e7i congratulated the Roma community for the International Day of Roma Community - President of the Republic of Kosovo - DR. VJOSA OSMANI - SADRIU","og_description":"President Tha\u00e7i congratulated the Roma community for the International Day of Roma Community - President of the Republic of Kosovo - DR. VJOSA OSMANI - SADRIU -","og_url":"https:\/\/president-ksgov.net\/en\/president-thaci-congratulated-the-roma-community-for-the-international-day-of-roma-community\/","og_site_name":"President of the Republic of Kosovo - DR. VJOSA OSMANI - SADRIU","article_published_time":"2018-04-06T11:18:23+00:00","article_modified_time":"2023-03-07T09:31:18+00:00","og_image":[{"width":2000,"height":1333,"url":"https:\/\/president-ksgov.net\/wp-content\/uploads\/06_04_2018_7600132_06_04_2018_Takimi_1_jpg.jpg","type":"image\/jpeg"}],"author":"admin","twitter_card":"summary_large_image","twitter_misc":{"Written by":"admin","Est. reading time":"1 minute"},"schema":{"@context":"https:\/\/schema.org","@graph":[{"@type":"WebPage","@id":"https:\/\/president-ksgov.net\/en\/president-thaci-congratulated-the-roma-community-for-the-international-day-of-roma-community\/","url":"https:\/\/president-ksgov.net\/en\/president-thaci-congratulated-the-roma-community-for-the-international-day-of-roma-community\/","name":"President Tha\u00e7i congratulated the Roma community for the International Day of Roma Community - President of the Republic of Kosovo - DR. VJOSA OSMANI - SADRIU","isPartOf":{"@id":"https:\/\/president-ksgov.net\/#website"},"primaryImageOfPage":{"@id":"https:\/\/president-ksgov.net\/en\/president-thaci-congratulated-the-roma-community-for-the-international-day-of-roma-community\/#primaryimage"},"image":{"@id":"https:\/\/president-ksgov.net\/en\/president-thaci-congratulated-the-roma-community-for-the-international-day-of-roma-community\/#primaryimage"},"thumbnailUrl":"https:\/\/president-ksgov.net\/wp-content\/uploads\/06_04_2018_7600132_06_04_2018_Takimi_1_jpg.jpg","datePublished":"2018-04-06T11:18:23+00:00","dateModified":"2023-03-07T09:31:18+00:00","author":{"@id":"https:\/\/president-ksgov.net\/#\/schema\/person\/bb4337a5fb147cb2046d80548172cbee"},"description":"President Tha\u00e7i congratulated the Roma community for the International Day of Roma Community - President of the Republic of Kosovo - DR. VJOSA OSMANI - SADRIU -","breadcrumb":{"@id":"https:\/\/president-ksgov.net\/en\/president-thaci-congratulated-the-roma-community-for-the-international-day-of-roma-community\/#breadcrumb"},"inLanguage":"en-US","potentialAction":[{"@type":"ReadAction","target":["https:\/\/president-ksgov.net\/en\/president-thaci-congratulated-the-roma-community-for-the-international-day-of-roma-community\/"]}]},{"@type":"ImageObject","inLanguage":"en-US","@id":"https:\/\/president-ksgov.net\/en\/president-thaci-congratulated-the-roma-community-for-the-international-day-of-roma-community\/#primaryimage","url":"https:\/\/president-ksgov.net\/wp-content\/uploads\/06_04_2018_7600132_06_04_2018_Takimi_1_jpg.jpg","contentUrl":"https:\/\/president-ksgov.net\/wp-content\/uploads\/06_04_2018_7600132_06_04_2018_Takimi_1_jpg.jpg","width":2000,"height":1333},{"@type":"BreadcrumbList","@id":"https:\/\/president-ksgov.net\/en\/president-thaci-congratulated-the-roma-community-for-the-international-day-of-roma-community\/#breadcrumb","itemListElement":[{"@type":"ListItem","position":1,"name":"Home","item":"https:\/\/president-ksgov.net\/en\/"},{"@type":"ListItem","position":2,"name":"President Tha\u00e7i congratulated the Roma community for the International Day of Roma Community"}]},{"@type":"WebSite","@id":"https:\/\/president-ksgov.net\/#website","url":"https:\/\/president-ksgov.net\/","name":"Presidente e Republik\u00ebs s\u00eb Kosov\u00ebs","description":"Presidente e Republik\u00ebs s\u00eb Kosov\u00ebs","alternateName":"DR. VJOSA OSMANI - SADRIU","potentialAction":[{"@type":"SearchAction","target":{"@type":"EntryPoint","urlTemplate":"https:\/\/president-ksgov.net\/?s={search_term_string}"},"query-input":{"@type":"PropertyValueSpecification","valueRequired":true,"valueName":"search_term_string"}}],"inLanguage":"en-US"},{"@type":"Person","@id":"https:\/\/president-ksgov.net\/#\/schema\/person\/bb4337a5fb147cb2046d80548172cbee","name":"admin","image":{"@type":"ImageObject","inLanguage":"en-US","@id":"https:\/\/president-ksgov.net\/#\/schema\/person\/image\/","url":"https:\/\/secure.gravatar.com\/avatar\/36156ca0fa3b8d9d25174f146e16beea0cf28f37adf1b9e19b6c9c279a7c9dd3?s=96&d=mm&r=g","contentUrl":"https:\/\/secure.gravatar.com\/avatar\/36156ca0fa3b8d9d25174f146e16beea0cf28f37adf1b9e19b6c9c279a7c9dd3?s=96&d=mm&r=g","caption":"admin"},"sameAs":["https:\/\/president-ksgov.net"]}]}},"_links":{"self":[{"href":"https:\/\/president-ksgov.net\/en\/wp-json\/wp\/v2\/posts\/68286","targetHints":{"allow":["GET"]}}],"collection":[{"href":"https:\/\/president-ksgov.net\/en\/wp-json\/wp\/v2\/posts"}],"about":[{"href":"https:\/\/president-ksgov.net\/en\/wp-json\/wp\/v2\/types\/post"}],"author":[{"embeddable":true,"href":"https:\/\/president-ksgov.net\/en\/wp-json\/wp\/v2\/users\/1"}],"replies":[{"embeddable":true,"href":"https:\/\/president-ksgov.net\/en\/wp-json\/wp\/v2\/comments?post=68286"}],"version-history":[{"count":0,"href":"https:\/\/president-ksgov.net\/en\/wp-json\/wp\/v2\/posts\/68286\/revisions"}],"wp:featuredmedia":[{"embeddable":true,"href":"https:\/\/president-ksgov.net\/en\/wp-json\/wp\/v2\/media\/27704"}],"wp:attachment":[{"href":"https:\/\/president-ksgov.net\/en\/wp-json\/wp\/v2\/media?parent=68286"}],"wp:term":[{"taxonomy":"category","embeddable":true,"href":"https:\/\/president-ksgov.net\/en\/wp-json\/wp\/v2\/categories?post=68286"},{"taxonomy":"post_tag","embeddable":true,"href":"https:\/\/president-ksgov.net\/en\/wp-json\/wp\/v2\/tags?post=68286"}],"curies":[{"name":"wp","href":"https:\/\/api.w.org\/{rel}","templated":true}]}}