{"id":68279,"date":"2018-04-16T12:56:03","date_gmt":"2018-04-16T12:56:03","guid":{"rendered":"https:\/\/dev.president-ksgov.net\/president-thaci-the-european-union-will-be-complete-only-when-the-western-balkans-is-part-of-it\/"},"modified":"2023-03-07T09:31:18","modified_gmt":"2023-03-07T09:31:18","slug":"president-thaci-the-european-union-will-be-complete-only-when-the-western-balkans-is-part-of-it","status":"publish","type":"post","link":"https:\/\/president-ksgov.net\/en\/president-thaci-the-european-union-will-be-complete-only-when-the-western-balkans-is-part-of-it\/","title":{"rendered":"President Tha\u00e7i: The European Union will be complete only when the Western Balkans is part of it"},"content":{"rendered":"<p>Prishtina, April 16, 2018 \u2013 The President of the Republic of Kosovo, Hashim Tha\u00e7i, received today the Prime Minister of the Republic of Bulgaria, Boyko Borissov, with whom he discussed about the deepening of relations between the two states and about the European perspective of Kosovo and the countries of Southeastern Europe.<\/p>\n<p>President Tha\u00e7i has said that the presence of Prime Minister Borissov in Kosovo is a double honour for us because, apart from the fact that he represents the friend state of Bulgaria, at the same time he represents the Bulgarian EU presidency.<\/p>\n<p>\u201cWe discussed about the European path of Kosovo, of the countries of the Western Balkans, and the bilateral relations between our two countries\u201d, stated President Tha\u00e7i.<\/p>\n<p>\u201cThe European Union will be complete only when Kosovo and the entire Southeast Europe are part of it. This means not only peace and stability, but also an increase in overall welfare\u201d, he said.<\/p>\n<p>The Head of State also talked about the new strategy of the European Commission for the Western Balkan countries, where the perspective of all Western Balkan countries is reiterated.<\/p>\n<p>He thanked the Bulgarian Prime Minister for the extraordinary work and dedication of Bulgaria as Chair of the EU Presidency, which rightly puts the right importance to enlargement, putting it as one of the priorities.<\/p>\n<p>Speaking about the dialogue process for the normalization of relations between Kosovo and Serbia, President Tha\u00e7i said that Kosovo demands not only to continue dialogue with Serbia, but also to turn it into a genuine reconciliation and sustainable peace-building\u00a0 process in the region.<\/p>\n<p>Whereas, the Prime Minister of Bulgaria, Boyko Borissov, stressed that building peace and stability is for the benefit of all sides, and the entire Southeast Europe belongs in the European Union.<\/p>\n<p>\u201cThe European Union is open to the countries of Southeast Europe. Of course, these countries must meet the conditions that the EU has put for membership\u201d, stated Prime Minister Borissov.<\/p>\n<p>Speaking about the region\u2019s development, the Bulgarian Prime Minister emphasized the need to build the infrastructure that would better connect Southeast Europe countries with each other and with the entire continent.<\/p>\n<p>\u201cBy building the infrastructure, we help the development and peace in the region\u201d, said Prime Minister Borissov.<\/p>\n<p>President Tha\u00e7i added that the Sofia Summit will be a good opportunity for the whole region.<\/p>\n<p>\u201cThe Sofia Summit is a unique opportunity between the EU and the Western Balkans\u201d, said President Tha\u00e7i.<\/p>\n","protected":false},"excerpt":{"rendered":"<p>Prishtina, April 16, 2018 \u2013 The President of the Republic of Kosovo, Hashim Tha\u00e7i, received today the Prime Minister of the Republic of Bulgaria, Boyko Borissov, with whom he discussed about the deepening of relations between the two states and about the European perspective of Kosovo and the countries of Southeastern Europe.<\/p>\n","protected":false},"author":1,"featured_media":27589,"comment_status":"open","ping_status":"closed","sticky":false,"template":"","format":"standard","meta":{"_eb_attr":"","footnotes":""},"categories":[111],"tags":[],"class_list":["post-68279","post","type-post","status-publish","format-standard","has-post-thumbnail","hentry","category-news"],"yoast_head":"<!-- This site is optimized with the Yoast SEO plugin v23.5 - https:\/\/yoast.com\/wordpress\/plugins\/seo\/ -->\n<title>President Tha\u00e7i: The European Union will be complete only when the Western Balkans is part of it - President of the Republic of Kosovo - DR. VJOSA OSMANI - SADRIU<\/title>\n<meta name=\"description\" content=\"President Tha\u00e7i: The European Union will be complete only when the Western Balkans is part of it - President of the Republic of Kosovo - DR. VJOSA OSMANI - SADRIU -\" \/>\n<meta name=\"robots\" content=\"index, follow, max-snippet:-1, max-image-preview:large, max-video-preview:-1\" \/>\n<link rel=\"canonical\" href=\"https:\/\/president-ksgov.net\/en\/president-thaci-the-european-union-will-be-complete-only-when-the-western-balkans-is-part-of-it\/\" \/>\n<meta property=\"og:locale\" content=\"en_US\" \/>\n<meta property=\"og:type\" content=\"article\" \/>\n<meta property=\"og:title\" content=\"President Tha\u00e7i: The European Union will be complete only when the Western Balkans is part of it - President of the Republic of Kosovo - DR. VJOSA OSMANI - SADRIU\" \/>\n<meta property=\"og:description\" content=\"President Tha\u00e7i: The European Union will be complete only when the Western Balkans is part of it - President of the Republic of Kosovo - DR. VJOSA OSMANI - SADRIU -\" \/>\n<meta property=\"og:url\" content=\"https:\/\/president-ksgov.net\/en\/president-thaci-the-european-union-will-be-complete-only-when-the-western-balkans-is-part-of-it\/\" \/>\n<meta property=\"og:site_name\" content=\"President of the Republic of Kosovo - DR. VJOSA OSMANI - SADRIU\" \/>\n<meta property=\"article:published_time\" content=\"2018-04-16T12:56:03+00:00\" \/>\n<meta property=\"article:modified_time\" content=\"2023-03-07T09:31:18+00:00\" \/>\n<meta property=\"og:image\" content=\"https:\/\/president-ksgov.net\/wp-content\/uploads\/16_04_2018_1241362_KM_B_01.jpg\" \/>\n\t<meta property=\"og:image:width\" content=\"2400\" \/>\n\t<meta property=\"og:image:height\" content=\"1600\" \/>\n\t<meta property=\"og:image:type\" content=\"image\/jpeg\" \/>\n<meta name=\"author\" content=\"admin\" \/>\n<meta name=\"twitter:card\" content=\"summary_large_image\" \/>\n<meta name=\"twitter:label1\" content=\"Written by\" \/>\n\t<meta name=\"twitter:data1\" content=\"admin\" \/>\n\t<meta name=\"twitter:label2\" content=\"Est. reading time\" \/>\n\t<meta name=\"twitter:data2\" content=\"2 minutes\" \/>\n<script type=\"application\/ld+json\" class=\"yoast-schema-graph\">{\"@context\":\"https:\/\/schema.org\",\"@graph\":[{\"@type\":\"WebPage\",\"@id\":\"https:\/\/president-ksgov.net\/en\/president-thaci-the-european-union-will-be-complete-only-when-the-western-balkans-is-part-of-it\/\",\"url\":\"https:\/\/president-ksgov.net\/en\/president-thaci-the-european-union-will-be-complete-only-when-the-western-balkans-is-part-of-it\/\",\"name\":\"President Tha\u00e7i: The European Union will be complete only when the Western Balkans is part of it - President of the Republic of Kosovo - DR. VJOSA OSMANI - SADRIU\",\"isPartOf\":{\"@id\":\"https:\/\/president-ksgov.net\/#website\"},\"primaryImageOfPage\":{\"@id\":\"https:\/\/president-ksgov.net\/en\/president-thaci-the-european-union-will-be-complete-only-when-the-western-balkans-is-part-of-it\/#primaryimage\"},\"image\":{\"@id\":\"https:\/\/president-ksgov.net\/en\/president-thaci-the-european-union-will-be-complete-only-when-the-western-balkans-is-part-of-it\/#primaryimage\"},\"thumbnailUrl\":\"https:\/\/president-ksgov.net\/wp-content\/uploads\/16_04_2018_1241362_KM_B_01.jpg\",\"datePublished\":\"2018-04-16T12:56:03+00:00\",\"dateModified\":\"2023-03-07T09:31:18+00:00\",\"author\":{\"@id\":\"https:\/\/president-ksgov.net\/#\/schema\/person\/bb4337a5fb147cb2046d80548172cbee\"},\"description\":\"President Tha\u00e7i: The European Union will be complete only when the Western Balkans is part of it - President of the Republic of Kosovo - DR. VJOSA OSMANI - SADRIU -\",\"breadcrumb\":{\"@id\":\"https:\/\/president-ksgov.net\/en\/president-thaci-the-european-union-will-be-complete-only-when-the-western-balkans-is-part-of-it\/#breadcrumb\"},\"inLanguage\":\"en-US\",\"potentialAction\":[{\"@type\":\"ReadAction\",\"target\":[\"https:\/\/president-ksgov.net\/en\/president-thaci-the-european-union-will-be-complete-only-when-the-western-balkans-is-part-of-it\/\"]}]},{\"@type\":\"ImageObject\",\"inLanguage\":\"en-US\",\"@id\":\"https:\/\/president-ksgov.net\/en\/president-thaci-the-european-union-will-be-complete-only-when-the-western-balkans-is-part-of-it\/#primaryimage\",\"url\":\"https:\/\/president-ksgov.net\/wp-content\/uploads\/16_04_2018_1241362_KM_B_01.jpg\",\"contentUrl\":\"https:\/\/president-ksgov.net\/wp-content\/uploads\/16_04_2018_1241362_KM_B_01.jpg\",\"width\":2400,\"height\":1600},{\"@type\":\"BreadcrumbList\",\"@id\":\"https:\/\/president-ksgov.net\/en\/president-thaci-the-european-union-will-be-complete-only-when-the-western-balkans-is-part-of-it\/#breadcrumb\",\"itemListElement\":[{\"@type\":\"ListItem\",\"position\":1,\"name\":\"Home\",\"item\":\"https:\/\/president-ksgov.net\/en\/\"},{\"@type\":\"ListItem\",\"position\":2,\"name\":\"President Tha\u00e7i: The European Union will be complete only when the Western Balkans is part of it\"}]},{\"@type\":\"WebSite\",\"@id\":\"https:\/\/president-ksgov.net\/#website\",\"url\":\"https:\/\/president-ksgov.net\/\",\"name\":\"Presidente e Republik\u00ebs s\u00eb Kosov\u00ebs\",\"description\":\"Presidente e Republik\u00ebs s\u00eb Kosov\u00ebs\",\"alternateName\":\"DR. VJOSA OSMANI - SADRIU\",\"potentialAction\":[{\"@type\":\"SearchAction\",\"target\":{\"@type\":\"EntryPoint\",\"urlTemplate\":\"https:\/\/president-ksgov.net\/?s={search_term_string}\"},\"query-input\":{\"@type\":\"PropertyValueSpecification\",\"valueRequired\":true,\"valueName\":\"search_term_string\"}}],\"inLanguage\":\"en-US\"},{\"@type\":\"Person\",\"@id\":\"https:\/\/president-ksgov.net\/#\/schema\/person\/bb4337a5fb147cb2046d80548172cbee\",\"name\":\"admin\",\"image\":{\"@type\":\"ImageObject\",\"inLanguage\":\"en-US\",\"@id\":\"https:\/\/president-ksgov.net\/#\/schema\/person\/image\/\",\"url\":\"https:\/\/secure.gravatar.com\/avatar\/36156ca0fa3b8d9d25174f146e16beea0cf28f37adf1b9e19b6c9c279a7c9dd3?s=96&d=mm&r=g\",\"contentUrl\":\"https:\/\/secure.gravatar.com\/avatar\/36156ca0fa3b8d9d25174f146e16beea0cf28f37adf1b9e19b6c9c279a7c9dd3?s=96&d=mm&r=g\",\"caption\":\"admin\"},\"sameAs\":[\"https:\/\/president-ksgov.net\"]}]}<\/script>\n<!-- \/ Yoast SEO plugin. -->","yoast_head_json":{"title":"President Tha\u00e7i: The European Union will be complete only when the Western Balkans is part of it - President of the Republic of Kosovo - DR. VJOSA OSMANI - SADRIU","description":"President Tha\u00e7i: The European Union will be complete only when the Western Balkans is part of it - President of the Republic of Kosovo - DR. VJOSA OSMANI - SADRIU -","robots":{"index":"index","follow":"follow","max-snippet":"max-snippet:-1","max-image-preview":"max-image-preview:large","max-video-preview":"max-video-preview:-1"},"canonical":"https:\/\/president-ksgov.net\/en\/president-thaci-the-european-union-will-be-complete-only-when-the-western-balkans-is-part-of-it\/","og_locale":"en_US","og_type":"article","og_title":"President Tha\u00e7i: The European Union will be complete only when the Western Balkans is part of it - President of the Republic of Kosovo - DR. VJOSA OSMANI - SADRIU","og_description":"President Tha\u00e7i: The European Union will be complete only when the Western Balkans is part of it - President of the Republic of Kosovo - DR. VJOSA OSMANI - SADRIU -","og_url":"https:\/\/president-ksgov.net\/en\/president-thaci-the-european-union-will-be-complete-only-when-the-western-balkans-is-part-of-it\/","og_site_name":"President of the Republic of Kosovo - DR. VJOSA OSMANI - SADRIU","article_published_time":"2018-04-16T12:56:03+00:00","article_modified_time":"2023-03-07T09:31:18+00:00","og_image":[{"width":2400,"height":1600,"url":"https:\/\/president-ksgov.net\/wp-content\/uploads\/16_04_2018_1241362_KM_B_01.jpg","type":"image\/jpeg"}],"author":"admin","twitter_card":"summary_large_image","twitter_misc":{"Written by":"admin","Est. reading time":"2 minutes"},"schema":{"@context":"https:\/\/schema.org","@graph":[{"@type":"WebPage","@id":"https:\/\/president-ksgov.net\/en\/president-thaci-the-european-union-will-be-complete-only-when-the-western-balkans-is-part-of-it\/","url":"https:\/\/president-ksgov.net\/en\/president-thaci-the-european-union-will-be-complete-only-when-the-western-balkans-is-part-of-it\/","name":"President Tha\u00e7i: The European Union will be complete only when the Western Balkans is part of it - President of the Republic of Kosovo - DR. VJOSA OSMANI - SADRIU","isPartOf":{"@id":"https:\/\/president-ksgov.net\/#website"},"primaryImageOfPage":{"@id":"https:\/\/president-ksgov.net\/en\/president-thaci-the-european-union-will-be-complete-only-when-the-western-balkans-is-part-of-it\/#primaryimage"},"image":{"@id":"https:\/\/president-ksgov.net\/en\/president-thaci-the-european-union-will-be-complete-only-when-the-western-balkans-is-part-of-it\/#primaryimage"},"thumbnailUrl":"https:\/\/president-ksgov.net\/wp-content\/uploads\/16_04_2018_1241362_KM_B_01.jpg","datePublished":"2018-04-16T12:56:03+00:00","dateModified":"2023-03-07T09:31:18+00:00","author":{"@id":"https:\/\/president-ksgov.net\/#\/schema\/person\/bb4337a5fb147cb2046d80548172cbee"},"description":"President Tha\u00e7i: The European Union will be complete only when the Western Balkans is part of it - President of the Republic of Kosovo - DR. VJOSA OSMANI - SADRIU -","breadcrumb":{"@id":"https:\/\/president-ksgov.net\/en\/president-thaci-the-european-union-will-be-complete-only-when-the-western-balkans-is-part-of-it\/#breadcrumb"},"inLanguage":"en-US","potentialAction":[{"@type":"ReadAction","target":["https:\/\/president-ksgov.net\/en\/president-thaci-the-european-union-will-be-complete-only-when-the-western-balkans-is-part-of-it\/"]}]},{"@type":"ImageObject","inLanguage":"en-US","@id":"https:\/\/president-ksgov.net\/en\/president-thaci-the-european-union-will-be-complete-only-when-the-western-balkans-is-part-of-it\/#primaryimage","url":"https:\/\/president-ksgov.net\/wp-content\/uploads\/16_04_2018_1241362_KM_B_01.jpg","contentUrl":"https:\/\/president-ksgov.net\/wp-content\/uploads\/16_04_2018_1241362_KM_B_01.jpg","width":2400,"height":1600},{"@type":"BreadcrumbList","@id":"https:\/\/president-ksgov.net\/en\/president-thaci-the-european-union-will-be-complete-only-when-the-western-balkans-is-part-of-it\/#breadcrumb","itemListElement":[{"@type":"ListItem","position":1,"name":"Home","item":"https:\/\/president-ksgov.net\/en\/"},{"@type":"ListItem","position":2,"name":"President Tha\u00e7i: The European Union will be complete only when the Western Balkans is part of it"}]},{"@type":"WebSite","@id":"https:\/\/president-ksgov.net\/#website","url":"https:\/\/president-ksgov.net\/","name":"Presidente e Republik\u00ebs s\u00eb Kosov\u00ebs","description":"Presidente e Republik\u00ebs s\u00eb Kosov\u00ebs","alternateName":"DR. VJOSA OSMANI - SADRIU","potentialAction":[{"@type":"SearchAction","target":{"@type":"EntryPoint","urlTemplate":"https:\/\/president-ksgov.net\/?s={search_term_string}"},"query-input":{"@type":"PropertyValueSpecification","valueRequired":true,"valueName":"search_term_string"}}],"inLanguage":"en-US"},{"@type":"Person","@id":"https:\/\/president-ksgov.net\/#\/schema\/person\/bb4337a5fb147cb2046d80548172cbee","name":"admin","image":{"@type":"ImageObject","inLanguage":"en-US","@id":"https:\/\/president-ksgov.net\/#\/schema\/person\/image\/","url":"https:\/\/secure.gravatar.com\/avatar\/36156ca0fa3b8d9d25174f146e16beea0cf28f37adf1b9e19b6c9c279a7c9dd3?s=96&d=mm&r=g","contentUrl":"https:\/\/secure.gravatar.com\/avatar\/36156ca0fa3b8d9d25174f146e16beea0cf28f37adf1b9e19b6c9c279a7c9dd3?s=96&d=mm&r=g","caption":"admin"},"sameAs":["https:\/\/president-ksgov.net"]}]}},"_links":{"self":[{"href":"https:\/\/president-ksgov.net\/en\/wp-json\/wp\/v2\/posts\/68279","targetHints":{"allow":["GET"]}}],"collection":[{"href":"https:\/\/president-ksgov.net\/en\/wp-json\/wp\/v2\/posts"}],"about":[{"href":"https:\/\/president-ksgov.net\/en\/wp-json\/wp\/v2\/types\/post"}],"author":[{"embeddable":true,"href":"https:\/\/president-ksgov.net\/en\/wp-json\/wp\/v2\/users\/1"}],"replies":[{"embeddable":true,"href":"https:\/\/president-ksgov.net\/en\/wp-json\/wp\/v2\/comments?post=68279"}],"version-history":[{"count":0,"href":"https:\/\/president-ksgov.net\/en\/wp-json\/wp\/v2\/posts\/68279\/revisions"}],"wp:featuredmedia":[{"embeddable":true,"href":"https:\/\/president-ksgov.net\/en\/wp-json\/wp\/v2\/media\/27589"}],"wp:attachment":[{"href":"https:\/\/president-ksgov.net\/en\/wp-json\/wp\/v2\/media?parent=68279"}],"wp:term":[{"taxonomy":"category","embeddable":true,"href":"https:\/\/president-ksgov.net\/en\/wp-json\/wp\/v2\/categories?post=68279"},{"taxonomy":"post_tag","embeddable":true,"href":"https:\/\/president-ksgov.net\/en\/wp-json\/wp\/v2\/tags?post=68279"}],"curies":[{"name":"wp","href":"https:\/\/api.w.org\/{rel}","templated":true}]}}