{"id":68277,"date":"2018-04-17T11:16:56","date_gmt":"2018-04-17T11:16:56","guid":{"rendered":"https:\/\/dev.president-ksgov.net\/president-thaci-had-a-telephone-conversation-with-chancellor-merkel\/"},"modified":"2023-03-07T09:31:18","modified_gmt":"2023-03-07T09:31:18","slug":"president-thaci-had-a-telephone-conversation-with-chancellor-merkel","status":"publish","type":"post","link":"https:\/\/president-ksgov.net\/en\/president-thaci-had-a-telephone-conversation-with-chancellor-merkel\/","title":{"rendered":"President Tha\u00e7i had a telephone conversation with Chancellor Merkel"},"content":{"rendered":"<p>Prishtina, April 17, 2018 &#8211; The President of the Republic of Kosovo, Hashim Tha\u00e7i, today, had a telephone conversation with the Chancellor of the Federal Republic of Germany, Angela Merkel.<\/p>\n<p>The main topic of discussion between President Tha\u00e7i and Chancellor Merkel was the strengthening of bilateral relations between the two states and the necessity of continuing the dialogue on the normalization of relations between Kosovo and Serbia.<\/p>\n<p>President Tha\u00e7i has emphasized that Kosovo remains committed to the implementation of all the agreements reached so far and for reaching a legally binding final agreement between Kosovo and Serbia.<\/p>\n<p>Whereas, Chancellor Merkel congratulated President Tha\u00e7i on the constructive role of Kosovo in the dialogue process with Serbia, on the ratification of the agreement on marking the border line with Montenegro and on the functionalization of the Management Team, which is competent for the drafting of the draft Statute of the Association of Serb-majority municipalities.<\/p>\n<p>President Tha\u00e7i thanked Chancellor Merkel for the support that Germany has given to Kosovo at all periods.<\/p>\n","protected":false},"excerpt":{"rendered":"<p>Prishtina, April 17, 2018 &#8211; The President of the Republic of Kosovo, Hashim Tha\u00e7i, today, had a telephone conversation with the Chancellor of the Federal Republic of Germany, Angela Merkel.<\/p>\n","protected":false},"author":1,"featured_media":27575,"comment_status":"open","ping_status":"closed","sticky":false,"template":"","format":"standard","meta":{"_eb_attr":"","footnotes":""},"categories":[111],"tags":[],"class_list":["post-68277","post","type-post","status-publish","format-standard","has-post-thumbnail","hentry","category-news"],"yoast_head":"<!-- This site is optimized with the Yoast SEO plugin v23.5 - https:\/\/yoast.com\/wordpress\/plugins\/seo\/ -->\n<title>President Tha\u00e7i had a telephone conversation with Chancellor Merkel - President of the Republic of Kosovo - DR. VJOSA OSMANI - SADRIU<\/title>\n<meta name=\"description\" content=\"President Tha\u00e7i had a telephone conversation with Chancellor Merkel - President of the Republic of Kosovo - DR. VJOSA OSMANI - SADRIU -\" \/>\n<meta name=\"robots\" content=\"index, follow, max-snippet:-1, max-image-preview:large, max-video-preview:-1\" \/>\n<link rel=\"canonical\" href=\"https:\/\/president-ksgov.net\/en\/president-thaci-had-a-telephone-conversation-with-chancellor-merkel\/\" \/>\n<meta property=\"og:locale\" content=\"en_US\" \/>\n<meta property=\"og:type\" content=\"article\" \/>\n<meta property=\"og:title\" content=\"President Tha\u00e7i had a telephone conversation with Chancellor Merkel - President of the Republic of Kosovo - DR. VJOSA OSMANI - SADRIU\" \/>\n<meta property=\"og:description\" content=\"President Tha\u00e7i had a telephone conversation with Chancellor Merkel - President of the Republic of Kosovo - DR. VJOSA OSMANI - SADRIU -\" \/>\n<meta property=\"og:url\" content=\"https:\/\/president-ksgov.net\/en\/president-thaci-had-a-telephone-conversation-with-chancellor-merkel\/\" \/>\n<meta property=\"og:site_name\" content=\"President of the Republic of Kosovo - DR. VJOSA OSMANI - SADRIU\" \/>\n<meta property=\"article:published_time\" content=\"2018-04-17T11:16:56+00:00\" \/>\n<meta property=\"article:modified_time\" content=\"2023-03-07T09:31:18+00:00\" \/>\n<meta property=\"og:image\" content=\"https:\/\/president-ksgov.net\/wp-content\/uploads\/17_04_2018_5840980_Thaci_Mderkel.jpg\" \/>\n\t<meta property=\"og:image:width\" content=\"1562\" \/>\n\t<meta property=\"og:image:height\" content=\"1048\" \/>\n\t<meta property=\"og:image:type\" content=\"image\/jpeg\" \/>\n<meta name=\"author\" content=\"admin\" \/>\n<meta name=\"twitter:card\" content=\"summary_large_image\" \/>\n<meta name=\"twitter:label1\" content=\"Written by\" \/>\n\t<meta name=\"twitter:data1\" content=\"admin\" \/>\n\t<meta name=\"twitter:label2\" content=\"Est. reading time\" \/>\n\t<meta name=\"twitter:data2\" content=\"1 minute\" \/>\n<script type=\"application\/ld+json\" class=\"yoast-schema-graph\">{\"@context\":\"https:\/\/schema.org\",\"@graph\":[{\"@type\":\"WebPage\",\"@id\":\"https:\/\/president-ksgov.net\/en\/president-thaci-had-a-telephone-conversation-with-chancellor-merkel\/\",\"url\":\"https:\/\/president-ksgov.net\/en\/president-thaci-had-a-telephone-conversation-with-chancellor-merkel\/\",\"name\":\"President Tha\u00e7i had a telephone conversation with Chancellor Merkel - President of the Republic of Kosovo - DR. VJOSA OSMANI - SADRIU\",\"isPartOf\":{\"@id\":\"https:\/\/president-ksgov.net\/#website\"},\"primaryImageOfPage\":{\"@id\":\"https:\/\/president-ksgov.net\/en\/president-thaci-had-a-telephone-conversation-with-chancellor-merkel\/#primaryimage\"},\"image\":{\"@id\":\"https:\/\/president-ksgov.net\/en\/president-thaci-had-a-telephone-conversation-with-chancellor-merkel\/#primaryimage\"},\"thumbnailUrl\":\"https:\/\/president-ksgov.net\/wp-content\/uploads\/17_04_2018_5840980_Thaci_Mderkel.jpg\",\"datePublished\":\"2018-04-17T11:16:56+00:00\",\"dateModified\":\"2023-03-07T09:31:18+00:00\",\"author\":{\"@id\":\"https:\/\/president-ksgov.net\/#\/schema\/person\/bb4337a5fb147cb2046d80548172cbee\"},\"description\":\"President Tha\u00e7i had a telephone conversation with Chancellor Merkel - President of the Republic of Kosovo - DR. VJOSA OSMANI - SADRIU -\",\"breadcrumb\":{\"@id\":\"https:\/\/president-ksgov.net\/en\/president-thaci-had-a-telephone-conversation-with-chancellor-merkel\/#breadcrumb\"},\"inLanguage\":\"en-US\",\"potentialAction\":[{\"@type\":\"ReadAction\",\"target\":[\"https:\/\/president-ksgov.net\/en\/president-thaci-had-a-telephone-conversation-with-chancellor-merkel\/\"]}]},{\"@type\":\"ImageObject\",\"inLanguage\":\"en-US\",\"@id\":\"https:\/\/president-ksgov.net\/en\/president-thaci-had-a-telephone-conversation-with-chancellor-merkel\/#primaryimage\",\"url\":\"https:\/\/president-ksgov.net\/wp-content\/uploads\/17_04_2018_5840980_Thaci_Mderkel.jpg\",\"contentUrl\":\"https:\/\/president-ksgov.net\/wp-content\/uploads\/17_04_2018_5840980_Thaci_Mderkel.jpg\",\"width\":1562,\"height\":1048},{\"@type\":\"BreadcrumbList\",\"@id\":\"https:\/\/president-ksgov.net\/en\/president-thaci-had-a-telephone-conversation-with-chancellor-merkel\/#breadcrumb\",\"itemListElement\":[{\"@type\":\"ListItem\",\"position\":1,\"name\":\"Home\",\"item\":\"https:\/\/president-ksgov.net\/en\/\"},{\"@type\":\"ListItem\",\"position\":2,\"name\":\"President Tha\u00e7i had a telephone conversation with Chancellor Merkel\"}]},{\"@type\":\"WebSite\",\"@id\":\"https:\/\/president-ksgov.net\/#website\",\"url\":\"https:\/\/president-ksgov.net\/\",\"name\":\"Presidente e Republik\u00ebs s\u00eb Kosov\u00ebs\",\"description\":\"Presidente e Republik\u00ebs s\u00eb Kosov\u00ebs\",\"alternateName\":\"DR. VJOSA OSMANI - SADRIU\",\"potentialAction\":[{\"@type\":\"SearchAction\",\"target\":{\"@type\":\"EntryPoint\",\"urlTemplate\":\"https:\/\/president-ksgov.net\/?s={search_term_string}\"},\"query-input\":{\"@type\":\"PropertyValueSpecification\",\"valueRequired\":true,\"valueName\":\"search_term_string\"}}],\"inLanguage\":\"en-US\"},{\"@type\":\"Person\",\"@id\":\"https:\/\/president-ksgov.net\/#\/schema\/person\/bb4337a5fb147cb2046d80548172cbee\",\"name\":\"admin\",\"image\":{\"@type\":\"ImageObject\",\"inLanguage\":\"en-US\",\"@id\":\"https:\/\/president-ksgov.net\/#\/schema\/person\/image\/\",\"url\":\"https:\/\/secure.gravatar.com\/avatar\/36156ca0fa3b8d9d25174f146e16beea0cf28f37adf1b9e19b6c9c279a7c9dd3?s=96&d=mm&r=g\",\"contentUrl\":\"https:\/\/secure.gravatar.com\/avatar\/36156ca0fa3b8d9d25174f146e16beea0cf28f37adf1b9e19b6c9c279a7c9dd3?s=96&d=mm&r=g\",\"caption\":\"admin\"},\"sameAs\":[\"https:\/\/president-ksgov.net\"]}]}<\/script>\n<!-- \/ Yoast SEO plugin. -->","yoast_head_json":{"title":"President Tha\u00e7i had a telephone conversation with Chancellor Merkel - President of the Republic of Kosovo - DR. VJOSA OSMANI - SADRIU","description":"President Tha\u00e7i had a telephone conversation with Chancellor Merkel - President of the Republic of Kosovo - DR. VJOSA OSMANI - SADRIU -","robots":{"index":"index","follow":"follow","max-snippet":"max-snippet:-1","max-image-preview":"max-image-preview:large","max-video-preview":"max-video-preview:-1"},"canonical":"https:\/\/president-ksgov.net\/en\/president-thaci-had-a-telephone-conversation-with-chancellor-merkel\/","og_locale":"en_US","og_type":"article","og_title":"President Tha\u00e7i had a telephone conversation with Chancellor Merkel - President of the Republic of Kosovo - DR. VJOSA OSMANI - SADRIU","og_description":"President Tha\u00e7i had a telephone conversation with Chancellor Merkel - President of the Republic of Kosovo - DR. VJOSA OSMANI - SADRIU -","og_url":"https:\/\/president-ksgov.net\/en\/president-thaci-had-a-telephone-conversation-with-chancellor-merkel\/","og_site_name":"President of the Republic of Kosovo - DR. VJOSA OSMANI - SADRIU","article_published_time":"2018-04-17T11:16:56+00:00","article_modified_time":"2023-03-07T09:31:18+00:00","og_image":[{"width":1562,"height":1048,"url":"https:\/\/president-ksgov.net\/wp-content\/uploads\/17_04_2018_5840980_Thaci_Mderkel.jpg","type":"image\/jpeg"}],"author":"admin","twitter_card":"summary_large_image","twitter_misc":{"Written by":"admin","Est. reading time":"1 minute"},"schema":{"@context":"https:\/\/schema.org","@graph":[{"@type":"WebPage","@id":"https:\/\/president-ksgov.net\/en\/president-thaci-had-a-telephone-conversation-with-chancellor-merkel\/","url":"https:\/\/president-ksgov.net\/en\/president-thaci-had-a-telephone-conversation-with-chancellor-merkel\/","name":"President Tha\u00e7i had a telephone conversation with Chancellor Merkel - President of the Republic of Kosovo - DR. VJOSA OSMANI - SADRIU","isPartOf":{"@id":"https:\/\/president-ksgov.net\/#website"},"primaryImageOfPage":{"@id":"https:\/\/president-ksgov.net\/en\/president-thaci-had-a-telephone-conversation-with-chancellor-merkel\/#primaryimage"},"image":{"@id":"https:\/\/president-ksgov.net\/en\/president-thaci-had-a-telephone-conversation-with-chancellor-merkel\/#primaryimage"},"thumbnailUrl":"https:\/\/president-ksgov.net\/wp-content\/uploads\/17_04_2018_5840980_Thaci_Mderkel.jpg","datePublished":"2018-04-17T11:16:56+00:00","dateModified":"2023-03-07T09:31:18+00:00","author":{"@id":"https:\/\/president-ksgov.net\/#\/schema\/person\/bb4337a5fb147cb2046d80548172cbee"},"description":"President Tha\u00e7i had a telephone conversation with Chancellor Merkel - President of the Republic of Kosovo - DR. VJOSA OSMANI - SADRIU -","breadcrumb":{"@id":"https:\/\/president-ksgov.net\/en\/president-thaci-had-a-telephone-conversation-with-chancellor-merkel\/#breadcrumb"},"inLanguage":"en-US","potentialAction":[{"@type":"ReadAction","target":["https:\/\/president-ksgov.net\/en\/president-thaci-had-a-telephone-conversation-with-chancellor-merkel\/"]}]},{"@type":"ImageObject","inLanguage":"en-US","@id":"https:\/\/president-ksgov.net\/en\/president-thaci-had-a-telephone-conversation-with-chancellor-merkel\/#primaryimage","url":"https:\/\/president-ksgov.net\/wp-content\/uploads\/17_04_2018_5840980_Thaci_Mderkel.jpg","contentUrl":"https:\/\/president-ksgov.net\/wp-content\/uploads\/17_04_2018_5840980_Thaci_Mderkel.jpg","width":1562,"height":1048},{"@type":"BreadcrumbList","@id":"https:\/\/president-ksgov.net\/en\/president-thaci-had-a-telephone-conversation-with-chancellor-merkel\/#breadcrumb","itemListElement":[{"@type":"ListItem","position":1,"name":"Home","item":"https:\/\/president-ksgov.net\/en\/"},{"@type":"ListItem","position":2,"name":"President Tha\u00e7i had a telephone conversation with Chancellor Merkel"}]},{"@type":"WebSite","@id":"https:\/\/president-ksgov.net\/#website","url":"https:\/\/president-ksgov.net\/","name":"Presidente e Republik\u00ebs s\u00eb Kosov\u00ebs","description":"Presidente e Republik\u00ebs s\u00eb Kosov\u00ebs","alternateName":"DR. VJOSA OSMANI - SADRIU","potentialAction":[{"@type":"SearchAction","target":{"@type":"EntryPoint","urlTemplate":"https:\/\/president-ksgov.net\/?s={search_term_string}"},"query-input":{"@type":"PropertyValueSpecification","valueRequired":true,"valueName":"search_term_string"}}],"inLanguage":"en-US"},{"@type":"Person","@id":"https:\/\/president-ksgov.net\/#\/schema\/person\/bb4337a5fb147cb2046d80548172cbee","name":"admin","image":{"@type":"ImageObject","inLanguage":"en-US","@id":"https:\/\/president-ksgov.net\/#\/schema\/person\/image\/","url":"https:\/\/secure.gravatar.com\/avatar\/36156ca0fa3b8d9d25174f146e16beea0cf28f37adf1b9e19b6c9c279a7c9dd3?s=96&d=mm&r=g","contentUrl":"https:\/\/secure.gravatar.com\/avatar\/36156ca0fa3b8d9d25174f146e16beea0cf28f37adf1b9e19b6c9c279a7c9dd3?s=96&d=mm&r=g","caption":"admin"},"sameAs":["https:\/\/president-ksgov.net"]}]}},"_links":{"self":[{"href":"https:\/\/president-ksgov.net\/en\/wp-json\/wp\/v2\/posts\/68277","targetHints":{"allow":["GET"]}}],"collection":[{"href":"https:\/\/president-ksgov.net\/en\/wp-json\/wp\/v2\/posts"}],"about":[{"href":"https:\/\/president-ksgov.net\/en\/wp-json\/wp\/v2\/types\/post"}],"author":[{"embeddable":true,"href":"https:\/\/president-ksgov.net\/en\/wp-json\/wp\/v2\/users\/1"}],"replies":[{"embeddable":true,"href":"https:\/\/president-ksgov.net\/en\/wp-json\/wp\/v2\/comments?post=68277"}],"version-history":[{"count":0,"href":"https:\/\/president-ksgov.net\/en\/wp-json\/wp\/v2\/posts\/68277\/revisions"}],"wp:featuredmedia":[{"embeddable":true,"href":"https:\/\/president-ksgov.net\/en\/wp-json\/wp\/v2\/media\/27575"}],"wp:attachment":[{"href":"https:\/\/president-ksgov.net\/en\/wp-json\/wp\/v2\/media?parent=68277"}],"wp:term":[{"taxonomy":"category","embeddable":true,"href":"https:\/\/president-ksgov.net\/en\/wp-json\/wp\/v2\/categories?post=68277"},{"taxonomy":"post_tag","embeddable":true,"href":"https:\/\/president-ksgov.net\/en\/wp-json\/wp\/v2\/tags?post=68277"}],"curies":[{"name":"wp","href":"https:\/\/api.w.org\/{rel}","templated":true}]}}