{"id":68209,"date":"2018-06-20T12:16:46","date_gmt":"2018-06-20T12:16:46","guid":{"rendered":"https:\/\/dev.president-ksgov.net\/president-issues-public-invitation-to-the-political-subjects-for-inclusion-in-the-dialogue-between-kosovo-and-serbia\/"},"modified":"2023-03-07T09:29:03","modified_gmt":"2023-03-07T09:29:03","slug":"president-issues-public-invitation-to-the-political-subjects-for-inclusion-in-the-dialogue-between-kosovo-and-serbia","status":"publish","type":"post","link":"https:\/\/president-ksgov.net\/en\/president-issues-public-invitation-to-the-political-subjects-for-inclusion-in-the-dialogue-between-kosovo-and-serbia\/","title":{"rendered":"President issues public invitation to the political subjects for inclusion in the dialogue between Kosovo and Serbia"},"content":{"rendered":"<p>Prishtina, June 20th  2018 \u2013 President of the Republic of Kosovo, Hashim Tha\u00e7i, after the invitation issued by the EU High representative, Federica Mogherini, for a new meeting in Brussels, publicly appealed to the political subjects to become part of the negotiating team.<\/p>\n<p>President Tha\u00e7i said that the first meeting of the final stage of the dialogue between Kosovo and Serbia will be held on Sunday.<\/p>\n<p>\u201cOur aim, at this final stage of the dialogue is the achievement of the legally binding agreement between Kosovo and Serbia, which would allow for full normalisation of relations between the two states. I am convinced that a time has come, that after the discussions, which in a more ways than one, are continuing for twenty years, for a historic\u00a0 agreement to be signed between Kosovo and Serbia., which would end a tragic era, over a hundred years long, in relations between the two countries and nations\u201d said President Tha\u00e7i.<\/p>\n<p>The head of state said that we have nothing to fear from the dialogue and its epilogue.<\/p>\n<p>\u201cAs a society and policy makers in Kosovo, we have had the courage, the knowledge, the necessary organisation and the agreement among us, as was the case at the Rambouillet Conference as well as in Vienna Process, which through negotiations and a just war achieved the liberation of Kosovo and subsequent declaration of independence, respectively the establishment of the state of Kosovo. I am aware that difficult talks await us, because we are aiming to conclude this process by achieving an all-inclusive historic and political agreement with Serbia.\u00a0 Achievement of the all-inclusive agreement with Serbia\u00a0\u00a0 is necessary for our ambition to become a UN member state, to expedite the process of Kosovo\u2019s integration in EU and NATO, and to ensure Kosovo\u2019s deserved place in the international arena.\u201d, said the President.<\/p>\n<p>Kosovo will, at this final stage of the dialogue with Serbia, continue to enjoy the strong US support, who are deeply interested on the achievement of the final agreement.\u00a0 He also said that EU and its member states are interested more than ever for the achievement on the agreement, as a necessary EU membership condition for both Kosovo and Serbia.<\/p>\n<p>The head of state added that based on the constitutional mandate as the President of the Republic of Kosovo, it is his constitutional obligation to represent the state of Kosovo on the international stage, respectively to lead this dialogue to its conclusion.<\/p>\n<p>\u201cThe issue of the dialogue with Serbia and the achievement of this agreement, definitely has a character of national and stately interest for Kosovo. Due to this reason, I believe that the need for the achievement of this agreement transcends our temporary political mandates and goes beyond the actual relations between the governing parties and opposition ones, by making irrelevant the short term relations between politicians and Kosovo\u2019s political parties. This issue impacts us all. It is all our interests and in the interest of the citizens of Kosovo\u201d said President Tha\u00e7i.<\/p>\n<p>For this reason, he said that the has reiterated quite often during the past few weeks the necessity to form an all-encompassing dialogue, consisting of representatives of political parties, civil society , media, experts of relevant fields and to work together.<\/p>\n<p>\u201cI believe that such a thing would make the process much more transparent, much more credible and ultimately much more acceptable and implementable. I am ready to utilize all ideas and proposals which would bring us back together, as politics and as a society, in order to be able to face the challenge with awaits us , said the\u00a0 President.<\/p>\n<p>President Tha\u00e7i said that the clock is ticking very fast and that accountability is required during this process.<\/p>\n<p>\u201cI am certain that Kosovo will be represented in a most dignified manner and in all circumstances will come out a winner in this process, which is designed in such a manner, that in case of an agreement being reached, all parties will benefit. This is not a process which will produce losers.\u00a0 Therefore, I would like to ensure the citizens of Kosovo will be transparent, accountable and that I will protect the interest of Kosovo, as I have done throughout the whole of my life\u201d, said President Tha\u00e7i.<\/p>\n<p>The head of state said that the call for the delegation of Kosovo to include all actors is an institutional and honest one, and that it deserves an affirmative response.<\/p>\n<p>If such a thing was about to happen and to what a degree would this team be all encompassing, remains to be seen.<\/p>\n<p>In any circumstance, the dialogue will be led in an institutional and responsible manner, while the eventual final agreement would go through our state institutions which would decide on its ratification.\u00a0<\/p>\n","protected":false},"excerpt":{"rendered":"<p>Prishtina, June 20th  2018 \u2013 President of the Republic of Kosovo, Hashim Tha\u00e7i, after the invitation issued by the EU High representative, Federica Mogherini, for a new meeting in Brussels, publicly appealed to the political subjects to become part of the negotiating team.<\/p>\n","protected":false},"author":1,"featured_media":27012,"comment_status":"open","ping_status":"closed","sticky":false,"template":"","format":"standard","meta":{"_eb_attr":"","footnotes":""},"categories":[111],"tags":[],"class_list":["post-68209","post","type-post","status-publish","format-standard","has-post-thumbnail","hentry","category-news"],"yoast_head":"<!-- This site is optimized with the Yoast SEO plugin v23.5 - https:\/\/yoast.com\/wordpress\/plugins\/seo\/ -->\n<title>President issues public invitation to the political subjects for inclusion in the dialogue between Kosovo and Serbia - President of the Republic of Kosovo - DR. VJOSA OSMANI - SADRIU<\/title>\n<meta name=\"description\" content=\"President issues public invitation to the political subjects for inclusion in the dialogue between Kosovo and Serbia - President of the Republic of Kosovo - DR. VJOSA OSMANI - SADRIU -\" \/>\n<meta name=\"robots\" content=\"index, follow, max-snippet:-1, max-image-preview:large, max-video-preview:-1\" \/>\n<link rel=\"canonical\" href=\"https:\/\/president-ksgov.net\/en\/president-issues-public-invitation-to-the-political-subjects-for-inclusion-in-the-dialogue-between-kosovo-and-serbia\/\" \/>\n<meta property=\"og:locale\" content=\"en_US\" \/>\n<meta property=\"og:type\" content=\"article\" \/>\n<meta property=\"og:title\" content=\"President issues public invitation to the political subjects for inclusion in the dialogue between Kosovo and Serbia - President of the Republic of Kosovo - DR. VJOSA OSMANI - SADRIU\" \/>\n<meta property=\"og:description\" content=\"President issues public invitation to the political subjects for inclusion in the dialogue between Kosovo and Serbia - President of the Republic of Kosovo - DR. VJOSA OSMANI - SADRIU -\" \/>\n<meta property=\"og:url\" content=\"https:\/\/president-ksgov.net\/en\/president-issues-public-invitation-to-the-political-subjects-for-inclusion-in-the-dialogue-between-kosovo-and-serbia\/\" \/>\n<meta property=\"og:site_name\" content=\"President of the Republic of Kosovo - DR. VJOSA OSMANI - SADRIU\" \/>\n<meta property=\"article:published_time\" content=\"2018-06-20T12:16:46+00:00\" \/>\n<meta property=\"article:modified_time\" content=\"2023-03-07T09:29:03+00:00\" \/>\n<meta property=\"og:image\" content=\"https:\/\/president-ksgov.net\/wp-content\/uploads\/20_06_2018_4823320_20_06_2018_PresidentiThaci_KonferencePerMedia.jpg\" \/>\n\t<meta property=\"og:image:width\" content=\"2000\" \/>\n\t<meta property=\"og:image:height\" content=\"1409\" \/>\n\t<meta property=\"og:image:type\" content=\"image\/jpeg\" \/>\n<meta name=\"author\" content=\"admin\" \/>\n<meta name=\"twitter:card\" content=\"summary_large_image\" \/>\n<meta name=\"twitter:label1\" content=\"Written by\" \/>\n\t<meta name=\"twitter:data1\" content=\"admin\" \/>\n\t<meta name=\"twitter:label2\" content=\"Est. reading time\" \/>\n\t<meta name=\"twitter:data2\" content=\"4 minutes\" \/>\n<script type=\"application\/ld+json\" class=\"yoast-schema-graph\">{\"@context\":\"https:\/\/schema.org\",\"@graph\":[{\"@type\":\"WebPage\",\"@id\":\"https:\/\/president-ksgov.net\/en\/president-issues-public-invitation-to-the-political-subjects-for-inclusion-in-the-dialogue-between-kosovo-and-serbia\/\",\"url\":\"https:\/\/president-ksgov.net\/en\/president-issues-public-invitation-to-the-political-subjects-for-inclusion-in-the-dialogue-between-kosovo-and-serbia\/\",\"name\":\"President issues public invitation to the political subjects for inclusion in the dialogue between Kosovo and Serbia - President of the Republic of Kosovo - DR. VJOSA OSMANI - SADRIU\",\"isPartOf\":{\"@id\":\"https:\/\/president-ksgov.net\/#website\"},\"primaryImageOfPage\":{\"@id\":\"https:\/\/president-ksgov.net\/en\/president-issues-public-invitation-to-the-political-subjects-for-inclusion-in-the-dialogue-between-kosovo-and-serbia\/#primaryimage\"},\"image\":{\"@id\":\"https:\/\/president-ksgov.net\/en\/president-issues-public-invitation-to-the-political-subjects-for-inclusion-in-the-dialogue-between-kosovo-and-serbia\/#primaryimage\"},\"thumbnailUrl\":\"https:\/\/president-ksgov.net\/wp-content\/uploads\/20_06_2018_4823320_20_06_2018_PresidentiThaci_KonferencePerMedia.jpg\",\"datePublished\":\"2018-06-20T12:16:46+00:00\",\"dateModified\":\"2023-03-07T09:29:03+00:00\",\"author\":{\"@id\":\"https:\/\/president-ksgov.net\/#\/schema\/person\/bb4337a5fb147cb2046d80548172cbee\"},\"description\":\"President issues public invitation to the political subjects for inclusion in the dialogue between Kosovo and Serbia - President of the Republic of Kosovo - DR. VJOSA OSMANI - SADRIU -\",\"breadcrumb\":{\"@id\":\"https:\/\/president-ksgov.net\/en\/president-issues-public-invitation-to-the-political-subjects-for-inclusion-in-the-dialogue-between-kosovo-and-serbia\/#breadcrumb\"},\"inLanguage\":\"en-US\",\"potentialAction\":[{\"@type\":\"ReadAction\",\"target\":[\"https:\/\/president-ksgov.net\/en\/president-issues-public-invitation-to-the-political-subjects-for-inclusion-in-the-dialogue-between-kosovo-and-serbia\/\"]}]},{\"@type\":\"ImageObject\",\"inLanguage\":\"en-US\",\"@id\":\"https:\/\/president-ksgov.net\/en\/president-issues-public-invitation-to-the-political-subjects-for-inclusion-in-the-dialogue-between-kosovo-and-serbia\/#primaryimage\",\"url\":\"https:\/\/president-ksgov.net\/wp-content\/uploads\/20_06_2018_4823320_20_06_2018_PresidentiThaci_KonferencePerMedia.jpg\",\"contentUrl\":\"https:\/\/president-ksgov.net\/wp-content\/uploads\/20_06_2018_4823320_20_06_2018_PresidentiThaci_KonferencePerMedia.jpg\",\"width\":2000,\"height\":1409},{\"@type\":\"BreadcrumbList\",\"@id\":\"https:\/\/president-ksgov.net\/en\/president-issues-public-invitation-to-the-political-subjects-for-inclusion-in-the-dialogue-between-kosovo-and-serbia\/#breadcrumb\",\"itemListElement\":[{\"@type\":\"ListItem\",\"position\":1,\"name\":\"Home\",\"item\":\"https:\/\/president-ksgov.net\/en\/\"},{\"@type\":\"ListItem\",\"position\":2,\"name\":\"President issues public invitation to the political subjects for inclusion in the dialogue between Kosovo and Serbia\"}]},{\"@type\":\"WebSite\",\"@id\":\"https:\/\/president-ksgov.net\/#website\",\"url\":\"https:\/\/president-ksgov.net\/\",\"name\":\"Presidente e Republik\u00ebs s\u00eb Kosov\u00ebs\",\"description\":\"Presidente e Republik\u00ebs s\u00eb Kosov\u00ebs\",\"alternateName\":\"DR. VJOSA OSMANI - SADRIU\",\"potentialAction\":[{\"@type\":\"SearchAction\",\"target\":{\"@type\":\"EntryPoint\",\"urlTemplate\":\"https:\/\/president-ksgov.net\/?s={search_term_string}\"},\"query-input\":{\"@type\":\"PropertyValueSpecification\",\"valueRequired\":true,\"valueName\":\"search_term_string\"}}],\"inLanguage\":\"en-US\"},{\"@type\":\"Person\",\"@id\":\"https:\/\/president-ksgov.net\/#\/schema\/person\/bb4337a5fb147cb2046d80548172cbee\",\"name\":\"admin\",\"image\":{\"@type\":\"ImageObject\",\"inLanguage\":\"en-US\",\"@id\":\"https:\/\/president-ksgov.net\/#\/schema\/person\/image\/\",\"url\":\"https:\/\/secure.gravatar.com\/avatar\/36156ca0fa3b8d9d25174f146e16beea0cf28f37adf1b9e19b6c9c279a7c9dd3?s=96&d=mm&r=g\",\"contentUrl\":\"https:\/\/secure.gravatar.com\/avatar\/36156ca0fa3b8d9d25174f146e16beea0cf28f37adf1b9e19b6c9c279a7c9dd3?s=96&d=mm&r=g\",\"caption\":\"admin\"},\"sameAs\":[\"https:\/\/president-ksgov.net\"]}]}<\/script>\n<!-- \/ Yoast SEO plugin. -->","yoast_head_json":{"title":"President issues public invitation to the political subjects for inclusion in the dialogue between Kosovo and Serbia - President of the Republic of Kosovo - DR. VJOSA OSMANI - SADRIU","description":"President issues public invitation to the political subjects for inclusion in the dialogue between Kosovo and Serbia - President of the Republic of Kosovo - DR. VJOSA OSMANI - SADRIU -","robots":{"index":"index","follow":"follow","max-snippet":"max-snippet:-1","max-image-preview":"max-image-preview:large","max-video-preview":"max-video-preview:-1"},"canonical":"https:\/\/president-ksgov.net\/en\/president-issues-public-invitation-to-the-political-subjects-for-inclusion-in-the-dialogue-between-kosovo-and-serbia\/","og_locale":"en_US","og_type":"article","og_title":"President issues public invitation to the political subjects for inclusion in the dialogue between Kosovo and Serbia - President of the Republic of Kosovo - DR. VJOSA OSMANI - SADRIU","og_description":"President issues public invitation to the political subjects for inclusion in the dialogue between Kosovo and Serbia - President of the Republic of Kosovo - DR. VJOSA OSMANI - SADRIU -","og_url":"https:\/\/president-ksgov.net\/en\/president-issues-public-invitation-to-the-political-subjects-for-inclusion-in-the-dialogue-between-kosovo-and-serbia\/","og_site_name":"President of the Republic of Kosovo - DR. VJOSA OSMANI - SADRIU","article_published_time":"2018-06-20T12:16:46+00:00","article_modified_time":"2023-03-07T09:29:03+00:00","og_image":[{"width":2000,"height":1409,"url":"https:\/\/president-ksgov.net\/wp-content\/uploads\/20_06_2018_4823320_20_06_2018_PresidentiThaci_KonferencePerMedia.jpg","type":"image\/jpeg"}],"author":"admin","twitter_card":"summary_large_image","twitter_misc":{"Written by":"admin","Est. reading time":"4 minutes"},"schema":{"@context":"https:\/\/schema.org","@graph":[{"@type":"WebPage","@id":"https:\/\/president-ksgov.net\/en\/president-issues-public-invitation-to-the-political-subjects-for-inclusion-in-the-dialogue-between-kosovo-and-serbia\/","url":"https:\/\/president-ksgov.net\/en\/president-issues-public-invitation-to-the-political-subjects-for-inclusion-in-the-dialogue-between-kosovo-and-serbia\/","name":"President issues public invitation to the political subjects for inclusion in the dialogue between Kosovo and Serbia - President of the Republic of Kosovo - DR. VJOSA OSMANI - SADRIU","isPartOf":{"@id":"https:\/\/president-ksgov.net\/#website"},"primaryImageOfPage":{"@id":"https:\/\/president-ksgov.net\/en\/president-issues-public-invitation-to-the-political-subjects-for-inclusion-in-the-dialogue-between-kosovo-and-serbia\/#primaryimage"},"image":{"@id":"https:\/\/president-ksgov.net\/en\/president-issues-public-invitation-to-the-political-subjects-for-inclusion-in-the-dialogue-between-kosovo-and-serbia\/#primaryimage"},"thumbnailUrl":"https:\/\/president-ksgov.net\/wp-content\/uploads\/20_06_2018_4823320_20_06_2018_PresidentiThaci_KonferencePerMedia.jpg","datePublished":"2018-06-20T12:16:46+00:00","dateModified":"2023-03-07T09:29:03+00:00","author":{"@id":"https:\/\/president-ksgov.net\/#\/schema\/person\/bb4337a5fb147cb2046d80548172cbee"},"description":"President issues public invitation to the political subjects for inclusion in the dialogue between Kosovo and Serbia - President of the Republic of Kosovo - DR. VJOSA OSMANI - SADRIU -","breadcrumb":{"@id":"https:\/\/president-ksgov.net\/en\/president-issues-public-invitation-to-the-political-subjects-for-inclusion-in-the-dialogue-between-kosovo-and-serbia\/#breadcrumb"},"inLanguage":"en-US","potentialAction":[{"@type":"ReadAction","target":["https:\/\/president-ksgov.net\/en\/president-issues-public-invitation-to-the-political-subjects-for-inclusion-in-the-dialogue-between-kosovo-and-serbia\/"]}]},{"@type":"ImageObject","inLanguage":"en-US","@id":"https:\/\/president-ksgov.net\/en\/president-issues-public-invitation-to-the-political-subjects-for-inclusion-in-the-dialogue-between-kosovo-and-serbia\/#primaryimage","url":"https:\/\/president-ksgov.net\/wp-content\/uploads\/20_06_2018_4823320_20_06_2018_PresidentiThaci_KonferencePerMedia.jpg","contentUrl":"https:\/\/president-ksgov.net\/wp-content\/uploads\/20_06_2018_4823320_20_06_2018_PresidentiThaci_KonferencePerMedia.jpg","width":2000,"height":1409},{"@type":"BreadcrumbList","@id":"https:\/\/president-ksgov.net\/en\/president-issues-public-invitation-to-the-political-subjects-for-inclusion-in-the-dialogue-between-kosovo-and-serbia\/#breadcrumb","itemListElement":[{"@type":"ListItem","position":1,"name":"Home","item":"https:\/\/president-ksgov.net\/en\/"},{"@type":"ListItem","position":2,"name":"President issues public invitation to the political subjects for inclusion in the dialogue between Kosovo and Serbia"}]},{"@type":"WebSite","@id":"https:\/\/president-ksgov.net\/#website","url":"https:\/\/president-ksgov.net\/","name":"Presidente e Republik\u00ebs s\u00eb Kosov\u00ebs","description":"Presidente e Republik\u00ebs s\u00eb Kosov\u00ebs","alternateName":"DR. VJOSA OSMANI - SADRIU","potentialAction":[{"@type":"SearchAction","target":{"@type":"EntryPoint","urlTemplate":"https:\/\/president-ksgov.net\/?s={search_term_string}"},"query-input":{"@type":"PropertyValueSpecification","valueRequired":true,"valueName":"search_term_string"}}],"inLanguage":"en-US"},{"@type":"Person","@id":"https:\/\/president-ksgov.net\/#\/schema\/person\/bb4337a5fb147cb2046d80548172cbee","name":"admin","image":{"@type":"ImageObject","inLanguage":"en-US","@id":"https:\/\/president-ksgov.net\/#\/schema\/person\/image\/","url":"https:\/\/secure.gravatar.com\/avatar\/36156ca0fa3b8d9d25174f146e16beea0cf28f37adf1b9e19b6c9c279a7c9dd3?s=96&d=mm&r=g","contentUrl":"https:\/\/secure.gravatar.com\/avatar\/36156ca0fa3b8d9d25174f146e16beea0cf28f37adf1b9e19b6c9c279a7c9dd3?s=96&d=mm&r=g","caption":"admin"},"sameAs":["https:\/\/president-ksgov.net"]}]}},"_links":{"self":[{"href":"https:\/\/president-ksgov.net\/en\/wp-json\/wp\/v2\/posts\/68209","targetHints":{"allow":["GET"]}}],"collection":[{"href":"https:\/\/president-ksgov.net\/en\/wp-json\/wp\/v2\/posts"}],"about":[{"href":"https:\/\/president-ksgov.net\/en\/wp-json\/wp\/v2\/types\/post"}],"author":[{"embeddable":true,"href":"https:\/\/president-ksgov.net\/en\/wp-json\/wp\/v2\/users\/1"}],"replies":[{"embeddable":true,"href":"https:\/\/president-ksgov.net\/en\/wp-json\/wp\/v2\/comments?post=68209"}],"version-history":[{"count":0,"href":"https:\/\/president-ksgov.net\/en\/wp-json\/wp\/v2\/posts\/68209\/revisions"}],"wp:featuredmedia":[{"embeddable":true,"href":"https:\/\/president-ksgov.net\/en\/wp-json\/wp\/v2\/media\/27012"}],"wp:attachment":[{"href":"https:\/\/president-ksgov.net\/en\/wp-json\/wp\/v2\/media?parent=68209"}],"wp:term":[{"taxonomy":"category","embeddable":true,"href":"https:\/\/president-ksgov.net\/en\/wp-json\/wp\/v2\/categories?post=68209"},{"taxonomy":"post_tag","embeddable":true,"href":"https:\/\/president-ksgov.net\/en\/wp-json\/wp\/v2\/tags?post=68209"}],"curies":[{"name":"wp","href":"https:\/\/api.w.org\/{rel}","templated":true}]}}