{"id":68208,"date":"2018-06-20T13:43:09","date_gmt":"2018-06-20T13:43:09","guid":{"rendered":"https:\/\/dev.president-ksgov.net\/president-thaci-kosovos-flag-will-wave-at-tarragona-spain\/"},"modified":"2023-03-07T09:29:03","modified_gmt":"2023-03-07T09:29:03","slug":"president-thaci-kosovos-flag-will-wave-at-tarragona-spain","status":"publish","type":"post","link":"https:\/\/president-ksgov.net\/en\/president-thaci-kosovos-flag-will-wave-at-tarragona-spain\/","title":{"rendered":"President Tha\u00e7i: Kosovo\u2019s flag will wave at Tarragona, Spain"},"content":{"rendered":"<p>Prishtina, June 20th  2018 \u2013 President of the Republic of Kosovo, Hashim Thaci, ceremonially has given the Flag of Kosovo to the Kosovo Olympic Team, which will for the very first time represent Kosovo at \u201cTarragona 2018\u201d Mediterranean Games, held in Tarragona, Spain.<\/p>\n<p>President Thaci said that the number of our sportsmen and women participating at international games is increasing constantly.<\/p>\n<p>\u201cFor the very first time we are officially being represented by 40 athletes, 13 trainers and 4 referees\u201d said President Thaci and added that \u201cfrom 4-5 previous representatives, we have reached 40, and the number shall certainly be larger next time\u201d.<\/p>\n<p>The head of state said that the Flag of the republic of Kosovo will wave at the opening and closing ceremony of these games.<\/p>\n<p>The symbol of our state will be elevated high by the number of their, our, victories\u201d, said President Thaci.<\/p>\n<p>The Chairman of the Kosovo Olympic Committee, Besim Hasani, said that beyond the pleasure at the receipt of the flag today, is the sense of pride that our flag will wave in Tarragona.<\/p>\n<p>\u201cThe athletes have worked hard for preparations and they will give their best during these games\u201d said Hasani.<\/p>\n<p>\u201cFrom the depth of our hearts we want to thank you for permanent support and we promise that will try to represent Kosovo in the most dignified manner and to raise the image of the Republic of Kosovo as high as possible\u201d.<\/p>\n<p>Speaking on behalf of the athletes, the multiple world champion in Judo, Majlinda Kelmendi, said that she feels well for the fact that a large number of athletes will participate at the Mediterranean games, compared to the number of participants in Rio Olympic Games.<\/p>\n<p>\u201cIt is an exceptional pleasure for me to accept the flag\u201d said Majlinda Kelmendi, and expressed her trust in the fact that our athletes will properly represent their state at their first Mediterranean Games\u201d.<\/p>\n<p>President Tha\u00e7i wished the best of luck to all the athletes competing at the \u201cTarragona 2018\u201d Mediterranean Games.<\/p>\n","protected":false},"excerpt":{"rendered":"<p>Prishtina, June 20th  2018 \u2013 President of the Republic of Kosovo, Hashim Thaci, ceremonially has given the Flag of Kosovo to the Kosovo Olympic Team, which will for the very first time represent Kosovo at \u201cTarragona 2018\u201d Mediterranean Games, held in Tarragona, Spain.<\/p>\n","protected":false},"author":1,"featured_media":26987,"comment_status":"open","ping_status":"closed","sticky":false,"template":"","format":"standard","meta":{"_eb_attr":"","footnotes":""},"categories":[111],"tags":[],"class_list":["post-68208","post","type-post","status-publish","format-standard","has-post-thumbnail","hentry","category-news"],"yoast_head":"<!-- This site is optimized with the Yoast SEO plugin v23.5 - https:\/\/yoast.com\/wordpress\/plugins\/seo\/ -->\n<title>President Tha\u00e7i: Kosovo\u2019s flag will wave at Tarragona, Spain - President of the Republic of Kosovo - DR. VJOSA OSMANI - SADRIU<\/title>\n<meta name=\"description\" content=\"President Tha\u00e7i: Kosovo\u2019s flag will wave at Tarragona, Spain - President of the Republic of Kosovo - DR. VJOSA OSMANI - SADRIU -\" \/>\n<meta name=\"robots\" content=\"index, follow, max-snippet:-1, max-image-preview:large, max-video-preview:-1\" \/>\n<link rel=\"canonical\" href=\"https:\/\/president-ksgov.net\/en\/president-thaci-kosovos-flag-will-wave-at-tarragona-spain\/\" \/>\n<meta property=\"og:locale\" content=\"en_US\" \/>\n<meta property=\"og:type\" content=\"article\" \/>\n<meta property=\"og:title\" content=\"President Tha\u00e7i: Kosovo\u2019s flag will wave at Tarragona, Spain - President of the Republic of Kosovo - DR. VJOSA OSMANI - SADRIU\" \/>\n<meta property=\"og:description\" content=\"President Tha\u00e7i: Kosovo\u2019s flag will wave at Tarragona, Spain - President of the Republic of Kosovo - DR. VJOSA OSMANI - SADRIU -\" \/>\n<meta property=\"og:url\" content=\"https:\/\/president-ksgov.net\/en\/president-thaci-kosovos-flag-will-wave-at-tarragona-spain\/\" \/>\n<meta property=\"og:site_name\" content=\"President of the Republic of Kosovo - DR. VJOSA OSMANI - SADRIU\" \/>\n<meta property=\"article:published_time\" content=\"2018-06-20T13:43:09+00:00\" \/>\n<meta property=\"article:modified_time\" content=\"2023-03-07T09:29:03+00:00\" \/>\n<meta property=\"og:image\" content=\"https:\/\/president-ksgov.net\/wp-content\/uploads\/20_06_2018_3787644_20_06_2018_PresidentiThaci_KomitetiOlimpikIKosoves_0.jpg\" \/>\n\t<meta property=\"og:image:width\" content=\"2000\" \/>\n\t<meta property=\"og:image:height\" content=\"1188\" \/>\n\t<meta property=\"og:image:type\" content=\"image\/jpeg\" \/>\n<meta name=\"author\" content=\"admin\" \/>\n<meta name=\"twitter:card\" content=\"summary_large_image\" \/>\n<meta name=\"twitter:label1\" content=\"Written by\" \/>\n\t<meta name=\"twitter:data1\" content=\"admin\" \/>\n\t<meta name=\"twitter:label2\" content=\"Est. reading time\" \/>\n\t<meta name=\"twitter:data2\" content=\"2 minutes\" \/>\n<script type=\"application\/ld+json\" class=\"yoast-schema-graph\">{\"@context\":\"https:\/\/schema.org\",\"@graph\":[{\"@type\":\"WebPage\",\"@id\":\"https:\/\/president-ksgov.net\/en\/president-thaci-kosovos-flag-will-wave-at-tarragona-spain\/\",\"url\":\"https:\/\/president-ksgov.net\/en\/president-thaci-kosovos-flag-will-wave-at-tarragona-spain\/\",\"name\":\"President Tha\u00e7i: Kosovo\u2019s flag will wave at Tarragona, Spain - President of the Republic of Kosovo - DR. VJOSA OSMANI - SADRIU\",\"isPartOf\":{\"@id\":\"https:\/\/president-ksgov.net\/#website\"},\"primaryImageOfPage\":{\"@id\":\"https:\/\/president-ksgov.net\/en\/president-thaci-kosovos-flag-will-wave-at-tarragona-spain\/#primaryimage\"},\"image\":{\"@id\":\"https:\/\/president-ksgov.net\/en\/president-thaci-kosovos-flag-will-wave-at-tarragona-spain\/#primaryimage\"},\"thumbnailUrl\":\"https:\/\/president-ksgov.net\/wp-content\/uploads\/20_06_2018_3787644_20_06_2018_PresidentiThaci_KomitetiOlimpikIKosoves_0.jpg\",\"datePublished\":\"2018-06-20T13:43:09+00:00\",\"dateModified\":\"2023-03-07T09:29:03+00:00\",\"author\":{\"@id\":\"https:\/\/president-ksgov.net\/#\/schema\/person\/bb4337a5fb147cb2046d80548172cbee\"},\"description\":\"President Tha\u00e7i: Kosovo\u2019s flag will wave at Tarragona, Spain - President of the Republic of Kosovo - DR. VJOSA OSMANI - SADRIU -\",\"breadcrumb\":{\"@id\":\"https:\/\/president-ksgov.net\/en\/president-thaci-kosovos-flag-will-wave-at-tarragona-spain\/#breadcrumb\"},\"inLanguage\":\"en-US\",\"potentialAction\":[{\"@type\":\"ReadAction\",\"target\":[\"https:\/\/president-ksgov.net\/en\/president-thaci-kosovos-flag-will-wave-at-tarragona-spain\/\"]}]},{\"@type\":\"ImageObject\",\"inLanguage\":\"en-US\",\"@id\":\"https:\/\/president-ksgov.net\/en\/president-thaci-kosovos-flag-will-wave-at-tarragona-spain\/#primaryimage\",\"url\":\"https:\/\/president-ksgov.net\/wp-content\/uploads\/20_06_2018_3787644_20_06_2018_PresidentiThaci_KomitetiOlimpikIKosoves_0.jpg\",\"contentUrl\":\"https:\/\/president-ksgov.net\/wp-content\/uploads\/20_06_2018_3787644_20_06_2018_PresidentiThaci_KomitetiOlimpikIKosoves_0.jpg\",\"width\":2000,\"height\":1188},{\"@type\":\"BreadcrumbList\",\"@id\":\"https:\/\/president-ksgov.net\/en\/president-thaci-kosovos-flag-will-wave-at-tarragona-spain\/#breadcrumb\",\"itemListElement\":[{\"@type\":\"ListItem\",\"position\":1,\"name\":\"Home\",\"item\":\"https:\/\/president-ksgov.net\/en\/\"},{\"@type\":\"ListItem\",\"position\":2,\"name\":\"President Tha\u00e7i: Kosovo\u2019s flag will wave at Tarragona, Spain\"}]},{\"@type\":\"WebSite\",\"@id\":\"https:\/\/president-ksgov.net\/#website\",\"url\":\"https:\/\/president-ksgov.net\/\",\"name\":\"Presidente e Republik\u00ebs s\u00eb Kosov\u00ebs\",\"description\":\"Presidente e Republik\u00ebs s\u00eb Kosov\u00ebs\",\"alternateName\":\"DR. VJOSA OSMANI - SADRIU\",\"potentialAction\":[{\"@type\":\"SearchAction\",\"target\":{\"@type\":\"EntryPoint\",\"urlTemplate\":\"https:\/\/president-ksgov.net\/?s={search_term_string}\"},\"query-input\":{\"@type\":\"PropertyValueSpecification\",\"valueRequired\":true,\"valueName\":\"search_term_string\"}}],\"inLanguage\":\"en-US\"},{\"@type\":\"Person\",\"@id\":\"https:\/\/president-ksgov.net\/#\/schema\/person\/bb4337a5fb147cb2046d80548172cbee\",\"name\":\"admin\",\"image\":{\"@type\":\"ImageObject\",\"inLanguage\":\"en-US\",\"@id\":\"https:\/\/president-ksgov.net\/#\/schema\/person\/image\/\",\"url\":\"https:\/\/secure.gravatar.com\/avatar\/36156ca0fa3b8d9d25174f146e16beea0cf28f37adf1b9e19b6c9c279a7c9dd3?s=96&d=mm&r=g\",\"contentUrl\":\"https:\/\/secure.gravatar.com\/avatar\/36156ca0fa3b8d9d25174f146e16beea0cf28f37adf1b9e19b6c9c279a7c9dd3?s=96&d=mm&r=g\",\"caption\":\"admin\"},\"sameAs\":[\"https:\/\/president-ksgov.net\"]}]}<\/script>\n<!-- \/ Yoast SEO plugin. -->","yoast_head_json":{"title":"President Tha\u00e7i: Kosovo\u2019s flag will wave at Tarragona, Spain - President of the Republic of Kosovo - DR. VJOSA OSMANI - SADRIU","description":"President Tha\u00e7i: Kosovo\u2019s flag will wave at Tarragona, Spain - President of the Republic of Kosovo - DR. VJOSA OSMANI - SADRIU -","robots":{"index":"index","follow":"follow","max-snippet":"max-snippet:-1","max-image-preview":"max-image-preview:large","max-video-preview":"max-video-preview:-1"},"canonical":"https:\/\/president-ksgov.net\/en\/president-thaci-kosovos-flag-will-wave-at-tarragona-spain\/","og_locale":"en_US","og_type":"article","og_title":"President Tha\u00e7i: Kosovo\u2019s flag will wave at Tarragona, Spain - President of the Republic of Kosovo - DR. VJOSA OSMANI - SADRIU","og_description":"President Tha\u00e7i: Kosovo\u2019s flag will wave at Tarragona, Spain - President of the Republic of Kosovo - DR. VJOSA OSMANI - SADRIU -","og_url":"https:\/\/president-ksgov.net\/en\/president-thaci-kosovos-flag-will-wave-at-tarragona-spain\/","og_site_name":"President of the Republic of Kosovo - DR. VJOSA OSMANI - SADRIU","article_published_time":"2018-06-20T13:43:09+00:00","article_modified_time":"2023-03-07T09:29:03+00:00","og_image":[{"width":2000,"height":1188,"url":"https:\/\/president-ksgov.net\/wp-content\/uploads\/20_06_2018_3787644_20_06_2018_PresidentiThaci_KomitetiOlimpikIKosoves_0.jpg","type":"image\/jpeg"}],"author":"admin","twitter_card":"summary_large_image","twitter_misc":{"Written by":"admin","Est. reading time":"2 minutes"},"schema":{"@context":"https:\/\/schema.org","@graph":[{"@type":"WebPage","@id":"https:\/\/president-ksgov.net\/en\/president-thaci-kosovos-flag-will-wave-at-tarragona-spain\/","url":"https:\/\/president-ksgov.net\/en\/president-thaci-kosovos-flag-will-wave-at-tarragona-spain\/","name":"President Tha\u00e7i: Kosovo\u2019s flag will wave at Tarragona, Spain - President of the Republic of Kosovo - DR. VJOSA OSMANI - SADRIU","isPartOf":{"@id":"https:\/\/president-ksgov.net\/#website"},"primaryImageOfPage":{"@id":"https:\/\/president-ksgov.net\/en\/president-thaci-kosovos-flag-will-wave-at-tarragona-spain\/#primaryimage"},"image":{"@id":"https:\/\/president-ksgov.net\/en\/president-thaci-kosovos-flag-will-wave-at-tarragona-spain\/#primaryimage"},"thumbnailUrl":"https:\/\/president-ksgov.net\/wp-content\/uploads\/20_06_2018_3787644_20_06_2018_PresidentiThaci_KomitetiOlimpikIKosoves_0.jpg","datePublished":"2018-06-20T13:43:09+00:00","dateModified":"2023-03-07T09:29:03+00:00","author":{"@id":"https:\/\/president-ksgov.net\/#\/schema\/person\/bb4337a5fb147cb2046d80548172cbee"},"description":"President Tha\u00e7i: Kosovo\u2019s flag will wave at Tarragona, Spain - President of the Republic of Kosovo - DR. VJOSA OSMANI - SADRIU -","breadcrumb":{"@id":"https:\/\/president-ksgov.net\/en\/president-thaci-kosovos-flag-will-wave-at-tarragona-spain\/#breadcrumb"},"inLanguage":"en-US","potentialAction":[{"@type":"ReadAction","target":["https:\/\/president-ksgov.net\/en\/president-thaci-kosovos-flag-will-wave-at-tarragona-spain\/"]}]},{"@type":"ImageObject","inLanguage":"en-US","@id":"https:\/\/president-ksgov.net\/en\/president-thaci-kosovos-flag-will-wave-at-tarragona-spain\/#primaryimage","url":"https:\/\/president-ksgov.net\/wp-content\/uploads\/20_06_2018_3787644_20_06_2018_PresidentiThaci_KomitetiOlimpikIKosoves_0.jpg","contentUrl":"https:\/\/president-ksgov.net\/wp-content\/uploads\/20_06_2018_3787644_20_06_2018_PresidentiThaci_KomitetiOlimpikIKosoves_0.jpg","width":2000,"height":1188},{"@type":"BreadcrumbList","@id":"https:\/\/president-ksgov.net\/en\/president-thaci-kosovos-flag-will-wave-at-tarragona-spain\/#breadcrumb","itemListElement":[{"@type":"ListItem","position":1,"name":"Home","item":"https:\/\/president-ksgov.net\/en\/"},{"@type":"ListItem","position":2,"name":"President Tha\u00e7i: Kosovo\u2019s flag will wave at Tarragona, Spain"}]},{"@type":"WebSite","@id":"https:\/\/president-ksgov.net\/#website","url":"https:\/\/president-ksgov.net\/","name":"Presidente e Republik\u00ebs s\u00eb Kosov\u00ebs","description":"Presidente e Republik\u00ebs s\u00eb Kosov\u00ebs","alternateName":"DR. VJOSA OSMANI - SADRIU","potentialAction":[{"@type":"SearchAction","target":{"@type":"EntryPoint","urlTemplate":"https:\/\/president-ksgov.net\/?s={search_term_string}"},"query-input":{"@type":"PropertyValueSpecification","valueRequired":true,"valueName":"search_term_string"}}],"inLanguage":"en-US"},{"@type":"Person","@id":"https:\/\/president-ksgov.net\/#\/schema\/person\/bb4337a5fb147cb2046d80548172cbee","name":"admin","image":{"@type":"ImageObject","inLanguage":"en-US","@id":"https:\/\/president-ksgov.net\/#\/schema\/person\/image\/","url":"https:\/\/secure.gravatar.com\/avatar\/36156ca0fa3b8d9d25174f146e16beea0cf28f37adf1b9e19b6c9c279a7c9dd3?s=96&d=mm&r=g","contentUrl":"https:\/\/secure.gravatar.com\/avatar\/36156ca0fa3b8d9d25174f146e16beea0cf28f37adf1b9e19b6c9c279a7c9dd3?s=96&d=mm&r=g","caption":"admin"},"sameAs":["https:\/\/president-ksgov.net"]}]}},"_links":{"self":[{"href":"https:\/\/president-ksgov.net\/en\/wp-json\/wp\/v2\/posts\/68208","targetHints":{"allow":["GET"]}}],"collection":[{"href":"https:\/\/president-ksgov.net\/en\/wp-json\/wp\/v2\/posts"}],"about":[{"href":"https:\/\/president-ksgov.net\/en\/wp-json\/wp\/v2\/types\/post"}],"author":[{"embeddable":true,"href":"https:\/\/president-ksgov.net\/en\/wp-json\/wp\/v2\/users\/1"}],"replies":[{"embeddable":true,"href":"https:\/\/president-ksgov.net\/en\/wp-json\/wp\/v2\/comments?post=68208"}],"version-history":[{"count":0,"href":"https:\/\/president-ksgov.net\/en\/wp-json\/wp\/v2\/posts\/68208\/revisions"}],"wp:featuredmedia":[{"embeddable":true,"href":"https:\/\/president-ksgov.net\/en\/wp-json\/wp\/v2\/media\/26987"}],"wp:attachment":[{"href":"https:\/\/president-ksgov.net\/en\/wp-json\/wp\/v2\/media?parent=68208"}],"wp:term":[{"taxonomy":"category","embeddable":true,"href":"https:\/\/president-ksgov.net\/en\/wp-json\/wp\/v2\/categories?post=68208"},{"taxonomy":"post_tag","embeddable":true,"href":"https:\/\/president-ksgov.net\/en\/wp-json\/wp\/v2\/tags?post=68208"}],"curies":[{"name":"wp","href":"https:\/\/api.w.org\/{rel}","templated":true}]}}