{"id":68168,"date":"2018-07-28T23:35:53","date_gmt":"2018-07-28T23:35:53","guid":{"rendered":"https:\/\/dev.president-ksgov.net\/full-speech-of-the-president-of-the-republic-of-kosovo-at-the-comemorative-ceremony-held-for-the-well-known-activist-adem-demaci\/"},"modified":"2023-03-07T09:28:38","modified_gmt":"2023-03-07T09:28:38","slug":"full-speech-of-the-president-of-the-republic-of-kosovo-at-the-comemorative-ceremony-held-for-the-well-known-activist-adem-demaci","status":"publish","type":"post","link":"https:\/\/president-ksgov.net\/en\/full-speech-of-the-president-of-the-republic-of-kosovo-at-the-comemorative-ceremony-held-for-the-well-known-activist-adem-demaci\/","title":{"rendered":"Full speech of the President of the Republic of Kosovo at the comemorative ceremony held for the well known activist Adem Dema\u00e7i"},"content":{"rendered":"<p>Honourable President of Albania, Mr. Ilir Meta,<\/p>\n<p>Honourable leaders and institutional leaders and institutional representatives of Albanians wherever they live,<\/p>\n<p>Honourable citizens of Kosovo,<\/p>\n<p>Fellow compatriots,<\/p>\n<p>Ladies and gentlemen,<\/p>\n<p>Kosovo is in mourning for the last two days,<\/p>\n<p>The Albanian world in sorrow.<\/p>\n<p>Today, on July 28th, the Albanian nation is physically being separated by Adem Dema\u00e7i, a colossus, who lived in abstinence for a greater aim, for the liberty and independence of Kosovo.<\/p>\n<p>Ksoovo and the whole Albanian world, is saying goodbye to Adem Demaci, an exceptional historic personality, with high intellectual, political, and national integrity.<\/p>\n<p>The world is saying goodbye to the Mandela of Europe.<\/p>\n<p>Adem Dema\u00e7i with all of his physical, mental, intellectual and moral being, lived for a single purpose:<\/p>\n<p>Liberation of Kosovo from Yugoslavia and Serbia.<\/p>\n<p>Adem Demaci sacrificed his youth, his talented soul, through spending 28 years in Yugoslav prisons, without succumbing or breaking even once. <\/p>\n<p>\u00a0<\/p>\n<p>Ladies and Gentlemen,<\/p>\n<p>The irony of fate and the magic of numbers show, that Adem Dema\u00e7i died the day before yesterday, on July 26th, leaving a huge emptiness in Kosovo\u2019s history.<\/p>\n<p>Of his 82 years, prior to the liberation of Kosovo, Adem Dema\u00e7i spent 26 years in handcuffs, for the love of fatherland.<\/p>\n<p>He never succumbed for 28 years in handcuffs.<\/p>\n<p>After his last release from prison, he lived for 28 years.<\/p>\n<p>Today, on the 28th of July, he is being buried with highest national and state honours.<\/p>\n<p>Adem Dema\u00e7i was and will remain our national conscience.<\/p>\n<p>The symbol of resistance.<\/p>\n<p>The number one prisoner of conscience in former Yugoslavia.<\/p>\n<p>The number one prisoner of conscience in Europe.<\/p>\n<p>\u00a0<\/p>\n<p>From a longingly missed for 28 years, he became an inspiration for all future generations who followed and embraced the ideal of freedom and the path of liberation.<\/p>\n<p>Ladies and Gentlemen,<\/p>\n<p>Adem Dema\u00e7i\u2019s life time ideal was the unification of Albanians.<\/p>\n<p>The main principle of his political philosophy was based on the fact that the first step towards freedom and liberation must be done by us ourselves.<\/p>\n<p>For this reason, the occurrences of 1968, 1981 and 1989, were all Adem Dema\u00e7i.<\/p>\n<p>Adem Dema\u00e7i was also the glorious war of the Kosovo Liberation Army.<\/p>\n<p>\u00a0<\/p>\n<p>Ladies and Gentlemen,<\/p>\n<p>Citizens of Kosovo,<\/p>\n<p>Through his resistance, Adem Dema\u00e7i became the symbol of philosophical, national and universal freedom.<\/p>\n<p>He dedicated all stages of his life to realization of liberty.<\/p>\n<p>His soul and his ideal were stronger than prison, the police, Serbian and Yugoslav armies.<\/p>\n<p>Despite long imprisonments, he remained a great man with a noble soul.<\/p>\n<p>A man who sacrificed for the liberty of his nation, Adem Demaci always radiated humanitarianism for his fellow human beings.<\/p>\n<p>Love towards other nations.<\/p>\n<p>Understanding and solidarity with those in danger.<\/p>\n<p>Pardoning and reconciliation instead of revenge.<\/p>\n<p>Peace and harmony between humans.<\/p>\n<p>For his courage and his engagement for the freedom of thought, he was awarded the \u201cSaharov\u201d Prize\u00a0 in 1991 by the European Parliament.<\/p>\n<p>He honoured our nation.<\/p>\n<p>We are proud and happy to have lived in the era of Adem Dema\u00e7i.<\/p>\n<p>We are proud that our nation gave to humanity humanitarian profiles of highest level such as Adem Dema\u00e7i- the man who dedicated his whole life to freedom.<\/p>\n<p>Ladies and gentlemen,<\/p>\n<p>Adem Dema\u00e7i was the greatest anti conformist ever produced by our political thought, culture and history.<\/p>\n<p>He was great when he spoke.<\/p>\n<p>He was great even when he would berate you.<\/p>\n<p>At the toughest moments in history he was the supporter, speaker and high political representative of the Kosovo Liberation Army. <\/p>\n<p>Adem Dema\u00e7i had gained the immunity of immortality, and that\u2019s why he did not leave Prishtina even in the days when the crimes and the genocide of the Serbian army and\u00a0 police forces were at its peak.<\/p>\n<p>\u00a0<\/p>\n<p>Adem Dema\u00e7i even after the liberation of Kosovo was an autonomous voice.<\/p>\n<p>A colossus of free thinking.<\/p>\n<p>Irreparable critic.<\/p>\n<p>Adem Dema\u00e7i was as modest as he was elitist.<\/p>\n<p>A through and through patriot with unlimited moral power.<\/p>\n<p>\u00a0<\/p>\n<p>Ladies and gentlemen,<\/p>\n<p>The name, the life and the works of Adem Dema\u00e7i have been transformed into a symbol with universal values:<\/p>\n<p>Physically imprisoned- spiritually free.<\/p>\n<p>A dialectician in mind- unbreakable in character.<\/p>\n<p>\u00a0<\/p>\n<p>An opponent of tyranny \u2013 the voice of the weak.<\/p>\n<p>Adem Dema\u00e7i with his sacrifice and dedication redefined the love for the fatherland and its freedom.<\/p>\n<p>With his dissidence and stubbornness he pushed the boundaries laid by other dissidents of the world.<\/p>\n<p>Adem Dema\u00e7i elevated the ideal of freedom to a point unreachable by anyone after him.<\/p>\n<p>May the earth of Kosovo be light upon him.<\/p>\n<p>Glory!<\/p>\n","protected":false},"excerpt":{"rendered":"<p>Honourable President of Albania, Mr. Ilir Meta, Honourable leaders and institutional leaders and institutional representatives of Albanians wherever they live, Honourable citizens of Kosovo, Fellow compatriots, Ladies and gentlemen, Kosovo is in mourning for the last two days, The Albanian world in sorrow. Today, on July 28th, the Albanian nation is physically being separated by Adem Dema\u00e7i, a colossus, who lived in abstinence for a greater aim, for the liberty and independence of Kosovo. Ksoovo and the whole Albanian world, is saying goodbye to Adem Demaci, an exceptional historic personality, with high intellectual, political, and national integrity. The world is saying goodbye to the Mandela of Europe. Adem Dema\u00e7i with all of his physical, mental, intellectual and moral being, lived for a single purpose: Liberation of Kosovo from Yugoslavia and Serbia. Adem Demaci sacrificed his youth, his talented soul, through spending 28 years in Yugoslav prisons, without succumbing or breaking even once. \u00a0 Ladies and Gentlemen, The irony of fate and the magic of numbers show, that Adem Dema\u00e7i died the day before yesterday, on July 26th, leaving a huge emptiness in Kosovo\u2019s history. Of his 82 years, prior to the liberation of Kosovo, Adem Dema\u00e7i spent 26 years in handcuffs, for the love of fatherland. He never succumbed for 28 years in handcuffs. After his last release from prison, he lived for 28 years. Today, on the 28th of July, he is being buried with highest national and state honours. Adem Dema\u00e7i was and will remain our national conscience. The symbol of resistance. The number one prisoner of conscience in former Yugoslavia. The number one prisoner of conscience in Europe. \u00a0 From a longingly missed for 28 years, he became an inspiration for all future generations who followed and embraced the ideal of freedom and the path of liberation. Ladies and Gentlemen, Adem Dema\u00e7i\u2019s life time ideal was the unification of Albanians. The main principle of his political philosophy was based on the fact that the first step towards freedom and liberation must be done by us ourselves. For this reason, the occurrences of 1968, 1981 and 1989, were all Adem Dema\u00e7i. Adem Dema\u00e7i was also the glorious war of the Kosovo Liberation Army. \u00a0 Ladies and Gentlemen, Citizens of Kosovo, Through his resistance, Adem Dema\u00e7i became the symbol of philosophical, national and universal freedom. He dedicated all stages of his life to realization of liberty. His soul and his ideal were stronger than prison, the police, Serbian and Yugoslav armies. Despite long imprisonments, he remained a great man with a noble soul. A man who sacrificed for the liberty of his nation, Adem Demaci always radiated humanitarianism for his fellow human beings. Love towards other nations. Understanding and solidarity with those in danger. Pardoning and reconciliation instead of revenge. Peace and harmony between humans. For his courage and his engagement for the freedom of thought, he was awarded the \u201cSaharov\u201d Prize\u00a0 in 1991 by the European Parliament. He honoured our nation. We are proud and happy to have lived in the era of Adem Dema\u00e7i. We are proud that our nation gave to humanity humanitarian profiles of highest level such as Adem Dema\u00e7i- the man who dedicated his whole life to freedom. Ladies and gentlemen, Adem Dema\u00e7i was the greatest anti conformist ever produced by our political thought, culture and history. He was great when he spoke. He was great even when he would berate you. At the toughest moments in history he was the supporter, speaker and high political representative of the Kosovo Liberation Army. Adem Dema\u00e7i had gained the immunity of immortality, and that\u2019s why he did not leave Prishtina even in the days when the crimes and the genocide of the Serbian army and\u00a0 police forces were at its peak. \u00a0 Adem Dema\u00e7i even after the liberation of Kosovo was an autonomous voice. A colossus of free thinking. Irreparable critic. Adem Dema\u00e7i was as modest as he was elitist. A through and through patriot with unlimited moral power. \u00a0 Ladies and gentlemen, The name, the life and the works of Adem Dema\u00e7i have been transformed into a symbol with universal values: Physically imprisoned- spiritually free. A dialectician in mind- unbreakable in character. \u00a0 An opponent of tyranny \u2013 the voice of the weak. Adem Dema\u00e7i with his sacrifice and dedication redefined the love for the fatherland and its freedom. With his dissidence and stubbornness he pushed the boundaries laid by other dissidents of the world. Adem Dema\u00e7i elevated the ideal of freedom to a point unreachable by anyone after him. May the earth of Kosovo be light upon him. Glory!<\/p>\n","protected":false},"author":1,"featured_media":26710,"comment_status":"open","ping_status":"closed","sticky":false,"template":"","format":"standard","meta":{"_eb_attr":"","footnotes":""},"categories":[105],"tags":[],"class_list":["post-68168","post","type-post","status-publish","format-standard","has-post-thumbnail","hentry","category-speeches"],"yoast_head":"<!-- This site is optimized with the Yoast SEO plugin v23.5 - https:\/\/yoast.com\/wordpress\/plugins\/seo\/ -->\n<title>Full speech of the President of the Republic of Kosovo at the comemorative ceremony held for the well known activist Adem Dema\u00e7i - President of the Republic of Kosovo - DR. VJOSA OSMANI - SADRIU<\/title>\n<meta name=\"description\" content=\"Full speech of the President of the Republic of Kosovo at the comemorative ceremony held for the well known activist Adem Dema\u00e7i - President of the Republic of Kosovo - DR. VJOSA OSMANI - SADRIU -\" \/>\n<meta name=\"robots\" content=\"index, follow, max-snippet:-1, max-image-preview:large, max-video-preview:-1\" \/>\n<link rel=\"canonical\" href=\"https:\/\/president-ksgov.net\/en\/full-speech-of-the-president-of-the-republic-of-kosovo-at-the-comemorative-ceremony-held-for-the-well-known-activist-adem-demaci\/\" \/>\n<meta property=\"og:locale\" content=\"en_US\" \/>\n<meta property=\"og:type\" content=\"article\" \/>\n<meta property=\"og:title\" content=\"Full speech of the President of the Republic of Kosovo at the comemorative ceremony held for the well known activist Adem Dema\u00e7i - President of the Republic of Kosovo - DR. VJOSA OSMANI - SADRIU\" \/>\n<meta property=\"og:description\" content=\"Full speech of the President of the Republic of Kosovo at the comemorative ceremony held for the well known activist Adem Dema\u00e7i - President of the Republic of Kosovo - DR. VJOSA OSMANI - SADRIU -\" \/>\n<meta property=\"og:url\" content=\"https:\/\/president-ksgov.net\/en\/full-speech-of-the-president-of-the-republic-of-kosovo-at-the-comemorative-ceremony-held-for-the-well-known-activist-adem-demaci\/\" \/>\n<meta property=\"og:site_name\" content=\"President of the Republic of Kosovo - DR. VJOSA OSMANI - SADRIU\" \/>\n<meta property=\"article:published_time\" content=\"2018-07-28T23:35:53+00:00\" \/>\n<meta property=\"article:modified_time\" content=\"2023-03-07T09:28:38+00:00\" \/>\n<meta property=\"og:image\" content=\"https:\/\/president-ksgov.net\/wp-content\/uploads\/04_08_2018_1163498_28_07_2018_1721065_PresidentiThaci_0.jpg\" \/>\n\t<meta property=\"og:image:width\" content=\"2000\" \/>\n\t<meta property=\"og:image:height\" content=\"1146\" \/>\n\t<meta property=\"og:image:type\" content=\"image\/jpeg\" \/>\n<meta name=\"author\" content=\"admin\" \/>\n<meta name=\"twitter:card\" content=\"summary_large_image\" \/>\n<meta name=\"twitter:label1\" content=\"Written by\" \/>\n\t<meta name=\"twitter:data1\" content=\"admin\" \/>\n\t<meta name=\"twitter:label2\" content=\"Est. reading time\" \/>\n\t<meta name=\"twitter:data2\" content=\"4 minutes\" \/>\n<script type=\"application\/ld+json\" class=\"yoast-schema-graph\">{\"@context\":\"https:\/\/schema.org\",\"@graph\":[{\"@type\":\"WebPage\",\"@id\":\"https:\/\/president-ksgov.net\/en\/full-speech-of-the-president-of-the-republic-of-kosovo-at-the-comemorative-ceremony-held-for-the-well-known-activist-adem-demaci\/\",\"url\":\"https:\/\/president-ksgov.net\/en\/full-speech-of-the-president-of-the-republic-of-kosovo-at-the-comemorative-ceremony-held-for-the-well-known-activist-adem-demaci\/\",\"name\":\"Full speech of the President of the Republic of Kosovo at the comemorative ceremony held for the well known activist Adem Dema\u00e7i - President of the Republic of Kosovo - DR. VJOSA OSMANI - SADRIU\",\"isPartOf\":{\"@id\":\"https:\/\/president-ksgov.net\/#website\"},\"primaryImageOfPage\":{\"@id\":\"https:\/\/president-ksgov.net\/en\/full-speech-of-the-president-of-the-republic-of-kosovo-at-the-comemorative-ceremony-held-for-the-well-known-activist-adem-demaci\/#primaryimage\"},\"image\":{\"@id\":\"https:\/\/president-ksgov.net\/en\/full-speech-of-the-president-of-the-republic-of-kosovo-at-the-comemorative-ceremony-held-for-the-well-known-activist-adem-demaci\/#primaryimage\"},\"thumbnailUrl\":\"https:\/\/president-ksgov.net\/wp-content\/uploads\/04_08_2018_1163498_28_07_2018_1721065_PresidentiThaci_0.jpg\",\"datePublished\":\"2018-07-28T23:35:53+00:00\",\"dateModified\":\"2023-03-07T09:28:38+00:00\",\"author\":{\"@id\":\"https:\/\/president-ksgov.net\/#\/schema\/person\/bb4337a5fb147cb2046d80548172cbee\"},\"description\":\"Full speech of the President of the Republic of Kosovo at the comemorative ceremony held for the well known activist Adem Dema\u00e7i - President of the Republic of Kosovo - DR. VJOSA OSMANI - SADRIU -\",\"breadcrumb\":{\"@id\":\"https:\/\/president-ksgov.net\/en\/full-speech-of-the-president-of-the-republic-of-kosovo-at-the-comemorative-ceremony-held-for-the-well-known-activist-adem-demaci\/#breadcrumb\"},\"inLanguage\":\"en-US\",\"potentialAction\":[{\"@type\":\"ReadAction\",\"target\":[\"https:\/\/president-ksgov.net\/en\/full-speech-of-the-president-of-the-republic-of-kosovo-at-the-comemorative-ceremony-held-for-the-well-known-activist-adem-demaci\/\"]}]},{\"@type\":\"ImageObject\",\"inLanguage\":\"en-US\",\"@id\":\"https:\/\/president-ksgov.net\/en\/full-speech-of-the-president-of-the-republic-of-kosovo-at-the-comemorative-ceremony-held-for-the-well-known-activist-adem-demaci\/#primaryimage\",\"url\":\"https:\/\/president-ksgov.net\/wp-content\/uploads\/04_08_2018_1163498_28_07_2018_1721065_PresidentiThaci_0.jpg\",\"contentUrl\":\"https:\/\/president-ksgov.net\/wp-content\/uploads\/04_08_2018_1163498_28_07_2018_1721065_PresidentiThaci_0.jpg\",\"width\":2000,\"height\":1146},{\"@type\":\"BreadcrumbList\",\"@id\":\"https:\/\/president-ksgov.net\/en\/full-speech-of-the-president-of-the-republic-of-kosovo-at-the-comemorative-ceremony-held-for-the-well-known-activist-adem-demaci\/#breadcrumb\",\"itemListElement\":[{\"@type\":\"ListItem\",\"position\":1,\"name\":\"Home\",\"item\":\"https:\/\/president-ksgov.net\/en\/\"},{\"@type\":\"ListItem\",\"position\":2,\"name\":\"Full speech of the President of the Republic of Kosovo at the comemorative ceremony held for the well known activist Adem Dema\u00e7i\"}]},{\"@type\":\"WebSite\",\"@id\":\"https:\/\/president-ksgov.net\/#website\",\"url\":\"https:\/\/president-ksgov.net\/\",\"name\":\"Presidente e Republik\u00ebs s\u00eb Kosov\u00ebs\",\"description\":\"Presidente e Republik\u00ebs s\u00eb Kosov\u00ebs\",\"alternateName\":\"DR. VJOSA OSMANI - SADRIU\",\"potentialAction\":[{\"@type\":\"SearchAction\",\"target\":{\"@type\":\"EntryPoint\",\"urlTemplate\":\"https:\/\/president-ksgov.net\/?s={search_term_string}\"},\"query-input\":{\"@type\":\"PropertyValueSpecification\",\"valueRequired\":true,\"valueName\":\"search_term_string\"}}],\"inLanguage\":\"en-US\"},{\"@type\":\"Person\",\"@id\":\"https:\/\/president-ksgov.net\/#\/schema\/person\/bb4337a5fb147cb2046d80548172cbee\",\"name\":\"admin\",\"image\":{\"@type\":\"ImageObject\",\"inLanguage\":\"en-US\",\"@id\":\"https:\/\/president-ksgov.net\/#\/schema\/person\/image\/\",\"url\":\"https:\/\/secure.gravatar.com\/avatar\/36156ca0fa3b8d9d25174f146e16beea0cf28f37adf1b9e19b6c9c279a7c9dd3?s=96&d=mm&r=g\",\"contentUrl\":\"https:\/\/secure.gravatar.com\/avatar\/36156ca0fa3b8d9d25174f146e16beea0cf28f37adf1b9e19b6c9c279a7c9dd3?s=96&d=mm&r=g\",\"caption\":\"admin\"},\"sameAs\":[\"https:\/\/president-ksgov.net\"]}]}<\/script>\n<!-- \/ Yoast SEO plugin. -->","yoast_head_json":{"title":"Full speech of the President of the Republic of Kosovo at the comemorative ceremony held for the well known activist Adem Dema\u00e7i - President of the Republic of Kosovo - DR. VJOSA OSMANI - SADRIU","description":"Full speech of the President of the Republic of Kosovo at the comemorative ceremony held for the well known activist Adem Dema\u00e7i - President of the Republic of Kosovo - DR. VJOSA OSMANI - SADRIU -","robots":{"index":"index","follow":"follow","max-snippet":"max-snippet:-1","max-image-preview":"max-image-preview:large","max-video-preview":"max-video-preview:-1"},"canonical":"https:\/\/president-ksgov.net\/en\/full-speech-of-the-president-of-the-republic-of-kosovo-at-the-comemorative-ceremony-held-for-the-well-known-activist-adem-demaci\/","og_locale":"en_US","og_type":"article","og_title":"Full speech of the President of the Republic of Kosovo at the comemorative ceremony held for the well known activist Adem Dema\u00e7i - President of the Republic of Kosovo - DR. VJOSA OSMANI - SADRIU","og_description":"Full speech of the President of the Republic of Kosovo at the comemorative ceremony held for the well known activist Adem Dema\u00e7i - President of the Republic of Kosovo - DR. VJOSA OSMANI - SADRIU -","og_url":"https:\/\/president-ksgov.net\/en\/full-speech-of-the-president-of-the-republic-of-kosovo-at-the-comemorative-ceremony-held-for-the-well-known-activist-adem-demaci\/","og_site_name":"President of the Republic of Kosovo - DR. VJOSA OSMANI - SADRIU","article_published_time":"2018-07-28T23:35:53+00:00","article_modified_time":"2023-03-07T09:28:38+00:00","og_image":[{"width":2000,"height":1146,"url":"https:\/\/president-ksgov.net\/wp-content\/uploads\/04_08_2018_1163498_28_07_2018_1721065_PresidentiThaci_0.jpg","type":"image\/jpeg"}],"author":"admin","twitter_card":"summary_large_image","twitter_misc":{"Written by":"admin","Est. reading time":"4 minutes"},"schema":{"@context":"https:\/\/schema.org","@graph":[{"@type":"WebPage","@id":"https:\/\/president-ksgov.net\/en\/full-speech-of-the-president-of-the-republic-of-kosovo-at-the-comemorative-ceremony-held-for-the-well-known-activist-adem-demaci\/","url":"https:\/\/president-ksgov.net\/en\/full-speech-of-the-president-of-the-republic-of-kosovo-at-the-comemorative-ceremony-held-for-the-well-known-activist-adem-demaci\/","name":"Full speech of the President of the Republic of Kosovo at the comemorative ceremony held for the well known activist Adem Dema\u00e7i - President of the Republic of Kosovo - DR. VJOSA OSMANI - SADRIU","isPartOf":{"@id":"https:\/\/president-ksgov.net\/#website"},"primaryImageOfPage":{"@id":"https:\/\/president-ksgov.net\/en\/full-speech-of-the-president-of-the-republic-of-kosovo-at-the-comemorative-ceremony-held-for-the-well-known-activist-adem-demaci\/#primaryimage"},"image":{"@id":"https:\/\/president-ksgov.net\/en\/full-speech-of-the-president-of-the-republic-of-kosovo-at-the-comemorative-ceremony-held-for-the-well-known-activist-adem-demaci\/#primaryimage"},"thumbnailUrl":"https:\/\/president-ksgov.net\/wp-content\/uploads\/04_08_2018_1163498_28_07_2018_1721065_PresidentiThaci_0.jpg","datePublished":"2018-07-28T23:35:53+00:00","dateModified":"2023-03-07T09:28:38+00:00","author":{"@id":"https:\/\/president-ksgov.net\/#\/schema\/person\/bb4337a5fb147cb2046d80548172cbee"},"description":"Full speech of the President of the Republic of Kosovo at the comemorative ceremony held for the well known activist Adem Dema\u00e7i - President of the Republic of Kosovo - DR. VJOSA OSMANI - SADRIU -","breadcrumb":{"@id":"https:\/\/president-ksgov.net\/en\/full-speech-of-the-president-of-the-republic-of-kosovo-at-the-comemorative-ceremony-held-for-the-well-known-activist-adem-demaci\/#breadcrumb"},"inLanguage":"en-US","potentialAction":[{"@type":"ReadAction","target":["https:\/\/president-ksgov.net\/en\/full-speech-of-the-president-of-the-republic-of-kosovo-at-the-comemorative-ceremony-held-for-the-well-known-activist-adem-demaci\/"]}]},{"@type":"ImageObject","inLanguage":"en-US","@id":"https:\/\/president-ksgov.net\/en\/full-speech-of-the-president-of-the-republic-of-kosovo-at-the-comemorative-ceremony-held-for-the-well-known-activist-adem-demaci\/#primaryimage","url":"https:\/\/president-ksgov.net\/wp-content\/uploads\/04_08_2018_1163498_28_07_2018_1721065_PresidentiThaci_0.jpg","contentUrl":"https:\/\/president-ksgov.net\/wp-content\/uploads\/04_08_2018_1163498_28_07_2018_1721065_PresidentiThaci_0.jpg","width":2000,"height":1146},{"@type":"BreadcrumbList","@id":"https:\/\/president-ksgov.net\/en\/full-speech-of-the-president-of-the-republic-of-kosovo-at-the-comemorative-ceremony-held-for-the-well-known-activist-adem-demaci\/#breadcrumb","itemListElement":[{"@type":"ListItem","position":1,"name":"Home","item":"https:\/\/president-ksgov.net\/en\/"},{"@type":"ListItem","position":2,"name":"Full speech of the President of the Republic of Kosovo at the comemorative ceremony held for the well known activist Adem Dema\u00e7i"}]},{"@type":"WebSite","@id":"https:\/\/president-ksgov.net\/#website","url":"https:\/\/president-ksgov.net\/","name":"Presidente e Republik\u00ebs s\u00eb Kosov\u00ebs","description":"Presidente e Republik\u00ebs s\u00eb Kosov\u00ebs","alternateName":"DR. VJOSA OSMANI - SADRIU","potentialAction":[{"@type":"SearchAction","target":{"@type":"EntryPoint","urlTemplate":"https:\/\/president-ksgov.net\/?s={search_term_string}"},"query-input":{"@type":"PropertyValueSpecification","valueRequired":true,"valueName":"search_term_string"}}],"inLanguage":"en-US"},{"@type":"Person","@id":"https:\/\/president-ksgov.net\/#\/schema\/person\/bb4337a5fb147cb2046d80548172cbee","name":"admin","image":{"@type":"ImageObject","inLanguage":"en-US","@id":"https:\/\/president-ksgov.net\/#\/schema\/person\/image\/","url":"https:\/\/secure.gravatar.com\/avatar\/36156ca0fa3b8d9d25174f146e16beea0cf28f37adf1b9e19b6c9c279a7c9dd3?s=96&d=mm&r=g","contentUrl":"https:\/\/secure.gravatar.com\/avatar\/36156ca0fa3b8d9d25174f146e16beea0cf28f37adf1b9e19b6c9c279a7c9dd3?s=96&d=mm&r=g","caption":"admin"},"sameAs":["https:\/\/president-ksgov.net"]}]}},"_links":{"self":[{"href":"https:\/\/president-ksgov.net\/en\/wp-json\/wp\/v2\/posts\/68168","targetHints":{"allow":["GET"]}}],"collection":[{"href":"https:\/\/president-ksgov.net\/en\/wp-json\/wp\/v2\/posts"}],"about":[{"href":"https:\/\/president-ksgov.net\/en\/wp-json\/wp\/v2\/types\/post"}],"author":[{"embeddable":true,"href":"https:\/\/president-ksgov.net\/en\/wp-json\/wp\/v2\/users\/1"}],"replies":[{"embeddable":true,"href":"https:\/\/president-ksgov.net\/en\/wp-json\/wp\/v2\/comments?post=68168"}],"version-history":[{"count":0,"href":"https:\/\/president-ksgov.net\/en\/wp-json\/wp\/v2\/posts\/68168\/revisions"}],"wp:featuredmedia":[{"embeddable":true,"href":"https:\/\/president-ksgov.net\/en\/wp-json\/wp\/v2\/media\/26710"}],"wp:attachment":[{"href":"https:\/\/president-ksgov.net\/en\/wp-json\/wp\/v2\/media?parent=68168"}],"wp:term":[{"taxonomy":"category","embeddable":true,"href":"https:\/\/president-ksgov.net\/en\/wp-json\/wp\/v2\/categories?post=68168"},{"taxonomy":"post_tag","embeddable":true,"href":"https:\/\/president-ksgov.net\/en\/wp-json\/wp\/v2\/tags?post=68168"}],"curies":[{"name":"wp","href":"https:\/\/api.w.org\/{rel}","templated":true}]}}