{"id":68004,"date":"2019-03-12T19:30:10","date_gmt":"2019-03-12T19:30:10","guid":{"rendered":"https:\/\/dev.president-ksgov.net\/president-thaci-thanks-the-world-jewish-congress-for-the-admission-of-the-jewish-community-of-kosovo\/"},"modified":"2023-03-07T09:24:13","modified_gmt":"2023-03-07T09:24:13","slug":"president-thaci-thanks-the-world-jewish-congress-for-the-admission-of-the-jewish-community-of-kosovo","status":"publish","type":"post","link":"https:\/\/president-ksgov.net\/en\/president-thaci-thanks-the-world-jewish-congress-for-the-admission-of-the-jewish-community-of-kosovo\/","title":{"rendered":"President Tha\u00e7i thanks the World Jewish Congress for the admission of the Jewish Community of Kosovo"},"content":{"rendered":"<p>Prishtina, March 12, 2019 \u2013 The President of the Republic of Kosovo, Hashim Tha\u00e7i, received today the Chief Executive Officer of the World Jewish Congress, Robert Singer, accompanied by Votim Demiri, the President of the Jewish Community of Kosovo, with whom he talked about the cooperation between Kosovo and the World Jewish Congress.<\/p>\n<p>President Tha\u00e7i said that Kosovo is grateful for the help and support that the state of Israel has given to the citizens of Kosovo, especially in 1998 and 1999.<\/p>\n<p>\u201cOur friendship has roots deep in history and in similar fates we have had as people\u201d, stated President Tha\u00e7i, thanking them for the decision for the Jewish Community of Kosovo to become part of the World Jewish Congress.<\/p>\n<p>The Hebrew World Congress Officer, Robert Singer, stressed that the Jewish people does not forget the help of the Albanian people for the Jewish people.<\/p>\n<p>He added that the new state of Kosovo has much potentials.<\/p>\n<p>\u201cYou are situated in a sensitive region and the determination for peace and harmony among religions is admirable\u201d, said Singer.<\/p>\n<p>President Tha\u00e7i emphasized that Kosovo is an example of tolerance among peoples, religions and cultures.<\/p>\n<p>\u201cTolerance and coexistence are our values\u201d, noted President Tha\u00e7i, adding that Kosovo is the home of all its communities.<\/p>\n","protected":false},"excerpt":{"rendered":"<p>Prishtina, March 12, 2019 \u2013 The President of the Republic of Kosovo, Hashim Tha\u00e7i, received today the Chief Executive Officer of the World Jewish Congress, Robert Singer, accompanied by Votim Demiri, the President of the Jewish Community of Kosovo, with whom he talked about the cooperation between Kosovo and the World Jewish Congress.<\/p>\n","protected":false},"author":1,"featured_media":25469,"comment_status":"open","ping_status":"closed","sticky":false,"template":"","format":"standard","meta":{"_eb_attr":"","footnotes":""},"categories":[111],"tags":[],"class_list":["post-68004","post","type-post","status-publish","format-standard","has-post-thumbnail","hentry","category-news"],"yoast_head":"<!-- This site is optimized with the Yoast SEO plugin v23.5 - https:\/\/yoast.com\/wordpress\/plugins\/seo\/ -->\n<title>President Tha\u00e7i thanks the World Jewish Congress for the admission of the Jewish Community of Kosovo - President of the Republic of Kosovo - DR. VJOSA OSMANI - SADRIU<\/title>\n<meta name=\"description\" content=\"President Tha\u00e7i thanks the World Jewish Congress for the admission of the Jewish Community of Kosovo - President of the Republic of Kosovo - DR. VJOSA OSMANI - SADRIU -\" \/>\n<meta name=\"robots\" content=\"index, follow, max-snippet:-1, max-image-preview:large, max-video-preview:-1\" \/>\n<link rel=\"canonical\" href=\"https:\/\/president-ksgov.net\/en\/president-thaci-thanks-the-world-jewish-congress-for-the-admission-of-the-jewish-community-of-kosovo\/\" \/>\n<meta property=\"og:locale\" content=\"en_US\" \/>\n<meta property=\"og:type\" content=\"article\" \/>\n<meta property=\"og:title\" content=\"President Tha\u00e7i thanks the World Jewish Congress for the admission of the Jewish Community of Kosovo - President of the Republic of Kosovo - DR. VJOSA OSMANI - SADRIU\" \/>\n<meta property=\"og:description\" content=\"President Tha\u00e7i thanks the World Jewish Congress for the admission of the Jewish Community of Kosovo - President of the Republic of Kosovo - DR. VJOSA OSMANI - SADRIU -\" \/>\n<meta property=\"og:url\" content=\"https:\/\/president-ksgov.net\/en\/president-thaci-thanks-the-world-jewish-congress-for-the-admission-of-the-jewish-community-of-kosovo\/\" \/>\n<meta property=\"og:site_name\" content=\"President of the Republic of Kosovo - DR. VJOSA OSMANI - SADRIU\" \/>\n<meta property=\"article:published_time\" content=\"2019-03-12T19:30:10+00:00\" \/>\n<meta property=\"article:modified_time\" content=\"2023-03-07T09:24:13+00:00\" \/>\n<meta property=\"og:image\" content=\"https:\/\/president-ksgov.net\/wp-content\/uploads\/12_03_2019_6225367_Presidenti_Thaci_falenderon_Kongresin_Boteror_te_Hebrenjve_per_pranimin_e_Bashkesise_Hebraike_te_Kosoves_1.jpg\" \/>\n\t<meta property=\"og:image:width\" content=\"1280\" \/>\n\t<meta property=\"og:image:height\" content=\"853\" \/>\n\t<meta property=\"og:image:type\" content=\"image\/jpeg\" \/>\n<meta name=\"author\" content=\"admin\" \/>\n<meta name=\"twitter:card\" content=\"summary_large_image\" \/>\n<meta name=\"twitter:label1\" content=\"Written by\" \/>\n\t<meta name=\"twitter:data1\" content=\"admin\" \/>\n\t<meta name=\"twitter:label2\" content=\"Est. reading time\" \/>\n\t<meta name=\"twitter:data2\" content=\"1 minute\" \/>\n<script type=\"application\/ld+json\" class=\"yoast-schema-graph\">{\"@context\":\"https:\/\/schema.org\",\"@graph\":[{\"@type\":\"WebPage\",\"@id\":\"https:\/\/president-ksgov.net\/en\/president-thaci-thanks-the-world-jewish-congress-for-the-admission-of-the-jewish-community-of-kosovo\/\",\"url\":\"https:\/\/president-ksgov.net\/en\/president-thaci-thanks-the-world-jewish-congress-for-the-admission-of-the-jewish-community-of-kosovo\/\",\"name\":\"President Tha\u00e7i thanks the World Jewish Congress for the admission of the Jewish Community of Kosovo - President of the Republic of Kosovo - DR. VJOSA OSMANI - SADRIU\",\"isPartOf\":{\"@id\":\"https:\/\/president-ksgov.net\/#website\"},\"primaryImageOfPage\":{\"@id\":\"https:\/\/president-ksgov.net\/en\/president-thaci-thanks-the-world-jewish-congress-for-the-admission-of-the-jewish-community-of-kosovo\/#primaryimage\"},\"image\":{\"@id\":\"https:\/\/president-ksgov.net\/en\/president-thaci-thanks-the-world-jewish-congress-for-the-admission-of-the-jewish-community-of-kosovo\/#primaryimage\"},\"thumbnailUrl\":\"https:\/\/president-ksgov.net\/wp-content\/uploads\/12_03_2019_6225367_Presidenti_Thaci_falenderon_Kongresin_Boteror_te_Hebrenjve_per_pranimin_e_Bashkesise_Hebraike_te_Kosoves_1.jpg\",\"datePublished\":\"2019-03-12T19:30:10+00:00\",\"dateModified\":\"2023-03-07T09:24:13+00:00\",\"author\":{\"@id\":\"https:\/\/president-ksgov.net\/#\/schema\/person\/bb4337a5fb147cb2046d80548172cbee\"},\"description\":\"President Tha\u00e7i thanks the World Jewish Congress for the admission of the Jewish Community of Kosovo - President of the Republic of Kosovo - DR. VJOSA OSMANI - SADRIU -\",\"breadcrumb\":{\"@id\":\"https:\/\/president-ksgov.net\/en\/president-thaci-thanks-the-world-jewish-congress-for-the-admission-of-the-jewish-community-of-kosovo\/#breadcrumb\"},\"inLanguage\":\"en-US\",\"potentialAction\":[{\"@type\":\"ReadAction\",\"target\":[\"https:\/\/president-ksgov.net\/en\/president-thaci-thanks-the-world-jewish-congress-for-the-admission-of-the-jewish-community-of-kosovo\/\"]}]},{\"@type\":\"ImageObject\",\"inLanguage\":\"en-US\",\"@id\":\"https:\/\/president-ksgov.net\/en\/president-thaci-thanks-the-world-jewish-congress-for-the-admission-of-the-jewish-community-of-kosovo\/#primaryimage\",\"url\":\"https:\/\/president-ksgov.net\/wp-content\/uploads\/12_03_2019_6225367_Presidenti_Thaci_falenderon_Kongresin_Boteror_te_Hebrenjve_per_pranimin_e_Bashkesise_Hebraike_te_Kosoves_1.jpg\",\"contentUrl\":\"https:\/\/president-ksgov.net\/wp-content\/uploads\/12_03_2019_6225367_Presidenti_Thaci_falenderon_Kongresin_Boteror_te_Hebrenjve_per_pranimin_e_Bashkesise_Hebraike_te_Kosoves_1.jpg\",\"width\":1280,\"height\":853},{\"@type\":\"BreadcrumbList\",\"@id\":\"https:\/\/president-ksgov.net\/en\/president-thaci-thanks-the-world-jewish-congress-for-the-admission-of-the-jewish-community-of-kosovo\/#breadcrumb\",\"itemListElement\":[{\"@type\":\"ListItem\",\"position\":1,\"name\":\"Home\",\"item\":\"https:\/\/president-ksgov.net\/en\/\"},{\"@type\":\"ListItem\",\"position\":2,\"name\":\"President Tha\u00e7i thanks the World Jewish Congress for the admission of the Jewish Community of Kosovo\"}]},{\"@type\":\"WebSite\",\"@id\":\"https:\/\/president-ksgov.net\/#website\",\"url\":\"https:\/\/president-ksgov.net\/\",\"name\":\"Presidente e Republik\u00ebs s\u00eb Kosov\u00ebs\",\"description\":\"Presidente e Republik\u00ebs s\u00eb Kosov\u00ebs\",\"alternateName\":\"DR. VJOSA OSMANI - SADRIU\",\"potentialAction\":[{\"@type\":\"SearchAction\",\"target\":{\"@type\":\"EntryPoint\",\"urlTemplate\":\"https:\/\/president-ksgov.net\/?s={search_term_string}\"},\"query-input\":{\"@type\":\"PropertyValueSpecification\",\"valueRequired\":true,\"valueName\":\"search_term_string\"}}],\"inLanguage\":\"en-US\"},{\"@type\":\"Person\",\"@id\":\"https:\/\/president-ksgov.net\/#\/schema\/person\/bb4337a5fb147cb2046d80548172cbee\",\"name\":\"admin\",\"image\":{\"@type\":\"ImageObject\",\"inLanguage\":\"en-US\",\"@id\":\"https:\/\/president-ksgov.net\/#\/schema\/person\/image\/\",\"url\":\"https:\/\/secure.gravatar.com\/avatar\/36156ca0fa3b8d9d25174f146e16beea0cf28f37adf1b9e19b6c9c279a7c9dd3?s=96&d=mm&r=g\",\"contentUrl\":\"https:\/\/secure.gravatar.com\/avatar\/36156ca0fa3b8d9d25174f146e16beea0cf28f37adf1b9e19b6c9c279a7c9dd3?s=96&d=mm&r=g\",\"caption\":\"admin\"},\"sameAs\":[\"https:\/\/president-ksgov.net\"]}]}<\/script>\n<!-- \/ Yoast SEO plugin. -->","yoast_head_json":{"title":"President Tha\u00e7i thanks the World Jewish Congress for the admission of the Jewish Community of Kosovo - President of the Republic of Kosovo - DR. VJOSA OSMANI - SADRIU","description":"President Tha\u00e7i thanks the World Jewish Congress for the admission of the Jewish Community of Kosovo - President of the Republic of Kosovo - DR. VJOSA OSMANI - SADRIU -","robots":{"index":"index","follow":"follow","max-snippet":"max-snippet:-1","max-image-preview":"max-image-preview:large","max-video-preview":"max-video-preview:-1"},"canonical":"https:\/\/president-ksgov.net\/en\/president-thaci-thanks-the-world-jewish-congress-for-the-admission-of-the-jewish-community-of-kosovo\/","og_locale":"en_US","og_type":"article","og_title":"President Tha\u00e7i thanks the World Jewish Congress for the admission of the Jewish Community of Kosovo - President of the Republic of Kosovo - DR. VJOSA OSMANI - SADRIU","og_description":"President Tha\u00e7i thanks the World Jewish Congress for the admission of the Jewish Community of Kosovo - President of the Republic of Kosovo - DR. VJOSA OSMANI - SADRIU -","og_url":"https:\/\/president-ksgov.net\/en\/president-thaci-thanks-the-world-jewish-congress-for-the-admission-of-the-jewish-community-of-kosovo\/","og_site_name":"President of the Republic of Kosovo - DR. VJOSA OSMANI - SADRIU","article_published_time":"2019-03-12T19:30:10+00:00","article_modified_time":"2023-03-07T09:24:13+00:00","og_image":[{"width":1280,"height":853,"url":"https:\/\/president-ksgov.net\/wp-content\/uploads\/12_03_2019_6225367_Presidenti_Thaci_falenderon_Kongresin_Boteror_te_Hebrenjve_per_pranimin_e_Bashkesise_Hebraike_te_Kosoves_1.jpg","type":"image\/jpeg"}],"author":"admin","twitter_card":"summary_large_image","twitter_misc":{"Written by":"admin","Est. reading time":"1 minute"},"schema":{"@context":"https:\/\/schema.org","@graph":[{"@type":"WebPage","@id":"https:\/\/president-ksgov.net\/en\/president-thaci-thanks-the-world-jewish-congress-for-the-admission-of-the-jewish-community-of-kosovo\/","url":"https:\/\/president-ksgov.net\/en\/president-thaci-thanks-the-world-jewish-congress-for-the-admission-of-the-jewish-community-of-kosovo\/","name":"President Tha\u00e7i thanks the World Jewish Congress for the admission of the Jewish Community of Kosovo - President of the Republic of Kosovo - DR. VJOSA OSMANI - SADRIU","isPartOf":{"@id":"https:\/\/president-ksgov.net\/#website"},"primaryImageOfPage":{"@id":"https:\/\/president-ksgov.net\/en\/president-thaci-thanks-the-world-jewish-congress-for-the-admission-of-the-jewish-community-of-kosovo\/#primaryimage"},"image":{"@id":"https:\/\/president-ksgov.net\/en\/president-thaci-thanks-the-world-jewish-congress-for-the-admission-of-the-jewish-community-of-kosovo\/#primaryimage"},"thumbnailUrl":"https:\/\/president-ksgov.net\/wp-content\/uploads\/12_03_2019_6225367_Presidenti_Thaci_falenderon_Kongresin_Boteror_te_Hebrenjve_per_pranimin_e_Bashkesise_Hebraike_te_Kosoves_1.jpg","datePublished":"2019-03-12T19:30:10+00:00","dateModified":"2023-03-07T09:24:13+00:00","author":{"@id":"https:\/\/president-ksgov.net\/#\/schema\/person\/bb4337a5fb147cb2046d80548172cbee"},"description":"President Tha\u00e7i thanks the World Jewish Congress for the admission of the Jewish Community of Kosovo - President of the Republic of Kosovo - DR. VJOSA OSMANI - SADRIU -","breadcrumb":{"@id":"https:\/\/president-ksgov.net\/en\/president-thaci-thanks-the-world-jewish-congress-for-the-admission-of-the-jewish-community-of-kosovo\/#breadcrumb"},"inLanguage":"en-US","potentialAction":[{"@type":"ReadAction","target":["https:\/\/president-ksgov.net\/en\/president-thaci-thanks-the-world-jewish-congress-for-the-admission-of-the-jewish-community-of-kosovo\/"]}]},{"@type":"ImageObject","inLanguage":"en-US","@id":"https:\/\/president-ksgov.net\/en\/president-thaci-thanks-the-world-jewish-congress-for-the-admission-of-the-jewish-community-of-kosovo\/#primaryimage","url":"https:\/\/president-ksgov.net\/wp-content\/uploads\/12_03_2019_6225367_Presidenti_Thaci_falenderon_Kongresin_Boteror_te_Hebrenjve_per_pranimin_e_Bashkesise_Hebraike_te_Kosoves_1.jpg","contentUrl":"https:\/\/president-ksgov.net\/wp-content\/uploads\/12_03_2019_6225367_Presidenti_Thaci_falenderon_Kongresin_Boteror_te_Hebrenjve_per_pranimin_e_Bashkesise_Hebraike_te_Kosoves_1.jpg","width":1280,"height":853},{"@type":"BreadcrumbList","@id":"https:\/\/president-ksgov.net\/en\/president-thaci-thanks-the-world-jewish-congress-for-the-admission-of-the-jewish-community-of-kosovo\/#breadcrumb","itemListElement":[{"@type":"ListItem","position":1,"name":"Home","item":"https:\/\/president-ksgov.net\/en\/"},{"@type":"ListItem","position":2,"name":"President Tha\u00e7i thanks the World Jewish Congress for the admission of the Jewish Community of Kosovo"}]},{"@type":"WebSite","@id":"https:\/\/president-ksgov.net\/#website","url":"https:\/\/president-ksgov.net\/","name":"Presidente e Republik\u00ebs s\u00eb Kosov\u00ebs","description":"Presidente e Republik\u00ebs s\u00eb Kosov\u00ebs","alternateName":"DR. VJOSA OSMANI - SADRIU","potentialAction":[{"@type":"SearchAction","target":{"@type":"EntryPoint","urlTemplate":"https:\/\/president-ksgov.net\/?s={search_term_string}"},"query-input":{"@type":"PropertyValueSpecification","valueRequired":true,"valueName":"search_term_string"}}],"inLanguage":"en-US"},{"@type":"Person","@id":"https:\/\/president-ksgov.net\/#\/schema\/person\/bb4337a5fb147cb2046d80548172cbee","name":"admin","image":{"@type":"ImageObject","inLanguage":"en-US","@id":"https:\/\/president-ksgov.net\/#\/schema\/person\/image\/","url":"https:\/\/secure.gravatar.com\/avatar\/36156ca0fa3b8d9d25174f146e16beea0cf28f37adf1b9e19b6c9c279a7c9dd3?s=96&d=mm&r=g","contentUrl":"https:\/\/secure.gravatar.com\/avatar\/36156ca0fa3b8d9d25174f146e16beea0cf28f37adf1b9e19b6c9c279a7c9dd3?s=96&d=mm&r=g","caption":"admin"},"sameAs":["https:\/\/president-ksgov.net"]}]}},"_links":{"self":[{"href":"https:\/\/president-ksgov.net\/en\/wp-json\/wp\/v2\/posts\/68004","targetHints":{"allow":["GET"]}}],"collection":[{"href":"https:\/\/president-ksgov.net\/en\/wp-json\/wp\/v2\/posts"}],"about":[{"href":"https:\/\/president-ksgov.net\/en\/wp-json\/wp\/v2\/types\/post"}],"author":[{"embeddable":true,"href":"https:\/\/president-ksgov.net\/en\/wp-json\/wp\/v2\/users\/1"}],"replies":[{"embeddable":true,"href":"https:\/\/president-ksgov.net\/en\/wp-json\/wp\/v2\/comments?post=68004"}],"version-history":[{"count":0,"href":"https:\/\/president-ksgov.net\/en\/wp-json\/wp\/v2\/posts\/68004\/revisions"}],"wp:featuredmedia":[{"embeddable":true,"href":"https:\/\/president-ksgov.net\/en\/wp-json\/wp\/v2\/media\/25469"}],"wp:attachment":[{"href":"https:\/\/president-ksgov.net\/en\/wp-json\/wp\/v2\/media?parent=68004"}],"wp:term":[{"taxonomy":"category","embeddable":true,"href":"https:\/\/president-ksgov.net\/en\/wp-json\/wp\/v2\/categories?post=68004"},{"taxonomy":"post_tag","embeddable":true,"href":"https:\/\/president-ksgov.net\/en\/wp-json\/wp\/v2\/tags?post=68004"}],"curies":[{"name":"wp","href":"https:\/\/api.w.org\/{rel}","templated":true}]}}