{"id":68001,"date":"2019-03-24T13:21:55","date_gmt":"2019-03-24T13:21:55","guid":{"rendered":"https:\/\/dev.president-ksgov.net\/president-thaci-the-dukagjini-epopee-marked-a-historic-turn-in-the-fight-for-freedom\/"},"modified":"2023-03-07T09:24:13","modified_gmt":"2023-03-07T09:24:13","slug":"president-thaci-the-dukagjini-epopee-marked-a-historic-turn-in-the-fight-for-freedom","status":"publish","type":"post","link":"https:\/\/president-ksgov.net\/en\/president-thaci-the-dukagjini-epopee-marked-a-historic-turn-in-the-fight-for-freedom\/","title":{"rendered":"President Tha\u00e7i: The Dukagjini Epopee marked a historic turn in the fight for freedom"},"content":{"rendered":"<p>Gllogjan, March 24, 2019- The President of the Republic of Kosovo, Hashim Tha\u00e7i, attended today the state manifestation \u201cthe KLA Epopee in Dukagjin\u201d.<\/p>\n<p>President Tha\u00e7i said that on this day after the beginning of the strengthening of the resistance of the Kosovo Liberation Army headed by the legendary commander Adem Jashari, and the Jashari family and other co-fighters, occured what was expected to happen also in Gllogjan.<\/p>\n<p>\u201cThe thing that was expected to happen occured because the first Kosovo Liberation Army corps had already been strengthened, had expanded and the attacks were uninterrupted against Serbia\u2019s military and police forces,&#8221; said President Tha\u00e7i.<\/p>\n<p>The Head of State said that the Dukagjini Epopee marked a historic turn in the struggle for freedom, liberation and independence.<\/p>\n<p>\u201cThe greatness and the biggest value of this date is added when we consider that on March 24, 1999, 20 years ago, the NATO bombings began. And the NATO bombings and this Kosovar-western alliance has not been connected by accident, but precisely thanks to the resistance of the Kosovo Liberation Army, the resistance of every citizen of Kosovo wherever they have been in Kosovo and the diaspora who helped fight for freedom\u201d, stressed President Tha\u00e7i.<\/p>\n<p>The Head of State added that today we remember with piety and respect the Dukagjini Epopee, we remember and highly praise the international support which we must preserve with great care in our journey for membership into NATO, the European Union and the special reports with the United States of America.<\/p>\n<p>Highly praising the resistance and heroism of the freedom martyrs, respecting the Constitution and the laws of the country, President Tha\u00e7i has decorated with the Order Hero of Kosovo, the martyrs: Agim Ali Selmanaj, Arben Bajram Ahmetaj, Artan Ahmet Mehmetaj, Burim Sadik Mustafaj, Enver Hasan Halilaj , Fatmir Smajl Nimanaj, Hasim Misin Halilaj, Luan Gani Nimanaj, Naim Met\u00eb Nimanaj, Orhan Lan Halilaj, Sokol Muzli Sejfijaj, Shpend Zeq\u00eb Malaj.<br \/>\n\u00a0<\/p>\n","protected":false},"excerpt":{"rendered":"<p>Gllogjan, March 24, 2019- The President of the Republic of Kosovo, Hashim Tha\u00e7i, attended today the state manifestation \u201cthe KLA Epopee in Dukagjin\u201d.<\/p>\n","protected":false},"author":1,"featured_media":25430,"comment_status":"open","ping_status":"closed","sticky":false,"template":"","format":"standard","meta":{"_eb_attr":"","footnotes":""},"categories":[111],"tags":[],"class_list":["post-68001","post","type-post","status-publish","format-standard","has-post-thumbnail","hentry","category-news"],"yoast_head":"<!-- This site is optimized with the Yoast SEO plugin v23.5 - https:\/\/yoast.com\/wordpress\/plugins\/seo\/ -->\n<title>President Tha\u00e7i: The Dukagjini Epopee marked a historic turn in the fight for freedom - President of the Republic of Kosovo - DR. VJOSA OSMANI - SADRIU<\/title>\n<meta name=\"description\" content=\"President Tha\u00e7i: The Dukagjini Epopee marked a historic turn in the fight for freedom - President of the Republic of Kosovo - DR. VJOSA OSMANI - SADRIU -\" \/>\n<meta name=\"robots\" content=\"index, follow, max-snippet:-1, max-image-preview:large, max-video-preview:-1\" \/>\n<link rel=\"canonical\" href=\"https:\/\/president-ksgov.net\/en\/president-thaci-the-dukagjini-epopee-marked-a-historic-turn-in-the-fight-for-freedom\/\" \/>\n<meta property=\"og:locale\" content=\"en_US\" \/>\n<meta property=\"og:type\" content=\"article\" \/>\n<meta property=\"og:title\" content=\"President Tha\u00e7i: The Dukagjini Epopee marked a historic turn in the fight for freedom - President of the Republic of Kosovo - DR. VJOSA OSMANI - SADRIU\" \/>\n<meta property=\"og:description\" content=\"President Tha\u00e7i: The Dukagjini Epopee marked a historic turn in the fight for freedom - President of the Republic of Kosovo - DR. VJOSA OSMANI - SADRIU -\" \/>\n<meta property=\"og:url\" content=\"https:\/\/president-ksgov.net\/en\/president-thaci-the-dukagjini-epopee-marked-a-historic-turn-in-the-fight-for-freedom\/\" \/>\n<meta property=\"og:site_name\" content=\"President of the Republic of Kosovo - DR. VJOSA OSMANI - SADRIU\" \/>\n<meta property=\"article:published_time\" content=\"2019-03-24T13:21:55+00:00\" \/>\n<meta property=\"article:modified_time\" content=\"2023-03-07T09:24:13+00:00\" \/>\n<meta property=\"og:image\" content=\"https:\/\/president-ksgov.net\/wp-content\/uploads\/24_03_2019_9528270_g_00.jpg\" \/>\n\t<meta property=\"og:image:width\" content=\"2400\" \/>\n\t<meta property=\"og:image:height\" content=\"1600\" \/>\n\t<meta property=\"og:image:type\" content=\"image\/jpeg\" \/>\n<meta name=\"author\" content=\"admin\" \/>\n<meta name=\"twitter:card\" content=\"summary_large_image\" \/>\n<meta name=\"twitter:label1\" content=\"Written by\" \/>\n\t<meta name=\"twitter:data1\" content=\"admin\" \/>\n\t<meta name=\"twitter:label2\" content=\"Est. reading time\" \/>\n\t<meta name=\"twitter:data2\" content=\"2 minutes\" \/>\n<script type=\"application\/ld+json\" class=\"yoast-schema-graph\">{\"@context\":\"https:\/\/schema.org\",\"@graph\":[{\"@type\":\"WebPage\",\"@id\":\"https:\/\/president-ksgov.net\/en\/president-thaci-the-dukagjini-epopee-marked-a-historic-turn-in-the-fight-for-freedom\/\",\"url\":\"https:\/\/president-ksgov.net\/en\/president-thaci-the-dukagjini-epopee-marked-a-historic-turn-in-the-fight-for-freedom\/\",\"name\":\"President Tha\u00e7i: The Dukagjini Epopee marked a historic turn in the fight for freedom - President of the Republic of Kosovo - DR. VJOSA OSMANI - SADRIU\",\"isPartOf\":{\"@id\":\"https:\/\/president-ksgov.net\/#website\"},\"primaryImageOfPage\":{\"@id\":\"https:\/\/president-ksgov.net\/en\/president-thaci-the-dukagjini-epopee-marked-a-historic-turn-in-the-fight-for-freedom\/#primaryimage\"},\"image\":{\"@id\":\"https:\/\/president-ksgov.net\/en\/president-thaci-the-dukagjini-epopee-marked-a-historic-turn-in-the-fight-for-freedom\/#primaryimage\"},\"thumbnailUrl\":\"https:\/\/president-ksgov.net\/wp-content\/uploads\/24_03_2019_9528270_g_00.jpg\",\"datePublished\":\"2019-03-24T13:21:55+00:00\",\"dateModified\":\"2023-03-07T09:24:13+00:00\",\"author\":{\"@id\":\"https:\/\/president-ksgov.net\/#\/schema\/person\/bb4337a5fb147cb2046d80548172cbee\"},\"description\":\"President Tha\u00e7i: The Dukagjini Epopee marked a historic turn in the fight for freedom - President of the Republic of Kosovo - DR. VJOSA OSMANI - SADRIU -\",\"breadcrumb\":{\"@id\":\"https:\/\/president-ksgov.net\/en\/president-thaci-the-dukagjini-epopee-marked-a-historic-turn-in-the-fight-for-freedom\/#breadcrumb\"},\"inLanguage\":\"en-US\",\"potentialAction\":[{\"@type\":\"ReadAction\",\"target\":[\"https:\/\/president-ksgov.net\/en\/president-thaci-the-dukagjini-epopee-marked-a-historic-turn-in-the-fight-for-freedom\/\"]}]},{\"@type\":\"ImageObject\",\"inLanguage\":\"en-US\",\"@id\":\"https:\/\/president-ksgov.net\/en\/president-thaci-the-dukagjini-epopee-marked-a-historic-turn-in-the-fight-for-freedom\/#primaryimage\",\"url\":\"https:\/\/president-ksgov.net\/wp-content\/uploads\/24_03_2019_9528270_g_00.jpg\",\"contentUrl\":\"https:\/\/president-ksgov.net\/wp-content\/uploads\/24_03_2019_9528270_g_00.jpg\",\"width\":2400,\"height\":1600},{\"@type\":\"BreadcrumbList\",\"@id\":\"https:\/\/president-ksgov.net\/en\/president-thaci-the-dukagjini-epopee-marked-a-historic-turn-in-the-fight-for-freedom\/#breadcrumb\",\"itemListElement\":[{\"@type\":\"ListItem\",\"position\":1,\"name\":\"Home\",\"item\":\"https:\/\/president-ksgov.net\/en\/\"},{\"@type\":\"ListItem\",\"position\":2,\"name\":\"President Tha\u00e7i: The Dukagjini Epopee marked a historic turn in the fight for freedom\"}]},{\"@type\":\"WebSite\",\"@id\":\"https:\/\/president-ksgov.net\/#website\",\"url\":\"https:\/\/president-ksgov.net\/\",\"name\":\"Presidente e Republik\u00ebs s\u00eb Kosov\u00ebs\",\"description\":\"Presidente e Republik\u00ebs s\u00eb Kosov\u00ebs\",\"alternateName\":\"DR. VJOSA OSMANI - SADRIU\",\"potentialAction\":[{\"@type\":\"SearchAction\",\"target\":{\"@type\":\"EntryPoint\",\"urlTemplate\":\"https:\/\/president-ksgov.net\/?s={search_term_string}\"},\"query-input\":{\"@type\":\"PropertyValueSpecification\",\"valueRequired\":true,\"valueName\":\"search_term_string\"}}],\"inLanguage\":\"en-US\"},{\"@type\":\"Person\",\"@id\":\"https:\/\/president-ksgov.net\/#\/schema\/person\/bb4337a5fb147cb2046d80548172cbee\",\"name\":\"admin\",\"image\":{\"@type\":\"ImageObject\",\"inLanguage\":\"en-US\",\"@id\":\"https:\/\/president-ksgov.net\/#\/schema\/person\/image\/\",\"url\":\"https:\/\/secure.gravatar.com\/avatar\/36156ca0fa3b8d9d25174f146e16beea0cf28f37adf1b9e19b6c9c279a7c9dd3?s=96&d=mm&r=g\",\"contentUrl\":\"https:\/\/secure.gravatar.com\/avatar\/36156ca0fa3b8d9d25174f146e16beea0cf28f37adf1b9e19b6c9c279a7c9dd3?s=96&d=mm&r=g\",\"caption\":\"admin\"},\"sameAs\":[\"https:\/\/president-ksgov.net\"]}]}<\/script>\n<!-- \/ Yoast SEO plugin. -->","yoast_head_json":{"title":"President Tha\u00e7i: The Dukagjini Epopee marked a historic turn in the fight for freedom - President of the Republic of Kosovo - DR. VJOSA OSMANI - SADRIU","description":"President Tha\u00e7i: The Dukagjini Epopee marked a historic turn in the fight for freedom - President of the Republic of Kosovo - DR. VJOSA OSMANI - SADRIU -","robots":{"index":"index","follow":"follow","max-snippet":"max-snippet:-1","max-image-preview":"max-image-preview:large","max-video-preview":"max-video-preview:-1"},"canonical":"https:\/\/president-ksgov.net\/en\/president-thaci-the-dukagjini-epopee-marked-a-historic-turn-in-the-fight-for-freedom\/","og_locale":"en_US","og_type":"article","og_title":"President Tha\u00e7i: The Dukagjini Epopee marked a historic turn in the fight for freedom - President of the Republic of Kosovo - DR. VJOSA OSMANI - SADRIU","og_description":"President Tha\u00e7i: The Dukagjini Epopee marked a historic turn in the fight for freedom - President of the Republic of Kosovo - DR. VJOSA OSMANI - SADRIU -","og_url":"https:\/\/president-ksgov.net\/en\/president-thaci-the-dukagjini-epopee-marked-a-historic-turn-in-the-fight-for-freedom\/","og_site_name":"President of the Republic of Kosovo - DR. VJOSA OSMANI - SADRIU","article_published_time":"2019-03-24T13:21:55+00:00","article_modified_time":"2023-03-07T09:24:13+00:00","og_image":[{"width":2400,"height":1600,"url":"https:\/\/president-ksgov.net\/wp-content\/uploads\/24_03_2019_9528270_g_00.jpg","type":"image\/jpeg"}],"author":"admin","twitter_card":"summary_large_image","twitter_misc":{"Written by":"admin","Est. reading time":"2 minutes"},"schema":{"@context":"https:\/\/schema.org","@graph":[{"@type":"WebPage","@id":"https:\/\/president-ksgov.net\/en\/president-thaci-the-dukagjini-epopee-marked-a-historic-turn-in-the-fight-for-freedom\/","url":"https:\/\/president-ksgov.net\/en\/president-thaci-the-dukagjini-epopee-marked-a-historic-turn-in-the-fight-for-freedom\/","name":"President Tha\u00e7i: The Dukagjini Epopee marked a historic turn in the fight for freedom - President of the Republic of Kosovo - DR. VJOSA OSMANI - SADRIU","isPartOf":{"@id":"https:\/\/president-ksgov.net\/#website"},"primaryImageOfPage":{"@id":"https:\/\/president-ksgov.net\/en\/president-thaci-the-dukagjini-epopee-marked-a-historic-turn-in-the-fight-for-freedom\/#primaryimage"},"image":{"@id":"https:\/\/president-ksgov.net\/en\/president-thaci-the-dukagjini-epopee-marked-a-historic-turn-in-the-fight-for-freedom\/#primaryimage"},"thumbnailUrl":"https:\/\/president-ksgov.net\/wp-content\/uploads\/24_03_2019_9528270_g_00.jpg","datePublished":"2019-03-24T13:21:55+00:00","dateModified":"2023-03-07T09:24:13+00:00","author":{"@id":"https:\/\/president-ksgov.net\/#\/schema\/person\/bb4337a5fb147cb2046d80548172cbee"},"description":"President Tha\u00e7i: The Dukagjini Epopee marked a historic turn in the fight for freedom - President of the Republic of Kosovo - DR. VJOSA OSMANI - SADRIU -","breadcrumb":{"@id":"https:\/\/president-ksgov.net\/en\/president-thaci-the-dukagjini-epopee-marked-a-historic-turn-in-the-fight-for-freedom\/#breadcrumb"},"inLanguage":"en-US","potentialAction":[{"@type":"ReadAction","target":["https:\/\/president-ksgov.net\/en\/president-thaci-the-dukagjini-epopee-marked-a-historic-turn-in-the-fight-for-freedom\/"]}]},{"@type":"ImageObject","inLanguage":"en-US","@id":"https:\/\/president-ksgov.net\/en\/president-thaci-the-dukagjini-epopee-marked-a-historic-turn-in-the-fight-for-freedom\/#primaryimage","url":"https:\/\/president-ksgov.net\/wp-content\/uploads\/24_03_2019_9528270_g_00.jpg","contentUrl":"https:\/\/president-ksgov.net\/wp-content\/uploads\/24_03_2019_9528270_g_00.jpg","width":2400,"height":1600},{"@type":"BreadcrumbList","@id":"https:\/\/president-ksgov.net\/en\/president-thaci-the-dukagjini-epopee-marked-a-historic-turn-in-the-fight-for-freedom\/#breadcrumb","itemListElement":[{"@type":"ListItem","position":1,"name":"Home","item":"https:\/\/president-ksgov.net\/en\/"},{"@type":"ListItem","position":2,"name":"President Tha\u00e7i: The Dukagjini Epopee marked a historic turn in the fight for freedom"}]},{"@type":"WebSite","@id":"https:\/\/president-ksgov.net\/#website","url":"https:\/\/president-ksgov.net\/","name":"Presidente e Republik\u00ebs s\u00eb Kosov\u00ebs","description":"Presidente e Republik\u00ebs s\u00eb Kosov\u00ebs","alternateName":"DR. VJOSA OSMANI - SADRIU","potentialAction":[{"@type":"SearchAction","target":{"@type":"EntryPoint","urlTemplate":"https:\/\/president-ksgov.net\/?s={search_term_string}"},"query-input":{"@type":"PropertyValueSpecification","valueRequired":true,"valueName":"search_term_string"}}],"inLanguage":"en-US"},{"@type":"Person","@id":"https:\/\/president-ksgov.net\/#\/schema\/person\/bb4337a5fb147cb2046d80548172cbee","name":"admin","image":{"@type":"ImageObject","inLanguage":"en-US","@id":"https:\/\/president-ksgov.net\/#\/schema\/person\/image\/","url":"https:\/\/secure.gravatar.com\/avatar\/36156ca0fa3b8d9d25174f146e16beea0cf28f37adf1b9e19b6c9c279a7c9dd3?s=96&d=mm&r=g","contentUrl":"https:\/\/secure.gravatar.com\/avatar\/36156ca0fa3b8d9d25174f146e16beea0cf28f37adf1b9e19b6c9c279a7c9dd3?s=96&d=mm&r=g","caption":"admin"},"sameAs":["https:\/\/president-ksgov.net"]}]}},"_links":{"self":[{"href":"https:\/\/president-ksgov.net\/en\/wp-json\/wp\/v2\/posts\/68001","targetHints":{"allow":["GET"]}}],"collection":[{"href":"https:\/\/president-ksgov.net\/en\/wp-json\/wp\/v2\/posts"}],"about":[{"href":"https:\/\/president-ksgov.net\/en\/wp-json\/wp\/v2\/types\/post"}],"author":[{"embeddable":true,"href":"https:\/\/president-ksgov.net\/en\/wp-json\/wp\/v2\/users\/1"}],"replies":[{"embeddable":true,"href":"https:\/\/president-ksgov.net\/en\/wp-json\/wp\/v2\/comments?post=68001"}],"version-history":[{"count":0,"href":"https:\/\/president-ksgov.net\/en\/wp-json\/wp\/v2\/posts\/68001\/revisions"}],"wp:featuredmedia":[{"embeddable":true,"href":"https:\/\/president-ksgov.net\/en\/wp-json\/wp\/v2\/media\/25430"}],"wp:attachment":[{"href":"https:\/\/president-ksgov.net\/en\/wp-json\/wp\/v2\/media?parent=68001"}],"wp:term":[{"taxonomy":"category","embeddable":true,"href":"https:\/\/president-ksgov.net\/en\/wp-json\/wp\/v2\/categories?post=68001"},{"taxonomy":"post_tag","embeddable":true,"href":"https:\/\/president-ksgov.net\/en\/wp-json\/wp\/v2\/tags?post=68001"}],"curies":[{"name":"wp","href":"https:\/\/api.w.org\/{rel}","templated":true}]}}