{"id":67996,"date":"2019-03-27T16:34:32","date_gmt":"2019-03-27T16:34:32","guid":{"rendered":"https:\/\/dev.president-ksgov.net\/president-thaci-and-the-chair-of-the-nato-parliamentary-association-in-canada-discuss-about-cooperation-in-the-security-sector\/"},"modified":"2023-03-07T09:23:43","modified_gmt":"2023-03-07T09:23:43","slug":"president-thaci-and-the-chair-of-the-nato-parliamentary-association-in-canada-discuss-about-cooperation-in-the-security-sector","status":"publish","type":"post","link":"https:\/\/president-ksgov.net\/en\/president-thaci-and-the-chair-of-the-nato-parliamentary-association-in-canada-discuss-about-cooperation-in-the-security-sector\/","title":{"rendered":"President Tha\u00e7i and the Chair of the NATO Parliamentary Association in Canada discuss about cooperation in the security sector"},"content":{"rendered":"<p>Prishtina, March 27, 2019 \u2013 The President of the Republic of Kosovo, Hashim Tha\u00e7i, received today the MP of the Parliament of Canada, Borys Wrzesnewskyj, also Chair of the NATO Parliamentary Association in Canada, with whom he talked about the cooperation between Kosovo and Canada, especially in the security sector.<\/p>\n<p>President Tha\u00e7i expressed his satisfaction on the fact that Kosovo and Canada this year mark the 10th anniversary of diplomatic relations between the two countries and thanked MP Wrzesnewskyj for the continued support that Canada has given to Kosovo.<\/p>\n<p>\u201cWe are grateful for the support you have given us at all stages\u201d, stated President Tha\u00e7i.<\/p>\n<p>\u201cWe are now working to strengthen peace and stability. It is equally important to support Kosovo now as well, especially in its efforts to reach the permanent peace agreement with Serbia and to transform the KSF into a force ready to become a NATO member\u201d, added President Tha\u00e7i.<\/p>\n<p>MP Wrzesnewskyj said that he knows the difficult and tragic Kosovo road well and understands the importance of the overall security.<\/p>\n<p>\u201cThe development so far of Kosovo in general and the development of the KSF in particular are encouraging\u201d, said MP Wrzesnewskyj.<\/p>\n<p>\u201cIt is clear that Kosovo sees the future into NATO and the EU\u201d, concluded President Tha\u00e7i.<\/p>\n","protected":false},"excerpt":{"rendered":"<p>Prishtina, March 27, 2019 \u2013 The President of the Republic of Kosovo, Hashim Tha\u00e7i, received today the MP of the Parliament of Canada, Borys Wrzesnewskyj, also Chair of the NATO Parliamentary Association in Canada, with whom he talked about the cooperation between Kosovo and Canada, especially in the security sector.<\/p>\n","protected":false},"author":1,"featured_media":25392,"comment_status":"open","ping_status":"closed","sticky":false,"template":"","format":"standard","meta":{"_eb_attr":"","footnotes":""},"categories":[111],"tags":[],"class_list":["post-67996","post","type-post","status-publish","format-standard","has-post-thumbnail","hentry","category-news"],"yoast_head":"<!-- This site is optimized with the Yoast SEO plugin v23.5 - https:\/\/yoast.com\/wordpress\/plugins\/seo\/ -->\n<title>President Tha\u00e7i and the Chair of the NATO Parliamentary Association in Canada discuss about cooperation in the security sector - President of the Republic of Kosovo - DR. VJOSA OSMANI - SADRIU<\/title>\n<meta name=\"description\" content=\"President Tha\u00e7i and the Chair of the NATO Parliamentary Association in Canada discuss about cooperation in the security sector - President of the Republic of Kosovo - DR. VJOSA OSMANI - SADRIU -\" \/>\n<meta name=\"robots\" content=\"index, follow, max-snippet:-1, max-image-preview:large, max-video-preview:-1\" \/>\n<link rel=\"canonical\" href=\"https:\/\/president-ksgov.net\/en\/president-thaci-and-the-chair-of-the-nato-parliamentary-association-in-canada-discuss-about-cooperation-in-the-security-sector\/\" \/>\n<meta property=\"og:locale\" content=\"en_US\" \/>\n<meta property=\"og:type\" content=\"article\" \/>\n<meta property=\"og:title\" content=\"President Tha\u00e7i and the Chair of the NATO Parliamentary Association in Canada discuss about cooperation in the security sector - President of the Republic of Kosovo - DR. VJOSA OSMANI - SADRIU\" \/>\n<meta property=\"og:description\" content=\"President Tha\u00e7i and the Chair of the NATO Parliamentary Association in Canada discuss about cooperation in the security sector - President of the Republic of Kosovo - DR. VJOSA OSMANI - SADRIU -\" \/>\n<meta property=\"og:url\" content=\"https:\/\/president-ksgov.net\/en\/president-thaci-and-the-chair-of-the-nato-parliamentary-association-in-canada-discuss-about-cooperation-in-the-security-sector\/\" \/>\n<meta property=\"og:site_name\" content=\"President of the Republic of Kosovo - DR. VJOSA OSMANI - SADRIU\" \/>\n<meta property=\"article:published_time\" content=\"2019-03-27T16:34:32+00:00\" \/>\n<meta property=\"article:modified_time\" content=\"2023-03-07T09:23:43+00:00\" \/>\n<meta property=\"og:image\" content=\"https:\/\/president-ksgov.net\/wp-content\/uploads\/27_03_2019_1932011_k_01.jpg\" \/>\n\t<meta property=\"og:image:width\" content=\"2400\" \/>\n\t<meta property=\"og:image:height\" content=\"1600\" \/>\n\t<meta property=\"og:image:type\" content=\"image\/jpeg\" \/>\n<meta name=\"author\" content=\"admin\" \/>\n<meta name=\"twitter:card\" content=\"summary_large_image\" \/>\n<meta name=\"twitter:label1\" content=\"Written by\" \/>\n\t<meta name=\"twitter:data1\" content=\"admin\" \/>\n\t<meta name=\"twitter:label2\" content=\"Est. reading time\" \/>\n\t<meta name=\"twitter:data2\" content=\"1 minute\" \/>\n<script type=\"application\/ld+json\" class=\"yoast-schema-graph\">{\"@context\":\"https:\/\/schema.org\",\"@graph\":[{\"@type\":\"WebPage\",\"@id\":\"https:\/\/president-ksgov.net\/en\/president-thaci-and-the-chair-of-the-nato-parliamentary-association-in-canada-discuss-about-cooperation-in-the-security-sector\/\",\"url\":\"https:\/\/president-ksgov.net\/en\/president-thaci-and-the-chair-of-the-nato-parliamentary-association-in-canada-discuss-about-cooperation-in-the-security-sector\/\",\"name\":\"President Tha\u00e7i and the Chair of the NATO Parliamentary Association in Canada discuss about cooperation in the security sector - President of the Republic of Kosovo - DR. VJOSA OSMANI - SADRIU\",\"isPartOf\":{\"@id\":\"https:\/\/president-ksgov.net\/#website\"},\"primaryImageOfPage\":{\"@id\":\"https:\/\/president-ksgov.net\/en\/president-thaci-and-the-chair-of-the-nato-parliamentary-association-in-canada-discuss-about-cooperation-in-the-security-sector\/#primaryimage\"},\"image\":{\"@id\":\"https:\/\/president-ksgov.net\/en\/president-thaci-and-the-chair-of-the-nato-parliamentary-association-in-canada-discuss-about-cooperation-in-the-security-sector\/#primaryimage\"},\"thumbnailUrl\":\"https:\/\/president-ksgov.net\/wp-content\/uploads\/27_03_2019_1932011_k_01.jpg\",\"datePublished\":\"2019-03-27T16:34:32+00:00\",\"dateModified\":\"2023-03-07T09:23:43+00:00\",\"author\":{\"@id\":\"https:\/\/president-ksgov.net\/#\/schema\/person\/bb4337a5fb147cb2046d80548172cbee\"},\"description\":\"President Tha\u00e7i and the Chair of the NATO Parliamentary Association in Canada discuss about cooperation in the security sector - President of the Republic of Kosovo - DR. VJOSA OSMANI - SADRIU -\",\"breadcrumb\":{\"@id\":\"https:\/\/president-ksgov.net\/en\/president-thaci-and-the-chair-of-the-nato-parliamentary-association-in-canada-discuss-about-cooperation-in-the-security-sector\/#breadcrumb\"},\"inLanguage\":\"en-US\",\"potentialAction\":[{\"@type\":\"ReadAction\",\"target\":[\"https:\/\/president-ksgov.net\/en\/president-thaci-and-the-chair-of-the-nato-parliamentary-association-in-canada-discuss-about-cooperation-in-the-security-sector\/\"]}]},{\"@type\":\"ImageObject\",\"inLanguage\":\"en-US\",\"@id\":\"https:\/\/president-ksgov.net\/en\/president-thaci-and-the-chair-of-the-nato-parliamentary-association-in-canada-discuss-about-cooperation-in-the-security-sector\/#primaryimage\",\"url\":\"https:\/\/president-ksgov.net\/wp-content\/uploads\/27_03_2019_1932011_k_01.jpg\",\"contentUrl\":\"https:\/\/president-ksgov.net\/wp-content\/uploads\/27_03_2019_1932011_k_01.jpg\",\"width\":2400,\"height\":1600},{\"@type\":\"BreadcrumbList\",\"@id\":\"https:\/\/president-ksgov.net\/en\/president-thaci-and-the-chair-of-the-nato-parliamentary-association-in-canada-discuss-about-cooperation-in-the-security-sector\/#breadcrumb\",\"itemListElement\":[{\"@type\":\"ListItem\",\"position\":1,\"name\":\"Home\",\"item\":\"https:\/\/president-ksgov.net\/en\/\"},{\"@type\":\"ListItem\",\"position\":2,\"name\":\"President Tha\u00e7i and the Chair of the NATO Parliamentary Association in Canada discuss about cooperation in the security sector\"}]},{\"@type\":\"WebSite\",\"@id\":\"https:\/\/president-ksgov.net\/#website\",\"url\":\"https:\/\/president-ksgov.net\/\",\"name\":\"Presidente e Republik\u00ebs s\u00eb Kosov\u00ebs\",\"description\":\"Presidente e Republik\u00ebs s\u00eb Kosov\u00ebs\",\"alternateName\":\"DR. VJOSA OSMANI - SADRIU\",\"potentialAction\":[{\"@type\":\"SearchAction\",\"target\":{\"@type\":\"EntryPoint\",\"urlTemplate\":\"https:\/\/president-ksgov.net\/?s={search_term_string}\"},\"query-input\":{\"@type\":\"PropertyValueSpecification\",\"valueRequired\":true,\"valueName\":\"search_term_string\"}}],\"inLanguage\":\"en-US\"},{\"@type\":\"Person\",\"@id\":\"https:\/\/president-ksgov.net\/#\/schema\/person\/bb4337a5fb147cb2046d80548172cbee\",\"name\":\"admin\",\"image\":{\"@type\":\"ImageObject\",\"inLanguage\":\"en-US\",\"@id\":\"https:\/\/president-ksgov.net\/#\/schema\/person\/image\/\",\"url\":\"https:\/\/secure.gravatar.com\/avatar\/36156ca0fa3b8d9d25174f146e16beea0cf28f37adf1b9e19b6c9c279a7c9dd3?s=96&d=mm&r=g\",\"contentUrl\":\"https:\/\/secure.gravatar.com\/avatar\/36156ca0fa3b8d9d25174f146e16beea0cf28f37adf1b9e19b6c9c279a7c9dd3?s=96&d=mm&r=g\",\"caption\":\"admin\"},\"sameAs\":[\"https:\/\/president-ksgov.net\"]}]}<\/script>\n<!-- \/ Yoast SEO plugin. -->","yoast_head_json":{"title":"President Tha\u00e7i and the Chair of the NATO Parliamentary Association in Canada discuss about cooperation in the security sector - President of the Republic of Kosovo - DR. VJOSA OSMANI - SADRIU","description":"President Tha\u00e7i and the Chair of the NATO Parliamentary Association in Canada discuss about cooperation in the security sector - President of the Republic of Kosovo - DR. VJOSA OSMANI - SADRIU -","robots":{"index":"index","follow":"follow","max-snippet":"max-snippet:-1","max-image-preview":"max-image-preview:large","max-video-preview":"max-video-preview:-1"},"canonical":"https:\/\/president-ksgov.net\/en\/president-thaci-and-the-chair-of-the-nato-parliamentary-association-in-canada-discuss-about-cooperation-in-the-security-sector\/","og_locale":"en_US","og_type":"article","og_title":"President Tha\u00e7i and the Chair of the NATO Parliamentary Association in Canada discuss about cooperation in the security sector - President of the Republic of Kosovo - DR. VJOSA OSMANI - SADRIU","og_description":"President Tha\u00e7i and the Chair of the NATO Parliamentary Association in Canada discuss about cooperation in the security sector - President of the Republic of Kosovo - DR. VJOSA OSMANI - SADRIU -","og_url":"https:\/\/president-ksgov.net\/en\/president-thaci-and-the-chair-of-the-nato-parliamentary-association-in-canada-discuss-about-cooperation-in-the-security-sector\/","og_site_name":"President of the Republic of Kosovo - DR. VJOSA OSMANI - SADRIU","article_published_time":"2019-03-27T16:34:32+00:00","article_modified_time":"2023-03-07T09:23:43+00:00","og_image":[{"width":2400,"height":1600,"url":"https:\/\/president-ksgov.net\/wp-content\/uploads\/27_03_2019_1932011_k_01.jpg","type":"image\/jpeg"}],"author":"admin","twitter_card":"summary_large_image","twitter_misc":{"Written by":"admin","Est. reading time":"1 minute"},"schema":{"@context":"https:\/\/schema.org","@graph":[{"@type":"WebPage","@id":"https:\/\/president-ksgov.net\/en\/president-thaci-and-the-chair-of-the-nato-parliamentary-association-in-canada-discuss-about-cooperation-in-the-security-sector\/","url":"https:\/\/president-ksgov.net\/en\/president-thaci-and-the-chair-of-the-nato-parliamentary-association-in-canada-discuss-about-cooperation-in-the-security-sector\/","name":"President Tha\u00e7i and the Chair of the NATO Parliamentary Association in Canada discuss about cooperation in the security sector - President of the Republic of Kosovo - DR. VJOSA OSMANI - SADRIU","isPartOf":{"@id":"https:\/\/president-ksgov.net\/#website"},"primaryImageOfPage":{"@id":"https:\/\/president-ksgov.net\/en\/president-thaci-and-the-chair-of-the-nato-parliamentary-association-in-canada-discuss-about-cooperation-in-the-security-sector\/#primaryimage"},"image":{"@id":"https:\/\/president-ksgov.net\/en\/president-thaci-and-the-chair-of-the-nato-parliamentary-association-in-canada-discuss-about-cooperation-in-the-security-sector\/#primaryimage"},"thumbnailUrl":"https:\/\/president-ksgov.net\/wp-content\/uploads\/27_03_2019_1932011_k_01.jpg","datePublished":"2019-03-27T16:34:32+00:00","dateModified":"2023-03-07T09:23:43+00:00","author":{"@id":"https:\/\/president-ksgov.net\/#\/schema\/person\/bb4337a5fb147cb2046d80548172cbee"},"description":"President Tha\u00e7i and the Chair of the NATO Parliamentary Association in Canada discuss about cooperation in the security sector - President of the Republic of Kosovo - DR. VJOSA OSMANI - SADRIU -","breadcrumb":{"@id":"https:\/\/president-ksgov.net\/en\/president-thaci-and-the-chair-of-the-nato-parliamentary-association-in-canada-discuss-about-cooperation-in-the-security-sector\/#breadcrumb"},"inLanguage":"en-US","potentialAction":[{"@type":"ReadAction","target":["https:\/\/president-ksgov.net\/en\/president-thaci-and-the-chair-of-the-nato-parliamentary-association-in-canada-discuss-about-cooperation-in-the-security-sector\/"]}]},{"@type":"ImageObject","inLanguage":"en-US","@id":"https:\/\/president-ksgov.net\/en\/president-thaci-and-the-chair-of-the-nato-parliamentary-association-in-canada-discuss-about-cooperation-in-the-security-sector\/#primaryimage","url":"https:\/\/president-ksgov.net\/wp-content\/uploads\/27_03_2019_1932011_k_01.jpg","contentUrl":"https:\/\/president-ksgov.net\/wp-content\/uploads\/27_03_2019_1932011_k_01.jpg","width":2400,"height":1600},{"@type":"BreadcrumbList","@id":"https:\/\/president-ksgov.net\/en\/president-thaci-and-the-chair-of-the-nato-parliamentary-association-in-canada-discuss-about-cooperation-in-the-security-sector\/#breadcrumb","itemListElement":[{"@type":"ListItem","position":1,"name":"Home","item":"https:\/\/president-ksgov.net\/en\/"},{"@type":"ListItem","position":2,"name":"President Tha\u00e7i and the Chair of the NATO Parliamentary Association in Canada discuss about cooperation in the security sector"}]},{"@type":"WebSite","@id":"https:\/\/president-ksgov.net\/#website","url":"https:\/\/president-ksgov.net\/","name":"Presidente e Republik\u00ebs s\u00eb Kosov\u00ebs","description":"Presidente e Republik\u00ebs s\u00eb Kosov\u00ebs","alternateName":"DR. VJOSA OSMANI - SADRIU","potentialAction":[{"@type":"SearchAction","target":{"@type":"EntryPoint","urlTemplate":"https:\/\/president-ksgov.net\/?s={search_term_string}"},"query-input":{"@type":"PropertyValueSpecification","valueRequired":true,"valueName":"search_term_string"}}],"inLanguage":"en-US"},{"@type":"Person","@id":"https:\/\/president-ksgov.net\/#\/schema\/person\/bb4337a5fb147cb2046d80548172cbee","name":"admin","image":{"@type":"ImageObject","inLanguage":"en-US","@id":"https:\/\/president-ksgov.net\/#\/schema\/person\/image\/","url":"https:\/\/secure.gravatar.com\/avatar\/36156ca0fa3b8d9d25174f146e16beea0cf28f37adf1b9e19b6c9c279a7c9dd3?s=96&d=mm&r=g","contentUrl":"https:\/\/secure.gravatar.com\/avatar\/36156ca0fa3b8d9d25174f146e16beea0cf28f37adf1b9e19b6c9c279a7c9dd3?s=96&d=mm&r=g","caption":"admin"},"sameAs":["https:\/\/president-ksgov.net"]}]}},"_links":{"self":[{"href":"https:\/\/president-ksgov.net\/en\/wp-json\/wp\/v2\/posts\/67996","targetHints":{"allow":["GET"]}}],"collection":[{"href":"https:\/\/president-ksgov.net\/en\/wp-json\/wp\/v2\/posts"}],"about":[{"href":"https:\/\/president-ksgov.net\/en\/wp-json\/wp\/v2\/types\/post"}],"author":[{"embeddable":true,"href":"https:\/\/president-ksgov.net\/en\/wp-json\/wp\/v2\/users\/1"}],"replies":[{"embeddable":true,"href":"https:\/\/president-ksgov.net\/en\/wp-json\/wp\/v2\/comments?post=67996"}],"version-history":[{"count":0,"href":"https:\/\/president-ksgov.net\/en\/wp-json\/wp\/v2\/posts\/67996\/revisions"}],"wp:featuredmedia":[{"embeddable":true,"href":"https:\/\/president-ksgov.net\/en\/wp-json\/wp\/v2\/media\/25392"}],"wp:attachment":[{"href":"https:\/\/president-ksgov.net\/en\/wp-json\/wp\/v2\/media?parent=67996"}],"wp:term":[{"taxonomy":"category","embeddable":true,"href":"https:\/\/president-ksgov.net\/en\/wp-json\/wp\/v2\/categories?post=67996"},{"taxonomy":"post_tag","embeddable":true,"href":"https:\/\/president-ksgov.net\/en\/wp-json\/wp\/v2\/tags?post=67996"}],"curies":[{"name":"wp","href":"https:\/\/api.w.org\/{rel}","templated":true}]}}