{"id":67994,"date":"2019-03-28T13:38:03","date_gmt":"2019-03-28T13:38:03","guid":{"rendered":"https:\/\/dev.president-ksgov.net\/the-president-on-the-20th-anniversary-of-the-izbica-massacre-serbia-committed-genocide-and-ethnic-cleansing-in-kosovo\/"},"modified":"2023-03-07T09:23:43","modified_gmt":"2023-03-07T09:23:43","slug":"the-president-on-the-20th-anniversary-of-the-izbica-massacre-serbia-committed-genocide-and-ethnic-cleansing-in-kosovo","status":"publish","type":"post","link":"https:\/\/president-ksgov.net\/en\/the-president-on-the-20th-anniversary-of-the-izbica-massacre-serbia-committed-genocide-and-ethnic-cleansing-in-kosovo\/","title":{"rendered":"The President on the 20th anniversary of the Izbica massacre: Serbia committed genocide and ethnic cleansing in Kosovo"},"content":{"rendered":"<p>Prishtina, March 28th 2019 \u2013 A Memorial Academy was held today under the patronage of the President of the Republic of Kosovo on the 20th anniversary of the Izbica Massacre.<\/p>\n<p>At the 20th anniversary of the crimes of the Serbian police and the military in Izbica, President Tha\u00e7i remembered the 147 fallen from Izbica and the surroundings.<\/p>\n<p>\u201cWe remember all martyrs and victims of the terror perpetrated by the state of Serbia in 1998 and 1999. We remember all those who were killed and massacred just because they were Albanians. Unarmed men, women, youth and children who were killed on their lands all over Kosovo,\u201d said President Tha\u00e7i.<\/p>\n<p>He also stated that Kosovo will never forget the tragedies in Likoshan, \u00c7irez, Prekaz, Abri, Re\u00e7ak, Celin\u00eb, Krush\u00eb, Rezall\u00eb, Qyshk, Poklek, Studime, Mej\u00eb and many other locations. <\/p>\n<p>\u201cThe state of Serbia has committed genocide and ethnic cleansing in Kosovo. It expelled hundreds of thousands of Albanians outside of Kosovo. It burned and plundered the property of our citizens. The extent of the Serbian crimes upon the population of Kosovo shall never be forgotten,\u201d said President Tha\u00e7i.<\/p>\n<p>The head of state pointed out that Kosovo marks the twentieth anniversary of the liberation.<\/p>\n<p>According to him, this day would not have ever dawned if it wasn\u2019t for the just war of the Kosovo Liberation Army.<\/p>\n<p>\u201cIt would have never dawned without the sacrifice and the blood of two thousand fallen and thousands of martyrs. The just war of our nation was supported by the states of the democratic world, by the United States of America, EU states and NATO. The independence and liberation of Kosovo has its foundations in the sacrifices of its fallen and its martyrs,\u201d said the President.<\/p>\n<p>At this Memorial Academy, President Tha\u00e7i pointe dour that we will preserve and nurture the relationships with the countries of the western world, led by the United States of America.<\/p>\n<p>He potentiated that Kosovo is secure on its path of Euro-Atlantic integrations and will become a part of the EU, NATO and UN.\u00a0<\/p>\n","protected":false},"excerpt":{"rendered":"<p>Prishtina, March 28th 2019 \u2013 A Memorial Academy was held today under the patronage of the President of the Republic of Kosovo on the 20th anniversary of the Izbica Massacre.<\/p>\n","protected":false},"author":1,"featured_media":25375,"comment_status":"open","ping_status":"closed","sticky":false,"template":"","format":"standard","meta":{"_eb_attr":"","footnotes":""},"categories":[111],"tags":[],"class_list":["post-67994","post","type-post","status-publish","format-standard","has-post-thumbnail","hentry","category-news"],"yoast_head":"<!-- This site is optimized with the Yoast SEO plugin v23.5 - https:\/\/yoast.com\/wordpress\/plugins\/seo\/ -->\n<title>The President on the 20th anniversary of the Izbica massacre: Serbia committed genocide and ethnic cleansing in Kosovo - President of the Republic of Kosovo - DR. VJOSA OSMANI - SADRIU<\/title>\n<meta name=\"description\" content=\"The President on the 20th anniversary of the Izbica massacre: Serbia committed genocide and ethnic cleansing in Kosovo - President of the Republic of Kosovo - DR. VJOSA OSMANI - SADRIU -\" \/>\n<meta name=\"robots\" content=\"index, follow, max-snippet:-1, max-image-preview:large, max-video-preview:-1\" \/>\n<link rel=\"canonical\" href=\"https:\/\/president-ksgov.net\/en\/the-president-on-the-20th-anniversary-of-the-izbica-massacre-serbia-committed-genocide-and-ethnic-cleansing-in-kosovo\/\" \/>\n<meta property=\"og:locale\" content=\"en_US\" \/>\n<meta property=\"og:type\" content=\"article\" \/>\n<meta property=\"og:title\" content=\"The President on the 20th anniversary of the Izbica massacre: Serbia committed genocide and ethnic cleansing in Kosovo - President of the Republic of Kosovo - DR. VJOSA OSMANI - SADRIU\" \/>\n<meta property=\"og:description\" content=\"The President on the 20th anniversary of the Izbica massacre: Serbia committed genocide and ethnic cleansing in Kosovo - President of the Republic of Kosovo - DR. VJOSA OSMANI - SADRIU -\" \/>\n<meta property=\"og:url\" content=\"https:\/\/president-ksgov.net\/en\/the-president-on-the-20th-anniversary-of-the-izbica-massacre-serbia-committed-genocide-and-ethnic-cleansing-in-kosovo\/\" \/>\n<meta property=\"og:site_name\" content=\"President of the Republic of Kosovo - DR. VJOSA OSMANI - SADRIU\" \/>\n<meta property=\"article:published_time\" content=\"2019-03-28T13:38:03+00:00\" \/>\n<meta property=\"article:modified_time\" content=\"2023-03-07T09:23:43+00:00\" \/>\n<meta property=\"og:image\" content=\"https:\/\/president-ksgov.net\/wp-content\/uploads\/28_03_2019_1284676_foto_0.jpg\" \/>\n\t<meta property=\"og:image:width\" content=\"2000\" \/>\n\t<meta property=\"og:image:height\" content=\"1333\" \/>\n\t<meta property=\"og:image:type\" content=\"image\/jpeg\" \/>\n<meta name=\"author\" content=\"admin\" \/>\n<meta name=\"twitter:card\" content=\"summary_large_image\" \/>\n<meta name=\"twitter:label1\" content=\"Written by\" \/>\n\t<meta name=\"twitter:data1\" content=\"admin\" \/>\n\t<meta name=\"twitter:label2\" content=\"Est. reading time\" \/>\n\t<meta name=\"twitter:data2\" content=\"2 minutes\" \/>\n<script type=\"application\/ld+json\" class=\"yoast-schema-graph\">{\"@context\":\"https:\/\/schema.org\",\"@graph\":[{\"@type\":\"WebPage\",\"@id\":\"https:\/\/president-ksgov.net\/en\/the-president-on-the-20th-anniversary-of-the-izbica-massacre-serbia-committed-genocide-and-ethnic-cleansing-in-kosovo\/\",\"url\":\"https:\/\/president-ksgov.net\/en\/the-president-on-the-20th-anniversary-of-the-izbica-massacre-serbia-committed-genocide-and-ethnic-cleansing-in-kosovo\/\",\"name\":\"The President on the 20th anniversary of the Izbica massacre: Serbia committed genocide and ethnic cleansing in Kosovo - President of the Republic of Kosovo - DR. VJOSA OSMANI - SADRIU\",\"isPartOf\":{\"@id\":\"https:\/\/president-ksgov.net\/#website\"},\"primaryImageOfPage\":{\"@id\":\"https:\/\/president-ksgov.net\/en\/the-president-on-the-20th-anniversary-of-the-izbica-massacre-serbia-committed-genocide-and-ethnic-cleansing-in-kosovo\/#primaryimage\"},\"image\":{\"@id\":\"https:\/\/president-ksgov.net\/en\/the-president-on-the-20th-anniversary-of-the-izbica-massacre-serbia-committed-genocide-and-ethnic-cleansing-in-kosovo\/#primaryimage\"},\"thumbnailUrl\":\"https:\/\/president-ksgov.net\/wp-content\/uploads\/28_03_2019_1284676_foto_0.jpg\",\"datePublished\":\"2019-03-28T13:38:03+00:00\",\"dateModified\":\"2023-03-07T09:23:43+00:00\",\"author\":{\"@id\":\"https:\/\/president-ksgov.net\/#\/schema\/person\/bb4337a5fb147cb2046d80548172cbee\"},\"description\":\"The President on the 20th anniversary of the Izbica massacre: Serbia committed genocide and ethnic cleansing in Kosovo - President of the Republic of Kosovo - DR. VJOSA OSMANI - SADRIU -\",\"breadcrumb\":{\"@id\":\"https:\/\/president-ksgov.net\/en\/the-president-on-the-20th-anniversary-of-the-izbica-massacre-serbia-committed-genocide-and-ethnic-cleansing-in-kosovo\/#breadcrumb\"},\"inLanguage\":\"en-US\",\"potentialAction\":[{\"@type\":\"ReadAction\",\"target\":[\"https:\/\/president-ksgov.net\/en\/the-president-on-the-20th-anniversary-of-the-izbica-massacre-serbia-committed-genocide-and-ethnic-cleansing-in-kosovo\/\"]}]},{\"@type\":\"ImageObject\",\"inLanguage\":\"en-US\",\"@id\":\"https:\/\/president-ksgov.net\/en\/the-president-on-the-20th-anniversary-of-the-izbica-massacre-serbia-committed-genocide-and-ethnic-cleansing-in-kosovo\/#primaryimage\",\"url\":\"https:\/\/president-ksgov.net\/wp-content\/uploads\/28_03_2019_1284676_foto_0.jpg\",\"contentUrl\":\"https:\/\/president-ksgov.net\/wp-content\/uploads\/28_03_2019_1284676_foto_0.jpg\",\"width\":2000,\"height\":1333},{\"@type\":\"BreadcrumbList\",\"@id\":\"https:\/\/president-ksgov.net\/en\/the-president-on-the-20th-anniversary-of-the-izbica-massacre-serbia-committed-genocide-and-ethnic-cleansing-in-kosovo\/#breadcrumb\",\"itemListElement\":[{\"@type\":\"ListItem\",\"position\":1,\"name\":\"Home\",\"item\":\"https:\/\/president-ksgov.net\/en\/\"},{\"@type\":\"ListItem\",\"position\":2,\"name\":\"The President on the 20th anniversary of the Izbica massacre: Serbia committed genocide and ethnic cleansing in Kosovo\"}]},{\"@type\":\"WebSite\",\"@id\":\"https:\/\/president-ksgov.net\/#website\",\"url\":\"https:\/\/president-ksgov.net\/\",\"name\":\"Presidente e Republik\u00ebs s\u00eb Kosov\u00ebs\",\"description\":\"Presidente e Republik\u00ebs s\u00eb Kosov\u00ebs\",\"alternateName\":\"DR. VJOSA OSMANI - SADRIU\",\"potentialAction\":[{\"@type\":\"SearchAction\",\"target\":{\"@type\":\"EntryPoint\",\"urlTemplate\":\"https:\/\/president-ksgov.net\/?s={search_term_string}\"},\"query-input\":{\"@type\":\"PropertyValueSpecification\",\"valueRequired\":true,\"valueName\":\"search_term_string\"}}],\"inLanguage\":\"en-US\"},{\"@type\":\"Person\",\"@id\":\"https:\/\/president-ksgov.net\/#\/schema\/person\/bb4337a5fb147cb2046d80548172cbee\",\"name\":\"admin\",\"image\":{\"@type\":\"ImageObject\",\"inLanguage\":\"en-US\",\"@id\":\"https:\/\/president-ksgov.net\/#\/schema\/person\/image\/\",\"url\":\"https:\/\/secure.gravatar.com\/avatar\/36156ca0fa3b8d9d25174f146e16beea0cf28f37adf1b9e19b6c9c279a7c9dd3?s=96&d=mm&r=g\",\"contentUrl\":\"https:\/\/secure.gravatar.com\/avatar\/36156ca0fa3b8d9d25174f146e16beea0cf28f37adf1b9e19b6c9c279a7c9dd3?s=96&d=mm&r=g\",\"caption\":\"admin\"},\"sameAs\":[\"https:\/\/president-ksgov.net\"]}]}<\/script>\n<!-- \/ Yoast SEO plugin. -->","yoast_head_json":{"title":"The President on the 20th anniversary of the Izbica massacre: Serbia committed genocide and ethnic cleansing in Kosovo - President of the Republic of Kosovo - DR. VJOSA OSMANI - SADRIU","description":"The President on the 20th anniversary of the Izbica massacre: Serbia committed genocide and ethnic cleansing in Kosovo - President of the Republic of Kosovo - DR. VJOSA OSMANI - SADRIU -","robots":{"index":"index","follow":"follow","max-snippet":"max-snippet:-1","max-image-preview":"max-image-preview:large","max-video-preview":"max-video-preview:-1"},"canonical":"https:\/\/president-ksgov.net\/en\/the-president-on-the-20th-anniversary-of-the-izbica-massacre-serbia-committed-genocide-and-ethnic-cleansing-in-kosovo\/","og_locale":"en_US","og_type":"article","og_title":"The President on the 20th anniversary of the Izbica massacre: Serbia committed genocide and ethnic cleansing in Kosovo - President of the Republic of Kosovo - DR. VJOSA OSMANI - SADRIU","og_description":"The President on the 20th anniversary of the Izbica massacre: Serbia committed genocide and ethnic cleansing in Kosovo - President of the Republic of Kosovo - DR. VJOSA OSMANI - SADRIU -","og_url":"https:\/\/president-ksgov.net\/en\/the-president-on-the-20th-anniversary-of-the-izbica-massacre-serbia-committed-genocide-and-ethnic-cleansing-in-kosovo\/","og_site_name":"President of the Republic of Kosovo - DR. VJOSA OSMANI - SADRIU","article_published_time":"2019-03-28T13:38:03+00:00","article_modified_time":"2023-03-07T09:23:43+00:00","og_image":[{"width":2000,"height":1333,"url":"https:\/\/president-ksgov.net\/wp-content\/uploads\/28_03_2019_1284676_foto_0.jpg","type":"image\/jpeg"}],"author":"admin","twitter_card":"summary_large_image","twitter_misc":{"Written by":"admin","Est. reading time":"2 minutes"},"schema":{"@context":"https:\/\/schema.org","@graph":[{"@type":"WebPage","@id":"https:\/\/president-ksgov.net\/en\/the-president-on-the-20th-anniversary-of-the-izbica-massacre-serbia-committed-genocide-and-ethnic-cleansing-in-kosovo\/","url":"https:\/\/president-ksgov.net\/en\/the-president-on-the-20th-anniversary-of-the-izbica-massacre-serbia-committed-genocide-and-ethnic-cleansing-in-kosovo\/","name":"The President on the 20th anniversary of the Izbica massacre: Serbia committed genocide and ethnic cleansing in Kosovo - President of the Republic of Kosovo - DR. VJOSA OSMANI - SADRIU","isPartOf":{"@id":"https:\/\/president-ksgov.net\/#website"},"primaryImageOfPage":{"@id":"https:\/\/president-ksgov.net\/en\/the-president-on-the-20th-anniversary-of-the-izbica-massacre-serbia-committed-genocide-and-ethnic-cleansing-in-kosovo\/#primaryimage"},"image":{"@id":"https:\/\/president-ksgov.net\/en\/the-president-on-the-20th-anniversary-of-the-izbica-massacre-serbia-committed-genocide-and-ethnic-cleansing-in-kosovo\/#primaryimage"},"thumbnailUrl":"https:\/\/president-ksgov.net\/wp-content\/uploads\/28_03_2019_1284676_foto_0.jpg","datePublished":"2019-03-28T13:38:03+00:00","dateModified":"2023-03-07T09:23:43+00:00","author":{"@id":"https:\/\/president-ksgov.net\/#\/schema\/person\/bb4337a5fb147cb2046d80548172cbee"},"description":"The President on the 20th anniversary of the Izbica massacre: Serbia committed genocide and ethnic cleansing in Kosovo - President of the Republic of Kosovo - DR. VJOSA OSMANI - SADRIU -","breadcrumb":{"@id":"https:\/\/president-ksgov.net\/en\/the-president-on-the-20th-anniversary-of-the-izbica-massacre-serbia-committed-genocide-and-ethnic-cleansing-in-kosovo\/#breadcrumb"},"inLanguage":"en-US","potentialAction":[{"@type":"ReadAction","target":["https:\/\/president-ksgov.net\/en\/the-president-on-the-20th-anniversary-of-the-izbica-massacre-serbia-committed-genocide-and-ethnic-cleansing-in-kosovo\/"]}]},{"@type":"ImageObject","inLanguage":"en-US","@id":"https:\/\/president-ksgov.net\/en\/the-president-on-the-20th-anniversary-of-the-izbica-massacre-serbia-committed-genocide-and-ethnic-cleansing-in-kosovo\/#primaryimage","url":"https:\/\/president-ksgov.net\/wp-content\/uploads\/28_03_2019_1284676_foto_0.jpg","contentUrl":"https:\/\/president-ksgov.net\/wp-content\/uploads\/28_03_2019_1284676_foto_0.jpg","width":2000,"height":1333},{"@type":"BreadcrumbList","@id":"https:\/\/president-ksgov.net\/en\/the-president-on-the-20th-anniversary-of-the-izbica-massacre-serbia-committed-genocide-and-ethnic-cleansing-in-kosovo\/#breadcrumb","itemListElement":[{"@type":"ListItem","position":1,"name":"Home","item":"https:\/\/president-ksgov.net\/en\/"},{"@type":"ListItem","position":2,"name":"The President on the 20th anniversary of the Izbica massacre: Serbia committed genocide and ethnic cleansing in Kosovo"}]},{"@type":"WebSite","@id":"https:\/\/president-ksgov.net\/#website","url":"https:\/\/president-ksgov.net\/","name":"Presidente e Republik\u00ebs s\u00eb Kosov\u00ebs","description":"Presidente e Republik\u00ebs s\u00eb Kosov\u00ebs","alternateName":"DR. VJOSA OSMANI - SADRIU","potentialAction":[{"@type":"SearchAction","target":{"@type":"EntryPoint","urlTemplate":"https:\/\/president-ksgov.net\/?s={search_term_string}"},"query-input":{"@type":"PropertyValueSpecification","valueRequired":true,"valueName":"search_term_string"}}],"inLanguage":"en-US"},{"@type":"Person","@id":"https:\/\/president-ksgov.net\/#\/schema\/person\/bb4337a5fb147cb2046d80548172cbee","name":"admin","image":{"@type":"ImageObject","inLanguage":"en-US","@id":"https:\/\/president-ksgov.net\/#\/schema\/person\/image\/","url":"https:\/\/secure.gravatar.com\/avatar\/36156ca0fa3b8d9d25174f146e16beea0cf28f37adf1b9e19b6c9c279a7c9dd3?s=96&d=mm&r=g","contentUrl":"https:\/\/secure.gravatar.com\/avatar\/36156ca0fa3b8d9d25174f146e16beea0cf28f37adf1b9e19b6c9c279a7c9dd3?s=96&d=mm&r=g","caption":"admin"},"sameAs":["https:\/\/president-ksgov.net"]}]}},"_links":{"self":[{"href":"https:\/\/president-ksgov.net\/en\/wp-json\/wp\/v2\/posts\/67994","targetHints":{"allow":["GET"]}}],"collection":[{"href":"https:\/\/president-ksgov.net\/en\/wp-json\/wp\/v2\/posts"}],"about":[{"href":"https:\/\/president-ksgov.net\/en\/wp-json\/wp\/v2\/types\/post"}],"author":[{"embeddable":true,"href":"https:\/\/president-ksgov.net\/en\/wp-json\/wp\/v2\/users\/1"}],"replies":[{"embeddable":true,"href":"https:\/\/president-ksgov.net\/en\/wp-json\/wp\/v2\/comments?post=67994"}],"version-history":[{"count":0,"href":"https:\/\/president-ksgov.net\/en\/wp-json\/wp\/v2\/posts\/67994\/revisions"}],"wp:featuredmedia":[{"embeddable":true,"href":"https:\/\/president-ksgov.net\/en\/wp-json\/wp\/v2\/media\/25375"}],"wp:attachment":[{"href":"https:\/\/president-ksgov.net\/en\/wp-json\/wp\/v2\/media?parent=67994"}],"wp:term":[{"taxonomy":"category","embeddable":true,"href":"https:\/\/president-ksgov.net\/en\/wp-json\/wp\/v2\/categories?post=67994"},{"taxonomy":"post_tag","embeddable":true,"href":"https:\/\/president-ksgov.net\/en\/wp-json\/wp\/v2\/tags?post=67994"}],"curies":[{"name":"wp","href":"https:\/\/api.w.org\/{rel}","templated":true}]}}