{"id":67992,"date":"2019-04-01T15:51:34","date_gmt":"2019-04-01T15:51:34","guid":{"rendered":"https:\/\/dev.president-ksgov.net\/president-thaci-and-ambassador-lamberto-zannier-speak-about-the-rights-of-the-communities\/"},"modified":"2023-03-07T09:23:43","modified_gmt":"2023-03-07T09:23:43","slug":"president-thaci-and-ambassador-lamberto-zannier-speak-about-the-rights-of-the-communities","status":"publish","type":"post","link":"https:\/\/president-ksgov.net\/en\/president-thaci-and-ambassador-lamberto-zannier-speak-about-the-rights-of-the-communities\/","title":{"rendered":"President Tha\u00e7i and Ambassador Lamberto Zannier speak about the rights of the communities"},"content":{"rendered":"<p>Prishtina, April 1, 2019 &#8211; The President of the Republic of Kosovo, Hashim Tha\u00e7i, received today the OSCE High Commissioner for National Minorities, Lamberto Zannier.<\/p>\n<p>President Tha\u00e7i has said that Kosovo remains committed on enhancing the harmony between communities and strengthening peace and stability.<\/p>\n<p>\u201cI continuously monitor with care the human rights situation in Kosovo and I am pleased with the progress. We have built a legal framework that supports community rights\u201d, stated President Tha\u00e7i.<\/p>\n<p>The Head of State, in the meeting with Ambassador Lamberto Zannier, also talked about the importance of the establishment of the Truth and Reconciliation Commission.<\/p>\n<p>\u201cThe Preparatory Team for the establishment of this commission has been established, which is preparing the legal and technical framework. The Preparatory Team is conducting a public consultation campaign, with support from the OSCE mission. I am grateful to the OSCE mission that has given full support to the initiative and the work of the Preparatory Team\u201d, added President Tha\u00e7i.<\/p>\n<p>Ambassador Lamberto Zannier welcomed the commitments for advancing the legal infrastructure for community rights and expressed readiness to provide support for further improving relations between communities in Kosovo.<\/p>\n","protected":false},"excerpt":{"rendered":"<p>Prishtina, April 1, 2019 &#8211; The President of the Republic of Kosovo, Hashim Tha\u00e7i, received today the OSCE High Commissioner for National Minorities, Lamberto Zannier.<\/p>\n","protected":false},"author":1,"featured_media":25358,"comment_status":"open","ping_status":"closed","sticky":false,"template":"","format":"standard","meta":{"_eb_attr":"","footnotes":""},"categories":[111],"tags":[],"class_list":["post-67992","post","type-post","status-publish","format-standard","has-post-thumbnail","hentry","category-news"],"yoast_head":"<!-- This site is optimized with the Yoast SEO plugin v23.5 - https:\/\/yoast.com\/wordpress\/plugins\/seo\/ -->\n<title>President Tha\u00e7i and Ambassador Lamberto Zannier speak about the rights of the communities - President of the Republic of Kosovo - DR. VJOSA OSMANI - SADRIU<\/title>\n<meta name=\"description\" content=\"President Tha\u00e7i and Ambassador Lamberto Zannier speak about the rights of the communities - President of the Republic of Kosovo - DR. VJOSA OSMANI - SADRIU -\" \/>\n<meta name=\"robots\" content=\"index, follow, max-snippet:-1, max-image-preview:large, max-video-preview:-1\" \/>\n<link rel=\"canonical\" href=\"https:\/\/president-ksgov.net\/en\/president-thaci-and-ambassador-lamberto-zannier-speak-about-the-rights-of-the-communities\/\" \/>\n<meta property=\"og:locale\" content=\"en_US\" \/>\n<meta property=\"og:type\" content=\"article\" \/>\n<meta property=\"og:title\" content=\"President Tha\u00e7i and Ambassador Lamberto Zannier speak about the rights of the communities - President of the Republic of Kosovo - DR. VJOSA OSMANI - SADRIU\" \/>\n<meta property=\"og:description\" content=\"President Tha\u00e7i and Ambassador Lamberto Zannier speak about the rights of the communities - President of the Republic of Kosovo - DR. VJOSA OSMANI - SADRIU -\" \/>\n<meta property=\"og:url\" content=\"https:\/\/president-ksgov.net\/en\/president-thaci-and-ambassador-lamberto-zannier-speak-about-the-rights-of-the-communities\/\" \/>\n<meta property=\"og:site_name\" content=\"President of the Republic of Kosovo - DR. VJOSA OSMANI - SADRIU\" \/>\n<meta property=\"article:published_time\" content=\"2019-04-01T15:51:34+00:00\" \/>\n<meta property=\"article:modified_time\" content=\"2023-03-07T09:23:43+00:00\" \/>\n<meta property=\"og:image\" content=\"https:\/\/president-ksgov.net\/wp-content\/uploads\/01_04_2019_5719574_z_01.jpg\" \/>\n\t<meta property=\"og:image:width\" content=\"2400\" \/>\n\t<meta property=\"og:image:height\" content=\"1600\" \/>\n\t<meta property=\"og:image:type\" content=\"image\/jpeg\" \/>\n<meta name=\"author\" content=\"admin\" \/>\n<meta name=\"twitter:card\" content=\"summary_large_image\" \/>\n<meta name=\"twitter:label1\" content=\"Written by\" \/>\n\t<meta name=\"twitter:data1\" content=\"admin\" \/>\n\t<meta name=\"twitter:label2\" content=\"Est. reading time\" \/>\n\t<meta name=\"twitter:data2\" content=\"1 minute\" \/>\n<script type=\"application\/ld+json\" class=\"yoast-schema-graph\">{\"@context\":\"https:\/\/schema.org\",\"@graph\":[{\"@type\":\"WebPage\",\"@id\":\"https:\/\/president-ksgov.net\/en\/president-thaci-and-ambassador-lamberto-zannier-speak-about-the-rights-of-the-communities\/\",\"url\":\"https:\/\/president-ksgov.net\/en\/president-thaci-and-ambassador-lamberto-zannier-speak-about-the-rights-of-the-communities\/\",\"name\":\"President Tha\u00e7i and Ambassador Lamberto Zannier speak about the rights of the communities - President of the Republic of Kosovo - DR. VJOSA OSMANI - SADRIU\",\"isPartOf\":{\"@id\":\"https:\/\/president-ksgov.net\/#website\"},\"primaryImageOfPage\":{\"@id\":\"https:\/\/president-ksgov.net\/en\/president-thaci-and-ambassador-lamberto-zannier-speak-about-the-rights-of-the-communities\/#primaryimage\"},\"image\":{\"@id\":\"https:\/\/president-ksgov.net\/en\/president-thaci-and-ambassador-lamberto-zannier-speak-about-the-rights-of-the-communities\/#primaryimage\"},\"thumbnailUrl\":\"https:\/\/president-ksgov.net\/wp-content\/uploads\/01_04_2019_5719574_z_01.jpg\",\"datePublished\":\"2019-04-01T15:51:34+00:00\",\"dateModified\":\"2023-03-07T09:23:43+00:00\",\"author\":{\"@id\":\"https:\/\/president-ksgov.net\/#\/schema\/person\/bb4337a5fb147cb2046d80548172cbee\"},\"description\":\"President Tha\u00e7i and Ambassador Lamberto Zannier speak about the rights of the communities - President of the Republic of Kosovo - DR. VJOSA OSMANI - SADRIU -\",\"breadcrumb\":{\"@id\":\"https:\/\/president-ksgov.net\/en\/president-thaci-and-ambassador-lamberto-zannier-speak-about-the-rights-of-the-communities\/#breadcrumb\"},\"inLanguage\":\"en-US\",\"potentialAction\":[{\"@type\":\"ReadAction\",\"target\":[\"https:\/\/president-ksgov.net\/en\/president-thaci-and-ambassador-lamberto-zannier-speak-about-the-rights-of-the-communities\/\"]}]},{\"@type\":\"ImageObject\",\"inLanguage\":\"en-US\",\"@id\":\"https:\/\/president-ksgov.net\/en\/president-thaci-and-ambassador-lamberto-zannier-speak-about-the-rights-of-the-communities\/#primaryimage\",\"url\":\"https:\/\/president-ksgov.net\/wp-content\/uploads\/01_04_2019_5719574_z_01.jpg\",\"contentUrl\":\"https:\/\/president-ksgov.net\/wp-content\/uploads\/01_04_2019_5719574_z_01.jpg\",\"width\":2400,\"height\":1600},{\"@type\":\"BreadcrumbList\",\"@id\":\"https:\/\/president-ksgov.net\/en\/president-thaci-and-ambassador-lamberto-zannier-speak-about-the-rights-of-the-communities\/#breadcrumb\",\"itemListElement\":[{\"@type\":\"ListItem\",\"position\":1,\"name\":\"Home\",\"item\":\"https:\/\/president-ksgov.net\/en\/\"},{\"@type\":\"ListItem\",\"position\":2,\"name\":\"President Tha\u00e7i and Ambassador Lamberto Zannier speak about the rights of the communities\"}]},{\"@type\":\"WebSite\",\"@id\":\"https:\/\/president-ksgov.net\/#website\",\"url\":\"https:\/\/president-ksgov.net\/\",\"name\":\"Presidente e Republik\u00ebs s\u00eb Kosov\u00ebs\",\"description\":\"Presidente e Republik\u00ebs s\u00eb Kosov\u00ebs\",\"alternateName\":\"DR. VJOSA OSMANI - SADRIU\",\"potentialAction\":[{\"@type\":\"SearchAction\",\"target\":{\"@type\":\"EntryPoint\",\"urlTemplate\":\"https:\/\/president-ksgov.net\/?s={search_term_string}\"},\"query-input\":{\"@type\":\"PropertyValueSpecification\",\"valueRequired\":true,\"valueName\":\"search_term_string\"}}],\"inLanguage\":\"en-US\"},{\"@type\":\"Person\",\"@id\":\"https:\/\/president-ksgov.net\/#\/schema\/person\/bb4337a5fb147cb2046d80548172cbee\",\"name\":\"admin\",\"image\":{\"@type\":\"ImageObject\",\"inLanguage\":\"en-US\",\"@id\":\"https:\/\/president-ksgov.net\/#\/schema\/person\/image\/\",\"url\":\"https:\/\/secure.gravatar.com\/avatar\/36156ca0fa3b8d9d25174f146e16beea0cf28f37adf1b9e19b6c9c279a7c9dd3?s=96&d=mm&r=g\",\"contentUrl\":\"https:\/\/secure.gravatar.com\/avatar\/36156ca0fa3b8d9d25174f146e16beea0cf28f37adf1b9e19b6c9c279a7c9dd3?s=96&d=mm&r=g\",\"caption\":\"admin\"},\"sameAs\":[\"https:\/\/president-ksgov.net\"]}]}<\/script>\n<!-- \/ Yoast SEO plugin. -->","yoast_head_json":{"title":"President Tha\u00e7i and Ambassador Lamberto Zannier speak about the rights of the communities - President of the Republic of Kosovo - DR. VJOSA OSMANI - SADRIU","description":"President Tha\u00e7i and Ambassador Lamberto Zannier speak about the rights of the communities - President of the Republic of Kosovo - DR. VJOSA OSMANI - SADRIU -","robots":{"index":"index","follow":"follow","max-snippet":"max-snippet:-1","max-image-preview":"max-image-preview:large","max-video-preview":"max-video-preview:-1"},"canonical":"https:\/\/president-ksgov.net\/en\/president-thaci-and-ambassador-lamberto-zannier-speak-about-the-rights-of-the-communities\/","og_locale":"en_US","og_type":"article","og_title":"President Tha\u00e7i and Ambassador Lamberto Zannier speak about the rights of the communities - President of the Republic of Kosovo - DR. VJOSA OSMANI - SADRIU","og_description":"President Tha\u00e7i and Ambassador Lamberto Zannier speak about the rights of the communities - President of the Republic of Kosovo - DR. VJOSA OSMANI - SADRIU -","og_url":"https:\/\/president-ksgov.net\/en\/president-thaci-and-ambassador-lamberto-zannier-speak-about-the-rights-of-the-communities\/","og_site_name":"President of the Republic of Kosovo - DR. VJOSA OSMANI - SADRIU","article_published_time":"2019-04-01T15:51:34+00:00","article_modified_time":"2023-03-07T09:23:43+00:00","og_image":[{"width":2400,"height":1600,"url":"https:\/\/president-ksgov.net\/wp-content\/uploads\/01_04_2019_5719574_z_01.jpg","type":"image\/jpeg"}],"author":"admin","twitter_card":"summary_large_image","twitter_misc":{"Written by":"admin","Est. reading time":"1 minute"},"schema":{"@context":"https:\/\/schema.org","@graph":[{"@type":"WebPage","@id":"https:\/\/president-ksgov.net\/en\/president-thaci-and-ambassador-lamberto-zannier-speak-about-the-rights-of-the-communities\/","url":"https:\/\/president-ksgov.net\/en\/president-thaci-and-ambassador-lamberto-zannier-speak-about-the-rights-of-the-communities\/","name":"President Tha\u00e7i and Ambassador Lamberto Zannier speak about the rights of the communities - President of the Republic of Kosovo - DR. VJOSA OSMANI - SADRIU","isPartOf":{"@id":"https:\/\/president-ksgov.net\/#website"},"primaryImageOfPage":{"@id":"https:\/\/president-ksgov.net\/en\/president-thaci-and-ambassador-lamberto-zannier-speak-about-the-rights-of-the-communities\/#primaryimage"},"image":{"@id":"https:\/\/president-ksgov.net\/en\/president-thaci-and-ambassador-lamberto-zannier-speak-about-the-rights-of-the-communities\/#primaryimage"},"thumbnailUrl":"https:\/\/president-ksgov.net\/wp-content\/uploads\/01_04_2019_5719574_z_01.jpg","datePublished":"2019-04-01T15:51:34+00:00","dateModified":"2023-03-07T09:23:43+00:00","author":{"@id":"https:\/\/president-ksgov.net\/#\/schema\/person\/bb4337a5fb147cb2046d80548172cbee"},"description":"President Tha\u00e7i and Ambassador Lamberto Zannier speak about the rights of the communities - President of the Republic of Kosovo - DR. VJOSA OSMANI - SADRIU -","breadcrumb":{"@id":"https:\/\/president-ksgov.net\/en\/president-thaci-and-ambassador-lamberto-zannier-speak-about-the-rights-of-the-communities\/#breadcrumb"},"inLanguage":"en-US","potentialAction":[{"@type":"ReadAction","target":["https:\/\/president-ksgov.net\/en\/president-thaci-and-ambassador-lamberto-zannier-speak-about-the-rights-of-the-communities\/"]}]},{"@type":"ImageObject","inLanguage":"en-US","@id":"https:\/\/president-ksgov.net\/en\/president-thaci-and-ambassador-lamberto-zannier-speak-about-the-rights-of-the-communities\/#primaryimage","url":"https:\/\/president-ksgov.net\/wp-content\/uploads\/01_04_2019_5719574_z_01.jpg","contentUrl":"https:\/\/president-ksgov.net\/wp-content\/uploads\/01_04_2019_5719574_z_01.jpg","width":2400,"height":1600},{"@type":"BreadcrumbList","@id":"https:\/\/president-ksgov.net\/en\/president-thaci-and-ambassador-lamberto-zannier-speak-about-the-rights-of-the-communities\/#breadcrumb","itemListElement":[{"@type":"ListItem","position":1,"name":"Home","item":"https:\/\/president-ksgov.net\/en\/"},{"@type":"ListItem","position":2,"name":"President Tha\u00e7i and Ambassador Lamberto Zannier speak about the rights of the communities"}]},{"@type":"WebSite","@id":"https:\/\/president-ksgov.net\/#website","url":"https:\/\/president-ksgov.net\/","name":"Presidente e Republik\u00ebs s\u00eb Kosov\u00ebs","description":"Presidente e Republik\u00ebs s\u00eb Kosov\u00ebs","alternateName":"DR. VJOSA OSMANI - SADRIU","potentialAction":[{"@type":"SearchAction","target":{"@type":"EntryPoint","urlTemplate":"https:\/\/president-ksgov.net\/?s={search_term_string}"},"query-input":{"@type":"PropertyValueSpecification","valueRequired":true,"valueName":"search_term_string"}}],"inLanguage":"en-US"},{"@type":"Person","@id":"https:\/\/president-ksgov.net\/#\/schema\/person\/bb4337a5fb147cb2046d80548172cbee","name":"admin","image":{"@type":"ImageObject","inLanguage":"en-US","@id":"https:\/\/president-ksgov.net\/#\/schema\/person\/image\/","url":"https:\/\/secure.gravatar.com\/avatar\/36156ca0fa3b8d9d25174f146e16beea0cf28f37adf1b9e19b6c9c279a7c9dd3?s=96&d=mm&r=g","contentUrl":"https:\/\/secure.gravatar.com\/avatar\/36156ca0fa3b8d9d25174f146e16beea0cf28f37adf1b9e19b6c9c279a7c9dd3?s=96&d=mm&r=g","caption":"admin"},"sameAs":["https:\/\/president-ksgov.net"]}]}},"_links":{"self":[{"href":"https:\/\/president-ksgov.net\/en\/wp-json\/wp\/v2\/posts\/67992","targetHints":{"allow":["GET"]}}],"collection":[{"href":"https:\/\/president-ksgov.net\/en\/wp-json\/wp\/v2\/posts"}],"about":[{"href":"https:\/\/president-ksgov.net\/en\/wp-json\/wp\/v2\/types\/post"}],"author":[{"embeddable":true,"href":"https:\/\/president-ksgov.net\/en\/wp-json\/wp\/v2\/users\/1"}],"replies":[{"embeddable":true,"href":"https:\/\/president-ksgov.net\/en\/wp-json\/wp\/v2\/comments?post=67992"}],"version-history":[{"count":0,"href":"https:\/\/president-ksgov.net\/en\/wp-json\/wp\/v2\/posts\/67992\/revisions"}],"wp:featuredmedia":[{"embeddable":true,"href":"https:\/\/president-ksgov.net\/en\/wp-json\/wp\/v2\/media\/25358"}],"wp:attachment":[{"href":"https:\/\/president-ksgov.net\/en\/wp-json\/wp\/v2\/media?parent=67992"}],"wp:term":[{"taxonomy":"category","embeddable":true,"href":"https:\/\/president-ksgov.net\/en\/wp-json\/wp\/v2\/categories?post=67992"},{"taxonomy":"post_tag","embeddable":true,"href":"https:\/\/president-ksgov.net\/en\/wp-json\/wp\/v2\/tags?post=67992"}],"curies":[{"name":"wp","href":"https:\/\/api.w.org\/{rel}","templated":true}]}}