{"id":67864,"date":"2019-09-12T16:27:16","date_gmt":"2019-09-12T16:27:16","guid":{"rendered":"https:\/\/dev.president-ksgov.net\/president-thaci-in-japan-we-aim-for-a-new-chapter-for-the-balkans\/"},"modified":"2023-03-07T09:20:31","modified_gmt":"2023-03-07T09:20:31","slug":"president-thaci-in-japan-we-aim-for-a-new-chapter-for-the-balkans","status":"publish","type":"post","link":"https:\/\/president-ksgov.net\/en\/president-thaci-in-japan-we-aim-for-a-new-chapter-for-the-balkans\/","title":{"rendered":"President Tha\u00e7i in Japan: We aim for a new chapter for the Balkans"},"content":{"rendered":"<p>Tokyo, September 12 \u2013 The President of the Republic of Kosovo, Hashim Tha\u00e7i had a meeting at the Japan Institute of International Affairs (JIIA), which is related to the Ministry of Foreign Affairs of Japan and influential in the foreign policy of the country.<\/p>\n<p>\u00a0President Tha\u00e7i was received by Kenichiro Sasae, President of the Japan Institute of International Affairs, and associates Tomonori Yoshizaki and Yasunori Nakayama who showed interest in the latest developments in Kosovo and throughout the Southeast European region<\/p>\n<p>Speaking about the purpose of the visit to Japan, President Tha\u00e7i stated that the visit aims to bring Kosovo and Japan even closer, especially after the initiative of Prime Minister Abe of Japan for greater engagement in the Western Balkans region.<\/p>\n<p>He said that 20 years after the end of the war and 11 years after the independence, Kosovo is on the right path towards NATO and the EU.<\/p>\n<p>\u201cThe citizens of Kosovo are united for NATO and EU membership\u201d, said President Tha\u00e7i.<\/p>\n<p>The Head of State further said that the influence of other states and ideologies, opposing Western values and principles, has begun to penetrate into the region.<\/p>\n<p>\u201cBut the influence of other states and ideologies, opposed to Western values and principles, has begun to penetrate into the region. Kosovo has opposed these tendencies and continues to oppose them. However, these have caused divisions in the region\u201d, elaborated President Tha\u00e7i.<\/p>\n<p>Therefore, according to him, it is important that the strategic supporters of the region, the EU, the USA, and Japan as well, to be present in the Western Balkans as much as possible.<\/p>\n<p>\u201cKosovo today has security mechanisms, capacities to guarantee the rule of law, infrastructure to guarantee investments\u201d, stated President Tha\u00e7i.<\/p>\n<p>President Tha\u00e7i added that Kosovo is working to close the chapter of past tragedies and to build the chapter of development, prosperity and Euro-Atlantic integration.<\/p>\n","protected":false},"excerpt":{"rendered":"<p>Tokyo, September 12 \u2013 The President of the Republic of Kosovo, Hashim Tha\u00e7i had a meeting at the Japan Institute of International Affairs (JIIA), which is related to the Ministry of Foreign Affairs of Japan and influential in the foreign policy of the country.<\/p>\n","protected":false},"author":1,"featured_media":24366,"comment_status":"open","ping_status":"closed","sticky":false,"template":"","format":"standard","meta":{"_eb_attr":"","footnotes":""},"categories":[111],"tags":[],"class_list":["post-67864","post","type-post","status-publish","format-standard","has-post-thumbnail","hentry","category-news"],"yoast_head":"<!-- This site is optimized with the Yoast SEO plugin v23.5 - https:\/\/yoast.com\/wordpress\/plugins\/seo\/ -->\n<title>President Tha\u00e7i in Japan: We aim for a new chapter for the Balkans - President of the Republic of Kosovo - DR. VJOSA OSMANI - SADRIU<\/title>\n<meta name=\"description\" content=\"President Tha\u00e7i in Japan: We aim for a new chapter for the Balkans - President of the Republic of Kosovo - DR. VJOSA OSMANI - SADRIU -\" \/>\n<meta name=\"robots\" content=\"index, follow, max-snippet:-1, max-image-preview:large, max-video-preview:-1\" \/>\n<link rel=\"canonical\" href=\"https:\/\/president-ksgov.net\/en\/president-thaci-in-japan-we-aim-for-a-new-chapter-for-the-balkans\/\" \/>\n<meta property=\"og:locale\" content=\"en_US\" \/>\n<meta property=\"og:type\" content=\"article\" \/>\n<meta property=\"og:title\" content=\"President Tha\u00e7i in Japan: We aim for a new chapter for the Balkans - President of the Republic of Kosovo - DR. VJOSA OSMANI - SADRIU\" \/>\n<meta property=\"og:description\" content=\"President Tha\u00e7i in Japan: We aim for a new chapter for the Balkans - President of the Republic of Kosovo - DR. VJOSA OSMANI - SADRIU -\" \/>\n<meta property=\"og:url\" content=\"https:\/\/president-ksgov.net\/en\/president-thaci-in-japan-we-aim-for-a-new-chapter-for-the-balkans\/\" \/>\n<meta property=\"og:site_name\" content=\"President of the Republic of Kosovo - DR. VJOSA OSMANI - SADRIU\" \/>\n<meta property=\"article:published_time\" content=\"2019-09-12T16:27:16+00:00\" \/>\n<meta property=\"article:modified_time\" content=\"2023-03-07T09:20:31+00:00\" \/>\n<meta property=\"og:image\" content=\"https:\/\/president-ksgov.net\/wp-content\/uploads\/12_09_2019_3785275_Presidenti_Thaci_ne_Japoni_Synojme_kapitull_te_ri_per_Ballkanin_1.jpg\" \/>\n\t<meta property=\"og:image:width\" content=\"1280\" \/>\n\t<meta property=\"og:image:height\" content=\"960\" \/>\n\t<meta property=\"og:image:type\" content=\"image\/jpeg\" \/>\n<meta name=\"author\" content=\"admin\" \/>\n<meta name=\"twitter:card\" content=\"summary_large_image\" \/>\n<meta name=\"twitter:label1\" content=\"Written by\" \/>\n\t<meta name=\"twitter:data1\" content=\"admin\" \/>\n\t<meta name=\"twitter:label2\" content=\"Est. reading time\" \/>\n\t<meta name=\"twitter:data2\" content=\"2 minutes\" \/>\n<script type=\"application\/ld+json\" class=\"yoast-schema-graph\">{\"@context\":\"https:\/\/schema.org\",\"@graph\":[{\"@type\":\"WebPage\",\"@id\":\"https:\/\/president-ksgov.net\/en\/president-thaci-in-japan-we-aim-for-a-new-chapter-for-the-balkans\/\",\"url\":\"https:\/\/president-ksgov.net\/en\/president-thaci-in-japan-we-aim-for-a-new-chapter-for-the-balkans\/\",\"name\":\"President Tha\u00e7i in Japan: We aim for a new chapter for the Balkans - President of the Republic of Kosovo - DR. VJOSA OSMANI - SADRIU\",\"isPartOf\":{\"@id\":\"https:\/\/president-ksgov.net\/#website\"},\"primaryImageOfPage\":{\"@id\":\"https:\/\/president-ksgov.net\/en\/president-thaci-in-japan-we-aim-for-a-new-chapter-for-the-balkans\/#primaryimage\"},\"image\":{\"@id\":\"https:\/\/president-ksgov.net\/en\/president-thaci-in-japan-we-aim-for-a-new-chapter-for-the-balkans\/#primaryimage\"},\"thumbnailUrl\":\"https:\/\/president-ksgov.net\/wp-content\/uploads\/12_09_2019_3785275_Presidenti_Thaci_ne_Japoni_Synojme_kapitull_te_ri_per_Ballkanin_1.jpg\",\"datePublished\":\"2019-09-12T16:27:16+00:00\",\"dateModified\":\"2023-03-07T09:20:31+00:00\",\"author\":{\"@id\":\"https:\/\/president-ksgov.net\/#\/schema\/person\/bb4337a5fb147cb2046d80548172cbee\"},\"description\":\"President Tha\u00e7i in Japan: We aim for a new chapter for the Balkans - President of the Republic of Kosovo - DR. VJOSA OSMANI - SADRIU -\",\"breadcrumb\":{\"@id\":\"https:\/\/president-ksgov.net\/en\/president-thaci-in-japan-we-aim-for-a-new-chapter-for-the-balkans\/#breadcrumb\"},\"inLanguage\":\"en-US\",\"potentialAction\":[{\"@type\":\"ReadAction\",\"target\":[\"https:\/\/president-ksgov.net\/en\/president-thaci-in-japan-we-aim-for-a-new-chapter-for-the-balkans\/\"]}]},{\"@type\":\"ImageObject\",\"inLanguage\":\"en-US\",\"@id\":\"https:\/\/president-ksgov.net\/en\/president-thaci-in-japan-we-aim-for-a-new-chapter-for-the-balkans\/#primaryimage\",\"url\":\"https:\/\/president-ksgov.net\/wp-content\/uploads\/12_09_2019_3785275_Presidenti_Thaci_ne_Japoni_Synojme_kapitull_te_ri_per_Ballkanin_1.jpg\",\"contentUrl\":\"https:\/\/president-ksgov.net\/wp-content\/uploads\/12_09_2019_3785275_Presidenti_Thaci_ne_Japoni_Synojme_kapitull_te_ri_per_Ballkanin_1.jpg\",\"width\":1280,\"height\":960},{\"@type\":\"BreadcrumbList\",\"@id\":\"https:\/\/president-ksgov.net\/en\/president-thaci-in-japan-we-aim-for-a-new-chapter-for-the-balkans\/#breadcrumb\",\"itemListElement\":[{\"@type\":\"ListItem\",\"position\":1,\"name\":\"Home\",\"item\":\"https:\/\/president-ksgov.net\/en\/\"},{\"@type\":\"ListItem\",\"position\":2,\"name\":\"President Tha\u00e7i in Japan: We aim for a new chapter for the Balkans\"}]},{\"@type\":\"WebSite\",\"@id\":\"https:\/\/president-ksgov.net\/#website\",\"url\":\"https:\/\/president-ksgov.net\/\",\"name\":\"Presidente e Republik\u00ebs s\u00eb Kosov\u00ebs\",\"description\":\"Presidente e Republik\u00ebs s\u00eb Kosov\u00ebs\",\"alternateName\":\"DR. VJOSA OSMANI - SADRIU\",\"potentialAction\":[{\"@type\":\"SearchAction\",\"target\":{\"@type\":\"EntryPoint\",\"urlTemplate\":\"https:\/\/president-ksgov.net\/?s={search_term_string}\"},\"query-input\":{\"@type\":\"PropertyValueSpecification\",\"valueRequired\":true,\"valueName\":\"search_term_string\"}}],\"inLanguage\":\"en-US\"},{\"@type\":\"Person\",\"@id\":\"https:\/\/president-ksgov.net\/#\/schema\/person\/bb4337a5fb147cb2046d80548172cbee\",\"name\":\"admin\",\"image\":{\"@type\":\"ImageObject\",\"inLanguage\":\"en-US\",\"@id\":\"https:\/\/president-ksgov.net\/#\/schema\/person\/image\/\",\"url\":\"https:\/\/secure.gravatar.com\/avatar\/36156ca0fa3b8d9d25174f146e16beea0cf28f37adf1b9e19b6c9c279a7c9dd3?s=96&d=mm&r=g\",\"contentUrl\":\"https:\/\/secure.gravatar.com\/avatar\/36156ca0fa3b8d9d25174f146e16beea0cf28f37adf1b9e19b6c9c279a7c9dd3?s=96&d=mm&r=g\",\"caption\":\"admin\"},\"sameAs\":[\"https:\/\/president-ksgov.net\"]}]}<\/script>\n<!-- \/ Yoast SEO plugin. -->","yoast_head_json":{"title":"President Tha\u00e7i in Japan: We aim for a new chapter for the Balkans - President of the Republic of Kosovo - DR. VJOSA OSMANI - SADRIU","description":"President Tha\u00e7i in Japan: We aim for a new chapter for the Balkans - President of the Republic of Kosovo - DR. VJOSA OSMANI - SADRIU -","robots":{"index":"index","follow":"follow","max-snippet":"max-snippet:-1","max-image-preview":"max-image-preview:large","max-video-preview":"max-video-preview:-1"},"canonical":"https:\/\/president-ksgov.net\/en\/president-thaci-in-japan-we-aim-for-a-new-chapter-for-the-balkans\/","og_locale":"en_US","og_type":"article","og_title":"President Tha\u00e7i in Japan: We aim for a new chapter for the Balkans - President of the Republic of Kosovo - DR. VJOSA OSMANI - SADRIU","og_description":"President Tha\u00e7i in Japan: We aim for a new chapter for the Balkans - President of the Republic of Kosovo - DR. VJOSA OSMANI - SADRIU -","og_url":"https:\/\/president-ksgov.net\/en\/president-thaci-in-japan-we-aim-for-a-new-chapter-for-the-balkans\/","og_site_name":"President of the Republic of Kosovo - DR. VJOSA OSMANI - SADRIU","article_published_time":"2019-09-12T16:27:16+00:00","article_modified_time":"2023-03-07T09:20:31+00:00","og_image":[{"width":1280,"height":960,"url":"https:\/\/president-ksgov.net\/wp-content\/uploads\/12_09_2019_3785275_Presidenti_Thaci_ne_Japoni_Synojme_kapitull_te_ri_per_Ballkanin_1.jpg","type":"image\/jpeg"}],"author":"admin","twitter_card":"summary_large_image","twitter_misc":{"Written by":"admin","Est. reading time":"2 minutes"},"schema":{"@context":"https:\/\/schema.org","@graph":[{"@type":"WebPage","@id":"https:\/\/president-ksgov.net\/en\/president-thaci-in-japan-we-aim-for-a-new-chapter-for-the-balkans\/","url":"https:\/\/president-ksgov.net\/en\/president-thaci-in-japan-we-aim-for-a-new-chapter-for-the-balkans\/","name":"President Tha\u00e7i in Japan: We aim for a new chapter for the Balkans - President of the Republic of Kosovo - DR. VJOSA OSMANI - SADRIU","isPartOf":{"@id":"https:\/\/president-ksgov.net\/#website"},"primaryImageOfPage":{"@id":"https:\/\/president-ksgov.net\/en\/president-thaci-in-japan-we-aim-for-a-new-chapter-for-the-balkans\/#primaryimage"},"image":{"@id":"https:\/\/president-ksgov.net\/en\/president-thaci-in-japan-we-aim-for-a-new-chapter-for-the-balkans\/#primaryimage"},"thumbnailUrl":"https:\/\/president-ksgov.net\/wp-content\/uploads\/12_09_2019_3785275_Presidenti_Thaci_ne_Japoni_Synojme_kapitull_te_ri_per_Ballkanin_1.jpg","datePublished":"2019-09-12T16:27:16+00:00","dateModified":"2023-03-07T09:20:31+00:00","author":{"@id":"https:\/\/president-ksgov.net\/#\/schema\/person\/bb4337a5fb147cb2046d80548172cbee"},"description":"President Tha\u00e7i in Japan: We aim for a new chapter for the Balkans - President of the Republic of Kosovo - DR. VJOSA OSMANI - SADRIU -","breadcrumb":{"@id":"https:\/\/president-ksgov.net\/en\/president-thaci-in-japan-we-aim-for-a-new-chapter-for-the-balkans\/#breadcrumb"},"inLanguage":"en-US","potentialAction":[{"@type":"ReadAction","target":["https:\/\/president-ksgov.net\/en\/president-thaci-in-japan-we-aim-for-a-new-chapter-for-the-balkans\/"]}]},{"@type":"ImageObject","inLanguage":"en-US","@id":"https:\/\/president-ksgov.net\/en\/president-thaci-in-japan-we-aim-for-a-new-chapter-for-the-balkans\/#primaryimage","url":"https:\/\/president-ksgov.net\/wp-content\/uploads\/12_09_2019_3785275_Presidenti_Thaci_ne_Japoni_Synojme_kapitull_te_ri_per_Ballkanin_1.jpg","contentUrl":"https:\/\/president-ksgov.net\/wp-content\/uploads\/12_09_2019_3785275_Presidenti_Thaci_ne_Japoni_Synojme_kapitull_te_ri_per_Ballkanin_1.jpg","width":1280,"height":960},{"@type":"BreadcrumbList","@id":"https:\/\/president-ksgov.net\/en\/president-thaci-in-japan-we-aim-for-a-new-chapter-for-the-balkans\/#breadcrumb","itemListElement":[{"@type":"ListItem","position":1,"name":"Home","item":"https:\/\/president-ksgov.net\/en\/"},{"@type":"ListItem","position":2,"name":"President Tha\u00e7i in Japan: We aim for a new chapter for the Balkans"}]},{"@type":"WebSite","@id":"https:\/\/president-ksgov.net\/#website","url":"https:\/\/president-ksgov.net\/","name":"Presidente e Republik\u00ebs s\u00eb Kosov\u00ebs","description":"Presidente e Republik\u00ebs s\u00eb Kosov\u00ebs","alternateName":"DR. VJOSA OSMANI - SADRIU","potentialAction":[{"@type":"SearchAction","target":{"@type":"EntryPoint","urlTemplate":"https:\/\/president-ksgov.net\/?s={search_term_string}"},"query-input":{"@type":"PropertyValueSpecification","valueRequired":true,"valueName":"search_term_string"}}],"inLanguage":"en-US"},{"@type":"Person","@id":"https:\/\/president-ksgov.net\/#\/schema\/person\/bb4337a5fb147cb2046d80548172cbee","name":"admin","image":{"@type":"ImageObject","inLanguage":"en-US","@id":"https:\/\/president-ksgov.net\/#\/schema\/person\/image\/","url":"https:\/\/secure.gravatar.com\/avatar\/36156ca0fa3b8d9d25174f146e16beea0cf28f37adf1b9e19b6c9c279a7c9dd3?s=96&d=mm&r=g","contentUrl":"https:\/\/secure.gravatar.com\/avatar\/36156ca0fa3b8d9d25174f146e16beea0cf28f37adf1b9e19b6c9c279a7c9dd3?s=96&d=mm&r=g","caption":"admin"},"sameAs":["https:\/\/president-ksgov.net"]}]}},"_links":{"self":[{"href":"https:\/\/president-ksgov.net\/en\/wp-json\/wp\/v2\/posts\/67864","targetHints":{"allow":["GET"]}}],"collection":[{"href":"https:\/\/president-ksgov.net\/en\/wp-json\/wp\/v2\/posts"}],"about":[{"href":"https:\/\/president-ksgov.net\/en\/wp-json\/wp\/v2\/types\/post"}],"author":[{"embeddable":true,"href":"https:\/\/president-ksgov.net\/en\/wp-json\/wp\/v2\/users\/1"}],"replies":[{"embeddable":true,"href":"https:\/\/president-ksgov.net\/en\/wp-json\/wp\/v2\/comments?post=67864"}],"version-history":[{"count":0,"href":"https:\/\/president-ksgov.net\/en\/wp-json\/wp\/v2\/posts\/67864\/revisions"}],"wp:featuredmedia":[{"embeddable":true,"href":"https:\/\/president-ksgov.net\/en\/wp-json\/wp\/v2\/media\/24366"}],"wp:attachment":[{"href":"https:\/\/president-ksgov.net\/en\/wp-json\/wp\/v2\/media?parent=67864"}],"wp:term":[{"taxonomy":"category","embeddable":true,"href":"https:\/\/president-ksgov.net\/en\/wp-json\/wp\/v2\/categories?post=67864"},{"taxonomy":"post_tag","embeddable":true,"href":"https:\/\/president-ksgov.net\/en\/wp-json\/wp\/v2\/tags?post=67864"}],"curies":[{"name":"wp","href":"https:\/\/api.w.org\/{rel}","templated":true}]}}